{"id":78556,"date":"2022-10-06T10:59:19","date_gmt":"2022-10-06T10:59:19","guid":{"rendered":"http:\/\/www.noticiasradioreflejos.com.ar\/2021\/?p=78556"},"modified":"2022-10-06T10:59:19","modified_gmt":"2022-10-06T10:59:19","slug":"un-informe-advierte-que-el-aumento-en-medicamentos-duplico-la-inflacion","status":"publish","type":"post","link":"https:\/\/www.noticiasradioreflejos.com.ar\/2021\/un-informe-advierte-que-el-aumento-en-medicamentos-duplico-la-inflacion\/","title":{"rendered":"Un informe advierte que el aumento en medicamentos duplic\u00f3 la inflaci\u00f3n"},"content":{"rendered":"<p>El trabajo del Observatorio de Costos de la Salud de la Uni\u00f3n Argentina de Salud alert\u00f3 por el impacto econ\u00f3mico que tienen en el sistema privado aquellas drogas que alcanzan cifras millonarias por cada tratamiento.<!--more--><\/p>\n<p>Un informe del Observatorio de Costos de la Salud de la Uni\u00f3n Argentina de Salud (UAS) detect\u00f3<strong>\u00a0incrementos de hasta el 50% en medicamentos durante el segundo cuatrimestre del a\u00f1o, duplicando a la inflaci\u00f3n general<\/strong>\u00a0que en ese per\u00edodo alcanz\u00f3 a 24,8%.<\/p>\n<p>Por lo tanto, la entidad que nuclea a empresas de medicina prepaga alert\u00f3 por el impacto econ\u00f3mico que tienen en el sistema privado aquellas drogas que alcanzan cifras millonarias por cada tratamiento.<\/p>\n<p>En ese sentido, se\u00f1al\u00f3 que se detectaron \u201cfuertes subas en los precios de los medicamentos durante el segundo cuatrimestre de 2022, con una notable aceleraci\u00f3n respecto del per\u00edodo anterior\u201d.<\/p>\n<p><strong>\u201cHubo picos de hasta 50% en los insumos para internaciones<\/strong>, y tambi\u00e9n alzas por encima de la inflaci\u00f3n en los remedios de alto costo que pueden generarle gastos millonarios a obras sociales y prepagas por cada tratamiento\u201d, se\u00f1al\u00f3 el organismo.<\/p>\n<blockquote class=\"\"><p>Al medir los precios de los medicamentos, se detect\u00f3 que aquellos que habitualmente son usados para internaciones tuvieron las mayores subas, llegando al 32% en promedio.<\/p><\/blockquote>\n<p>Al medir los precios de los medicamentos, se detect\u00f3 que aquellos que habitualmente son usados para internaciones tuvieron las mayores subas, llegando al 32% en promedio durante el cuatrimestre mayo-agosto de este a\u00f1o.<\/p>\n<p>Esta cifra estuvo por encima del aumento del \u00cdndice de Precios al Consumidor (IPC) medido por el Instituto Nacional de Estad\u00edstica y Censos (Indec), que en el mismo per\u00edodo fue del 24,8%.<\/p>\n<p><strong>Algunos productos mostraron picos a\u00fan m\u00e1s llamativos: los sueros se encarecieron 50% y los productos de contraste, 45%.<\/strong><\/p>\n<p>Los descartables -insumo clave en el sector- quedaron apenas por debajo de la media, pero aun as\u00ed superaron la inflaci\u00f3n, ya que tuvieron un alza del 27%.<\/p>\n<p>En el primer cuatrimestre del a\u00f1o, los insumos de internaci\u00f3n hab\u00edan subido 14% en promedio, por lo cual en el per\u00edodo posterior el aumento fue m\u00e1s del doble.<\/p>\n<figure class=\"mb-3\"><img decoding=\"async\" src=\"https:\/\/www.telam.com.ar\/thumbs\/bluesteel\/advf\/imagenes\/2022\/05\/627e40cc8be64_900.jpg\" alt=\"Foto archivo\" width=\"100%\" height=\"100%\" \/><\/p>\n<div class=\"media-icons\"><\/div><figcaption>Foto archivo.<\/figcaption><\/figure>\n<p>El relevamiento de la UAS puntualiz\u00f3 que en el cuatrimestre mayo-agosto tambi\u00e9n se registraron importantes alzas en los medicamentos denominados de alto costo, que pueden valer millones de pesos y que muchas veces deben ser cubiertos por prepagas y obras sociales a ra\u00edz de fallos judiciales.<\/p>\n<p>Tambi\u00e9n tuvieron un promedio de 32% de aumento a agosto de este a\u00f1o, mientras que en el primer cuatrimestre hubo subas del 18,50% en promedio.<\/p>\n<p>En 2010 estas drogas representaban el 8% del gasto total en medicamentos, mientras que hoy esa proporci\u00f3n se increment\u00f3 al 62%, seg\u00fan estimaciones del sector.<\/p>\n<p>Dos de las subas m\u00e1s significativas se vieron en la medicaci\u00f3n para el c\u00e1ncer Hercept\u00edn, que aument\u00f3 54,44% hasta alcanzar los $ 279.125; y Genvoya, una droga para el VIH que lleg\u00f3 a los 121.000 tras trepar 35,15%.<\/p>\n<p>Tambi\u00e9n aumentaron la Hemlibra para hemofilia 23,50% y ya supera los $ 3 millones; el Genotropin para el atraso del crecimiento, 27,50% y ahora cuesta $ 124.902; y el Decapeptyl para c\u00e1ncer de pr\u00f3stata 26,41% para llegar a los $ 141.834.<\/p>\n","protected":false},"excerpt":{"rendered":"<p>El trabajo del Observatorio de Costos de la Salud de la Uni\u00f3n Argentina de Salud alert\u00f3 por el impacto econ\u00f3mico que tienen en el sistema privado aquellas drogas que alcanzan cifras millonarias por cada tratamiento.<\/p>\n","protected":false},"author":3,"featured_media":0,"comment_status":"closed","ping_status":"closed","sticky":false,"template":"","format":"standard","meta":{"footnotes":""},"categories":[36,30],"tags":[],"class_list":["post-78556","post","type-post","status-publish","format-standard","hentry","category-economia","category-salud"],"yoast_head":"<!-- This site is optimized with the Yoast SEO plugin v25.9 - https:\/\/yoast.com\/wordpress\/plugins\/seo\/ -->\n<title>Un informe advierte que el aumento en medicamentos duplic\u00f3 la inflaci\u00f3n - Noticias Radio Reflejos<\/title>\n<meta name=\"robots\" content=\"index, follow, max-snippet:-1, max-image-preview:large, max-video-preview:-1\" \/>\n<link rel=\"canonical\" href=\"https:\/\/www.noticiasradioreflejos.com.ar\/2021\/un-informe-advierte-que-el-aumento-en-medicamentos-duplico-la-inflacion\/\" \/>\n<meta property=\"og:locale\" content=\"es_ES\" \/>\n<meta property=\"og:type\" content=\"article\" \/>\n<meta property=\"og:title\" content=\"Un informe advierte que el aumento en medicamentos duplic\u00f3 la inflaci\u00f3n - Noticias Radio Reflejos\" \/>\n<meta property=\"og:description\" content=\"El trabajo del Observatorio de Costos de la Salud de la Uni\u00f3n Argentina de Salud alert\u00f3 por el impacto econ\u00f3mico que tienen en el sistema privado aquellas drogas que alcanzan cifras millonarias por cada tratamiento.\" \/>\n<meta property=\"og:url\" content=\"https:\/\/www.noticiasradioreflejos.com.ar\/2021\/un-informe-advierte-que-el-aumento-en-medicamentos-duplico-la-inflacion\/\" \/>\n<meta property=\"og:site_name\" content=\"Noticias Radio Reflejos\" \/>\n<meta property=\"article:published_time\" content=\"2022-10-06T10:59:19+00:00\" \/>\n<meta property=\"og:image\" content=\"https:\/\/www.telam.com.ar\/thumbs\/bluesteel\/advf\/imagenes\/2022\/05\/627e40cc8be64_900.jpg\" \/>\n<meta name=\"author\" content=\"Arnaldo Botto\" \/>\n<meta name=\"twitter:card\" content=\"summary_large_image\" \/>\n<script type=\"application\/ld+json\" class=\"yoast-schema-graph\">{\"@context\":\"https:\/\/schema.org\",\"@graph\":[{\"@type\":\"WebPage\",\"@id\":\"https:\/\/www.noticiasradioreflejos.com.ar\/2021\/un-informe-advierte-que-el-aumento-en-medicamentos-duplico-la-inflacion\/\",\"url\":\"https:\/\/www.noticiasradioreflejos.com.ar\/2021\/un-informe-advierte-que-el-aumento-en-medicamentos-duplico-la-inflacion\/\",\"name\":\"Un informe advierte que el aumento en medicamentos duplic\u00f3 la inflaci\u00f3n - Noticias Radio Reflejos\",\"isPartOf\":{\"@id\":\"https:\/\/www.noticiasradioreflejos.com.ar\/2021\/#website\"},\"primaryImageOfPage\":{\"@id\":\"https:\/\/www.noticiasradioreflejos.com.ar\/2021\/un-informe-advierte-que-el-aumento-en-medicamentos-duplico-la-inflacion\/#primaryimage\"},\"image\":{\"@id\":\"https:\/\/www.noticiasradioreflejos.com.ar\/2021\/un-informe-advierte-que-el-aumento-en-medicamentos-duplico-la-inflacion\/#primaryimage\"},\"thumbnailUrl\":\"https:\/\/www.telam.com.ar\/thumbs\/bluesteel\/advf\/imagenes\/2022\/05\/627e40cc8be64_900.jpg\",\"datePublished\":\"2022-10-06T10:59:19+00:00\",\"author\":{\"@id\":\"https:\/\/www.noticiasradioreflejos.com.ar\/2021\/#\/schema\/person\/ad82545263dcc5ec0996818884fd5fb1\"},\"breadcrumb\":{\"@id\":\"https:\/\/www.noticiasradioreflejos.com.ar\/2021\/un-informe-advierte-que-el-aumento-en-medicamentos-duplico-la-inflacion\/#breadcrumb\"},\"inLanguage\":\"es\",\"potentialAction\":[{\"@type\":\"ReadAction\",\"target\":[\"https:\/\/www.noticiasradioreflejos.com.ar\/2021\/un-informe-advierte-que-el-aumento-en-medicamentos-duplico-la-inflacion\/\"]}]},{\"@type\":\"ImageObject\",\"inLanguage\":\"es\",\"@id\":\"https:\/\/www.noticiasradioreflejos.com.ar\/2021\/un-informe-advierte-que-el-aumento-en-medicamentos-duplico-la-inflacion\/#primaryimage\",\"url\":\"https:\/\/www.telam.com.ar\/thumbs\/bluesteel\/advf\/imagenes\/2022\/05\/627e40cc8be64_900.jpg\",\"contentUrl\":\"https:\/\/www.telam.com.ar\/thumbs\/bluesteel\/advf\/imagenes\/2022\/05\/627e40cc8be64_900.jpg\"},{\"@type\":\"BreadcrumbList\",\"@id\":\"https:\/\/www.noticiasradioreflejos.com.ar\/2021\/un-informe-advierte-que-el-aumento-en-medicamentos-duplico-la-inflacion\/#breadcrumb\",\"itemListElement\":[{\"@type\":\"ListItem\",\"position\":1,\"name\":\"Portada\",\"item\":\"https:\/\/www.noticiasradioreflejos.com.ar\/2021\/\"},{\"@type\":\"ListItem\",\"position\":2,\"name\":\"Un informe advierte que el aumento en medicamentos duplic\u00f3 la inflaci\u00f3n\"}]},{\"@type\":\"WebSite\",\"@id\":\"https:\/\/www.noticiasradioreflejos.com.ar\/2021\/#website\",\"url\":\"https:\/\/www.noticiasradioreflejos.com.ar\/2021\/\",\"name\":\"Noticias Radio Reflejos\",\"description\":\"Las noticias de mi comarca\",\"potentialAction\":[{\"@type\":\"SearchAction\",\"target\":{\"@type\":\"EntryPoint\",\"urlTemplate\":\"https:\/\/www.noticiasradioreflejos.com.ar\/2021\/?s={search_term_string}\"},\"query-input\":{\"@type\":\"PropertyValueSpecification\",\"valueRequired\":true,\"valueName\":\"search_term_string\"}}],\"inLanguage\":\"es\"},{\"@type\":\"Person\",\"@id\":\"https:\/\/www.noticiasradioreflejos.com.ar\/2021\/#\/schema\/person\/ad82545263dcc5ec0996818884fd5fb1\",\"name\":\"Arnaldo Botto\",\"image\":{\"@type\":\"ImageObject\",\"inLanguage\":\"es\",\"@id\":\"https:\/\/www.noticiasradioreflejos.com.ar\/2021\/#\/schema\/person\/image\/\",\"url\":\"https:\/\/secure.gravatar.com\/avatar\/55cb5e37c1efa326397366e6974cb338056df65cb50e7d64d1cf314e87504837?s=96&d=mm&r=g\",\"contentUrl\":\"https:\/\/secure.gravatar.com\/avatar\/55cb5e37c1efa326397366e6974cb338056df65cb50e7d64d1cf314e87504837?s=96&d=mm&r=g\",\"caption\":\"Arnaldo Botto\"},\"url\":\"https:\/\/www.noticiasradioreflejos.com.ar\/2021\/author\/arnaldo\/\"}]}<\/script>\n<!-- \/ Yoast SEO plugin. -->","yoast_head_json":{"title":"Un informe advierte que el aumento en medicamentos duplic\u00f3 la inflaci\u00f3n - Noticias Radio Reflejos","robots":{"index":"index","follow":"follow","max-snippet":"max-snippet:-1","max-image-preview":"max-image-preview:large","max-video-preview":"max-video-preview:-1"},"canonical":"https:\/\/www.noticiasradioreflejos.com.ar\/2021\/un-informe-advierte-que-el-aumento-en-medicamentos-duplico-la-inflacion\/","og_locale":"es_ES","og_type":"article","og_title":"Un informe advierte que el aumento en medicamentos duplic\u00f3 la inflaci\u00f3n - Noticias Radio Reflejos","og_description":"El trabajo del Observatorio de Costos de la Salud de la Uni\u00f3n Argentina de Salud alert\u00f3 por el impacto econ\u00f3mico que tienen en el sistema privado aquellas drogas que alcanzan cifras millonarias por cada tratamiento.","og_url":"https:\/\/www.noticiasradioreflejos.com.ar\/2021\/un-informe-advierte-que-el-aumento-en-medicamentos-duplico-la-inflacion\/","og_site_name":"Noticias Radio Reflejos","article_published_time":"2022-10-06T10:59:19+00:00","og_image":[{"url":"https:\/\/www.telam.com.ar\/thumbs\/bluesteel\/advf\/imagenes\/2022\/05\/627e40cc8be64_900.jpg","type":"","width":"","height":""}],"author":"Arnaldo Botto","twitter_card":"summary_large_image","schema":{"@context":"https:\/\/schema.org","@graph":[{"@type":"WebPage","@id":"https:\/\/www.noticiasradioreflejos.com.ar\/2021\/un-informe-advierte-que-el-aumento-en-medicamentos-duplico-la-inflacion\/","url":"https:\/\/www.noticiasradioreflejos.com.ar\/2021\/un-informe-advierte-que-el-aumento-en-medicamentos-duplico-la-inflacion\/","name":"Un informe advierte que el aumento en medicamentos duplic\u00f3 la inflaci\u00f3n - Noticias Radio Reflejos","isPartOf":{"@id":"https:\/\/www.noticiasradioreflejos.com.ar\/2021\/#website"},"primaryImageOfPage":{"@id":"https:\/\/www.noticiasradioreflejos.com.ar\/2021\/un-informe-advierte-que-el-aumento-en-medicamentos-duplico-la-inflacion\/#primaryimage"},"image":{"@id":"https:\/\/www.noticiasradioreflejos.com.ar\/2021\/un-informe-advierte-que-el-aumento-en-medicamentos-duplico-la-inflacion\/#primaryimage"},"thumbnailUrl":"https:\/\/www.telam.com.ar\/thumbs\/bluesteel\/advf\/imagenes\/2022\/05\/627e40cc8be64_900.jpg","datePublished":"2022-10-06T10:59:19+00:00","author":{"@id":"https:\/\/www.noticiasradioreflejos.com.ar\/2021\/#\/schema\/person\/ad82545263dcc5ec0996818884fd5fb1"},"breadcrumb":{"@id":"https:\/\/www.noticiasradioreflejos.com.ar\/2021\/un-informe-advierte-que-el-aumento-en-medicamentos-duplico-la-inflacion\/#breadcrumb"},"inLanguage":"es","potentialAction":[{"@type":"ReadAction","target":["https:\/\/www.noticiasradioreflejos.com.ar\/2021\/un-informe-advierte-que-el-aumento-en-medicamentos-duplico-la-inflacion\/"]}]},{"@type":"ImageObject","inLanguage":"es","@id":"https:\/\/www.noticiasradioreflejos.com.ar\/2021\/un-informe-advierte-que-el-aumento-en-medicamentos-duplico-la-inflacion\/#primaryimage","url":"https:\/\/www.telam.com.ar\/thumbs\/bluesteel\/advf\/imagenes\/2022\/05\/627e40cc8be64_900.jpg","contentUrl":"https:\/\/www.telam.com.ar\/thumbs\/bluesteel\/advf\/imagenes\/2022\/05\/627e40cc8be64_900.jpg"},{"@type":"BreadcrumbList","@id":"https:\/\/www.noticiasradioreflejos.com.ar\/2021\/un-informe-advierte-que-el-aumento-en-medicamentos-duplico-la-inflacion\/#breadcrumb","itemListElement":[{"@type":"ListItem","position":1,"name":"Portada","item":"https:\/\/www.noticiasradioreflejos.com.ar\/2021\/"},{"@type":"ListItem","position":2,"name":"Un informe advierte que el aumento en medicamentos duplic\u00f3 la inflaci\u00f3n"}]},{"@type":"WebSite","@id":"https:\/\/www.noticiasradioreflejos.com.ar\/2021\/#website","url":"https:\/\/www.noticiasradioreflejos.com.ar\/2021\/","name":"Noticias Radio Reflejos","description":"Las noticias de mi comarca","potentialAction":[{"@type":"SearchAction","target":{"@type":"EntryPoint","urlTemplate":"https:\/\/www.noticiasradioreflejos.com.ar\/2021\/?s={search_term_string}"},"query-input":{"@type":"PropertyValueSpecification","valueRequired":true,"valueName":"search_term_string"}}],"inLanguage":"es"},{"@type":"Person","@id":"https:\/\/www.noticiasradioreflejos.com.ar\/2021\/#\/schema\/person\/ad82545263dcc5ec0996818884fd5fb1","name":"Arnaldo Botto","image":{"@type":"ImageObject","inLanguage":"es","@id":"https:\/\/www.noticiasradioreflejos.com.ar\/2021\/#\/schema\/person\/image\/","url":"https:\/\/secure.gravatar.com\/avatar\/55cb5e37c1efa326397366e6974cb338056df65cb50e7d64d1cf314e87504837?s=96&d=mm&r=g","contentUrl":"https:\/\/secure.gravatar.com\/avatar\/55cb5e37c1efa326397366e6974cb338056df65cb50e7d64d1cf314e87504837?s=96&d=mm&r=g","caption":"Arnaldo Botto"},"url":"https:\/\/www.noticiasradioreflejos.com.ar\/2021\/author\/arnaldo\/"}]}},"_links":{"self":[{"href":"https:\/\/www.noticiasradioreflejos.com.ar\/2021\/wp-json\/wp\/v2\/posts\/78556","targetHints":{"allow":["GET"]}}],"collection":[{"href":"https:\/\/www.noticiasradioreflejos.com.ar\/2021\/wp-json\/wp\/v2\/posts"}],"about":[{"href":"https:\/\/www.noticiasradioreflejos.com.ar\/2021\/wp-json\/wp\/v2\/types\/post"}],"author":[{"embeddable":true,"href":"https:\/\/www.noticiasradioreflejos.com.ar\/2021\/wp-json\/wp\/v2\/users\/3"}],"replies":[{"embeddable":true,"href":"https:\/\/www.noticiasradioreflejos.com.ar\/2021\/wp-json\/wp\/v2\/comments?post=78556"}],"version-history":[{"count":1,"href":"https:\/\/www.noticiasradioreflejos.com.ar\/2021\/wp-json\/wp\/v2\/posts\/78556\/revisions"}],"predecessor-version":[{"id":78558,"href":"https:\/\/www.noticiasradioreflejos.com.ar\/2021\/wp-json\/wp\/v2\/posts\/78556\/revisions\/78558"}],"wp:attachment":[{"href":"https:\/\/www.noticiasradioreflejos.com.ar\/2021\/wp-json\/wp\/v2\/media?parent=78556"}],"wp:term":[{"taxonomy":"category","embeddable":true,"href":"https:\/\/www.noticiasradioreflejos.com.ar\/2021\/wp-json\/wp\/v2\/categories?post=78556"},{"taxonomy":"post_tag","embeddable":true,"href":"https:\/\/www.noticiasradioreflejos.com.ar\/2021\/wp-json\/wp\/v2\/tags?post=78556"}],"curies":[{"name":"wp","href":"https:\/\/api.w.org\/{rel}","templated":true}]}}