{"id":78553,"date":"2022-10-06T10:54:41","date_gmt":"2022-10-06T10:54:41","guid":{"rendered":"http:\/\/www.noticiasradioreflejos.com.ar\/2021\/?p=78553"},"modified":"2022-10-06T10:54:41","modified_gmt":"2022-10-06T10:54:41","slug":"llevan-a-juicio-por-dano-ambiental-a-propietarios-de-explotaciones-agricolas","status":"publish","type":"post","link":"https:\/\/www.noticiasradioreflejos.com.ar\/2021\/llevan-a-juicio-por-dano-ambiental-a-propietarios-de-explotaciones-agricolas\/","title":{"rendered":"Llevan a juicio por da\u00f1o ambiental a propietarios de explotaciones agr\u00edcolas"},"content":{"rendered":"<p>El tribunal lo decidi\u00f3 a partir de una\u00a0\u00a0\u00abacci\u00f3n preventiva de incidencia colectiva\u00bb por los vecinos del \u00abCorredor Santa Clara, Partido de Mar Chiquita\u00bb, por la aplicaci\u00f3n, manipulaci\u00f3n, traslado y disposici\u00f3n\u00bb de \u00abresiduos peligrosos\u00bb, incluso agroqu\u00edmicos.<!--more--><\/p>\n<p>La Corte Suprema de la Naci\u00f3n dispuso que la justicia civil y comercial ordinaria de Mar del Plata tramite una\u00a0<strong>demanda por presunto da\u00f1o ambiental formulada contra propietarios de inmuebles agr\u00edcolas y explotaciones comerciales de tierras vecinas ubicadas dentro del denominado \u00abcorredor Santa Clara\u00bb<\/strong>, en el partido bonaerense de Mar Chiquita.<\/p>\n<p>La\u00a0<strong>\u00abacci\u00f3n preventiva de da\u00f1o ambiental de incidencia colectiva\u00bb<\/strong>\u00a0fue promovida en 2020 por vecinos de distintas localidades que integran el \u00abCorredor Santa Clara, Partido de Mar Chiquita\u00bb, en la provincia de Buenos Aires debido a \u00abla aplicaci\u00f3n,\u00a0manipulaci\u00f3n, traslado y disposici\u00f3n\u00bb de \u00abresiduos peligrosos\u00bb en las cercan\u00edas, entre los que se encuentran agroqu\u00edmicos.<\/p>\n<p>Ante el pedido de que\u00a0<strong>\u00abse resguarde el ambiente y la salud de las poblaciones que integran dicho corredor<\/strong>\u00bb que incluy\u00f3 el dictado de una medida cautelar, se gener\u00f3 un \u00abconflicto de competencia\u00bb entre la justicia ordinaria, ya que se consider\u00f3 que la demanda tambi\u00e9n apuntaba a la afectaci\u00f3n que podr\u00eda sufrir el Mar Argentino por el manejo de los agroqu\u00edmicos.<\/p>\n<p>La procuradora fiscal Laura Monti, cuyo dictamen fue seguido por la Corte, se\u00f1al\u00f3 que el reclamo solo mencionaba el eventual da\u00f1o de los residuos peligrosos a \u00abarroyos, lagunas\u00bb y \u00abhasta escasos metros del mar\u00bb y que \u00abel factor degradante se encuentra en la provincia de Buenos Aires\u00bb.<\/p>\n<p>Los \u00abrecursos vivos que pueblan las aguas interiores y mar territorial argentino adyacente a sus costas\u00bb, de acuerdo a la Constitucional Nacional y bonaerense, pertenecen a un dominio que puede ser ejercido por la provincia, acot\u00f3 Monti.<\/p>\n<p>Por ser \u00abun espacio geogr\u00e1fico-f\u00edsico-biol\u00f3gico\u00bb habitado por quienes integran esa colectividad\u00bb son\u00a0<strong>\u00ablas autoridades locales las encargadas de valorar y juzgar si las actividades denunciadas afectan aspectos propios del derecho provincial, como lo es todo lo concerniente al medio ambiente\u00bb<\/strong>, agreg\u00f3.<\/p>\n<p>De esa manera, seg\u00fan la procuradora fiscal, \u00abse reconoce a las autoridades locales la facultad de aplicar los criterios de protecci\u00f3n ambiental que consideren conducentes para el bienestar de la comunidad para la que gobiernan\u00bb.<\/p>\n<p>Remarc\u00f3 adem\u00e1s que \u00abel ambiente es responsabilidad del titular originario de la jurisdicci\u00f3n, que no es otro que quien ejerce autoridad en el entorno natural y en la acci\u00f3n de las personas que inciden en ese medio, m\u00e1xime cuando no se advierte en el caso un supuesto de problemas ambientales compartidos por m\u00e1s de jurisdicci\u00f3n\u00bb.<\/p>\n<p>El fallo de la Corte, que fue de car\u00e1cter un\u00e1nime, determina que<strong>\u00a0\u00abdeber\u00e1 seguir entendiendo en la causa el Juzgado de Primera Instancia en lo Civil y Comercial n\u00famero 15 de Mar del Plata\u00bb,<\/strong>\u00a0precisaron fuentes judiciales.<\/p>\n<p>La decisi\u00f3n lleva la firma del presidente de la Corte, Horacio Rosatti, y de los ministros Carlos Rosenkrantz, Juan Carlos Maqueda y Ricardo Lorenzetti.<\/p>\n","protected":false},"excerpt":{"rendered":"<p>El tribunal lo decidi\u00f3 a partir de una\u00a0\u00a0\u00abacci\u00f3n preventiva de incidencia colectiva\u00bb por los vecinos del \u00abCorredor Santa Clara, Partido de Mar Chiquita\u00bb, por la aplicaci\u00f3n, manipulaci\u00f3n, traslado y disposici\u00f3n\u00bb de \u00abresiduos peligrosos\u00bb, incluso agroqu\u00edmicos.<\/p>\n","protected":false},"author":3,"featured_media":0,"comment_status":"closed","ping_status":"closed","sticky":false,"template":"","format":"standard","meta":{"footnotes":""},"categories":[57],"tags":[],"class_list":["post-78553","post","type-post","status-publish","format-standard","hentry","category-judiciales"],"yoast_head":"<!-- This site is optimized with the Yoast SEO plugin v25.9 - https:\/\/yoast.com\/wordpress\/plugins\/seo\/ -->\n<title>Llevan a juicio por da\u00f1o ambiental a propietarios de explotaciones agr\u00edcolas - Noticias Radio Reflejos<\/title>\n<meta name=\"robots\" content=\"index, follow, max-snippet:-1, max-image-preview:large, max-video-preview:-1\" \/>\n<link rel=\"canonical\" href=\"https:\/\/www.noticiasradioreflejos.com.ar\/2021\/llevan-a-juicio-por-dano-ambiental-a-propietarios-de-explotaciones-agricolas\/\" \/>\n<meta property=\"og:locale\" content=\"es_ES\" \/>\n<meta property=\"og:type\" content=\"article\" \/>\n<meta property=\"og:title\" content=\"Llevan a juicio por da\u00f1o ambiental a propietarios de explotaciones agr\u00edcolas - Noticias Radio Reflejos\" \/>\n<meta property=\"og:description\" content=\"El tribunal lo decidi\u00f3 a partir de una\u00a0\u00a0\u00abacci\u00f3n preventiva de incidencia colectiva\u00bb por los vecinos del \u00abCorredor Santa Clara, Partido de Mar Chiquita\u00bb, por la aplicaci\u00f3n, manipulaci\u00f3n, traslado y disposici\u00f3n\u00bb de \u00abresiduos peligrosos\u00bb, incluso agroqu\u00edmicos.\" \/>\n<meta property=\"og:url\" content=\"https:\/\/www.noticiasradioreflejos.com.ar\/2021\/llevan-a-juicio-por-dano-ambiental-a-propietarios-de-explotaciones-agricolas\/\" \/>\n<meta property=\"og:site_name\" content=\"Noticias Radio Reflejos\" \/>\n<meta property=\"article:published_time\" content=\"2022-10-06T10:54:41+00:00\" \/>\n<meta property=\"og:image\" content=\"https:\/\/www.noticiasradioreflejos.com.ar\/2021\/wp-content\/uploads\/2021\/07\/logosol300x200.png\" \/>\n\t<meta property=\"og:image:width\" content=\"300\" \/>\n\t<meta property=\"og:image:height\" content=\"200\" \/>\n\t<meta property=\"og:image:type\" content=\"image\/png\" \/>\n<meta name=\"author\" content=\"Arnaldo Botto\" \/>\n<meta name=\"twitter:card\" content=\"summary_large_image\" \/>\n<script type=\"application\/ld+json\" class=\"yoast-schema-graph\">{\"@context\":\"https:\/\/schema.org\",\"@graph\":[{\"@type\":\"WebPage\",\"@id\":\"https:\/\/www.noticiasradioreflejos.com.ar\/2021\/llevan-a-juicio-por-dano-ambiental-a-propietarios-de-explotaciones-agricolas\/\",\"url\":\"https:\/\/www.noticiasradioreflejos.com.ar\/2021\/llevan-a-juicio-por-dano-ambiental-a-propietarios-de-explotaciones-agricolas\/\",\"name\":\"Llevan a juicio por da\u00f1o ambiental a propietarios de explotaciones agr\u00edcolas - Noticias Radio Reflejos\",\"isPartOf\":{\"@id\":\"https:\/\/www.noticiasradioreflejos.com.ar\/2021\/#website\"},\"datePublished\":\"2022-10-06T10:54:41+00:00\",\"author\":{\"@id\":\"https:\/\/www.noticiasradioreflejos.com.ar\/2021\/#\/schema\/person\/ad82545263dcc5ec0996818884fd5fb1\"},\"breadcrumb\":{\"@id\":\"https:\/\/www.noticiasradioreflejos.com.ar\/2021\/llevan-a-juicio-por-dano-ambiental-a-propietarios-de-explotaciones-agricolas\/#breadcrumb\"},\"inLanguage\":\"es\",\"potentialAction\":[{\"@type\":\"ReadAction\",\"target\":[\"https:\/\/www.noticiasradioreflejos.com.ar\/2021\/llevan-a-juicio-por-dano-ambiental-a-propietarios-de-explotaciones-agricolas\/\"]}]},{\"@type\":\"BreadcrumbList\",\"@id\":\"https:\/\/www.noticiasradioreflejos.com.ar\/2021\/llevan-a-juicio-por-dano-ambiental-a-propietarios-de-explotaciones-agricolas\/#breadcrumb\",\"itemListElement\":[{\"@type\":\"ListItem\",\"position\":1,\"name\":\"Portada\",\"item\":\"https:\/\/www.noticiasradioreflejos.com.ar\/2021\/\"},{\"@type\":\"ListItem\",\"position\":2,\"name\":\"Llevan a juicio por da\u00f1o ambiental a propietarios de explotaciones agr\u00edcolas\"}]},{\"@type\":\"WebSite\",\"@id\":\"https:\/\/www.noticiasradioreflejos.com.ar\/2021\/#website\",\"url\":\"https:\/\/www.noticiasradioreflejos.com.ar\/2021\/\",\"name\":\"Noticias Radio Reflejos\",\"description\":\"Las noticias de mi comarca\",\"potentialAction\":[{\"@type\":\"SearchAction\",\"target\":{\"@type\":\"EntryPoint\",\"urlTemplate\":\"https:\/\/www.noticiasradioreflejos.com.ar\/2021\/?s={search_term_string}\"},\"query-input\":{\"@type\":\"PropertyValueSpecification\",\"valueRequired\":true,\"valueName\":\"search_term_string\"}}],\"inLanguage\":\"es\"},{\"@type\":\"Person\",\"@id\":\"https:\/\/www.noticiasradioreflejos.com.ar\/2021\/#\/schema\/person\/ad82545263dcc5ec0996818884fd5fb1\",\"name\":\"Arnaldo Botto\",\"image\":{\"@type\":\"ImageObject\",\"inLanguage\":\"es\",\"@id\":\"https:\/\/www.noticiasradioreflejos.com.ar\/2021\/#\/schema\/person\/image\/\",\"url\":\"https:\/\/secure.gravatar.com\/avatar\/55cb5e37c1efa326397366e6974cb338056df65cb50e7d64d1cf314e87504837?s=96&d=mm&r=g\",\"contentUrl\":\"https:\/\/secure.gravatar.com\/avatar\/55cb5e37c1efa326397366e6974cb338056df65cb50e7d64d1cf314e87504837?s=96&d=mm&r=g\",\"caption\":\"Arnaldo Botto\"},\"url\":\"https:\/\/www.noticiasradioreflejos.com.ar\/2021\/author\/arnaldo\/\"}]}<\/script>\n<!-- \/ Yoast SEO plugin. -->","yoast_head_json":{"title":"Llevan a juicio por da\u00f1o ambiental a propietarios de explotaciones agr\u00edcolas - Noticias Radio Reflejos","robots":{"index":"index","follow":"follow","max-snippet":"max-snippet:-1","max-image-preview":"max-image-preview:large","max-video-preview":"max-video-preview:-1"},"canonical":"https:\/\/www.noticiasradioreflejos.com.ar\/2021\/llevan-a-juicio-por-dano-ambiental-a-propietarios-de-explotaciones-agricolas\/","og_locale":"es_ES","og_type":"article","og_title":"Llevan a juicio por da\u00f1o ambiental a propietarios de explotaciones agr\u00edcolas - Noticias Radio Reflejos","og_description":"El tribunal lo decidi\u00f3 a partir de una\u00a0\u00a0\u00abacci\u00f3n preventiva de incidencia colectiva\u00bb por los vecinos del \u00abCorredor Santa Clara, Partido de Mar Chiquita\u00bb, por la aplicaci\u00f3n, manipulaci\u00f3n, traslado y disposici\u00f3n\u00bb de \u00abresiduos peligrosos\u00bb, incluso agroqu\u00edmicos.","og_url":"https:\/\/www.noticiasradioreflejos.com.ar\/2021\/llevan-a-juicio-por-dano-ambiental-a-propietarios-de-explotaciones-agricolas\/","og_site_name":"Noticias Radio Reflejos","article_published_time":"2022-10-06T10:54:41+00:00","og_image":[{"width":300,"height":200,"url":"https:\/\/www.noticiasradioreflejos.com.ar\/2021\/wp-content\/uploads\/2021\/07\/logosol300x200.png","type":"image\/png"}],"author":"Arnaldo Botto","twitter_card":"summary_large_image","schema":{"@context":"https:\/\/schema.org","@graph":[{"@type":"WebPage","@id":"https:\/\/www.noticiasradioreflejos.com.ar\/2021\/llevan-a-juicio-por-dano-ambiental-a-propietarios-de-explotaciones-agricolas\/","url":"https:\/\/www.noticiasradioreflejos.com.ar\/2021\/llevan-a-juicio-por-dano-ambiental-a-propietarios-de-explotaciones-agricolas\/","name":"Llevan a juicio por da\u00f1o ambiental a propietarios de explotaciones agr\u00edcolas - Noticias Radio Reflejos","isPartOf":{"@id":"https:\/\/www.noticiasradioreflejos.com.ar\/2021\/#website"},"datePublished":"2022-10-06T10:54:41+00:00","author":{"@id":"https:\/\/www.noticiasradioreflejos.com.ar\/2021\/#\/schema\/person\/ad82545263dcc5ec0996818884fd5fb1"},"breadcrumb":{"@id":"https:\/\/www.noticiasradioreflejos.com.ar\/2021\/llevan-a-juicio-por-dano-ambiental-a-propietarios-de-explotaciones-agricolas\/#breadcrumb"},"inLanguage":"es","potentialAction":[{"@type":"ReadAction","target":["https:\/\/www.noticiasradioreflejos.com.ar\/2021\/llevan-a-juicio-por-dano-ambiental-a-propietarios-de-explotaciones-agricolas\/"]}]},{"@type":"BreadcrumbList","@id":"https:\/\/www.noticiasradioreflejos.com.ar\/2021\/llevan-a-juicio-por-dano-ambiental-a-propietarios-de-explotaciones-agricolas\/#breadcrumb","itemListElement":[{"@type":"ListItem","position":1,"name":"Portada","item":"https:\/\/www.noticiasradioreflejos.com.ar\/2021\/"},{"@type":"ListItem","position":2,"name":"Llevan a juicio por da\u00f1o ambiental a propietarios de explotaciones agr\u00edcolas"}]},{"@type":"WebSite","@id":"https:\/\/www.noticiasradioreflejos.com.ar\/2021\/#website","url":"https:\/\/www.noticiasradioreflejos.com.ar\/2021\/","name":"Noticias Radio Reflejos","description":"Las noticias de mi comarca","potentialAction":[{"@type":"SearchAction","target":{"@type":"EntryPoint","urlTemplate":"https:\/\/www.noticiasradioreflejos.com.ar\/2021\/?s={search_term_string}"},"query-input":{"@type":"PropertyValueSpecification","valueRequired":true,"valueName":"search_term_string"}}],"inLanguage":"es"},{"@type":"Person","@id":"https:\/\/www.noticiasradioreflejos.com.ar\/2021\/#\/schema\/person\/ad82545263dcc5ec0996818884fd5fb1","name":"Arnaldo Botto","image":{"@type":"ImageObject","inLanguage":"es","@id":"https:\/\/www.noticiasradioreflejos.com.ar\/2021\/#\/schema\/person\/image\/","url":"https:\/\/secure.gravatar.com\/avatar\/55cb5e37c1efa326397366e6974cb338056df65cb50e7d64d1cf314e87504837?s=96&d=mm&r=g","contentUrl":"https:\/\/secure.gravatar.com\/avatar\/55cb5e37c1efa326397366e6974cb338056df65cb50e7d64d1cf314e87504837?s=96&d=mm&r=g","caption":"Arnaldo Botto"},"url":"https:\/\/www.noticiasradioreflejos.com.ar\/2021\/author\/arnaldo\/"}]}},"_links":{"self":[{"href":"https:\/\/www.noticiasradioreflejos.com.ar\/2021\/wp-json\/wp\/v2\/posts\/78553","targetHints":{"allow":["GET"]}}],"collection":[{"href":"https:\/\/www.noticiasradioreflejos.com.ar\/2021\/wp-json\/wp\/v2\/posts"}],"about":[{"href":"https:\/\/www.noticiasradioreflejos.com.ar\/2021\/wp-json\/wp\/v2\/types\/post"}],"author":[{"embeddable":true,"href":"https:\/\/www.noticiasradioreflejos.com.ar\/2021\/wp-json\/wp\/v2\/users\/3"}],"replies":[{"embeddable":true,"href":"https:\/\/www.noticiasradioreflejos.com.ar\/2021\/wp-json\/wp\/v2\/comments?post=78553"}],"version-history":[{"count":1,"href":"https:\/\/www.noticiasradioreflejos.com.ar\/2021\/wp-json\/wp\/v2\/posts\/78553\/revisions"}],"predecessor-version":[{"id":78555,"href":"https:\/\/www.noticiasradioreflejos.com.ar\/2021\/wp-json\/wp\/v2\/posts\/78553\/revisions\/78555"}],"wp:attachment":[{"href":"https:\/\/www.noticiasradioreflejos.com.ar\/2021\/wp-json\/wp\/v2\/media?parent=78553"}],"wp:term":[{"taxonomy":"category","embeddable":true,"href":"https:\/\/www.noticiasradioreflejos.com.ar\/2021\/wp-json\/wp\/v2\/categories?post=78553"},{"taxonomy":"post_tag","embeddable":true,"href":"https:\/\/www.noticiasradioreflejos.com.ar\/2021\/wp-json\/wp\/v2\/tags?post=78553"}],"curies":[{"name":"wp","href":"https:\/\/api.w.org\/{rel}","templated":true}]}}