{"id":78306,"date":"2022-09-30T20:14:34","date_gmt":"2022-09-30T20:14:34","guid":{"rendered":"http:\/\/www.noticiasradioreflejos.com.ar\/2021\/?p=78306"},"modified":"2022-09-30T20:15:47","modified_gmt":"2022-09-30T20:15:47","slug":"la-mayoria-de-los-inventores-amateurs-hacemos-creaciones-por-la-satisfaccion-de-ayudar","status":"publish","type":"post","link":"https:\/\/www.noticiasradioreflejos.com.ar\/2021\/la-mayoria-de-los-inventores-amateurs-hacemos-creaciones-por-la-satisfaccion-de-ayudar\/","title":{"rendered":"\u201cLa mayor\u00eda de los inventores amateurs hacemos creaciones por la satisfacci\u00f3n de ayudar\u201d"},"content":{"rendered":"<p><strong>Ricardo Di Canto<\/strong>, integrante de la filial Bah\u00eda Blanca de la <strong>Asociaci\u00f3n Argentina de Inventores<\/strong> coment\u00f3 durante el espacio de \u00abTiempo Educativo\u00bb, c\u00f3mo es llevar adelante esta organizaci\u00f3n, y desmitific\u00f3 algunas cuestiones. Una entrevista para que se te prenda la lamparita.<!--more--><\/p>\n<p>Muy lejos del estereotipo del loco y ermita\u00f1o. Ese que hace explotar cosas y concatena miles de peque\u00f1as acciones en un garaje inmenso para llegar a alguna desopilante creaci\u00f3n. En este caso, en Bah\u00eda Blanca, un grupo de entusiastas se re\u00fane, debate, diagrama, ayuda al otro y busca compartir la pasi\u00f3n por inventar.<\/p>\n<p>Ricardo Di Canto, uno de los integrantes de esta filial de la Asociaci\u00f3n Argentina de Inventores, explic\u00f3 que \u201cen el 2002 por una nota que sali\u00f3 en La Nueva Provincia sal\u00eda un inventor de Buenos Aires, que hab\u00eda hecho una funda para controles remotos, lo que hac\u00eda que no se rompiera si se ca\u00eda\u201d.<\/p>\n<p>Ese peque\u00f1o art\u00edculo lo hizo investigar y \u201cpor tel\u00e9fono me puse en contacto con la Asociaci\u00f3n Argentina de Inventores que funcionaba en Buenos Aires. Y ah\u00ed empez\u00f3 un acompa\u00f1amiento que sigue hasta el d\u00eda de hoy. Intercambio de mails, aprecio y respeto mutuo. En 2003 fundamos la delegaci\u00f3n Bah\u00eda Blanca. En ese entonces era la tercera fuera de Capital Federal. Ah\u00ed otra en Rosario y otra en C\u00f3rdoba\u201d.<\/p>\n<p><a title=\"inventos\" href=\"https:\/\/www.flickr.com\/photos\/182279889@N02\/52395702489\/in\/dateposted-public\/\" data-flickr-embed=\"true\"><img loading=\"lazy\" decoding=\"async\" class=\"aligncenter\" src=\"https:\/\/live.staticflickr.com\/65535\/52395702489_90ae871a4e_z.jpg\" alt=\"inventos\" width=\"640\" height=\"360\" \/><\/a><\/p>\n<p>&nbsp;<\/p>\n<p>Yendo a la cotidianeidad de esos encuentros, explic\u00f3 que \u201cnosotros tenemos un lema en las reuniones, que lo va gestando. Ac\u00e1 vas a venir y vamos a hablar de motores, de m\u00e1quinas, de inventos, pero no de pol\u00edtica, ni de f\u00fatbol ni de mujeres. Y funciona. Nosotros en Bah\u00eda recibimos a todo aquel que le gusten los inventos, est\u00e9 interesado o sea inventor. Ac\u00e1 nadie te pide t\u00edtulo, ni nada parecido. Todos respetamos la intimidad de cada uno\u201d.<\/p>\n<p>En esa l\u00ednea subray\u00f3 que \u201clo primero que les decimos a cada miembro nuevo es que no nos cuente su invento hasta que no lo tenga patentado. Despu\u00e9s de algunas reuniones por lo general cuentan en qu\u00e9 andan, cuando ven que somos todos gente buena y que nadie le va a robar nada\u201d.<\/p>\n<p>En otro pasaje de la charla mencion\u00f3 que \u201chay gente que ha inventado sin tener un problema. Se le ocurri\u00f3. Pero lo m\u00e1s com\u00fan es resolver problemas. En general al comienzo somos todos idealistas, de ayudar a la gente\u2026 despu\u00e9s aparece el quiero hacer plata con esto. Pero la primera intenci\u00f3n, del 99% de los inventores, es buscar ese sentimiento lindo de ayudar. La parte econ\u00f3mica es posterior. Esto en los amateurs\u201d.<\/p>\n<p>Diferenci\u00e1ndolo, aclar\u00f3 que \u201cen los profesionales, que los hay, cambia la din\u00e1mica y aparece la frase de Edison de jam\u00e1s inventar\u00eda algo que el mercado no compre\u201d.<\/p>\n<p>Por \u00faltimo, sostuvo que en <a href=\"http:\/\/inventoresdebahia.com.ar\/\"><strong>inventoresdebahia.com.ar<\/strong><\/a> ah\u00ed van a ver todos los inventos que ha hecho el grupo. Mi logro es que el grupo funcione. Esa es mi pasi\u00f3n. Tengo varios desarrollos, pero nunca los llev\u00e9 a la pr\u00e1ctica concretamente\u201d.<\/p>\n<p>&nbsp;<\/p>\n<p><iframe loading=\"lazy\" src=\"https:\/\/w.soundcloud.com\/player\/?url=https%3A\/\/api.soundcloud.com\/tracks\/1354348633&amp;color=%23ff5500&amp;auto_play=false&amp;hide_related=false&amp;show_comments=true&amp;show_user=true&amp;show_reposts=false&amp;show_teaser=true\" width=\"100%\" height=\"166\" frameborder=\"no\" scrolling=\"no\"><\/iframe><\/p>\n<div style=\"font-size: 10px; color: #cccccc; line-break: anywhere; word-break: normal; overflow: hidden; white-space: nowrap; text-overflow: ellipsis; font-family: Interstate,Lucida Grande,Lucida Sans Unicode,Lucida Sans,Garuda,Verdana,Tahoma,sans-serif; font-weight: 100;\"><a style=\"color: #cccccc; text-decoration: none;\" title=\"fmreflejos 103.7\" href=\"https:\/\/soundcloud.com\/fmreflejos-103-7\" target=\"_blank\" rel=\"noopener\">fmreflejos 103.7<\/a> \u00b7 <a style=\"color: #cccccc; text-decoration: none;\" title=\"Ricardo Di Canto\" href=\"https:\/\/soundcloud.com\/fmreflejos-103-7\/ricardo-di-canto\" target=\"_blank\" rel=\"noopener\">Ricardo Di Canto<\/a><\/div>\n","protected":false},"excerpt":{"rendered":"<p>Ricardo Di Canto, integrante de la filial Bah\u00eda Blanca de la Asociaci\u00f3n Argentina de Inventores coment\u00f3 durante el espacio de \u00abTiempo Educativo\u00bb, c\u00f3mo es llevar adelante esta organizaci\u00f3n, y desmitific\u00f3 algunas cuestiones. Una entrevista para que se te prenda la lamparita.<\/p>\n","protected":false},"author":3,"featured_media":0,"comment_status":"closed","ping_status":"closed","sticky":false,"template":"","format":"standard","meta":{"footnotes":""},"categories":[46,26],"tags":[],"class_list":["post-78306","post","type-post","status-publish","format-standard","hentry","category-ciencia-y-tecnologia","category-sociedad"],"yoast_head":"<!-- This site is optimized with the Yoast SEO plugin v25.9 - https:\/\/yoast.com\/wordpress\/plugins\/seo\/ -->\n<title>\u201cLa mayor\u00eda de los inventores amateurs hacemos creaciones por la satisfacci\u00f3n de ayudar\u201d - Noticias Radio Reflejos<\/title>\n<meta name=\"robots\" content=\"index, follow, max-snippet:-1, max-image-preview:large, max-video-preview:-1\" \/>\n<link rel=\"canonical\" href=\"https:\/\/www.noticiasradioreflejos.com.ar\/2021\/la-mayoria-de-los-inventores-amateurs-hacemos-creaciones-por-la-satisfaccion-de-ayudar\/\" \/>\n<meta property=\"og:locale\" content=\"es_ES\" \/>\n<meta property=\"og:type\" content=\"article\" \/>\n<meta property=\"og:title\" content=\"\u201cLa mayor\u00eda de los inventores amateurs hacemos creaciones por la satisfacci\u00f3n de ayudar\u201d - Noticias Radio Reflejos\" \/>\n<meta property=\"og:description\" content=\"Ricardo Di Canto, integrante de la filial Bah\u00eda Blanca de la Asociaci\u00f3n Argentina de Inventores coment\u00f3 durante el espacio de \u00abTiempo Educativo\u00bb, c\u00f3mo es llevar adelante esta organizaci\u00f3n, y desmitific\u00f3 algunas cuestiones. Una entrevista para que se te prenda la lamparita.\" \/>\n<meta property=\"og:url\" content=\"https:\/\/www.noticiasradioreflejos.com.ar\/2021\/la-mayoria-de-los-inventores-amateurs-hacemos-creaciones-por-la-satisfaccion-de-ayudar\/\" \/>\n<meta property=\"og:site_name\" content=\"Noticias Radio Reflejos\" \/>\n<meta property=\"article:published_time\" content=\"2022-09-30T20:14:34+00:00\" \/>\n<meta property=\"article:modified_time\" content=\"2022-09-30T20:15:47+00:00\" \/>\n<meta property=\"og:image\" content=\"https:\/\/live.staticflickr.com\/65535\/52395702489_90ae871a4e_z.jpg\" \/>\n<meta name=\"author\" content=\"Arnaldo Botto\" \/>\n<meta name=\"twitter:card\" content=\"summary_large_image\" \/>\n<script type=\"application\/ld+json\" class=\"yoast-schema-graph\">{\"@context\":\"https:\/\/schema.org\",\"@graph\":[{\"@type\":\"WebPage\",\"@id\":\"https:\/\/www.noticiasradioreflejos.com.ar\/2021\/la-mayoria-de-los-inventores-amateurs-hacemos-creaciones-por-la-satisfaccion-de-ayudar\/\",\"url\":\"https:\/\/www.noticiasradioreflejos.com.ar\/2021\/la-mayoria-de-los-inventores-amateurs-hacemos-creaciones-por-la-satisfaccion-de-ayudar\/\",\"name\":\"\u201cLa mayor\u00eda de los inventores amateurs hacemos creaciones por la satisfacci\u00f3n de ayudar\u201d - Noticias Radio Reflejos\",\"isPartOf\":{\"@id\":\"https:\/\/www.noticiasradioreflejos.com.ar\/2021\/#website\"},\"primaryImageOfPage\":{\"@id\":\"https:\/\/www.noticiasradioreflejos.com.ar\/2021\/la-mayoria-de-los-inventores-amateurs-hacemos-creaciones-por-la-satisfaccion-de-ayudar\/#primaryimage\"},\"image\":{\"@id\":\"https:\/\/www.noticiasradioreflejos.com.ar\/2021\/la-mayoria-de-los-inventores-amateurs-hacemos-creaciones-por-la-satisfaccion-de-ayudar\/#primaryimage\"},\"thumbnailUrl\":\"https:\/\/live.staticflickr.com\/65535\/52395702489_90ae871a4e_z.jpg\",\"datePublished\":\"2022-09-30T20:14:34+00:00\",\"dateModified\":\"2022-09-30T20:15:47+00:00\",\"author\":{\"@id\":\"https:\/\/www.noticiasradioreflejos.com.ar\/2021\/#\/schema\/person\/ad82545263dcc5ec0996818884fd5fb1\"},\"breadcrumb\":{\"@id\":\"https:\/\/www.noticiasradioreflejos.com.ar\/2021\/la-mayoria-de-los-inventores-amateurs-hacemos-creaciones-por-la-satisfaccion-de-ayudar\/#breadcrumb\"},\"inLanguage\":\"es\",\"potentialAction\":[{\"@type\":\"ReadAction\",\"target\":[\"https:\/\/www.noticiasradioreflejos.com.ar\/2021\/la-mayoria-de-los-inventores-amateurs-hacemos-creaciones-por-la-satisfaccion-de-ayudar\/\"]}]},{\"@type\":\"ImageObject\",\"inLanguage\":\"es\",\"@id\":\"https:\/\/www.noticiasradioreflejos.com.ar\/2021\/la-mayoria-de-los-inventores-amateurs-hacemos-creaciones-por-la-satisfaccion-de-ayudar\/#primaryimage\",\"url\":\"https:\/\/live.staticflickr.com\/65535\/52395702489_90ae871a4e_z.jpg\",\"contentUrl\":\"https:\/\/live.staticflickr.com\/65535\/52395702489_90ae871a4e_z.jpg\"},{\"@type\":\"BreadcrumbList\",\"@id\":\"https:\/\/www.noticiasradioreflejos.com.ar\/2021\/la-mayoria-de-los-inventores-amateurs-hacemos-creaciones-por-la-satisfaccion-de-ayudar\/#breadcrumb\",\"itemListElement\":[{\"@type\":\"ListItem\",\"position\":1,\"name\":\"Portada\",\"item\":\"https:\/\/www.noticiasradioreflejos.com.ar\/2021\/\"},{\"@type\":\"ListItem\",\"position\":2,\"name\":\"\u201cLa mayor\u00eda de los inventores amateurs hacemos creaciones por la satisfacci\u00f3n de ayudar\u201d\"}]},{\"@type\":\"WebSite\",\"@id\":\"https:\/\/www.noticiasradioreflejos.com.ar\/2021\/#website\",\"url\":\"https:\/\/www.noticiasradioreflejos.com.ar\/2021\/\",\"name\":\"Noticias Radio Reflejos\",\"description\":\"Las noticias de mi comarca\",\"potentialAction\":[{\"@type\":\"SearchAction\",\"target\":{\"@type\":\"EntryPoint\",\"urlTemplate\":\"https:\/\/www.noticiasradioreflejos.com.ar\/2021\/?s={search_term_string}\"},\"query-input\":{\"@type\":\"PropertyValueSpecification\",\"valueRequired\":true,\"valueName\":\"search_term_string\"}}],\"inLanguage\":\"es\"},{\"@type\":\"Person\",\"@id\":\"https:\/\/www.noticiasradioreflejos.com.ar\/2021\/#\/schema\/person\/ad82545263dcc5ec0996818884fd5fb1\",\"name\":\"Arnaldo Botto\",\"image\":{\"@type\":\"ImageObject\",\"inLanguage\":\"es\",\"@id\":\"https:\/\/www.noticiasradioreflejos.com.ar\/2021\/#\/schema\/person\/image\/\",\"url\":\"https:\/\/secure.gravatar.com\/avatar\/55cb5e37c1efa326397366e6974cb338056df65cb50e7d64d1cf314e87504837?s=96&d=mm&r=g\",\"contentUrl\":\"https:\/\/secure.gravatar.com\/avatar\/55cb5e37c1efa326397366e6974cb338056df65cb50e7d64d1cf314e87504837?s=96&d=mm&r=g\",\"caption\":\"Arnaldo Botto\"},\"url\":\"https:\/\/www.noticiasradioreflejos.com.ar\/2021\/author\/arnaldo\/\"}]}<\/script>\n<!-- \/ Yoast SEO plugin. -->","yoast_head_json":{"title":"\u201cLa mayor\u00eda de los inventores amateurs hacemos creaciones por la satisfacci\u00f3n de ayudar\u201d - Noticias Radio Reflejos","robots":{"index":"index","follow":"follow","max-snippet":"max-snippet:-1","max-image-preview":"max-image-preview:large","max-video-preview":"max-video-preview:-1"},"canonical":"https:\/\/www.noticiasradioreflejos.com.ar\/2021\/la-mayoria-de-los-inventores-amateurs-hacemos-creaciones-por-la-satisfaccion-de-ayudar\/","og_locale":"es_ES","og_type":"article","og_title":"\u201cLa mayor\u00eda de los inventores amateurs hacemos creaciones por la satisfacci\u00f3n de ayudar\u201d - Noticias Radio Reflejos","og_description":"Ricardo Di Canto, integrante de la filial Bah\u00eda Blanca de la Asociaci\u00f3n Argentina de Inventores coment\u00f3 durante el espacio de \u00abTiempo Educativo\u00bb, c\u00f3mo es llevar adelante esta organizaci\u00f3n, y desmitific\u00f3 algunas cuestiones. Una entrevista para que se te prenda la lamparita.","og_url":"https:\/\/www.noticiasradioreflejos.com.ar\/2021\/la-mayoria-de-los-inventores-amateurs-hacemos-creaciones-por-la-satisfaccion-de-ayudar\/","og_site_name":"Noticias Radio Reflejos","article_published_time":"2022-09-30T20:14:34+00:00","article_modified_time":"2022-09-30T20:15:47+00:00","og_image":[{"url":"https:\/\/live.staticflickr.com\/65535\/52395702489_90ae871a4e_z.jpg","type":"","width":"","height":""}],"author":"Arnaldo Botto","twitter_card":"summary_large_image","schema":{"@context":"https:\/\/schema.org","@graph":[{"@type":"WebPage","@id":"https:\/\/www.noticiasradioreflejos.com.ar\/2021\/la-mayoria-de-los-inventores-amateurs-hacemos-creaciones-por-la-satisfaccion-de-ayudar\/","url":"https:\/\/www.noticiasradioreflejos.com.ar\/2021\/la-mayoria-de-los-inventores-amateurs-hacemos-creaciones-por-la-satisfaccion-de-ayudar\/","name":"\u201cLa mayor\u00eda de los inventores amateurs hacemos creaciones por la satisfacci\u00f3n de ayudar\u201d - Noticias Radio Reflejos","isPartOf":{"@id":"https:\/\/www.noticiasradioreflejos.com.ar\/2021\/#website"},"primaryImageOfPage":{"@id":"https:\/\/www.noticiasradioreflejos.com.ar\/2021\/la-mayoria-de-los-inventores-amateurs-hacemos-creaciones-por-la-satisfaccion-de-ayudar\/#primaryimage"},"image":{"@id":"https:\/\/www.noticiasradioreflejos.com.ar\/2021\/la-mayoria-de-los-inventores-amateurs-hacemos-creaciones-por-la-satisfaccion-de-ayudar\/#primaryimage"},"thumbnailUrl":"https:\/\/live.staticflickr.com\/65535\/52395702489_90ae871a4e_z.jpg","datePublished":"2022-09-30T20:14:34+00:00","dateModified":"2022-09-30T20:15:47+00:00","author":{"@id":"https:\/\/www.noticiasradioreflejos.com.ar\/2021\/#\/schema\/person\/ad82545263dcc5ec0996818884fd5fb1"},"breadcrumb":{"@id":"https:\/\/www.noticiasradioreflejos.com.ar\/2021\/la-mayoria-de-los-inventores-amateurs-hacemos-creaciones-por-la-satisfaccion-de-ayudar\/#breadcrumb"},"inLanguage":"es","potentialAction":[{"@type":"ReadAction","target":["https:\/\/www.noticiasradioreflejos.com.ar\/2021\/la-mayoria-de-los-inventores-amateurs-hacemos-creaciones-por-la-satisfaccion-de-ayudar\/"]}]},{"@type":"ImageObject","inLanguage":"es","@id":"https:\/\/www.noticiasradioreflejos.com.ar\/2021\/la-mayoria-de-los-inventores-amateurs-hacemos-creaciones-por-la-satisfaccion-de-ayudar\/#primaryimage","url":"https:\/\/live.staticflickr.com\/65535\/52395702489_90ae871a4e_z.jpg","contentUrl":"https:\/\/live.staticflickr.com\/65535\/52395702489_90ae871a4e_z.jpg"},{"@type":"BreadcrumbList","@id":"https:\/\/www.noticiasradioreflejos.com.ar\/2021\/la-mayoria-de-los-inventores-amateurs-hacemos-creaciones-por-la-satisfaccion-de-ayudar\/#breadcrumb","itemListElement":[{"@type":"ListItem","position":1,"name":"Portada","item":"https:\/\/www.noticiasradioreflejos.com.ar\/2021\/"},{"@type":"ListItem","position":2,"name":"\u201cLa mayor\u00eda de los inventores amateurs hacemos creaciones por la satisfacci\u00f3n de ayudar\u201d"}]},{"@type":"WebSite","@id":"https:\/\/www.noticiasradioreflejos.com.ar\/2021\/#website","url":"https:\/\/www.noticiasradioreflejos.com.ar\/2021\/","name":"Noticias Radio Reflejos","description":"Las noticias de mi comarca","potentialAction":[{"@type":"SearchAction","target":{"@type":"EntryPoint","urlTemplate":"https:\/\/www.noticiasradioreflejos.com.ar\/2021\/?s={search_term_string}"},"query-input":{"@type":"PropertyValueSpecification","valueRequired":true,"valueName":"search_term_string"}}],"inLanguage":"es"},{"@type":"Person","@id":"https:\/\/www.noticiasradioreflejos.com.ar\/2021\/#\/schema\/person\/ad82545263dcc5ec0996818884fd5fb1","name":"Arnaldo Botto","image":{"@type":"ImageObject","inLanguage":"es","@id":"https:\/\/www.noticiasradioreflejos.com.ar\/2021\/#\/schema\/person\/image\/","url":"https:\/\/secure.gravatar.com\/avatar\/55cb5e37c1efa326397366e6974cb338056df65cb50e7d64d1cf314e87504837?s=96&d=mm&r=g","contentUrl":"https:\/\/secure.gravatar.com\/avatar\/55cb5e37c1efa326397366e6974cb338056df65cb50e7d64d1cf314e87504837?s=96&d=mm&r=g","caption":"Arnaldo Botto"},"url":"https:\/\/www.noticiasradioreflejos.com.ar\/2021\/author\/arnaldo\/"}]}},"_links":{"self":[{"href":"https:\/\/www.noticiasradioreflejos.com.ar\/2021\/wp-json\/wp\/v2\/posts\/78306","targetHints":{"allow":["GET"]}}],"collection":[{"href":"https:\/\/www.noticiasradioreflejos.com.ar\/2021\/wp-json\/wp\/v2\/posts"}],"about":[{"href":"https:\/\/www.noticiasradioreflejos.com.ar\/2021\/wp-json\/wp\/v2\/types\/post"}],"author":[{"embeddable":true,"href":"https:\/\/www.noticiasradioreflejos.com.ar\/2021\/wp-json\/wp\/v2\/users\/3"}],"replies":[{"embeddable":true,"href":"https:\/\/www.noticiasradioreflejos.com.ar\/2021\/wp-json\/wp\/v2\/comments?post=78306"}],"version-history":[{"count":3,"href":"https:\/\/www.noticiasradioreflejos.com.ar\/2021\/wp-json\/wp\/v2\/posts\/78306\/revisions"}],"predecessor-version":[{"id":78314,"href":"https:\/\/www.noticiasradioreflejos.com.ar\/2021\/wp-json\/wp\/v2\/posts\/78306\/revisions\/78314"}],"wp:attachment":[{"href":"https:\/\/www.noticiasradioreflejos.com.ar\/2021\/wp-json\/wp\/v2\/media?parent=78306"}],"wp:term":[{"taxonomy":"category","embeddable":true,"href":"https:\/\/www.noticiasradioreflejos.com.ar\/2021\/wp-json\/wp\/v2\/categories?post=78306"},{"taxonomy":"post_tag","embeddable":true,"href":"https:\/\/www.noticiasradioreflejos.com.ar\/2021\/wp-json\/wp\/v2\/tags?post=78306"}],"curies":[{"name":"wp","href":"https:\/\/api.w.org\/{rel}","templated":true}]}}