{"id":78304,"date":"2022-09-30T19:53:14","date_gmt":"2022-09-30T19:53:14","guid":{"rendered":"http:\/\/www.noticiasradioreflejos.com.ar\/2021\/?p=78304"},"modified":"2022-10-01T13:07:48","modified_gmt":"2022-10-01T13:07:48","slug":"desde-este-sabado-el-hospital-de-sierra-tendra-nueva-directora","status":"publish","type":"post","link":"https:\/\/www.noticiasradioreflejos.com.ar\/2021\/desde-este-sabado-el-hospital-de-sierra-tendra-nueva-directora\/","title":{"rendered":"Desde este s\u00e1bado el Hospital de Sierra tendr\u00e1 nueva directora"},"content":{"rendered":"<p>La licenciada Carla Pollio reemplazar\u00e1 a la doctora Lucrecia Dube. \u201cSi bien Lucrecia continuar\u00e1 atendiendo en el hospital, su alejamiento de la direcci\u00f3n responde a cuestiones netamente personales\u201d sostuvo <strong>Noelia Baier, Secretaria de Salud.<\/strong><!--more--><\/p>\n<p><a href=\"http:\/\/www.noticiasradioreflejos.com.ar\/2021\/desde-este-sabado-el-hospital-de-sierra-tendra-nueva-directora\/whatsapp-image-2022-09-30-at-09-27-29\/\" rel=\"attachment wp-att-78308\"><img loading=\"lazy\" decoding=\"async\" class=\"aligncenter size-full wp-image-78308\" src=\"http:\/\/www.noticiasradioreflejos.com.ar\/2021\/wp-content\/uploads\/2022\/09\/WhatsApp-Image-2022-09-30-at-09.27.29.jpeg\" alt=\"\" width=\"1096\" height=\"1280\" \/><\/a><\/p>\n<h5><em><strong>Noelia Baier<\/strong> Secretaria de Salud de Tornquist junto a la nueva Directora del Hospital \u00abEmilio Aldaya\u00bb, <strong>Lic. Carla Pollio<\/strong><\/em><\/h5>\n<p>&nbsp;<\/p>\n<p>Nuevamente el Hospital de Sierra de la Ventana ver\u00e1 cambios en su direcci\u00f3n. Desde este s\u00e1bado la Licenciada en Enfermer\u00eda, Carla Pollio, reemplazar\u00e1 a la Doctora Lucrecia Dube, la cual de igual manera seguir\u00e1 trabajando en el nosocomio.<\/p>\n<p>As\u00ed lo confirm\u00f3 la<strong> Secretaria de Salud, Noelia Baier<\/strong>, la cual asegur\u00f3 que esta salida es por motivos \u201cestrictamente personales. Los viene manifestando desde agosto. Lo entiendo. Son puestos muy demandantes y es muy dif\u00edcil a veces encontrar el equilibrio. Uno tiene familia, es madre, esposa, hija\u2026 lograr el equilibrio entre todas esas demandas es muy dif\u00edcil. Valoro la honestidad de Lucrecia al exponerlo, y tambi\u00e9n para lo que conlleva en una profesional como ella\u201d.<\/p>\n<p>&nbsp;<\/p>\n<p><a href=\"http:\/\/www.noticiasradioreflejos.com.ar\/2021\/la-unidad-sanitaria-de-sierra-de-la-ventana-fue-recategorizada-como-hospital-y-recibio-una-importante-donacion\/hospital-menor-e-aldaya-8\/\" rel=\"attachment wp-att-59305\"><img loading=\"lazy\" decoding=\"async\" class=\"aligncenter size-full wp-image-59305\" src=\"http:\/\/www.noticiasradioreflejos.com.ar\/2021\/wp-content\/uploads\/2021\/06\/Hospital-menor-E.-Aldaya-8.jpeg\" alt=\"\" width=\"1160\" height=\"653\" srcset=\"https:\/\/www.noticiasradioreflejos.com.ar\/2021\/wp-content\/uploads\/2021\/06\/Hospital-menor-E.-Aldaya-8.jpeg 1160w, https:\/\/www.noticiasradioreflejos.com.ar\/2021\/wp-content\/uploads\/2021\/06\/Hospital-menor-E.-Aldaya-8-300x169.jpeg 300w, https:\/\/www.noticiasradioreflejos.com.ar\/2021\/wp-content\/uploads\/2021\/06\/Hospital-menor-E.-Aldaya-8-1024x576.jpeg 1024w, https:\/\/www.noticiasradioreflejos.com.ar\/2021\/wp-content\/uploads\/2021\/06\/Hospital-menor-E.-Aldaya-8-768x432.jpeg 768w, https:\/\/www.noticiasradioreflejos.com.ar\/2021\/wp-content\/uploads\/2021\/06\/Hospital-menor-E.-Aldaya-8-750x422.jpeg 750w, https:\/\/www.noticiasradioreflejos.com.ar\/2021\/wp-content\/uploads\/2021\/06\/Hospital-menor-E.-Aldaya-8-1140x642.jpeg 1140w\" sizes=\"auto, (max-width: 1160px) 100vw, 1160px\" \/><\/a><\/p>\n<p>De igual forma remarc\u00f3 que \u201cella seguir\u00e1 siendo m\u00e9dica como hasta ahora, pero con una mayor presencia porque incluso estar\u00e1 en guardias. Es una demanda muy importante la que exige salud, una direcci\u00f3n ni hablar. M\u00e1s que l\u00f3gico el planteo que hizo y repito que lo valoro much\u00edsimo\u201d.<\/p>\n<p>Sobre la entrante Carla Pollio, la cual viene desempe\u00f1\u00e1ndose en la instituci\u00f3n, asegur\u00f3 que \u201cla capacitaci\u00f3n que tiene una enfermera es acorde a su puesto. Son tres o cuatro a\u00f1os de cursada, de teor\u00eda y de pr\u00e1ctica. Carla tiene 20 a\u00f1os de profesi\u00f3n. A veces que el m\u00e9dico sea director, es una situaci\u00f3n compleja, ya que cuando hay guardias descubiertas, el director, por ser el responsable, debe cubrirlas. Eso ayuda al desgaste del director. Termina con una funci\u00f3n desdibujada. Al hacer guardias le quita tiempo de gesti\u00f3n\u201d.<\/p>\n<p>En otro pasaje de la charla, Baier dej\u00f3 en claro que \u201clo importante es que m\u00e1s all\u00e1 de que los directores pasen, hay una pol\u00edtica de salud definida por el intendente, que es el mismo hace siete a\u00f1os, y esa pol\u00edtica se viene manteniendo independientemente de qui\u00e9n est\u00e9. El director va a poner su impronta, pero los objetivos de salud son los que plantea el intendente, los que la Secretar\u00eda de Salud toma y redirigimos a cada una de las salas sanitarias y hospitales\u201d.<\/p>\n<p>Por \u00faltimo reconoci\u00f3 que \u201cla oferta de profesionales es mucho menor a la demanda que tiene la gente. La realidad es que son muy pocos los que quieren venir. De igual forma estamos muy bien posicionados, al punto tal que vecinos de distritos vecinos quieren venir a atenderse ac\u00e1. En Bah\u00eda Blanca hay s\u00f3lo 7 hemat\u00f3logos, y en el resto de la zona hay s\u00f3lo 2 y uno est\u00e1 ac\u00e1 en Tornquist\u201d.<\/p>\n<h3>La palabra de Carla Pollio<\/h3>\n<p>A modo de introducci\u00f3n de cara a lo que se viene, la profesional de la salud asegur\u00f3 que \u201cayer estuvimos reunidos con todo el equipo de salud. Lo que se est\u00e1 viendo es la necesidad de ver la posibilidad de incorporar m\u00e1s m\u00e9dicos. No son tantas horas de guardia por cubrir. Esta semana se estar\u00eda normalizando la situaci\u00f3n\u201d.<\/p>\n<p>Al mismo tiempo que confirm\u00f3 que \u201ctraumatolog\u00eda y psiquiatr\u00eda, son las dos especialidades que se comienzan a gestionar y prontamente se ver\u00e1n en el Hospital de Sierra de la Ventana. Al mismo tiempo este a\u00f1o se recibir\u00e1n unos 20 chicos de la carrera de enfermer\u00eda, por lo que la comarca se nutrir\u00e1 con nuevos profesionales. Y ya en 2023 se abrir\u00e1 la especializaci\u00f3n de cuidados cr\u00edticos\u201d.<\/p>\n<p>&nbsp;<\/p>\n<p><iframe loading=\"lazy\" src=\"https:\/\/w.soundcloud.com\/player\/?url=https%3A\/\/api.soundcloud.com\/tracks\/1354266799&amp;color=%23ff5500&amp;auto_play=false&amp;hide_related=false&amp;show_comments=true&amp;show_user=true&amp;show_reposts=false&amp;show_teaser=true\" width=\"100%\" height=\"166\" frameborder=\"no\" scrolling=\"no\"><\/iframe><\/p>\n<div style=\"font-size: 10px; color: #cccccc; line-break: anywhere; word-break: normal; overflow: hidden; white-space: nowrap; text-overflow: ellipsis; font-family: Interstate,Lucida Grande,Lucida Sans Unicode,Lucida Sans,Garuda,Verdana,Tahoma,sans-serif; font-weight: 100;\"><a style=\"color: #cccccc; text-decoration: none;\" title=\"fmreflejos 103.7\" href=\"https:\/\/soundcloud.com\/fmreflejos-103-7\" target=\"_blank\" rel=\"noopener\">fmreflejos 103.7<\/a> \u00b7 <a style=\"color: #cccccc; text-decoration: none;\" title=\"Noelia Baier - Carla Polio\" href=\"https:\/\/soundcloud.com\/fmreflejos-103-7\/noelia-baier-carla-polio\" target=\"_blank\" rel=\"noopener\">Noelia Baier &#8211; Carla Polio<\/a><\/div>\n","protected":false},"excerpt":{"rendered":"<p>La licenciada Carla Pollio reemplazar\u00e1 a la doctora Lucrecia Dube. \u201cSi bien Lucrecia continuar\u00e1 atendiendo en el hospital, su alejamiento de la direcci\u00f3n responde a cuestiones netamente personales\u201d sostuvo Noelia Baier, Secretaria de Salud.<\/p>\n","protected":false},"author":3,"featured_media":59334,"comment_status":"closed","ping_status":"closed","sticky":false,"template":"","format":"standard","meta":{"footnotes":""},"categories":[28,30],"tags":[48],"class_list":["post-78304","post","type-post","status-publish","format-standard","has-post-thumbnail","hentry","category-municipales","category-salud","tag-destacada"],"yoast_head":"<!-- This site is optimized with the Yoast SEO plugin v25.9 - https:\/\/yoast.com\/wordpress\/plugins\/seo\/ -->\n<title>Desde este s\u00e1bado el Hospital de Sierra tendr\u00e1 nueva directora - Noticias Radio Reflejos<\/title>\n<meta name=\"robots\" content=\"index, follow, max-snippet:-1, max-image-preview:large, max-video-preview:-1\" \/>\n<link rel=\"canonical\" href=\"https:\/\/www.noticiasradioreflejos.com.ar\/2021\/desde-este-sabado-el-hospital-de-sierra-tendra-nueva-directora\/\" \/>\n<meta property=\"og:locale\" content=\"es_ES\" \/>\n<meta property=\"og:type\" content=\"article\" \/>\n<meta property=\"og:title\" content=\"Desde este s\u00e1bado el Hospital de Sierra tendr\u00e1 nueva directora - Noticias Radio Reflejos\" \/>\n<meta property=\"og:description\" content=\"La licenciada Carla Pollio reemplazar\u00e1 a la doctora Lucrecia Dube. \u201cSi bien Lucrecia continuar\u00e1 atendiendo en el hospital, su alejamiento de la direcci\u00f3n responde a cuestiones netamente personales\u201d sostuvo Noelia Baier, Secretaria de Salud.\" \/>\n<meta property=\"og:url\" content=\"https:\/\/www.noticiasradioreflejos.com.ar\/2021\/desde-este-sabado-el-hospital-de-sierra-tendra-nueva-directora\/\" \/>\n<meta property=\"og:site_name\" content=\"Noticias Radio Reflejos\" \/>\n<meta property=\"article:published_time\" content=\"2022-09-30T19:53:14+00:00\" \/>\n<meta property=\"article:modified_time\" content=\"2022-10-01T13:07:48+00:00\" \/>\n<meta property=\"og:image\" content=\"https:\/\/www.noticiasradioreflejos.com.ar\/2021\/wp-content\/uploads\/2021\/06\/Hospital-menor-E.-Aldaya-10.jpeg\" \/>\n\t<meta property=\"og:image:width\" content=\"1160\" \/>\n\t<meta property=\"og:image:height\" content=\"653\" \/>\n\t<meta property=\"og:image:type\" content=\"image\/jpeg\" \/>\n<meta name=\"author\" content=\"Arnaldo Botto\" \/>\n<meta name=\"twitter:card\" content=\"summary_large_image\" \/>\n<script type=\"application\/ld+json\" class=\"yoast-schema-graph\">{\"@context\":\"https:\/\/schema.org\",\"@graph\":[{\"@type\":\"WebPage\",\"@id\":\"https:\/\/www.noticiasradioreflejos.com.ar\/2021\/desde-este-sabado-el-hospital-de-sierra-tendra-nueva-directora\/\",\"url\":\"https:\/\/www.noticiasradioreflejos.com.ar\/2021\/desde-este-sabado-el-hospital-de-sierra-tendra-nueva-directora\/\",\"name\":\"Desde este s\u00e1bado el Hospital de Sierra tendr\u00e1 nueva directora - Noticias Radio Reflejos\",\"isPartOf\":{\"@id\":\"https:\/\/www.noticiasradioreflejos.com.ar\/2021\/#website\"},\"primaryImageOfPage\":{\"@id\":\"https:\/\/www.noticiasradioreflejos.com.ar\/2021\/desde-este-sabado-el-hospital-de-sierra-tendra-nueva-directora\/#primaryimage\"},\"image\":{\"@id\":\"https:\/\/www.noticiasradioreflejos.com.ar\/2021\/desde-este-sabado-el-hospital-de-sierra-tendra-nueva-directora\/#primaryimage\"},\"thumbnailUrl\":\"https:\/\/www.noticiasradioreflejos.com.ar\/2021\/wp-content\/uploads\/2021\/06\/Hospital-menor-E.-Aldaya-10.jpeg\",\"datePublished\":\"2022-09-30T19:53:14+00:00\",\"dateModified\":\"2022-10-01T13:07:48+00:00\",\"author\":{\"@id\":\"https:\/\/www.noticiasradioreflejos.com.ar\/2021\/#\/schema\/person\/ad82545263dcc5ec0996818884fd5fb1\"},\"breadcrumb\":{\"@id\":\"https:\/\/www.noticiasradioreflejos.com.ar\/2021\/desde-este-sabado-el-hospital-de-sierra-tendra-nueva-directora\/#breadcrumb\"},\"inLanguage\":\"es\",\"potentialAction\":[{\"@type\":\"ReadAction\",\"target\":[\"https:\/\/www.noticiasradioreflejos.com.ar\/2021\/desde-este-sabado-el-hospital-de-sierra-tendra-nueva-directora\/\"]}]},{\"@type\":\"ImageObject\",\"inLanguage\":\"es\",\"@id\":\"https:\/\/www.noticiasradioreflejos.com.ar\/2021\/desde-este-sabado-el-hospital-de-sierra-tendra-nueva-directora\/#primaryimage\",\"url\":\"https:\/\/www.noticiasradioreflejos.com.ar\/2021\/wp-content\/uploads\/2021\/06\/Hospital-menor-E.-Aldaya-10.jpeg\",\"contentUrl\":\"https:\/\/www.noticiasradioreflejos.com.ar\/2021\/wp-content\/uploads\/2021\/06\/Hospital-menor-E.-Aldaya-10.jpeg\",\"width\":1160,\"height\":653},{\"@type\":\"BreadcrumbList\",\"@id\":\"https:\/\/www.noticiasradioreflejos.com.ar\/2021\/desde-este-sabado-el-hospital-de-sierra-tendra-nueva-directora\/#breadcrumb\",\"itemListElement\":[{\"@type\":\"ListItem\",\"position\":1,\"name\":\"Portada\",\"item\":\"https:\/\/www.noticiasradioreflejos.com.ar\/2021\/\"},{\"@type\":\"ListItem\",\"position\":2,\"name\":\"Desde este s\u00e1bado el Hospital de Sierra tendr\u00e1 nueva directora\"}]},{\"@type\":\"WebSite\",\"@id\":\"https:\/\/www.noticiasradioreflejos.com.ar\/2021\/#website\",\"url\":\"https:\/\/www.noticiasradioreflejos.com.ar\/2021\/\",\"name\":\"Noticias Radio Reflejos\",\"description\":\"Las noticias de mi comarca\",\"potentialAction\":[{\"@type\":\"SearchAction\",\"target\":{\"@type\":\"EntryPoint\",\"urlTemplate\":\"https:\/\/www.noticiasradioreflejos.com.ar\/2021\/?s={search_term_string}\"},\"query-input\":{\"@type\":\"PropertyValueSpecification\",\"valueRequired\":true,\"valueName\":\"search_term_string\"}}],\"inLanguage\":\"es\"},{\"@type\":\"Person\",\"@id\":\"https:\/\/www.noticiasradioreflejos.com.ar\/2021\/#\/schema\/person\/ad82545263dcc5ec0996818884fd5fb1\",\"name\":\"Arnaldo Botto\",\"image\":{\"@type\":\"ImageObject\",\"inLanguage\":\"es\",\"@id\":\"https:\/\/www.noticiasradioreflejos.com.ar\/2021\/#\/schema\/person\/image\/\",\"url\":\"https:\/\/secure.gravatar.com\/avatar\/55cb5e37c1efa326397366e6974cb338056df65cb50e7d64d1cf314e87504837?s=96&d=mm&r=g\",\"contentUrl\":\"https:\/\/secure.gravatar.com\/avatar\/55cb5e37c1efa326397366e6974cb338056df65cb50e7d64d1cf314e87504837?s=96&d=mm&r=g\",\"caption\":\"Arnaldo Botto\"},\"url\":\"https:\/\/www.noticiasradioreflejos.com.ar\/2021\/author\/arnaldo\/\"}]}<\/script>\n<!-- \/ Yoast SEO plugin. -->","yoast_head_json":{"title":"Desde este s\u00e1bado el Hospital de Sierra tendr\u00e1 nueva directora - Noticias Radio Reflejos","robots":{"index":"index","follow":"follow","max-snippet":"max-snippet:-1","max-image-preview":"max-image-preview:large","max-video-preview":"max-video-preview:-1"},"canonical":"https:\/\/www.noticiasradioreflejos.com.ar\/2021\/desde-este-sabado-el-hospital-de-sierra-tendra-nueva-directora\/","og_locale":"es_ES","og_type":"article","og_title":"Desde este s\u00e1bado el Hospital de Sierra tendr\u00e1 nueva directora - Noticias Radio Reflejos","og_description":"La licenciada Carla Pollio reemplazar\u00e1 a la doctora Lucrecia Dube. \u201cSi bien Lucrecia continuar\u00e1 atendiendo en el hospital, su alejamiento de la direcci\u00f3n responde a cuestiones netamente personales\u201d sostuvo Noelia Baier, Secretaria de Salud.","og_url":"https:\/\/www.noticiasradioreflejos.com.ar\/2021\/desde-este-sabado-el-hospital-de-sierra-tendra-nueva-directora\/","og_site_name":"Noticias Radio Reflejos","article_published_time":"2022-09-30T19:53:14+00:00","article_modified_time":"2022-10-01T13:07:48+00:00","og_image":[{"width":1160,"height":653,"url":"https:\/\/www.noticiasradioreflejos.com.ar\/2021\/wp-content\/uploads\/2021\/06\/Hospital-menor-E.-Aldaya-10.jpeg","type":"image\/jpeg"}],"author":"Arnaldo Botto","twitter_card":"summary_large_image","schema":{"@context":"https:\/\/schema.org","@graph":[{"@type":"WebPage","@id":"https:\/\/www.noticiasradioreflejos.com.ar\/2021\/desde-este-sabado-el-hospital-de-sierra-tendra-nueva-directora\/","url":"https:\/\/www.noticiasradioreflejos.com.ar\/2021\/desde-este-sabado-el-hospital-de-sierra-tendra-nueva-directora\/","name":"Desde este s\u00e1bado el Hospital de Sierra tendr\u00e1 nueva directora - Noticias Radio Reflejos","isPartOf":{"@id":"https:\/\/www.noticiasradioreflejos.com.ar\/2021\/#website"},"primaryImageOfPage":{"@id":"https:\/\/www.noticiasradioreflejos.com.ar\/2021\/desde-este-sabado-el-hospital-de-sierra-tendra-nueva-directora\/#primaryimage"},"image":{"@id":"https:\/\/www.noticiasradioreflejos.com.ar\/2021\/desde-este-sabado-el-hospital-de-sierra-tendra-nueva-directora\/#primaryimage"},"thumbnailUrl":"https:\/\/www.noticiasradioreflejos.com.ar\/2021\/wp-content\/uploads\/2021\/06\/Hospital-menor-E.-Aldaya-10.jpeg","datePublished":"2022-09-30T19:53:14+00:00","dateModified":"2022-10-01T13:07:48+00:00","author":{"@id":"https:\/\/www.noticiasradioreflejos.com.ar\/2021\/#\/schema\/person\/ad82545263dcc5ec0996818884fd5fb1"},"breadcrumb":{"@id":"https:\/\/www.noticiasradioreflejos.com.ar\/2021\/desde-este-sabado-el-hospital-de-sierra-tendra-nueva-directora\/#breadcrumb"},"inLanguage":"es","potentialAction":[{"@type":"ReadAction","target":["https:\/\/www.noticiasradioreflejos.com.ar\/2021\/desde-este-sabado-el-hospital-de-sierra-tendra-nueva-directora\/"]}]},{"@type":"ImageObject","inLanguage":"es","@id":"https:\/\/www.noticiasradioreflejos.com.ar\/2021\/desde-este-sabado-el-hospital-de-sierra-tendra-nueva-directora\/#primaryimage","url":"https:\/\/www.noticiasradioreflejos.com.ar\/2021\/wp-content\/uploads\/2021\/06\/Hospital-menor-E.-Aldaya-10.jpeg","contentUrl":"https:\/\/www.noticiasradioreflejos.com.ar\/2021\/wp-content\/uploads\/2021\/06\/Hospital-menor-E.-Aldaya-10.jpeg","width":1160,"height":653},{"@type":"BreadcrumbList","@id":"https:\/\/www.noticiasradioreflejos.com.ar\/2021\/desde-este-sabado-el-hospital-de-sierra-tendra-nueva-directora\/#breadcrumb","itemListElement":[{"@type":"ListItem","position":1,"name":"Portada","item":"https:\/\/www.noticiasradioreflejos.com.ar\/2021\/"},{"@type":"ListItem","position":2,"name":"Desde este s\u00e1bado el Hospital de Sierra tendr\u00e1 nueva directora"}]},{"@type":"WebSite","@id":"https:\/\/www.noticiasradioreflejos.com.ar\/2021\/#website","url":"https:\/\/www.noticiasradioreflejos.com.ar\/2021\/","name":"Noticias Radio Reflejos","description":"Las noticias de mi comarca","potentialAction":[{"@type":"SearchAction","target":{"@type":"EntryPoint","urlTemplate":"https:\/\/www.noticiasradioreflejos.com.ar\/2021\/?s={search_term_string}"},"query-input":{"@type":"PropertyValueSpecification","valueRequired":true,"valueName":"search_term_string"}}],"inLanguage":"es"},{"@type":"Person","@id":"https:\/\/www.noticiasradioreflejos.com.ar\/2021\/#\/schema\/person\/ad82545263dcc5ec0996818884fd5fb1","name":"Arnaldo Botto","image":{"@type":"ImageObject","inLanguage":"es","@id":"https:\/\/www.noticiasradioreflejos.com.ar\/2021\/#\/schema\/person\/image\/","url":"https:\/\/secure.gravatar.com\/avatar\/55cb5e37c1efa326397366e6974cb338056df65cb50e7d64d1cf314e87504837?s=96&d=mm&r=g","contentUrl":"https:\/\/secure.gravatar.com\/avatar\/55cb5e37c1efa326397366e6974cb338056df65cb50e7d64d1cf314e87504837?s=96&d=mm&r=g","caption":"Arnaldo Botto"},"url":"https:\/\/www.noticiasradioreflejos.com.ar\/2021\/author\/arnaldo\/"}]}},"_links":{"self":[{"href":"https:\/\/www.noticiasradioreflejos.com.ar\/2021\/wp-json\/wp\/v2\/posts\/78304","targetHints":{"allow":["GET"]}}],"collection":[{"href":"https:\/\/www.noticiasradioreflejos.com.ar\/2021\/wp-json\/wp\/v2\/posts"}],"about":[{"href":"https:\/\/www.noticiasradioreflejos.com.ar\/2021\/wp-json\/wp\/v2\/types\/post"}],"author":[{"embeddable":true,"href":"https:\/\/www.noticiasradioreflejos.com.ar\/2021\/wp-json\/wp\/v2\/users\/3"}],"replies":[{"embeddable":true,"href":"https:\/\/www.noticiasradioreflejos.com.ar\/2021\/wp-json\/wp\/v2\/comments?post=78304"}],"version-history":[{"count":5,"href":"https:\/\/www.noticiasradioreflejos.com.ar\/2021\/wp-json\/wp\/v2\/posts\/78304\/revisions"}],"predecessor-version":[{"id":78321,"href":"https:\/\/www.noticiasradioreflejos.com.ar\/2021\/wp-json\/wp\/v2\/posts\/78304\/revisions\/78321"}],"wp:featuredmedia":[{"embeddable":true,"href":"https:\/\/www.noticiasradioreflejos.com.ar\/2021\/wp-json\/wp\/v2\/media\/59334"}],"wp:attachment":[{"href":"https:\/\/www.noticiasradioreflejos.com.ar\/2021\/wp-json\/wp\/v2\/media?parent=78304"}],"wp:term":[{"taxonomy":"category","embeddable":true,"href":"https:\/\/www.noticiasradioreflejos.com.ar\/2021\/wp-json\/wp\/v2\/categories?post=78304"},{"taxonomy":"post_tag","embeddable":true,"href":"https:\/\/www.noticiasradioreflejos.com.ar\/2021\/wp-json\/wp\/v2\/tags?post=78304"}],"curies":[{"name":"wp","href":"https:\/\/api.w.org\/{rel}","templated":true}]}}