{"id":78203,"date":"2022-09-28T10:29:41","date_gmt":"2022-09-28T10:29:41","guid":{"rendered":"http:\/\/www.noticiasradioreflejos.com.ar\/2021\/?p=78203"},"modified":"2022-09-28T10:29:41","modified_gmt":"2022-09-28T10:29:41","slug":"se-conmemora-el-dia-mundial-contra-la-rabia-con-el-foco-puesto-en-su-erradicacion-hacia-2030","status":"publish","type":"post","link":"https:\/\/www.noticiasradioreflejos.com.ar\/2021\/se-conmemora-el-dia-mundial-contra-la-rabia-con-el-foco-puesto-en-su-erradicacion-hacia-2030\/","title":{"rendered":"Se conmemora el D\u00eda Mundial contra la Rabia con el foco puesto en su erradicaci\u00f3n hacia 2030"},"content":{"rendered":"<blockquote><p>\u00abRabia: una salud, cero muertes\u00bb es el lema bajo el cual se recuerda a esta enfermedad que en Argentina registra un promedio de 31 casos anuales en perros y que en humanos registr\u00f3 un caso mortal el a\u00f1o pasado.<!--more--><\/p><\/blockquote>\n<p>\u00abRabia: una salud, cero muertes\u00bb es el lema bajo el cual se conmemorar\u00e1 este mi\u00e9rcoles el D\u00eda Mundial de esta enfermedad que en Argentina registra un promedio de 31 casos anuales en perros y que en humanos registr\u00f3 un caso mortal el a\u00f1o pasado, tras 13 a\u00f1os de nula incidencia, situaci\u00f3n que coloca al pa\u00eds \u00abmuy cerca de la validaci\u00f3n y la certificaci\u00f3n de la eliminaci\u00f3n de la rabia transmitida por perro\u00bb.<\/p>\n<p>\u00abEl tema de este a\u00f1o destaca la necesidad de implementar un abordaje mediante la<strong>\u00a0cooperaci\u00f3n a escala intersectorial y multidisciplinar,\u00a0<\/strong>que requiere el<strong>\u00a0aporte, intervenci\u00f3n y colaboraci\u00f3n de equipos profesionales de los sectores de la salud humana, animal y ambiental\u00bb<\/strong>, dijo la OMS, que propone terminar con las muertes por rabia a nivel mundial en el 2030.<\/p>\n<p>La rabia es una\u00a0<strong>enfermedad viral que afecta al sistema nervioso de los mam\u00edferos<\/strong>, incluyendo a los seres humanos, presentando en la\u00a0<strong>mayor\u00eda de los casos un desenlace fatal.<\/strong><\/p>\n<p>No obstante, es tambi\u00e9n una\u00a0<strong>dolencia prevenible a trav\u00e9s de la vacunaci\u00f3n<\/strong>, tanto en animales como en humanos.<\/p>\n<p>En el continente americano \u00abcerca de 100 millones de perros son vacunados anualmente en campa\u00f1as de vacunaci\u00f3n\u00bb, medida que \u00abconstituye la principal acci\u00f3n para la prevenci\u00f3n de la rabia en los perros\u00bb.<\/p>\n<p>Por eso el organismo recomienda \u00ab<strong>mantener una cobertura de vacunaci\u00f3n del 80% de la poblaci\u00f3n canina<\/strong>\u00a0como estrategia para reducir la circulaci\u00f3n del virus en los hospederos susceptibles y prevenir casos de rabia humana transmitida por el perro\u00bb.<\/p>\n<h2 class=\"\">La situaci\u00f3n en la Argentina y en el mundo<\/h2>\n<p>En Argentina, el \u00faltimo caso de rabia humana se report\u00f3 en el mes de\u00a0<strong>abril del a\u00f1o pasado:<\/strong>\u00a0Se trat\u00f3 de una mujer de 33 a\u00f1os que fue mordida por un gato callejero en la localidad bonaerense de Coronel Su\u00e1rez, que estaba infectado con la variante murci\u00e9lago.\u00a0<strong>El antecedente<\/strong>\u00a0m\u00e1s pr\u00f3ximo a este \u00faltimo caso hay que buscarlo en\u00a0<strong>2008<\/strong>, cuando un caso de rabia humana se hab\u00eda registrado en Jujuy por variante canina.<\/p>\n<p>Entre los a\u00f1os<strong>\u00a02013 y 2020 se registraron en el pa\u00eds 31 casos de rabia en perros<\/strong>\u00a0(variante canina 1 y 2, y variante murci\u00e9lago) y\u00a0<strong>12 casos en gatos<\/strong>\u00a0(variante murci\u00e9lago).<\/p>\n<p>El Ministerio de Salud present\u00f3 en octubre del a\u00f1o pasado el\u00a0<strong>Plan Nacional de Prevenci\u00f3n y Eliminaci\u00f3n de la Rabia Humana<\/strong>\u00a0en el marco del cual la asesora en Epidemiolog\u00eda y Enfermedades Transmisibles de la Organizaci\u00f3n Panamericana de la Salud en Argentina, Tamara Mancero, asegur\u00f3 que Argentina \u00abest\u00e1 muy cerca de la validaci\u00f3n y la certificaci\u00f3n de la eliminaci\u00f3n de la rabia transmitida por perro\u00bb.<\/p>\n<p><strong>En el mundo,\u00a0<\/strong>la enfermedad es responsable por cerca de 60.000 muertes humanas anualmente y en la gran mayor\u00eda de los casos humanos, el perro es la fuente de transmisi\u00f3n.<\/p>\n<p><strong>Las Am\u00e9ricas<\/strong>\u00a0lograron reducir 98% la incidencia de la rabia humana transmitida por perros entre 1983 y 2020, pasando de 300 a dos casos anuales. Sin embargo, en los \u00faltimos a\u00f1os, la rabia en humanos transmitida por animales silvestres adquiere mayor importancia, siendo el murci\u00e9lago hemat\u00f3fago el principal transmisor.<\/p>\n<h2 class=\"\">Transmisi\u00f3n, tratamiento y prevenci\u00f3n<\/h2>\n<p>El virus presente en el animal infectado se puede transmitir a trav\u00e9s de la herida causada por una mordedura, o bien cuando el animal lame una parte del cuerpo de la persona lastimada recientemente.<\/p>\n<p><strong>Los principales s\u00edntomas son:<\/strong>\u00a0fiebre, inquietud, dificultad para tragar, dolor de cabeza y sensaci\u00f3n de hormigueo en el sitio de mordedura o lamedura, d\u00edas despu\u00e9s del ataque de un animal infectado con el virus.<\/p>\n<p>En los perros y gatos los s\u00edntomas incluyen cambios de comportamiento, agresividad, salivaci\u00f3n excesiva, imposibilidad de tragar o de beber, pupilas dilatadas, convulsiones, par\u00e1lisis y muerte.<\/p>\n<p>Los murci\u00e9lagos con rabia tambi\u00e9n tienen cambios en el comportamiento, a menudo pueden verse de d\u00eda y estar ca\u00eddos.<\/p>\n<p><strong>En cuando a las medidas de prevenci\u00f3n<\/strong>, la principal es la vacunaci\u00f3n de gatos y perros una vez al a\u00f1o desde los 3 meses de edad y durante toda su vida<\/p>\n<p>Por otro lado, en caso de sufrir una mordedura de un animal, lavar la herida con abundante agua y jab\u00f3n, no colocar alcohol ni otro desinfectante, y concurrir r\u00e1pidamente al centro de salud m\u00e1s cercano para ser evaluado por un m\u00e9dico.<\/p>\n<p>Cuando est\u00e9 indicado, debe aplicarse la vacuna antirr\u00e1bica humana lo m\u00e1s inmediatamente posible despu\u00e9s de ocurrida la exposici\u00f3n.<\/p>\n","protected":false},"excerpt":{"rendered":"<p>\u00abRabia: una salud, cero muertes\u00bb es el lema bajo el cual se recuerda a esta enfermedad que en Argentina registra un promedio de 31 casos anuales en perros y que en humanos registr\u00f3 un caso mortal el a\u00f1o pasado.<\/p>\n","protected":false},"author":3,"featured_media":0,"comment_status":"closed","ping_status":"closed","sticky":false,"template":"","format":"standard","meta":{"footnotes":""},"categories":[30,26],"tags":[],"class_list":["post-78203","post","type-post","status-publish","format-standard","hentry","category-salud","category-sociedad"],"yoast_head":"<!-- This site is optimized with the Yoast SEO plugin v25.9 - https:\/\/yoast.com\/wordpress\/plugins\/seo\/ -->\n<title>Se conmemora el D\u00eda Mundial contra la Rabia con el foco puesto en su erradicaci\u00f3n hacia 2030 - Noticias Radio Reflejos<\/title>\n<meta name=\"robots\" content=\"index, follow, max-snippet:-1, max-image-preview:large, max-video-preview:-1\" \/>\n<link rel=\"canonical\" href=\"https:\/\/www.noticiasradioreflejos.com.ar\/2021\/se-conmemora-el-dia-mundial-contra-la-rabia-con-el-foco-puesto-en-su-erradicacion-hacia-2030\/\" \/>\n<meta property=\"og:locale\" content=\"es_ES\" \/>\n<meta property=\"og:type\" content=\"article\" \/>\n<meta property=\"og:title\" content=\"Se conmemora el D\u00eda Mundial contra la Rabia con el foco puesto en su erradicaci\u00f3n hacia 2030 - Noticias Radio Reflejos\" \/>\n<meta property=\"og:description\" content=\"\u00abRabia: una salud, cero muertes\u00bb es el lema bajo el cual se recuerda a esta enfermedad que en Argentina registra un promedio de 31 casos anuales en perros y que en humanos registr\u00f3 un caso mortal el a\u00f1o pasado.\" \/>\n<meta property=\"og:url\" content=\"https:\/\/www.noticiasradioreflejos.com.ar\/2021\/se-conmemora-el-dia-mundial-contra-la-rabia-con-el-foco-puesto-en-su-erradicacion-hacia-2030\/\" \/>\n<meta property=\"og:site_name\" content=\"Noticias Radio Reflejos\" \/>\n<meta property=\"article:published_time\" content=\"2022-09-28T10:29:41+00:00\" \/>\n<meta property=\"og:image\" content=\"https:\/\/www.noticiasradioreflejos.com.ar\/2021\/wp-content\/uploads\/2021\/07\/logosol300x200.png\" \/>\n\t<meta property=\"og:image:width\" content=\"300\" \/>\n\t<meta property=\"og:image:height\" content=\"200\" \/>\n\t<meta property=\"og:image:type\" content=\"image\/png\" \/>\n<meta name=\"author\" content=\"Arnaldo Botto\" \/>\n<meta name=\"twitter:card\" content=\"summary_large_image\" \/>\n<script type=\"application\/ld+json\" class=\"yoast-schema-graph\">{\"@context\":\"https:\/\/schema.org\",\"@graph\":[{\"@type\":\"WebPage\",\"@id\":\"https:\/\/www.noticiasradioreflejos.com.ar\/2021\/se-conmemora-el-dia-mundial-contra-la-rabia-con-el-foco-puesto-en-su-erradicacion-hacia-2030\/\",\"url\":\"https:\/\/www.noticiasradioreflejos.com.ar\/2021\/se-conmemora-el-dia-mundial-contra-la-rabia-con-el-foco-puesto-en-su-erradicacion-hacia-2030\/\",\"name\":\"Se conmemora el D\u00eda Mundial contra la Rabia con el foco puesto en su erradicaci\u00f3n hacia 2030 - Noticias Radio Reflejos\",\"isPartOf\":{\"@id\":\"https:\/\/www.noticiasradioreflejos.com.ar\/2021\/#website\"},\"datePublished\":\"2022-09-28T10:29:41+00:00\",\"author\":{\"@id\":\"https:\/\/www.noticiasradioreflejos.com.ar\/2021\/#\/schema\/person\/ad82545263dcc5ec0996818884fd5fb1\"},\"breadcrumb\":{\"@id\":\"https:\/\/www.noticiasradioreflejos.com.ar\/2021\/se-conmemora-el-dia-mundial-contra-la-rabia-con-el-foco-puesto-en-su-erradicacion-hacia-2030\/#breadcrumb\"},\"inLanguage\":\"es\",\"potentialAction\":[{\"@type\":\"ReadAction\",\"target\":[\"https:\/\/www.noticiasradioreflejos.com.ar\/2021\/se-conmemora-el-dia-mundial-contra-la-rabia-con-el-foco-puesto-en-su-erradicacion-hacia-2030\/\"]}]},{\"@type\":\"BreadcrumbList\",\"@id\":\"https:\/\/www.noticiasradioreflejos.com.ar\/2021\/se-conmemora-el-dia-mundial-contra-la-rabia-con-el-foco-puesto-en-su-erradicacion-hacia-2030\/#breadcrumb\",\"itemListElement\":[{\"@type\":\"ListItem\",\"position\":1,\"name\":\"Portada\",\"item\":\"https:\/\/www.noticiasradioreflejos.com.ar\/2021\/\"},{\"@type\":\"ListItem\",\"position\":2,\"name\":\"Se conmemora el D\u00eda Mundial contra la Rabia con el foco puesto en su erradicaci\u00f3n hacia 2030\"}]},{\"@type\":\"WebSite\",\"@id\":\"https:\/\/www.noticiasradioreflejos.com.ar\/2021\/#website\",\"url\":\"https:\/\/www.noticiasradioreflejos.com.ar\/2021\/\",\"name\":\"Noticias Radio Reflejos\",\"description\":\"Las noticias de mi comarca\",\"potentialAction\":[{\"@type\":\"SearchAction\",\"target\":{\"@type\":\"EntryPoint\",\"urlTemplate\":\"https:\/\/www.noticiasradioreflejos.com.ar\/2021\/?s={search_term_string}\"},\"query-input\":{\"@type\":\"PropertyValueSpecification\",\"valueRequired\":true,\"valueName\":\"search_term_string\"}}],\"inLanguage\":\"es\"},{\"@type\":\"Person\",\"@id\":\"https:\/\/www.noticiasradioreflejos.com.ar\/2021\/#\/schema\/person\/ad82545263dcc5ec0996818884fd5fb1\",\"name\":\"Arnaldo Botto\",\"image\":{\"@type\":\"ImageObject\",\"inLanguage\":\"es\",\"@id\":\"https:\/\/www.noticiasradioreflejos.com.ar\/2021\/#\/schema\/person\/image\/\",\"url\":\"https:\/\/secure.gravatar.com\/avatar\/55cb5e37c1efa326397366e6974cb338056df65cb50e7d64d1cf314e87504837?s=96&d=mm&r=g\",\"contentUrl\":\"https:\/\/secure.gravatar.com\/avatar\/55cb5e37c1efa326397366e6974cb338056df65cb50e7d64d1cf314e87504837?s=96&d=mm&r=g\",\"caption\":\"Arnaldo Botto\"},\"url\":\"https:\/\/www.noticiasradioreflejos.com.ar\/2021\/author\/arnaldo\/\"}]}<\/script>\n<!-- \/ Yoast SEO plugin. -->","yoast_head_json":{"title":"Se conmemora el D\u00eda Mundial contra la Rabia con el foco puesto en su erradicaci\u00f3n hacia 2030 - Noticias Radio Reflejos","robots":{"index":"index","follow":"follow","max-snippet":"max-snippet:-1","max-image-preview":"max-image-preview:large","max-video-preview":"max-video-preview:-1"},"canonical":"https:\/\/www.noticiasradioreflejos.com.ar\/2021\/se-conmemora-el-dia-mundial-contra-la-rabia-con-el-foco-puesto-en-su-erradicacion-hacia-2030\/","og_locale":"es_ES","og_type":"article","og_title":"Se conmemora el D\u00eda Mundial contra la Rabia con el foco puesto en su erradicaci\u00f3n hacia 2030 - Noticias Radio Reflejos","og_description":"\u00abRabia: una salud, cero muertes\u00bb es el lema bajo el cual se recuerda a esta enfermedad que en Argentina registra un promedio de 31 casos anuales en perros y que en humanos registr\u00f3 un caso mortal el a\u00f1o pasado.","og_url":"https:\/\/www.noticiasradioreflejos.com.ar\/2021\/se-conmemora-el-dia-mundial-contra-la-rabia-con-el-foco-puesto-en-su-erradicacion-hacia-2030\/","og_site_name":"Noticias Radio Reflejos","article_published_time":"2022-09-28T10:29:41+00:00","og_image":[{"width":300,"height":200,"url":"https:\/\/www.noticiasradioreflejos.com.ar\/2021\/wp-content\/uploads\/2021\/07\/logosol300x200.png","type":"image\/png"}],"author":"Arnaldo Botto","twitter_card":"summary_large_image","schema":{"@context":"https:\/\/schema.org","@graph":[{"@type":"WebPage","@id":"https:\/\/www.noticiasradioreflejos.com.ar\/2021\/se-conmemora-el-dia-mundial-contra-la-rabia-con-el-foco-puesto-en-su-erradicacion-hacia-2030\/","url":"https:\/\/www.noticiasradioreflejos.com.ar\/2021\/se-conmemora-el-dia-mundial-contra-la-rabia-con-el-foco-puesto-en-su-erradicacion-hacia-2030\/","name":"Se conmemora el D\u00eda Mundial contra la Rabia con el foco puesto en su erradicaci\u00f3n hacia 2030 - Noticias Radio Reflejos","isPartOf":{"@id":"https:\/\/www.noticiasradioreflejos.com.ar\/2021\/#website"},"datePublished":"2022-09-28T10:29:41+00:00","author":{"@id":"https:\/\/www.noticiasradioreflejos.com.ar\/2021\/#\/schema\/person\/ad82545263dcc5ec0996818884fd5fb1"},"breadcrumb":{"@id":"https:\/\/www.noticiasradioreflejos.com.ar\/2021\/se-conmemora-el-dia-mundial-contra-la-rabia-con-el-foco-puesto-en-su-erradicacion-hacia-2030\/#breadcrumb"},"inLanguage":"es","potentialAction":[{"@type":"ReadAction","target":["https:\/\/www.noticiasradioreflejos.com.ar\/2021\/se-conmemora-el-dia-mundial-contra-la-rabia-con-el-foco-puesto-en-su-erradicacion-hacia-2030\/"]}]},{"@type":"BreadcrumbList","@id":"https:\/\/www.noticiasradioreflejos.com.ar\/2021\/se-conmemora-el-dia-mundial-contra-la-rabia-con-el-foco-puesto-en-su-erradicacion-hacia-2030\/#breadcrumb","itemListElement":[{"@type":"ListItem","position":1,"name":"Portada","item":"https:\/\/www.noticiasradioreflejos.com.ar\/2021\/"},{"@type":"ListItem","position":2,"name":"Se conmemora el D\u00eda Mundial contra la Rabia con el foco puesto en su erradicaci\u00f3n hacia 2030"}]},{"@type":"WebSite","@id":"https:\/\/www.noticiasradioreflejos.com.ar\/2021\/#website","url":"https:\/\/www.noticiasradioreflejos.com.ar\/2021\/","name":"Noticias Radio Reflejos","description":"Las noticias de mi comarca","potentialAction":[{"@type":"SearchAction","target":{"@type":"EntryPoint","urlTemplate":"https:\/\/www.noticiasradioreflejos.com.ar\/2021\/?s={search_term_string}"},"query-input":{"@type":"PropertyValueSpecification","valueRequired":true,"valueName":"search_term_string"}}],"inLanguage":"es"},{"@type":"Person","@id":"https:\/\/www.noticiasradioreflejos.com.ar\/2021\/#\/schema\/person\/ad82545263dcc5ec0996818884fd5fb1","name":"Arnaldo Botto","image":{"@type":"ImageObject","inLanguage":"es","@id":"https:\/\/www.noticiasradioreflejos.com.ar\/2021\/#\/schema\/person\/image\/","url":"https:\/\/secure.gravatar.com\/avatar\/55cb5e37c1efa326397366e6974cb338056df65cb50e7d64d1cf314e87504837?s=96&d=mm&r=g","contentUrl":"https:\/\/secure.gravatar.com\/avatar\/55cb5e37c1efa326397366e6974cb338056df65cb50e7d64d1cf314e87504837?s=96&d=mm&r=g","caption":"Arnaldo Botto"},"url":"https:\/\/www.noticiasradioreflejos.com.ar\/2021\/author\/arnaldo\/"}]}},"_links":{"self":[{"href":"https:\/\/www.noticiasradioreflejos.com.ar\/2021\/wp-json\/wp\/v2\/posts\/78203","targetHints":{"allow":["GET"]}}],"collection":[{"href":"https:\/\/www.noticiasradioreflejos.com.ar\/2021\/wp-json\/wp\/v2\/posts"}],"about":[{"href":"https:\/\/www.noticiasradioreflejos.com.ar\/2021\/wp-json\/wp\/v2\/types\/post"}],"author":[{"embeddable":true,"href":"https:\/\/www.noticiasradioreflejos.com.ar\/2021\/wp-json\/wp\/v2\/users\/3"}],"replies":[{"embeddable":true,"href":"https:\/\/www.noticiasradioreflejos.com.ar\/2021\/wp-json\/wp\/v2\/comments?post=78203"}],"version-history":[{"count":1,"href":"https:\/\/www.noticiasradioreflejos.com.ar\/2021\/wp-json\/wp\/v2\/posts\/78203\/revisions"}],"predecessor-version":[{"id":78205,"href":"https:\/\/www.noticiasradioreflejos.com.ar\/2021\/wp-json\/wp\/v2\/posts\/78203\/revisions\/78205"}],"wp:attachment":[{"href":"https:\/\/www.noticiasradioreflejos.com.ar\/2021\/wp-json\/wp\/v2\/media?parent=78203"}],"wp:term":[{"taxonomy":"category","embeddable":true,"href":"https:\/\/www.noticiasradioreflejos.com.ar\/2021\/wp-json\/wp\/v2\/categories?post=78203"},{"taxonomy":"post_tag","embeddable":true,"href":"https:\/\/www.noticiasradioreflejos.com.ar\/2021\/wp-json\/wp\/v2\/tags?post=78203"}],"curies":[{"name":"wp","href":"https:\/\/api.w.org\/{rel}","templated":true}]}}