{"id":78118,"date":"2022-09-26T21:09:37","date_gmt":"2022-09-26T21:09:37","guid":{"rendered":"http:\/\/www.noticiasradioreflejos.com.ar\/2021\/?p=78118"},"modified":"2022-09-26T21:09:37","modified_gmt":"2022-09-26T21:09:37","slug":"los-mismos-que-cerraron-escuelas-hoy-pretenden-cerrar-institutos-de-formacion-docente","status":"publish","type":"post","link":"https:\/\/www.noticiasradioreflejos.com.ar\/2021\/los-mismos-que-cerraron-escuelas-hoy-pretenden-cerrar-institutos-de-formacion-docente\/","title":{"rendered":"\u00abLos mismos que cerraron escuelas, hoy pretenden cerrar institutos de formaci\u00f3n docente.\u00bb"},"content":{"rendered":"<div class=\"panel print_off\">\n<div>\n<div>El Frente de Unidad Docente Bonaerense (FUDB) reitera su repudio a las expresiones de ex funcionarios que plantean el cierre de Institutos Superiores de Formaci\u00f3n Docente. Estas declaraciones son parte de la sistem\u00e1tica campa\u00f1a de desprestigio de la Educaci\u00f3n P\u00fablica que vienen desarrollando.<\/div>\n<\/div>\n<\/div>\n<p><!--more--><\/p>\n<div class=\"noticia_sector\">\n<div class=\"resize\">\n<p>Los mismos que durante el per\u00edodo del\u00a0Gobierno de Macri a nivel nacional y de Vidal en la\u00a0provincia de Buenos Aires\u00a0recortaron presupuestos educativos, actuaron con desidia abandonando los edificios escolares\u00a0y\u00a0cerraron\u00a0Escuelas; ahora pretenden el cierre de Institutos Superiores de Formaci\u00f3n Docente. Una nueva ofensiva al derecho a la\u00a0Educaci\u00f3n\u00a0Superior, un intento de vulnerar los derechos de los\u00a0y las\u00a0Trabajadoras de la Educaci\u00f3n.<\/p>\n<p>Para el FUDB, esta iniciativa\u00a0pol\u00edtica\u00a0es un nuevo intento de\u00a0avanzar en la privatizaci\u00f3n del nivel educativo superior\u00a0que viene\u00a0acompa\u00f1ado\u00a0de\u00a0un discurso hostil hacia las\u00a0Organizaciones\u00a0Sindicales docentes y a sus dirigentes.<\/p>\n<p>Desde el FUDB ratificamos que seguimos nuestra hist\u00f3rica lucha de defensa de los Institutos Superiores Docentes y T\u00e9cnicos, de la Educaci\u00f3n P\u00fablica y de los derechos de Trabajadores y Trabajadoras de la Educaci\u00f3n.<\/p>\n<p>&nbsp;<\/p>\n<p><strong>FRENTE DE UNIDAD DOCENTE BONAERENSE<\/strong><\/p>\n<p><strong>AMET &#8211; FEB &#8211; SADOP &#8211; SUTEBA &#8211; UDOCBA<\/strong><\/p>\n<\/div>\n<\/div>\n","protected":false},"excerpt":{"rendered":"<p>El Frente de Unidad Docente Bonaerense (FUDB) reitera su repudio a las expresiones de ex funcionarios que plantean el cierre de Institutos Superiores de Formaci\u00f3n Docente. Estas declaraciones son parte de la sistem\u00e1tica campa\u00f1a de desprestigio de la Educaci\u00f3n P\u00fablica que vienen desarrollando.<\/p>\n","protected":false},"author":3,"featured_media":0,"comment_status":"closed","ping_status":"closed","sticky":false,"template":"","format":"standard","meta":{"footnotes":""},"categories":[34,24],"tags":[],"class_list":["post-78118","post","type-post","status-publish","format-standard","hentry","category-educacion","category-politica"],"yoast_head":"<!-- This site is optimized with the Yoast SEO plugin v25.9 - https:\/\/yoast.com\/wordpress\/plugins\/seo\/ -->\n<title>&quot;Los mismos que cerraron escuelas, hoy pretenden cerrar institutos de formaci\u00f3n docente.&quot; - Noticias Radio Reflejos<\/title>\n<meta name=\"robots\" content=\"index, follow, max-snippet:-1, max-image-preview:large, max-video-preview:-1\" \/>\n<link rel=\"canonical\" href=\"https:\/\/www.noticiasradioreflejos.com.ar\/2021\/los-mismos-que-cerraron-escuelas-hoy-pretenden-cerrar-institutos-de-formacion-docente\/\" \/>\n<meta property=\"og:locale\" content=\"es_ES\" \/>\n<meta property=\"og:type\" content=\"article\" \/>\n<meta property=\"og:title\" content=\"&quot;Los mismos que cerraron escuelas, hoy pretenden cerrar institutos de formaci\u00f3n docente.&quot; - Noticias Radio Reflejos\" \/>\n<meta property=\"og:description\" content=\"El Frente de Unidad Docente Bonaerense (FUDB) reitera su repudio a las expresiones de ex funcionarios que plantean el cierre de Institutos Superiores de Formaci\u00f3n Docente. Estas declaraciones son parte de la sistem\u00e1tica campa\u00f1a de desprestigio de la Educaci\u00f3n P\u00fablica que vienen desarrollando.\" \/>\n<meta property=\"og:url\" content=\"https:\/\/www.noticiasradioreflejos.com.ar\/2021\/los-mismos-que-cerraron-escuelas-hoy-pretenden-cerrar-institutos-de-formacion-docente\/\" \/>\n<meta property=\"og:site_name\" content=\"Noticias Radio Reflejos\" \/>\n<meta property=\"article:published_time\" content=\"2022-09-26T21:09:37+00:00\" \/>\n<meta property=\"og:image\" content=\"https:\/\/www.noticiasradioreflejos.com.ar\/2021\/wp-content\/uploads\/2021\/07\/logosol300x200.png\" \/>\n\t<meta property=\"og:image:width\" content=\"300\" \/>\n\t<meta property=\"og:image:height\" content=\"200\" \/>\n\t<meta property=\"og:image:type\" content=\"image\/png\" \/>\n<meta name=\"author\" content=\"Arnaldo Botto\" \/>\n<meta name=\"twitter:card\" content=\"summary_large_image\" \/>\n<script type=\"application\/ld+json\" class=\"yoast-schema-graph\">{\"@context\":\"https:\/\/schema.org\",\"@graph\":[{\"@type\":\"WebPage\",\"@id\":\"https:\/\/www.noticiasradioreflejos.com.ar\/2021\/los-mismos-que-cerraron-escuelas-hoy-pretenden-cerrar-institutos-de-formacion-docente\/\",\"url\":\"https:\/\/www.noticiasradioreflejos.com.ar\/2021\/los-mismos-que-cerraron-escuelas-hoy-pretenden-cerrar-institutos-de-formacion-docente\/\",\"name\":\"\\\"Los mismos que cerraron escuelas, hoy pretenden cerrar institutos de formaci\u00f3n docente.\\\" - Noticias Radio Reflejos\",\"isPartOf\":{\"@id\":\"https:\/\/www.noticiasradioreflejos.com.ar\/2021\/#website\"},\"datePublished\":\"2022-09-26T21:09:37+00:00\",\"author\":{\"@id\":\"https:\/\/www.noticiasradioreflejos.com.ar\/2021\/#\/schema\/person\/ad82545263dcc5ec0996818884fd5fb1\"},\"breadcrumb\":{\"@id\":\"https:\/\/www.noticiasradioreflejos.com.ar\/2021\/los-mismos-que-cerraron-escuelas-hoy-pretenden-cerrar-institutos-de-formacion-docente\/#breadcrumb\"},\"inLanguage\":\"es\",\"potentialAction\":[{\"@type\":\"ReadAction\",\"target\":[\"https:\/\/www.noticiasradioreflejos.com.ar\/2021\/los-mismos-que-cerraron-escuelas-hoy-pretenden-cerrar-institutos-de-formacion-docente\/\"]}]},{\"@type\":\"BreadcrumbList\",\"@id\":\"https:\/\/www.noticiasradioreflejos.com.ar\/2021\/los-mismos-que-cerraron-escuelas-hoy-pretenden-cerrar-institutos-de-formacion-docente\/#breadcrumb\",\"itemListElement\":[{\"@type\":\"ListItem\",\"position\":1,\"name\":\"Portada\",\"item\":\"https:\/\/www.noticiasradioreflejos.com.ar\/2021\/\"},{\"@type\":\"ListItem\",\"position\":2,\"name\":\"\u00abLos mismos que cerraron escuelas, hoy pretenden cerrar institutos de formaci\u00f3n docente.\u00bb\"}]},{\"@type\":\"WebSite\",\"@id\":\"https:\/\/www.noticiasradioreflejos.com.ar\/2021\/#website\",\"url\":\"https:\/\/www.noticiasradioreflejos.com.ar\/2021\/\",\"name\":\"Noticias Radio Reflejos\",\"description\":\"Las noticias de mi comarca\",\"potentialAction\":[{\"@type\":\"SearchAction\",\"target\":{\"@type\":\"EntryPoint\",\"urlTemplate\":\"https:\/\/www.noticiasradioreflejos.com.ar\/2021\/?s={search_term_string}\"},\"query-input\":{\"@type\":\"PropertyValueSpecification\",\"valueRequired\":true,\"valueName\":\"search_term_string\"}}],\"inLanguage\":\"es\"},{\"@type\":\"Person\",\"@id\":\"https:\/\/www.noticiasradioreflejos.com.ar\/2021\/#\/schema\/person\/ad82545263dcc5ec0996818884fd5fb1\",\"name\":\"Arnaldo Botto\",\"image\":{\"@type\":\"ImageObject\",\"inLanguage\":\"es\",\"@id\":\"https:\/\/www.noticiasradioreflejos.com.ar\/2021\/#\/schema\/person\/image\/\",\"url\":\"https:\/\/secure.gravatar.com\/avatar\/55cb5e37c1efa326397366e6974cb338056df65cb50e7d64d1cf314e87504837?s=96&d=mm&r=g\",\"contentUrl\":\"https:\/\/secure.gravatar.com\/avatar\/55cb5e37c1efa326397366e6974cb338056df65cb50e7d64d1cf314e87504837?s=96&d=mm&r=g\",\"caption\":\"Arnaldo Botto\"},\"url\":\"https:\/\/www.noticiasradioreflejos.com.ar\/2021\/author\/arnaldo\/\"}]}<\/script>\n<!-- \/ Yoast SEO plugin. -->","yoast_head_json":{"title":"\"Los mismos que cerraron escuelas, hoy pretenden cerrar institutos de formaci\u00f3n docente.\" - Noticias Radio Reflejos","robots":{"index":"index","follow":"follow","max-snippet":"max-snippet:-1","max-image-preview":"max-image-preview:large","max-video-preview":"max-video-preview:-1"},"canonical":"https:\/\/www.noticiasradioreflejos.com.ar\/2021\/los-mismos-que-cerraron-escuelas-hoy-pretenden-cerrar-institutos-de-formacion-docente\/","og_locale":"es_ES","og_type":"article","og_title":"\"Los mismos que cerraron escuelas, hoy pretenden cerrar institutos de formaci\u00f3n docente.\" - Noticias Radio Reflejos","og_description":"El Frente de Unidad Docente Bonaerense (FUDB) reitera su repudio a las expresiones de ex funcionarios que plantean el cierre de Institutos Superiores de Formaci\u00f3n Docente. Estas declaraciones son parte de la sistem\u00e1tica campa\u00f1a de desprestigio de la Educaci\u00f3n P\u00fablica que vienen desarrollando.","og_url":"https:\/\/www.noticiasradioreflejos.com.ar\/2021\/los-mismos-que-cerraron-escuelas-hoy-pretenden-cerrar-institutos-de-formacion-docente\/","og_site_name":"Noticias Radio Reflejos","article_published_time":"2022-09-26T21:09:37+00:00","og_image":[{"width":300,"height":200,"url":"https:\/\/www.noticiasradioreflejos.com.ar\/2021\/wp-content\/uploads\/2021\/07\/logosol300x200.png","type":"image\/png"}],"author":"Arnaldo Botto","twitter_card":"summary_large_image","schema":{"@context":"https:\/\/schema.org","@graph":[{"@type":"WebPage","@id":"https:\/\/www.noticiasradioreflejos.com.ar\/2021\/los-mismos-que-cerraron-escuelas-hoy-pretenden-cerrar-institutos-de-formacion-docente\/","url":"https:\/\/www.noticiasradioreflejos.com.ar\/2021\/los-mismos-que-cerraron-escuelas-hoy-pretenden-cerrar-institutos-de-formacion-docente\/","name":"\"Los mismos que cerraron escuelas, hoy pretenden cerrar institutos de formaci\u00f3n docente.\" - Noticias Radio Reflejos","isPartOf":{"@id":"https:\/\/www.noticiasradioreflejos.com.ar\/2021\/#website"},"datePublished":"2022-09-26T21:09:37+00:00","author":{"@id":"https:\/\/www.noticiasradioreflejos.com.ar\/2021\/#\/schema\/person\/ad82545263dcc5ec0996818884fd5fb1"},"breadcrumb":{"@id":"https:\/\/www.noticiasradioreflejos.com.ar\/2021\/los-mismos-que-cerraron-escuelas-hoy-pretenden-cerrar-institutos-de-formacion-docente\/#breadcrumb"},"inLanguage":"es","potentialAction":[{"@type":"ReadAction","target":["https:\/\/www.noticiasradioreflejos.com.ar\/2021\/los-mismos-que-cerraron-escuelas-hoy-pretenden-cerrar-institutos-de-formacion-docente\/"]}]},{"@type":"BreadcrumbList","@id":"https:\/\/www.noticiasradioreflejos.com.ar\/2021\/los-mismos-que-cerraron-escuelas-hoy-pretenden-cerrar-institutos-de-formacion-docente\/#breadcrumb","itemListElement":[{"@type":"ListItem","position":1,"name":"Portada","item":"https:\/\/www.noticiasradioreflejos.com.ar\/2021\/"},{"@type":"ListItem","position":2,"name":"\u00abLos mismos que cerraron escuelas, hoy pretenden cerrar institutos de formaci\u00f3n docente.\u00bb"}]},{"@type":"WebSite","@id":"https:\/\/www.noticiasradioreflejos.com.ar\/2021\/#website","url":"https:\/\/www.noticiasradioreflejos.com.ar\/2021\/","name":"Noticias Radio Reflejos","description":"Las noticias de mi comarca","potentialAction":[{"@type":"SearchAction","target":{"@type":"EntryPoint","urlTemplate":"https:\/\/www.noticiasradioreflejos.com.ar\/2021\/?s={search_term_string}"},"query-input":{"@type":"PropertyValueSpecification","valueRequired":true,"valueName":"search_term_string"}}],"inLanguage":"es"},{"@type":"Person","@id":"https:\/\/www.noticiasradioreflejos.com.ar\/2021\/#\/schema\/person\/ad82545263dcc5ec0996818884fd5fb1","name":"Arnaldo Botto","image":{"@type":"ImageObject","inLanguage":"es","@id":"https:\/\/www.noticiasradioreflejos.com.ar\/2021\/#\/schema\/person\/image\/","url":"https:\/\/secure.gravatar.com\/avatar\/55cb5e37c1efa326397366e6974cb338056df65cb50e7d64d1cf314e87504837?s=96&d=mm&r=g","contentUrl":"https:\/\/secure.gravatar.com\/avatar\/55cb5e37c1efa326397366e6974cb338056df65cb50e7d64d1cf314e87504837?s=96&d=mm&r=g","caption":"Arnaldo Botto"},"url":"https:\/\/www.noticiasradioreflejos.com.ar\/2021\/author\/arnaldo\/"}]}},"_links":{"self":[{"href":"https:\/\/www.noticiasradioreflejos.com.ar\/2021\/wp-json\/wp\/v2\/posts\/78118","targetHints":{"allow":["GET"]}}],"collection":[{"href":"https:\/\/www.noticiasradioreflejos.com.ar\/2021\/wp-json\/wp\/v2\/posts"}],"about":[{"href":"https:\/\/www.noticiasradioreflejos.com.ar\/2021\/wp-json\/wp\/v2\/types\/post"}],"author":[{"embeddable":true,"href":"https:\/\/www.noticiasradioreflejos.com.ar\/2021\/wp-json\/wp\/v2\/users\/3"}],"replies":[{"embeddable":true,"href":"https:\/\/www.noticiasradioreflejos.com.ar\/2021\/wp-json\/wp\/v2\/comments?post=78118"}],"version-history":[{"count":1,"href":"https:\/\/www.noticiasradioreflejos.com.ar\/2021\/wp-json\/wp\/v2\/posts\/78118\/revisions"}],"predecessor-version":[{"id":78120,"href":"https:\/\/www.noticiasradioreflejos.com.ar\/2021\/wp-json\/wp\/v2\/posts\/78118\/revisions\/78120"}],"wp:attachment":[{"href":"https:\/\/www.noticiasradioreflejos.com.ar\/2021\/wp-json\/wp\/v2\/media?parent=78118"}],"wp:term":[{"taxonomy":"category","embeddable":true,"href":"https:\/\/www.noticiasradioreflejos.com.ar\/2021\/wp-json\/wp\/v2\/categories?post=78118"},{"taxonomy":"post_tag","embeddable":true,"href":"https:\/\/www.noticiasradioreflejos.com.ar\/2021\/wp-json\/wp\/v2\/tags?post=78118"}],"curies":[{"name":"wp","href":"https:\/\/api.w.org\/{rel}","templated":true}]}}