{"id":78102,"date":"2022-09-26T17:36:57","date_gmt":"2022-09-26T17:36:57","guid":{"rendered":"http:\/\/www.noticiasradioreflejos.com.ar\/2021\/?p=78102"},"modified":"2022-09-26T17:38:32","modified_gmt":"2022-09-26T17:38:32","slug":"animales-abandonados-en-villa-ventana-aca-hace-falta-mano-dura","status":"publish","type":"post","link":"https:\/\/www.noticiasradioreflejos.com.ar\/2021\/animales-abandonados-en-villa-ventana-aca-hace-falta-mano-dura\/","title":{"rendered":"Animales abandonados en Villa Ventana: \u201cAc\u00e1 hace falta mano dura\u201d"},"content":{"rendered":"<p>Una de las integrantes de la Asociaci\u00f3n Protectora de Animales, <strong>Gladis Contreras<\/strong>, expuso la triste realidad que atraviesan. \u201cLos animales no tienen la culpa. Falta educaci\u00f3n\u201d afirm\u00f3.<!--more--><\/p>\n<p>Nadie desconoce el trabajo incansable de la Asociaci\u00f3n Protectora de Animales de Villa Ventana, como tampoco de lo cuesta arriba que se torna la situaci\u00f3n, ante un gran n\u00famero de personas que no cuida a sus mascotas o que directamente las abandona.<\/p>\n<p>Al respecto, una de las integrantes de esa instituci\u00f3n, Gladis Contreras, reconoci\u00f3 que \u201cseguimos con el problema de siempre. Es un tema muy serio. Hay que educar a los humanos. Los animales no tienen la culpa\u201d.<\/p>\n<p>Llevando la actualidad a n\u00fameros alarmantes, subray\u00f3 que \u201ccasi el 80% de los perros est\u00e1n en la calle. Cuando pasa un turista, tienen por detr\u00e1s una hilera de perros. As\u00ed que los vamos rastreando y se los vamos devolviendo. Es discutir y pelear con los vecinos\u201d.<\/p>\n<p>De la mano con esto, admiti\u00f3 que \u201ctambi\u00e9n est\u00e1 lo otro. No solo son los perros, sino los caballos. Es zona urbana. La gente se cree que porque es una zona agreste podes tener caballos. Entonces ven un terreno bald\u00edo y lo dejan atado ah\u00ed, pero ni agua les ponen\u201d.<\/p>\n<p>Yendo a lo profundo del problema, asegur\u00f3 que \u201ctodos miran lo de los dem\u00e1s. Hay que educar. La \u00fanica forma de educar es con rigor. No hay otra. \u00bfEl rigor cu\u00e1l es? Multa. Lamentablemente no tenemos un servicio de inspecci\u00f3n y que sea riguroso\u201d.<\/p>\n<p>En otro pasaje de la charla, y sobre las castraciones otorgadas por el municipio, Contreras cont\u00f3 que \u201carrancamos este mes. Vamos a tener solo cinco cupos por mes. Es muy poco y no nos alcanza. Todo lo que generamos lo destinamos a pagarle al veterinario para que realice castraciones a gatos y perros\u201d.<\/p>\n<p>Por esto es que el viernes 7 de octubre, y a lo largo de todo el fin de semana largo, llevar\u00e1n adelante una venta de garaje y karaoke al lado del Paseo Villaven.<\/p>\n<p>De todas formas, la proteccionista admiti\u00f3 que \u201clos que mueven la feria son los turistas. Poco y nada de los vecinos, que tendr\u00edamos que ser m\u00e1s unidos. Uno trabaja para la comunidad de forma gratuita. Falta mucha m\u00e1s colaboraci\u00f3n de los vecinos. Cuando la comunidad se eduque, no va a existir m\u00e1s la protectora\u201d.<\/p>\n<p>Por \u00faltimo, y repitiendo conceptos, asever\u00f3 que \u201cac\u00e1 hasta que no se ponga mano dura o que te duela el bolsillo, la situaci\u00f3n no se soluciona. Es todo muy simple. Hay que hacer cumplir las ordenanzas. Yo tendr\u00eda que ser inspectora general y te puedo asegurar que no dejo t\u00edtere con cabeza. Vas a ver c\u00f3mo se va a corregir todo\u201d.<\/p>\n<p>&nbsp;<\/p>\n<p><iframe loading=\"lazy\" src=\"https:\/\/w.soundcloud.com\/player\/?url=https%3A\/\/api.soundcloud.com\/tracks\/1351295890&amp;color=%23ff5500&amp;auto_play=false&amp;hide_related=false&amp;show_comments=true&amp;show_user=true&amp;show_reposts=false&amp;show_teaser=true\" width=\"100%\" height=\"166\" frameborder=\"no\" scrolling=\"no\"><\/iframe><\/p>\n<div style=\"font-size: 10px; color: #cccccc; line-break: anywhere; word-break: normal; overflow: hidden; white-space: nowrap; text-overflow: ellipsis; font-family: Interstate,Lucida Grande,Lucida Sans Unicode,Lucida Sans,Garuda,Verdana,Tahoma,sans-serif; font-weight: 100;\"><a style=\"color: #cccccc; text-decoration: none;\" title=\"fmreflejos 103.7\" href=\"https:\/\/soundcloud.com\/fmreflejos-103-7\" target=\"_blank\" rel=\"noopener\">fmreflejos 103.7<\/a> \u00b7 <a style=\"color: #cccccc; text-decoration: none;\" title=\"Gladis Contreras\" href=\"https:\/\/soundcloud.com\/fmreflejos-103-7\/gladis-contreras-6\" target=\"_blank\" rel=\"noopener\">Gladis Contreras<\/a><\/div>\n","protected":false},"excerpt":{"rendered":"<p>Una de las integrantes de la Asociaci\u00f3n Protectora de Animales, Gladis Contreras, expuso la triste realidad que atraviesan. \u201cLos animales no tienen la culpa. Falta educaci\u00f3n\u201d afirm\u00f3.<\/p>\n","protected":false},"author":3,"featured_media":0,"comment_status":"closed","ping_status":"closed","sticky":false,"template":"","format":"standard","meta":{"footnotes":""},"categories":[24,26],"tags":[48],"class_list":["post-78102","post","type-post","status-publish","format-standard","hentry","category-politica","category-sociedad","tag-destacada"],"yoast_head":"<!-- This site is optimized with the Yoast SEO plugin v25.9 - https:\/\/yoast.com\/wordpress\/plugins\/seo\/ -->\n<title>Animales abandonados en Villa Ventana: \u201cAc\u00e1 hace falta mano dura\u201d - Noticias Radio Reflejos<\/title>\n<meta name=\"robots\" content=\"index, follow, max-snippet:-1, max-image-preview:large, max-video-preview:-1\" \/>\n<link rel=\"canonical\" href=\"https:\/\/www.noticiasradioreflejos.com.ar\/2021\/animales-abandonados-en-villa-ventana-aca-hace-falta-mano-dura\/\" \/>\n<meta property=\"og:locale\" content=\"es_ES\" \/>\n<meta property=\"og:type\" content=\"article\" \/>\n<meta property=\"og:title\" content=\"Animales abandonados en Villa Ventana: \u201cAc\u00e1 hace falta mano dura\u201d - Noticias Radio Reflejos\" \/>\n<meta property=\"og:description\" content=\"Una de las integrantes de la Asociaci\u00f3n Protectora de Animales, Gladis Contreras, expuso la triste realidad que atraviesan. \u201cLos animales no tienen la culpa. Falta educaci\u00f3n\u201d afirm\u00f3.\" \/>\n<meta property=\"og:url\" content=\"https:\/\/www.noticiasradioreflejos.com.ar\/2021\/animales-abandonados-en-villa-ventana-aca-hace-falta-mano-dura\/\" \/>\n<meta property=\"og:site_name\" content=\"Noticias Radio Reflejos\" \/>\n<meta property=\"article:published_time\" content=\"2022-09-26T17:36:57+00:00\" \/>\n<meta property=\"article:modified_time\" content=\"2022-09-26T17:38:32+00:00\" \/>\n<meta property=\"og:image\" content=\"https:\/\/www.noticiasradioreflejos.com.ar\/2021\/wp-content\/uploads\/2021\/07\/logosol300x200.png\" \/>\n\t<meta property=\"og:image:width\" content=\"300\" \/>\n\t<meta property=\"og:image:height\" content=\"200\" \/>\n\t<meta property=\"og:image:type\" content=\"image\/png\" \/>\n<meta name=\"author\" content=\"Arnaldo Botto\" \/>\n<meta name=\"twitter:card\" content=\"summary_large_image\" \/>\n<script type=\"application\/ld+json\" class=\"yoast-schema-graph\">{\"@context\":\"https:\/\/schema.org\",\"@graph\":[{\"@type\":\"WebPage\",\"@id\":\"https:\/\/www.noticiasradioreflejos.com.ar\/2021\/animales-abandonados-en-villa-ventana-aca-hace-falta-mano-dura\/\",\"url\":\"https:\/\/www.noticiasradioreflejos.com.ar\/2021\/animales-abandonados-en-villa-ventana-aca-hace-falta-mano-dura\/\",\"name\":\"Animales abandonados en Villa Ventana: \u201cAc\u00e1 hace falta mano dura\u201d - Noticias Radio Reflejos\",\"isPartOf\":{\"@id\":\"https:\/\/www.noticiasradioreflejos.com.ar\/2021\/#website\"},\"datePublished\":\"2022-09-26T17:36:57+00:00\",\"dateModified\":\"2022-09-26T17:38:32+00:00\",\"author\":{\"@id\":\"https:\/\/www.noticiasradioreflejos.com.ar\/2021\/#\/schema\/person\/ad82545263dcc5ec0996818884fd5fb1\"},\"breadcrumb\":{\"@id\":\"https:\/\/www.noticiasradioreflejos.com.ar\/2021\/animales-abandonados-en-villa-ventana-aca-hace-falta-mano-dura\/#breadcrumb\"},\"inLanguage\":\"es\",\"potentialAction\":[{\"@type\":\"ReadAction\",\"target\":[\"https:\/\/www.noticiasradioreflejos.com.ar\/2021\/animales-abandonados-en-villa-ventana-aca-hace-falta-mano-dura\/\"]}]},{\"@type\":\"BreadcrumbList\",\"@id\":\"https:\/\/www.noticiasradioreflejos.com.ar\/2021\/animales-abandonados-en-villa-ventana-aca-hace-falta-mano-dura\/#breadcrumb\",\"itemListElement\":[{\"@type\":\"ListItem\",\"position\":1,\"name\":\"Portada\",\"item\":\"https:\/\/www.noticiasradioreflejos.com.ar\/2021\/\"},{\"@type\":\"ListItem\",\"position\":2,\"name\":\"Animales abandonados en Villa Ventana: \u201cAc\u00e1 hace falta mano dura\u201d\"}]},{\"@type\":\"WebSite\",\"@id\":\"https:\/\/www.noticiasradioreflejos.com.ar\/2021\/#website\",\"url\":\"https:\/\/www.noticiasradioreflejos.com.ar\/2021\/\",\"name\":\"Noticias Radio Reflejos\",\"description\":\"Las noticias de mi comarca\",\"potentialAction\":[{\"@type\":\"SearchAction\",\"target\":{\"@type\":\"EntryPoint\",\"urlTemplate\":\"https:\/\/www.noticiasradioreflejos.com.ar\/2021\/?s={search_term_string}\"},\"query-input\":{\"@type\":\"PropertyValueSpecification\",\"valueRequired\":true,\"valueName\":\"search_term_string\"}}],\"inLanguage\":\"es\"},{\"@type\":\"Person\",\"@id\":\"https:\/\/www.noticiasradioreflejos.com.ar\/2021\/#\/schema\/person\/ad82545263dcc5ec0996818884fd5fb1\",\"name\":\"Arnaldo Botto\",\"image\":{\"@type\":\"ImageObject\",\"inLanguage\":\"es\",\"@id\":\"https:\/\/www.noticiasradioreflejos.com.ar\/2021\/#\/schema\/person\/image\/\",\"url\":\"https:\/\/secure.gravatar.com\/avatar\/55cb5e37c1efa326397366e6974cb338056df65cb50e7d64d1cf314e87504837?s=96&d=mm&r=g\",\"contentUrl\":\"https:\/\/secure.gravatar.com\/avatar\/55cb5e37c1efa326397366e6974cb338056df65cb50e7d64d1cf314e87504837?s=96&d=mm&r=g\",\"caption\":\"Arnaldo Botto\"},\"url\":\"https:\/\/www.noticiasradioreflejos.com.ar\/2021\/author\/arnaldo\/\"}]}<\/script>\n<!-- \/ Yoast SEO plugin. -->","yoast_head_json":{"title":"Animales abandonados en Villa Ventana: \u201cAc\u00e1 hace falta mano dura\u201d - Noticias Radio Reflejos","robots":{"index":"index","follow":"follow","max-snippet":"max-snippet:-1","max-image-preview":"max-image-preview:large","max-video-preview":"max-video-preview:-1"},"canonical":"https:\/\/www.noticiasradioreflejos.com.ar\/2021\/animales-abandonados-en-villa-ventana-aca-hace-falta-mano-dura\/","og_locale":"es_ES","og_type":"article","og_title":"Animales abandonados en Villa Ventana: \u201cAc\u00e1 hace falta mano dura\u201d - Noticias Radio Reflejos","og_description":"Una de las integrantes de la Asociaci\u00f3n Protectora de Animales, Gladis Contreras, expuso la triste realidad que atraviesan. \u201cLos animales no tienen la culpa. Falta educaci\u00f3n\u201d afirm\u00f3.","og_url":"https:\/\/www.noticiasradioreflejos.com.ar\/2021\/animales-abandonados-en-villa-ventana-aca-hace-falta-mano-dura\/","og_site_name":"Noticias Radio Reflejos","article_published_time":"2022-09-26T17:36:57+00:00","article_modified_time":"2022-09-26T17:38:32+00:00","og_image":[{"width":300,"height":200,"url":"https:\/\/www.noticiasradioreflejos.com.ar\/2021\/wp-content\/uploads\/2021\/07\/logosol300x200.png","type":"image\/png"}],"author":"Arnaldo Botto","twitter_card":"summary_large_image","schema":{"@context":"https:\/\/schema.org","@graph":[{"@type":"WebPage","@id":"https:\/\/www.noticiasradioreflejos.com.ar\/2021\/animales-abandonados-en-villa-ventana-aca-hace-falta-mano-dura\/","url":"https:\/\/www.noticiasradioreflejos.com.ar\/2021\/animales-abandonados-en-villa-ventana-aca-hace-falta-mano-dura\/","name":"Animales abandonados en Villa Ventana: \u201cAc\u00e1 hace falta mano dura\u201d - Noticias Radio Reflejos","isPartOf":{"@id":"https:\/\/www.noticiasradioreflejos.com.ar\/2021\/#website"},"datePublished":"2022-09-26T17:36:57+00:00","dateModified":"2022-09-26T17:38:32+00:00","author":{"@id":"https:\/\/www.noticiasradioreflejos.com.ar\/2021\/#\/schema\/person\/ad82545263dcc5ec0996818884fd5fb1"},"breadcrumb":{"@id":"https:\/\/www.noticiasradioreflejos.com.ar\/2021\/animales-abandonados-en-villa-ventana-aca-hace-falta-mano-dura\/#breadcrumb"},"inLanguage":"es","potentialAction":[{"@type":"ReadAction","target":["https:\/\/www.noticiasradioreflejos.com.ar\/2021\/animales-abandonados-en-villa-ventana-aca-hace-falta-mano-dura\/"]}]},{"@type":"BreadcrumbList","@id":"https:\/\/www.noticiasradioreflejos.com.ar\/2021\/animales-abandonados-en-villa-ventana-aca-hace-falta-mano-dura\/#breadcrumb","itemListElement":[{"@type":"ListItem","position":1,"name":"Portada","item":"https:\/\/www.noticiasradioreflejos.com.ar\/2021\/"},{"@type":"ListItem","position":2,"name":"Animales abandonados en Villa Ventana: \u201cAc\u00e1 hace falta mano dura\u201d"}]},{"@type":"WebSite","@id":"https:\/\/www.noticiasradioreflejos.com.ar\/2021\/#website","url":"https:\/\/www.noticiasradioreflejos.com.ar\/2021\/","name":"Noticias Radio Reflejos","description":"Las noticias de mi comarca","potentialAction":[{"@type":"SearchAction","target":{"@type":"EntryPoint","urlTemplate":"https:\/\/www.noticiasradioreflejos.com.ar\/2021\/?s={search_term_string}"},"query-input":{"@type":"PropertyValueSpecification","valueRequired":true,"valueName":"search_term_string"}}],"inLanguage":"es"},{"@type":"Person","@id":"https:\/\/www.noticiasradioreflejos.com.ar\/2021\/#\/schema\/person\/ad82545263dcc5ec0996818884fd5fb1","name":"Arnaldo Botto","image":{"@type":"ImageObject","inLanguage":"es","@id":"https:\/\/www.noticiasradioreflejos.com.ar\/2021\/#\/schema\/person\/image\/","url":"https:\/\/secure.gravatar.com\/avatar\/55cb5e37c1efa326397366e6974cb338056df65cb50e7d64d1cf314e87504837?s=96&d=mm&r=g","contentUrl":"https:\/\/secure.gravatar.com\/avatar\/55cb5e37c1efa326397366e6974cb338056df65cb50e7d64d1cf314e87504837?s=96&d=mm&r=g","caption":"Arnaldo Botto"},"url":"https:\/\/www.noticiasradioreflejos.com.ar\/2021\/author\/arnaldo\/"}]}},"_links":{"self":[{"href":"https:\/\/www.noticiasradioreflejos.com.ar\/2021\/wp-json\/wp\/v2\/posts\/78102","targetHints":{"allow":["GET"]}}],"collection":[{"href":"https:\/\/www.noticiasradioreflejos.com.ar\/2021\/wp-json\/wp\/v2\/posts"}],"about":[{"href":"https:\/\/www.noticiasradioreflejos.com.ar\/2021\/wp-json\/wp\/v2\/types\/post"}],"author":[{"embeddable":true,"href":"https:\/\/www.noticiasradioreflejos.com.ar\/2021\/wp-json\/wp\/v2\/users\/3"}],"replies":[{"embeddable":true,"href":"https:\/\/www.noticiasradioreflejos.com.ar\/2021\/wp-json\/wp\/v2\/comments?post=78102"}],"version-history":[{"count":3,"href":"https:\/\/www.noticiasradioreflejos.com.ar\/2021\/wp-json\/wp\/v2\/posts\/78102\/revisions"}],"predecessor-version":[{"id":78106,"href":"https:\/\/www.noticiasradioreflejos.com.ar\/2021\/wp-json\/wp\/v2\/posts\/78102\/revisions\/78106"}],"wp:attachment":[{"href":"https:\/\/www.noticiasradioreflejos.com.ar\/2021\/wp-json\/wp\/v2\/media?parent=78102"}],"wp:term":[{"taxonomy":"category","embeddable":true,"href":"https:\/\/www.noticiasradioreflejos.com.ar\/2021\/wp-json\/wp\/v2\/categories?post=78102"},{"taxonomy":"post_tag","embeddable":true,"href":"https:\/\/www.noticiasradioreflejos.com.ar\/2021\/wp-json\/wp\/v2\/tags?post=78102"}],"curies":[{"name":"wp","href":"https:\/\/api.w.org\/{rel}","templated":true}]}}