{"id":78094,"date":"2022-09-26T16:57:19","date_gmt":"2022-09-26T16:57:19","guid":{"rendered":"http:\/\/www.noticiasradioreflejos.com.ar\/2021\/?p=78094"},"modified":"2022-09-26T16:57:20","modified_gmt":"2022-09-26T16:57:20","slug":"tornquist-expuso-en-polonia-sus-acciones-en-materia-de-desarrollo-sostenible","status":"publish","type":"post","link":"https:\/\/www.noticiasradioreflejos.com.ar\/2021\/tornquist-expuso-en-polonia-sus-acciones-en-materia-de-desarrollo-sostenible\/","title":{"rendered":"Tornquist expuso en Polonia sus acciones en materia de desarrollo sostenible"},"content":{"rendered":"<p>Concluyeron este lunes las dos instancias de capacitaci\u00f3n internacional de desarrollo sostenible que se llevaron a cabo en Polonia, con la participaci\u00f3n de Tornquist Municipio a trav\u00e9s del Subsecretario de Hacienda, Lic. Bruno Zacconi.<!--more--><\/p>\n<p>En la \u00faltima jornada de la actividad que se desarroll\u00f3 en el marco de Erasmus Plus, el programa de la Uni\u00f3n Europea (UE) para apoyar la educaci\u00f3n, la formaci\u00f3n, la juventud y el deporte en Europa, fue el turno de la exposici\u00f3n de Tornquist.<br \/>\nDurante su disertaci\u00f3n, Zacconi, habl\u00f3 sobre c\u00f3mo se viene trabajando, a trav\u00e9s de programas y diferentes iniciativas, desde la comuna en materia de sustentabilidad y detall\u00f3 de qu\u00e9 manera se transversalizan desde el \u00e1rea de Hacienda los objetivos marcados en cuanto a desarrollo sostenible.<br \/>\nEn ese sentido, el funcionario mencion\u00f3 distintas acciones implementadas, como forestaci\u00f3n, separaci\u00f3n y recolecci\u00f3n diferenciada de residuos, capacitaciones, charlas en establecimientos educativos, instalaci\u00f3n de iluminarias con tecnolog\u00eda LED y el proyecto vigente de la construcci\u00f3n de un relleno sanitario en la localidad cabecera.<br \/>\nLa capacitaci\u00f3n internacional tuvo lugar en el Centro Municipal de Cultura, Deporte y Recreaci\u00f3n de la ciudad de Puck y, en representaci\u00f3n de Argentina, adem\u00e1s de Tornquist, fueron parte los municipios de Simoca (Tucum\u00e1n), Villa Eloisa (Santa Fe), Avellaneda (Santa Fe), Saladillo (Buenos Aires), Despe\u00f1aderos (C\u00f3rdoba), y Ceres (Santa Fe).<br \/>\nCabe recordar que Tornquist Municipio accedi\u00f3 a la actividad por ser parte de la Red Argentina de Municipios frente al Cambio Clim\u00e1tico (RAMCC).<\/p>\n<p><a data-flickr-embed=\"true\" href=\"https:\/\/www.flickr.com\/photos\/182279889@N02\/52386491780\/in\/dateposted-public\/\" title=\"Erasmus Plus Polonia (3)\"><img loading=\"lazy\" decoding=\"async\" src=\"https:\/\/live.staticflickr.com\/65535\/52386491780_8d05dfe0ab_o.jpg\" width=\"768\" height=\"568\" alt=\"Erasmus Plus Polonia (3)\"><\/a><script async src=\"\/\/embedr.flickr.com\/assets\/client-code.js\" charset=\"utf-8\"><\/script><\/p>\n<p><a data-flickr-embed=\"true\" href=\"https:\/\/www.flickr.com\/photos\/182279889@N02\/52386367149\/in\/dateposted-public\/\" title=\"Erasmus Plus Polonia (1)\"><img loading=\"lazy\" decoding=\"async\" src=\"https:\/\/live.staticflickr.com\/65535\/52386367149_3305d2fec9_o.jpg\" width=\"1024\" height=\"768\" alt=\"Erasmus Plus Polonia (1)\"><\/a><script async src=\"\/\/embedr.flickr.com\/assets\/client-code.js\" charset=\"utf-8\"><\/script><\/p>\n<p><a data-flickr-embed=\"true\" href=\"https:\/\/www.flickr.com\/photos\/182279889@N02\/52386491740\/in\/dateposted-public\/\" title=\"Erasmus Plus Polonia (4)\"><img loading=\"lazy\" decoding=\"async\" src=\"https:\/\/live.staticflickr.com\/65535\/52386491740_0359799b59_o.jpg\" width=\"768\" height=\"545\" alt=\"Erasmus Plus Polonia (4)\"><\/a><script async src=\"\/\/embedr.flickr.com\/assets\/client-code.js\" charset=\"utf-8\"><\/script><\/p>\n","protected":false},"excerpt":{"rendered":"<p>Concluyeron este lunes las dos instancias de capacitaci\u00f3n internacional de desarrollo sostenible que se llevaron a cabo en Polonia, con la participaci\u00f3n de Tornquist Municipio a trav\u00e9s del Subsecretario de Hacienda, Lic. Bruno Zacconi.<\/p>\n","protected":false},"author":3,"featured_media":0,"comment_status":"closed","ping_status":"closed","sticky":false,"template":"","format":"standard","meta":{"footnotes":""},"categories":[46],"tags":[],"class_list":["post-78094","post","type-post","status-publish","format-standard","hentry","category-ciencia-y-tecnologia"],"yoast_head":"<!-- This site is optimized with the Yoast SEO plugin v25.9 - https:\/\/yoast.com\/wordpress\/plugins\/seo\/ -->\n<title>Tornquist expuso en Polonia sus acciones en materia de desarrollo sostenible - Noticias Radio Reflejos<\/title>\n<meta name=\"robots\" content=\"index, follow, max-snippet:-1, max-image-preview:large, max-video-preview:-1\" \/>\n<link rel=\"canonical\" href=\"https:\/\/www.noticiasradioreflejos.com.ar\/2021\/tornquist-expuso-en-polonia-sus-acciones-en-materia-de-desarrollo-sostenible\/\" \/>\n<meta property=\"og:locale\" content=\"es_ES\" \/>\n<meta property=\"og:type\" content=\"article\" \/>\n<meta property=\"og:title\" content=\"Tornquist expuso en Polonia sus acciones en materia de desarrollo sostenible - Noticias Radio Reflejos\" \/>\n<meta property=\"og:description\" content=\"Concluyeron este lunes las dos instancias de capacitaci\u00f3n internacional de desarrollo sostenible que se llevaron a cabo en Polonia, con la participaci\u00f3n de Tornquist Municipio a trav\u00e9s del Subsecretario de Hacienda, Lic. Bruno Zacconi.\" \/>\n<meta property=\"og:url\" content=\"https:\/\/www.noticiasradioreflejos.com.ar\/2021\/tornquist-expuso-en-polonia-sus-acciones-en-materia-de-desarrollo-sostenible\/\" \/>\n<meta property=\"og:site_name\" content=\"Noticias Radio Reflejos\" \/>\n<meta property=\"article:published_time\" content=\"2022-09-26T16:57:19+00:00\" \/>\n<meta property=\"article:modified_time\" content=\"2022-09-26T16:57:20+00:00\" \/>\n<meta property=\"og:image\" content=\"https:\/\/live.staticflickr.com\/65535\/52386491780_8d05dfe0ab_o.jpg\" \/>\n<meta name=\"author\" content=\"Arnaldo Botto\" \/>\n<meta name=\"twitter:card\" content=\"summary_large_image\" \/>\n<script type=\"application\/ld+json\" class=\"yoast-schema-graph\">{\"@context\":\"https:\/\/schema.org\",\"@graph\":[{\"@type\":\"WebPage\",\"@id\":\"https:\/\/www.noticiasradioreflejos.com.ar\/2021\/tornquist-expuso-en-polonia-sus-acciones-en-materia-de-desarrollo-sostenible\/\",\"url\":\"https:\/\/www.noticiasradioreflejos.com.ar\/2021\/tornquist-expuso-en-polonia-sus-acciones-en-materia-de-desarrollo-sostenible\/\",\"name\":\"Tornquist expuso en Polonia sus acciones en materia de desarrollo sostenible - Noticias Radio Reflejos\",\"isPartOf\":{\"@id\":\"https:\/\/www.noticiasradioreflejos.com.ar\/2021\/#website\"},\"primaryImageOfPage\":{\"@id\":\"https:\/\/www.noticiasradioreflejos.com.ar\/2021\/tornquist-expuso-en-polonia-sus-acciones-en-materia-de-desarrollo-sostenible\/#primaryimage\"},\"image\":{\"@id\":\"https:\/\/www.noticiasradioreflejos.com.ar\/2021\/tornquist-expuso-en-polonia-sus-acciones-en-materia-de-desarrollo-sostenible\/#primaryimage\"},\"thumbnailUrl\":\"https:\/\/live.staticflickr.com\/65535\/52386491780_8d05dfe0ab_o.jpg\",\"datePublished\":\"2022-09-26T16:57:19+00:00\",\"dateModified\":\"2022-09-26T16:57:20+00:00\",\"author\":{\"@id\":\"https:\/\/www.noticiasradioreflejos.com.ar\/2021\/#\/schema\/person\/ad82545263dcc5ec0996818884fd5fb1\"},\"breadcrumb\":{\"@id\":\"https:\/\/www.noticiasradioreflejos.com.ar\/2021\/tornquist-expuso-en-polonia-sus-acciones-en-materia-de-desarrollo-sostenible\/#breadcrumb\"},\"inLanguage\":\"es\",\"potentialAction\":[{\"@type\":\"ReadAction\",\"target\":[\"https:\/\/www.noticiasradioreflejos.com.ar\/2021\/tornquist-expuso-en-polonia-sus-acciones-en-materia-de-desarrollo-sostenible\/\"]}]},{\"@type\":\"ImageObject\",\"inLanguage\":\"es\",\"@id\":\"https:\/\/www.noticiasradioreflejos.com.ar\/2021\/tornquist-expuso-en-polonia-sus-acciones-en-materia-de-desarrollo-sostenible\/#primaryimage\",\"url\":\"https:\/\/live.staticflickr.com\/65535\/52386491780_8d05dfe0ab_o.jpg\",\"contentUrl\":\"https:\/\/live.staticflickr.com\/65535\/52386491780_8d05dfe0ab_o.jpg\"},{\"@type\":\"BreadcrumbList\",\"@id\":\"https:\/\/www.noticiasradioreflejos.com.ar\/2021\/tornquist-expuso-en-polonia-sus-acciones-en-materia-de-desarrollo-sostenible\/#breadcrumb\",\"itemListElement\":[{\"@type\":\"ListItem\",\"position\":1,\"name\":\"Portada\",\"item\":\"https:\/\/www.noticiasradioreflejos.com.ar\/2021\/\"},{\"@type\":\"ListItem\",\"position\":2,\"name\":\"Tornquist expuso en Polonia sus acciones en materia de desarrollo sostenible\"}]},{\"@type\":\"WebSite\",\"@id\":\"https:\/\/www.noticiasradioreflejos.com.ar\/2021\/#website\",\"url\":\"https:\/\/www.noticiasradioreflejos.com.ar\/2021\/\",\"name\":\"Noticias Radio Reflejos\",\"description\":\"Las noticias de mi comarca\",\"potentialAction\":[{\"@type\":\"SearchAction\",\"target\":{\"@type\":\"EntryPoint\",\"urlTemplate\":\"https:\/\/www.noticiasradioreflejos.com.ar\/2021\/?s={search_term_string}\"},\"query-input\":{\"@type\":\"PropertyValueSpecification\",\"valueRequired\":true,\"valueName\":\"search_term_string\"}}],\"inLanguage\":\"es\"},{\"@type\":\"Person\",\"@id\":\"https:\/\/www.noticiasradioreflejos.com.ar\/2021\/#\/schema\/person\/ad82545263dcc5ec0996818884fd5fb1\",\"name\":\"Arnaldo Botto\",\"image\":{\"@type\":\"ImageObject\",\"inLanguage\":\"es\",\"@id\":\"https:\/\/www.noticiasradioreflejos.com.ar\/2021\/#\/schema\/person\/image\/\",\"url\":\"https:\/\/secure.gravatar.com\/avatar\/55cb5e37c1efa326397366e6974cb338056df65cb50e7d64d1cf314e87504837?s=96&d=mm&r=g\",\"contentUrl\":\"https:\/\/secure.gravatar.com\/avatar\/55cb5e37c1efa326397366e6974cb338056df65cb50e7d64d1cf314e87504837?s=96&d=mm&r=g\",\"caption\":\"Arnaldo Botto\"},\"url\":\"https:\/\/www.noticiasradioreflejos.com.ar\/2021\/author\/arnaldo\/\"}]}<\/script>\n<!-- \/ Yoast SEO plugin. -->","yoast_head_json":{"title":"Tornquist expuso en Polonia sus acciones en materia de desarrollo sostenible - Noticias Radio Reflejos","robots":{"index":"index","follow":"follow","max-snippet":"max-snippet:-1","max-image-preview":"max-image-preview:large","max-video-preview":"max-video-preview:-1"},"canonical":"https:\/\/www.noticiasradioreflejos.com.ar\/2021\/tornquist-expuso-en-polonia-sus-acciones-en-materia-de-desarrollo-sostenible\/","og_locale":"es_ES","og_type":"article","og_title":"Tornquist expuso en Polonia sus acciones en materia de desarrollo sostenible - Noticias Radio Reflejos","og_description":"Concluyeron este lunes las dos instancias de capacitaci\u00f3n internacional de desarrollo sostenible que se llevaron a cabo en Polonia, con la participaci\u00f3n de Tornquist Municipio a trav\u00e9s del Subsecretario de Hacienda, Lic. Bruno Zacconi.","og_url":"https:\/\/www.noticiasradioreflejos.com.ar\/2021\/tornquist-expuso-en-polonia-sus-acciones-en-materia-de-desarrollo-sostenible\/","og_site_name":"Noticias Radio Reflejos","article_published_time":"2022-09-26T16:57:19+00:00","article_modified_time":"2022-09-26T16:57:20+00:00","og_image":[{"url":"https:\/\/live.staticflickr.com\/65535\/52386491780_8d05dfe0ab_o.jpg","type":"","width":"","height":""}],"author":"Arnaldo Botto","twitter_card":"summary_large_image","schema":{"@context":"https:\/\/schema.org","@graph":[{"@type":"WebPage","@id":"https:\/\/www.noticiasradioreflejos.com.ar\/2021\/tornquist-expuso-en-polonia-sus-acciones-en-materia-de-desarrollo-sostenible\/","url":"https:\/\/www.noticiasradioreflejos.com.ar\/2021\/tornquist-expuso-en-polonia-sus-acciones-en-materia-de-desarrollo-sostenible\/","name":"Tornquist expuso en Polonia sus acciones en materia de desarrollo sostenible - Noticias Radio Reflejos","isPartOf":{"@id":"https:\/\/www.noticiasradioreflejos.com.ar\/2021\/#website"},"primaryImageOfPage":{"@id":"https:\/\/www.noticiasradioreflejos.com.ar\/2021\/tornquist-expuso-en-polonia-sus-acciones-en-materia-de-desarrollo-sostenible\/#primaryimage"},"image":{"@id":"https:\/\/www.noticiasradioreflejos.com.ar\/2021\/tornquist-expuso-en-polonia-sus-acciones-en-materia-de-desarrollo-sostenible\/#primaryimage"},"thumbnailUrl":"https:\/\/live.staticflickr.com\/65535\/52386491780_8d05dfe0ab_o.jpg","datePublished":"2022-09-26T16:57:19+00:00","dateModified":"2022-09-26T16:57:20+00:00","author":{"@id":"https:\/\/www.noticiasradioreflejos.com.ar\/2021\/#\/schema\/person\/ad82545263dcc5ec0996818884fd5fb1"},"breadcrumb":{"@id":"https:\/\/www.noticiasradioreflejos.com.ar\/2021\/tornquist-expuso-en-polonia-sus-acciones-en-materia-de-desarrollo-sostenible\/#breadcrumb"},"inLanguage":"es","potentialAction":[{"@type":"ReadAction","target":["https:\/\/www.noticiasradioreflejos.com.ar\/2021\/tornquist-expuso-en-polonia-sus-acciones-en-materia-de-desarrollo-sostenible\/"]}]},{"@type":"ImageObject","inLanguage":"es","@id":"https:\/\/www.noticiasradioreflejos.com.ar\/2021\/tornquist-expuso-en-polonia-sus-acciones-en-materia-de-desarrollo-sostenible\/#primaryimage","url":"https:\/\/live.staticflickr.com\/65535\/52386491780_8d05dfe0ab_o.jpg","contentUrl":"https:\/\/live.staticflickr.com\/65535\/52386491780_8d05dfe0ab_o.jpg"},{"@type":"BreadcrumbList","@id":"https:\/\/www.noticiasradioreflejos.com.ar\/2021\/tornquist-expuso-en-polonia-sus-acciones-en-materia-de-desarrollo-sostenible\/#breadcrumb","itemListElement":[{"@type":"ListItem","position":1,"name":"Portada","item":"https:\/\/www.noticiasradioreflejos.com.ar\/2021\/"},{"@type":"ListItem","position":2,"name":"Tornquist expuso en Polonia sus acciones en materia de desarrollo sostenible"}]},{"@type":"WebSite","@id":"https:\/\/www.noticiasradioreflejos.com.ar\/2021\/#website","url":"https:\/\/www.noticiasradioreflejos.com.ar\/2021\/","name":"Noticias Radio Reflejos","description":"Las noticias de mi comarca","potentialAction":[{"@type":"SearchAction","target":{"@type":"EntryPoint","urlTemplate":"https:\/\/www.noticiasradioreflejos.com.ar\/2021\/?s={search_term_string}"},"query-input":{"@type":"PropertyValueSpecification","valueRequired":true,"valueName":"search_term_string"}}],"inLanguage":"es"},{"@type":"Person","@id":"https:\/\/www.noticiasradioreflejos.com.ar\/2021\/#\/schema\/person\/ad82545263dcc5ec0996818884fd5fb1","name":"Arnaldo Botto","image":{"@type":"ImageObject","inLanguage":"es","@id":"https:\/\/www.noticiasradioreflejos.com.ar\/2021\/#\/schema\/person\/image\/","url":"https:\/\/secure.gravatar.com\/avatar\/55cb5e37c1efa326397366e6974cb338056df65cb50e7d64d1cf314e87504837?s=96&d=mm&r=g","contentUrl":"https:\/\/secure.gravatar.com\/avatar\/55cb5e37c1efa326397366e6974cb338056df65cb50e7d64d1cf314e87504837?s=96&d=mm&r=g","caption":"Arnaldo Botto"},"url":"https:\/\/www.noticiasradioreflejos.com.ar\/2021\/author\/arnaldo\/"}]}},"_links":{"self":[{"href":"https:\/\/www.noticiasradioreflejos.com.ar\/2021\/wp-json\/wp\/v2\/posts\/78094","targetHints":{"allow":["GET"]}}],"collection":[{"href":"https:\/\/www.noticiasradioreflejos.com.ar\/2021\/wp-json\/wp\/v2\/posts"}],"about":[{"href":"https:\/\/www.noticiasradioreflejos.com.ar\/2021\/wp-json\/wp\/v2\/types\/post"}],"author":[{"embeddable":true,"href":"https:\/\/www.noticiasradioreflejos.com.ar\/2021\/wp-json\/wp\/v2\/users\/3"}],"replies":[{"embeddable":true,"href":"https:\/\/www.noticiasradioreflejos.com.ar\/2021\/wp-json\/wp\/v2\/comments?post=78094"}],"version-history":[{"count":2,"href":"https:\/\/www.noticiasradioreflejos.com.ar\/2021\/wp-json\/wp\/v2\/posts\/78094\/revisions"}],"predecessor-version":[{"id":78097,"href":"https:\/\/www.noticiasradioreflejos.com.ar\/2021\/wp-json\/wp\/v2\/posts\/78094\/revisions\/78097"}],"wp:attachment":[{"href":"https:\/\/www.noticiasradioreflejos.com.ar\/2021\/wp-json\/wp\/v2\/media?parent=78094"}],"wp:term":[{"taxonomy":"category","embeddable":true,"href":"https:\/\/www.noticiasradioreflejos.com.ar\/2021\/wp-json\/wp\/v2\/categories?post=78094"},{"taxonomy":"post_tag","embeddable":true,"href":"https:\/\/www.noticiasradioreflejos.com.ar\/2021\/wp-json\/wp\/v2\/tags?post=78094"}],"curies":[{"name":"wp","href":"https:\/\/api.w.org\/{rel}","templated":true}]}}