{"id":78079,"date":"2022-09-26T16:45:33","date_gmt":"2022-09-26T16:45:33","guid":{"rendered":"http:\/\/www.noticiasradioreflejos.com.ar\/2021\/?p=78079"},"modified":"2022-09-26T16:45:33","modified_gmt":"2022-09-26T16:45:33","slug":"la-escuela-municipal-de-atletismo-celebro-su-9-aniversario-con-un-torneo-en-tornquist","status":"publish","type":"post","link":"https:\/\/www.noticiasradioreflejos.com.ar\/2021\/la-escuela-municipal-de-atletismo-celebro-su-9-aniversario-con-un-torneo-en-tornquist\/","title":{"rendered":"La Escuela Municipal de Atletismo celebr\u00f3 su 9\u00b0 aniversario con un torneo en Tornquist"},"content":{"rendered":"<p>Con un torneo realizado el \u00faltimo s\u00e1bado en la Pista Municipal de la localidad cabecera, la Escuela Municipal de Atletismo de Tornquist (EMAT) celebr\u00f3 su 9\u00b0 aniversario.<!--more--><\/p>\n<p>Alrededor de 200 atletas, tanto locales como provenientes de Bah\u00eda Blanca, Coronel Su\u00e1rez, Punta Alta, Villarino, Olavarr\u00eda, Laprida y General La Madrid, entre otros, le dieron vida a la jornada, que cont\u00f3 con competencia en las categor\u00edas U14, U16 y U18 y de manera recreativa en U8, U10 y 12.<br \/>\nSalto en largo, lanzamiento de bala, posta mixta, 80 metros llanos, 1200 y 2400 metros fueron las pruebas del cert\u00e1men, donde el clima acompa\u00f1\u00f3 inmejorablemente.<br \/>\nLa Subsecretar\u00eda de Deportes destaca y agradece a los profesores de la EMAT por su labor, al grupo de padres de los alumnos por el trabajo y la atenci\u00f3n en la cantina, y a todas las delegaciones participantes.<br \/>\nResultados:<br \/>\n80 mts llanos U14 Masculino<br \/>\n1\u00b0 Calvo Ramiro (Bah\u00eda Blanca)<br \/>\n2\u00b0 Fioramonti Napoleon (Cnel. Suarez)<br \/>\n3\u00b0 Sanz Ariel (Tornquist)<\/p>\n<p>Salto en largo U14 Masculino<br \/>\n1\u00b0 Pezet Paz Nicol\u00e1s (Olavarria)<br \/>\n2\u00b0 Calvo Ramiro (Bahia Blanca)<br \/>\n3\u00b0 Sequeira Joaquin (Punta Alta)<\/p>\n<p>Lanzamiento de Bala U14 Masculino<br \/>\n1\u00b0 Ledesma Tiziano (Punta Alta)<br \/>\n2\u00b0 Quevin Emiliano (Puta Alta)<br \/>\n3\u00b0 Sanz Ariel (Tornquist)<\/p>\n<p>1200 mts U14 Masculino<br \/>\n1\u00b0 Pezet Paz Nicolas (Olavarria)<br \/>\n2\u00b0 Almeida Axel (Punta Alta)<br \/>\n3\u00b0 Pezet Paz Bruno (Olavarria)<\/p>\n<p>80 mts llanos U14 Femenino<br \/>\n1\u00b0 Elizondo Delfina (Laprida)<br \/>\n2\u00b0 Bettiga Catalina (El Fortin)<br \/>\n3\u00b0 Garay Catalina (La Madrid)<\/p>\n<p>Salto en largo U14 Femenino<br \/>\n1\u00b0 Elizondo Delfina (Laprida)<br \/>\n2\u00b0 Buffateli Lucia (Tornquist)<br \/>\n3\u00b0 Irigoyenborde Cindy (El Fortin)<\/p>\n<p>Lanzamiento de bala U14 Femenino<br \/>\n1\u00b0 Arce Priscila (Punta Alta)<br \/>\n2\u00b0 Urquiola Luna (Tornquist)<br \/>\n3\u00b0 Aman Solana (Villarino)<\/p>\n<p>1200 mts U14 Femenino<br \/>\n1\u00b0 Laplace Lucia (Laprida)<br \/>\n2\u00b0 Ingliso Jimena (Olavarria)<br \/>\n3\u00b0 Buffateli Lucia (Tornquist)<\/p>\n<p>Posta mixta 8 x 80 mts U14 pase enfrentado<br \/>\n1\u00b0 Olavarria \u00abA\u00bb<br \/>\n2\u00b0 Punta Alta<br \/>\n3\u00b0 Laprida<\/p>\n<p>80 mts llanos U16 Masculino<br \/>\n1\u00b0 Ledesma Mateo (Punta Alta)<br \/>\n2\u00b0 Bustamante Juan Bautista Puan 9.75<br \/>\n3\u00b0 Arguindeguy I\u00f1aki (El Fortin)<\/p>\n<p>Salto en largo U16 Masculino<br \/>\n1\u00b0 Ledesma Mateo (Punta Alta)<br \/>\n2\u00b0 Arguindeguy I\u00f1aki (El Fortin)<br \/>\n3\u00b0 Galves Luca (Punta Alta)<\/p>\n<p>Lanzamiento de bala U16 Masculino<br \/>\n1\u00b0 Muller Benjamin (Tornquist)<br \/>\n2\u00b0 Navarrete Agustin (Punta Alta)<br \/>\n3\u00b0 Marrero Francisco (Tornquist)<\/p>\n<p>2400 mts U16 Masculino<br \/>\n1\u00b0 Ortiz Thiago (Laprida)<\/p>\n<p>80 mts llanos U16 Femenino<br \/>\n1\u00b0 Ramirez Lucia (Laprida)<br \/>\n2\u00b0 Aranda Luz (Punta Alta)<br \/>\n3\u00b0 Fioramonti Camila (Cnel. Suarez) <\/p>\n<p>Salto en largo U16 Femenino<br \/>\n1\u00b0 Fioramonti Camila (Cnel. Suarez)<\/p>\n<p>Lanzamiento de bala U16 Femenino<br \/>\n1\u00b0 Aranda Luz (Punta Alta)<br \/>\n2\u00b0 Videla Brenda (Tornquist) <\/p>\n<p>2400 mts U16 Femenino<br \/>\n1\u00b0 Fioramonti Camila (Cnel. Suarez)<\/p>\n<p><a data-flickr-embed=\"true\" href=\"https:\/\/www.flickr.com\/photos\/182279889@N02\/52386334769\/in\/dateposted-public\/\" title=\"Torneo aniversario EMAT (3)\"><img loading=\"lazy\" decoding=\"async\" src=\"https:\/\/live.staticflickr.com\/65535\/52386334769_0002700cd3_o.jpg\" width=\"1500\" height=\"1000\" alt=\"Torneo aniversario EMAT (3)\"><\/a><script async src=\"\/\/embedr.flickr.com\/assets\/client-code.js\" charset=\"utf-8\"><\/script><\/p>\n<p><a data-flickr-embed=\"true\" href=\"https:\/\/www.flickr.com\/photos\/182279889@N02\/52386334599\/in\/dateposted-public\/\" title=\"Torneo aniversario EMAT (5)\"><img loading=\"lazy\" decoding=\"async\" src=\"https:\/\/live.staticflickr.com\/65535\/52386334599_98b3a3087c_o.jpg\" width=\"1500\" height=\"1000\" alt=\"Torneo aniversario EMAT (5)\"><\/a><script async src=\"\/\/embedr.flickr.com\/assets\/client-code.js\" charset=\"utf-8\"><\/script><\/p>\n<p><a data-flickr-embed=\"true\" href=\"https:\/\/www.flickr.com\/photos\/182279889@N02\/52386459850\/in\/dateposted-public\/\" title=\"Torneo aniversario EMAT (2)\"><img loading=\"lazy\" decoding=\"async\" src=\"https:\/\/live.staticflickr.com\/65535\/52386459850_918895032b_o.jpg\" width=\"1500\" height=\"1000\" alt=\"Torneo aniversario EMAT (2)\"><\/a><script async src=\"\/\/embedr.flickr.com\/assets\/client-code.js\" charset=\"utf-8\"><\/script><\/p>\n<p><a data-flickr-embed=\"true\" href=\"https:\/\/www.flickr.com\/photos\/182279889@N02\/52386026241\/in\/dateposted-public\/\" title=\"Torneo aniversario EMAT (4)\"><img loading=\"lazy\" decoding=\"async\" src=\"https:\/\/live.staticflickr.com\/65535\/52386026241_041b3f093d_o.jpg\" width=\"1500\" height=\"1000\" alt=\"Torneo aniversario EMAT (4)\"><\/a><script async src=\"\/\/embedr.flickr.com\/assets\/client-code.js\" charset=\"utf-8\"><\/script><\/p>\n<p><a data-flickr-embed=\"true\" href=\"https:\/\/www.flickr.com\/photos\/182279889@N02\/52386026211\/in\/dateposted-public\/\" title=\"Torneo aniversario EMAT (9)\"><img loading=\"lazy\" decoding=\"async\" src=\"https:\/\/live.staticflickr.com\/65535\/52386026211_7c9e5a647e_o.jpg\" width=\"900\" height=\"1350\" alt=\"Torneo aniversario EMAT (9)\"><\/a><script async src=\"\/\/embedr.flickr.com\/assets\/client-code.js\" charset=\"utf-8\"><\/script><\/p>\n<p><a data-flickr-embed=\"true\" href=\"https:\/\/www.flickr.com\/photos\/182279889@N02\/52386266683\/in\/dateposted-public\/\" title=\"Torneo aniversario EMAT (8)\"><img loading=\"lazy\" decoding=\"async\" src=\"https:\/\/live.staticflickr.com\/65535\/52386266683_62ecb36b53_o.jpg\" width=\"1000\" height=\"1227\" alt=\"Torneo aniversario EMAT (8)\"><\/a><script async src=\"\/\/embedr.flickr.com\/assets\/client-code.js\" charset=\"utf-8\"><\/script><\/p>\n<p><a data-flickr-embed=\"true\" href=\"https:\/\/www.flickr.com\/photos\/182279889@N02\/52386334644\/in\/dateposted-public\/\" title=\"Torneo aniversario EMAT (7)\"><img loading=\"lazy\" decoding=\"async\" src=\"https:\/\/live.staticflickr.com\/65535\/52386334644_6ddfa59458_o.jpg\" width=\"1500\" height=\"1000\" alt=\"Torneo aniversario EMAT (7)\"><\/a><script async src=\"\/\/embedr.flickr.com\/assets\/client-code.js\" charset=\"utf-8\"><\/script><\/p>\n<p><a data-flickr-embed=\"true\" href=\"https:\/\/www.flickr.com\/photos\/182279889@N02\/52386459770\/in\/dateposted-public\/\" title=\"Torneo aniversario EMAT (6)\"><img loading=\"lazy\" decoding=\"async\" src=\"https:\/\/live.staticflickr.com\/65535\/52386459770_cfe26a74dd_o.jpg\" width=\"1500\" height=\"1000\" alt=\"Torneo aniversario EMAT (6)\"><\/a><script async src=\"\/\/embedr.flickr.com\/assets\/client-code.js\" charset=\"utf-8\"><\/script><\/p>\n","protected":false},"excerpt":{"rendered":"<p>Con un torneo realizado el \u00faltimo s\u00e1bado en la Pista Municipal de la localidad cabecera, la Escuela Municipal de Atletismo de Tornquist (EMAT) celebr\u00f3 su 9\u00b0 aniversario.<\/p>\n","protected":false},"author":3,"featured_media":0,"comment_status":"closed","ping_status":"closed","sticky":false,"template":"","format":"standard","meta":{"footnotes":""},"categories":[27],"tags":[],"class_list":["post-78079","post","type-post","status-publish","format-standard","hentry","category-deportes"],"yoast_head":"<!-- This site is optimized with the Yoast SEO plugin v25.9 - https:\/\/yoast.com\/wordpress\/plugins\/seo\/ -->\n<title>La Escuela Municipal de Atletismo celebr\u00f3 su 9\u00b0 aniversario con un torneo en Tornquist - Noticias Radio Reflejos<\/title>\n<meta name=\"robots\" content=\"index, follow, max-snippet:-1, max-image-preview:large, max-video-preview:-1\" \/>\n<link rel=\"canonical\" href=\"https:\/\/www.noticiasradioreflejos.com.ar\/2021\/la-escuela-municipal-de-atletismo-celebro-su-9-aniversario-con-un-torneo-en-tornquist\/\" \/>\n<meta property=\"og:locale\" content=\"es_ES\" \/>\n<meta property=\"og:type\" content=\"article\" \/>\n<meta property=\"og:title\" content=\"La Escuela Municipal de Atletismo celebr\u00f3 su 9\u00b0 aniversario con un torneo en Tornquist - Noticias Radio Reflejos\" \/>\n<meta property=\"og:description\" content=\"Con un torneo realizado el \u00faltimo s\u00e1bado en la Pista Municipal de la localidad cabecera, la Escuela Municipal de Atletismo de Tornquist (EMAT) celebr\u00f3 su 9\u00b0 aniversario.\" \/>\n<meta property=\"og:url\" content=\"https:\/\/www.noticiasradioreflejos.com.ar\/2021\/la-escuela-municipal-de-atletismo-celebro-su-9-aniversario-con-un-torneo-en-tornquist\/\" \/>\n<meta property=\"og:site_name\" content=\"Noticias Radio Reflejos\" \/>\n<meta property=\"article:published_time\" content=\"2022-09-26T16:45:33+00:00\" \/>\n<meta property=\"og:image\" content=\"https:\/\/live.staticflickr.com\/65535\/52386334769_0002700cd3_o.jpg\" \/>\n<meta name=\"author\" content=\"Arnaldo Botto\" \/>\n<meta name=\"twitter:card\" content=\"summary_large_image\" \/>\n<script type=\"application\/ld+json\" class=\"yoast-schema-graph\">{\"@context\":\"https:\/\/schema.org\",\"@graph\":[{\"@type\":\"WebPage\",\"@id\":\"https:\/\/www.noticiasradioreflejos.com.ar\/2021\/la-escuela-municipal-de-atletismo-celebro-su-9-aniversario-con-un-torneo-en-tornquist\/\",\"url\":\"https:\/\/www.noticiasradioreflejos.com.ar\/2021\/la-escuela-municipal-de-atletismo-celebro-su-9-aniversario-con-un-torneo-en-tornquist\/\",\"name\":\"La Escuela Municipal de Atletismo celebr\u00f3 su 9\u00b0 aniversario con un torneo en Tornquist - Noticias Radio Reflejos\",\"isPartOf\":{\"@id\":\"https:\/\/www.noticiasradioreflejos.com.ar\/2021\/#website\"},\"primaryImageOfPage\":{\"@id\":\"https:\/\/www.noticiasradioreflejos.com.ar\/2021\/la-escuela-municipal-de-atletismo-celebro-su-9-aniversario-con-un-torneo-en-tornquist\/#primaryimage\"},\"image\":{\"@id\":\"https:\/\/www.noticiasradioreflejos.com.ar\/2021\/la-escuela-municipal-de-atletismo-celebro-su-9-aniversario-con-un-torneo-en-tornquist\/#primaryimage\"},\"thumbnailUrl\":\"https:\/\/live.staticflickr.com\/65535\/52386334769_0002700cd3_o.jpg\",\"datePublished\":\"2022-09-26T16:45:33+00:00\",\"author\":{\"@id\":\"https:\/\/www.noticiasradioreflejos.com.ar\/2021\/#\/schema\/person\/ad82545263dcc5ec0996818884fd5fb1\"},\"breadcrumb\":{\"@id\":\"https:\/\/www.noticiasradioreflejos.com.ar\/2021\/la-escuela-municipal-de-atletismo-celebro-su-9-aniversario-con-un-torneo-en-tornquist\/#breadcrumb\"},\"inLanguage\":\"es\",\"potentialAction\":[{\"@type\":\"ReadAction\",\"target\":[\"https:\/\/www.noticiasradioreflejos.com.ar\/2021\/la-escuela-municipal-de-atletismo-celebro-su-9-aniversario-con-un-torneo-en-tornquist\/\"]}]},{\"@type\":\"ImageObject\",\"inLanguage\":\"es\",\"@id\":\"https:\/\/www.noticiasradioreflejos.com.ar\/2021\/la-escuela-municipal-de-atletismo-celebro-su-9-aniversario-con-un-torneo-en-tornquist\/#primaryimage\",\"url\":\"https:\/\/live.staticflickr.com\/65535\/52386334769_0002700cd3_o.jpg\",\"contentUrl\":\"https:\/\/live.staticflickr.com\/65535\/52386334769_0002700cd3_o.jpg\"},{\"@type\":\"BreadcrumbList\",\"@id\":\"https:\/\/www.noticiasradioreflejos.com.ar\/2021\/la-escuela-municipal-de-atletismo-celebro-su-9-aniversario-con-un-torneo-en-tornquist\/#breadcrumb\",\"itemListElement\":[{\"@type\":\"ListItem\",\"position\":1,\"name\":\"Portada\",\"item\":\"https:\/\/www.noticiasradioreflejos.com.ar\/2021\/\"},{\"@type\":\"ListItem\",\"position\":2,\"name\":\"La Escuela Municipal de Atletismo celebr\u00f3 su 9\u00b0 aniversario con un torneo en Tornquist\"}]},{\"@type\":\"WebSite\",\"@id\":\"https:\/\/www.noticiasradioreflejos.com.ar\/2021\/#website\",\"url\":\"https:\/\/www.noticiasradioreflejos.com.ar\/2021\/\",\"name\":\"Noticias Radio Reflejos\",\"description\":\"Las noticias de mi comarca\",\"potentialAction\":[{\"@type\":\"SearchAction\",\"target\":{\"@type\":\"EntryPoint\",\"urlTemplate\":\"https:\/\/www.noticiasradioreflejos.com.ar\/2021\/?s={search_term_string}\"},\"query-input\":{\"@type\":\"PropertyValueSpecification\",\"valueRequired\":true,\"valueName\":\"search_term_string\"}}],\"inLanguage\":\"es\"},{\"@type\":\"Person\",\"@id\":\"https:\/\/www.noticiasradioreflejos.com.ar\/2021\/#\/schema\/person\/ad82545263dcc5ec0996818884fd5fb1\",\"name\":\"Arnaldo Botto\",\"image\":{\"@type\":\"ImageObject\",\"inLanguage\":\"es\",\"@id\":\"https:\/\/www.noticiasradioreflejos.com.ar\/2021\/#\/schema\/person\/image\/\",\"url\":\"https:\/\/secure.gravatar.com\/avatar\/55cb5e37c1efa326397366e6974cb338056df65cb50e7d64d1cf314e87504837?s=96&d=mm&r=g\",\"contentUrl\":\"https:\/\/secure.gravatar.com\/avatar\/55cb5e37c1efa326397366e6974cb338056df65cb50e7d64d1cf314e87504837?s=96&d=mm&r=g\",\"caption\":\"Arnaldo Botto\"},\"url\":\"https:\/\/www.noticiasradioreflejos.com.ar\/2021\/author\/arnaldo\/\"}]}<\/script>\n<!-- \/ Yoast SEO plugin. -->","yoast_head_json":{"title":"La Escuela Municipal de Atletismo celebr\u00f3 su 9\u00b0 aniversario con un torneo en Tornquist - Noticias Radio Reflejos","robots":{"index":"index","follow":"follow","max-snippet":"max-snippet:-1","max-image-preview":"max-image-preview:large","max-video-preview":"max-video-preview:-1"},"canonical":"https:\/\/www.noticiasradioreflejos.com.ar\/2021\/la-escuela-municipal-de-atletismo-celebro-su-9-aniversario-con-un-torneo-en-tornquist\/","og_locale":"es_ES","og_type":"article","og_title":"La Escuela Municipal de Atletismo celebr\u00f3 su 9\u00b0 aniversario con un torneo en Tornquist - Noticias Radio Reflejos","og_description":"Con un torneo realizado el \u00faltimo s\u00e1bado en la Pista Municipal de la localidad cabecera, la Escuela Municipal de Atletismo de Tornquist (EMAT) celebr\u00f3 su 9\u00b0 aniversario.","og_url":"https:\/\/www.noticiasradioreflejos.com.ar\/2021\/la-escuela-municipal-de-atletismo-celebro-su-9-aniversario-con-un-torneo-en-tornquist\/","og_site_name":"Noticias Radio Reflejos","article_published_time":"2022-09-26T16:45:33+00:00","og_image":[{"url":"https:\/\/live.staticflickr.com\/65535\/52386334769_0002700cd3_o.jpg","type":"","width":"","height":""}],"author":"Arnaldo Botto","twitter_card":"summary_large_image","schema":{"@context":"https:\/\/schema.org","@graph":[{"@type":"WebPage","@id":"https:\/\/www.noticiasradioreflejos.com.ar\/2021\/la-escuela-municipal-de-atletismo-celebro-su-9-aniversario-con-un-torneo-en-tornquist\/","url":"https:\/\/www.noticiasradioreflejos.com.ar\/2021\/la-escuela-municipal-de-atletismo-celebro-su-9-aniversario-con-un-torneo-en-tornquist\/","name":"La Escuela Municipal de Atletismo celebr\u00f3 su 9\u00b0 aniversario con un torneo en Tornquist - Noticias Radio Reflejos","isPartOf":{"@id":"https:\/\/www.noticiasradioreflejos.com.ar\/2021\/#website"},"primaryImageOfPage":{"@id":"https:\/\/www.noticiasradioreflejos.com.ar\/2021\/la-escuela-municipal-de-atletismo-celebro-su-9-aniversario-con-un-torneo-en-tornquist\/#primaryimage"},"image":{"@id":"https:\/\/www.noticiasradioreflejos.com.ar\/2021\/la-escuela-municipal-de-atletismo-celebro-su-9-aniversario-con-un-torneo-en-tornquist\/#primaryimage"},"thumbnailUrl":"https:\/\/live.staticflickr.com\/65535\/52386334769_0002700cd3_o.jpg","datePublished":"2022-09-26T16:45:33+00:00","author":{"@id":"https:\/\/www.noticiasradioreflejos.com.ar\/2021\/#\/schema\/person\/ad82545263dcc5ec0996818884fd5fb1"},"breadcrumb":{"@id":"https:\/\/www.noticiasradioreflejos.com.ar\/2021\/la-escuela-municipal-de-atletismo-celebro-su-9-aniversario-con-un-torneo-en-tornquist\/#breadcrumb"},"inLanguage":"es","potentialAction":[{"@type":"ReadAction","target":["https:\/\/www.noticiasradioreflejos.com.ar\/2021\/la-escuela-municipal-de-atletismo-celebro-su-9-aniversario-con-un-torneo-en-tornquist\/"]}]},{"@type":"ImageObject","inLanguage":"es","@id":"https:\/\/www.noticiasradioreflejos.com.ar\/2021\/la-escuela-municipal-de-atletismo-celebro-su-9-aniversario-con-un-torneo-en-tornquist\/#primaryimage","url":"https:\/\/live.staticflickr.com\/65535\/52386334769_0002700cd3_o.jpg","contentUrl":"https:\/\/live.staticflickr.com\/65535\/52386334769_0002700cd3_o.jpg"},{"@type":"BreadcrumbList","@id":"https:\/\/www.noticiasradioreflejos.com.ar\/2021\/la-escuela-municipal-de-atletismo-celebro-su-9-aniversario-con-un-torneo-en-tornquist\/#breadcrumb","itemListElement":[{"@type":"ListItem","position":1,"name":"Portada","item":"https:\/\/www.noticiasradioreflejos.com.ar\/2021\/"},{"@type":"ListItem","position":2,"name":"La Escuela Municipal de Atletismo celebr\u00f3 su 9\u00b0 aniversario con un torneo en Tornquist"}]},{"@type":"WebSite","@id":"https:\/\/www.noticiasradioreflejos.com.ar\/2021\/#website","url":"https:\/\/www.noticiasradioreflejos.com.ar\/2021\/","name":"Noticias Radio Reflejos","description":"Las noticias de mi comarca","potentialAction":[{"@type":"SearchAction","target":{"@type":"EntryPoint","urlTemplate":"https:\/\/www.noticiasradioreflejos.com.ar\/2021\/?s={search_term_string}"},"query-input":{"@type":"PropertyValueSpecification","valueRequired":true,"valueName":"search_term_string"}}],"inLanguage":"es"},{"@type":"Person","@id":"https:\/\/www.noticiasradioreflejos.com.ar\/2021\/#\/schema\/person\/ad82545263dcc5ec0996818884fd5fb1","name":"Arnaldo Botto","image":{"@type":"ImageObject","inLanguage":"es","@id":"https:\/\/www.noticiasradioreflejos.com.ar\/2021\/#\/schema\/person\/image\/","url":"https:\/\/secure.gravatar.com\/avatar\/55cb5e37c1efa326397366e6974cb338056df65cb50e7d64d1cf314e87504837?s=96&d=mm&r=g","contentUrl":"https:\/\/secure.gravatar.com\/avatar\/55cb5e37c1efa326397366e6974cb338056df65cb50e7d64d1cf314e87504837?s=96&d=mm&r=g","caption":"Arnaldo Botto"},"url":"https:\/\/www.noticiasradioreflejos.com.ar\/2021\/author\/arnaldo\/"}]}},"_links":{"self":[{"href":"https:\/\/www.noticiasradioreflejos.com.ar\/2021\/wp-json\/wp\/v2\/posts\/78079","targetHints":{"allow":["GET"]}}],"collection":[{"href":"https:\/\/www.noticiasradioreflejos.com.ar\/2021\/wp-json\/wp\/v2\/posts"}],"about":[{"href":"https:\/\/www.noticiasradioreflejos.com.ar\/2021\/wp-json\/wp\/v2\/types\/post"}],"author":[{"embeddable":true,"href":"https:\/\/www.noticiasradioreflejos.com.ar\/2021\/wp-json\/wp\/v2\/users\/3"}],"replies":[{"embeddable":true,"href":"https:\/\/www.noticiasradioreflejos.com.ar\/2021\/wp-json\/wp\/v2\/comments?post=78079"}],"version-history":[{"count":1,"href":"https:\/\/www.noticiasradioreflejos.com.ar\/2021\/wp-json\/wp\/v2\/posts\/78079\/revisions"}],"predecessor-version":[{"id":78081,"href":"https:\/\/www.noticiasradioreflejos.com.ar\/2021\/wp-json\/wp\/v2\/posts\/78079\/revisions\/78081"}],"wp:attachment":[{"href":"https:\/\/www.noticiasradioreflejos.com.ar\/2021\/wp-json\/wp\/v2\/media?parent=78079"}],"wp:term":[{"taxonomy":"category","embeddable":true,"href":"https:\/\/www.noticiasradioreflejos.com.ar\/2021\/wp-json\/wp\/v2\/categories?post=78079"},{"taxonomy":"post_tag","embeddable":true,"href":"https:\/\/www.noticiasradioreflejos.com.ar\/2021\/wp-json\/wp\/v2\/tags?post=78079"}],"curies":[{"name":"wp","href":"https:\/\/api.w.org\/{rel}","templated":true}]}}