{"id":78069,"date":"2022-09-26T16:18:33","date_gmt":"2022-09-26T16:18:33","guid":{"rendered":"http:\/\/www.noticiasradioreflejos.com.ar\/2021\/?p=78069"},"modified":"2022-09-26T16:18:33","modified_gmt":"2022-09-26T16:18:33","slug":"colon-detienen-a-dos-dirigentes-y-a-cinco-barras-en-la-causa-por-amenazas-al-plantel","status":"publish","type":"post","link":"https:\/\/www.noticiasradioreflejos.com.ar\/2021\/colon-detienen-a-dos-dirigentes-y-a-cinco-barras-en-la-causa-por-amenazas-al-plantel\/","title":{"rendered":"COL\u00d3N:  Detienen a dos dirigentes y a cinco barras en la causa por amenazas al plantel"},"content":{"rendered":"<p>Los directivos apresados son el vicepresidente tercero de la instituci\u00f3n santafesina, Horacio Darr\u00e1s, y vocal titular de la comisi\u00f3n directiva Lucas Paniagua, tras once allanamientos registrados en la capital de la provincia y uno en la ciudad de Santo Tom\u00e9.<\/p>\n<figure class=\"mb-3\"><img decoding=\"async\" src=\"https:\/\/www.telam.com.ar\/thumbs\/bluesteel\/advf\/imagenes\/2022\/09\/632b5fc26aa67_900.jpg\" alt=\"El plantel de Coln fue apretado por la barra foto Luis Cetraro \" width=\"100%\" height=\"100%\" \/><\/p>\n<div class=\"media-icons\"><\/div><figcaption>El plantel de Col\u00f3n fue apretado por la barra (foto Luis Cetraro).<\/figcaption><\/figure>\n<p>Dos dirigentes de Col\u00f3n de Santa Fe y cinco barrabravas fueron detenidos este lunes en allanamientos ordenados por la Justicia de la provincia en el marco de la investigaci\u00f3n por amenazas efectuadas al plantel el martes pasado en el predio del club, informaron voceros judiciales.<\/p>\n<p>Uno de los detenidos es el vicepresidente tercero de Col\u00f3n de Santa Fe, Horacio Darr\u00e1s, quien el viernes pasado se hab\u00eda presentado en la Fiscal\u00eda en forma espont\u00e1nea, tras haber sido se\u00f1alado como uno de los que hab\u00eda estado conversando con los barras en el predio 4 de Junio, donde se entrenaba el plantel y donde tuvo lugar el violento \u00abapriete\u00bb.<\/p>\n<p>Adem\u00e1s, otro dirigente identificado como Lucas Paniagua result\u00f3 detenido por la polic\u00eda, en su caso vocal titular de la comisi\u00f3n directiva que encabeza Jos\u00e9 Vignatti.<\/p>\n<p>Entre los barrabravas detenidos est\u00e1 el hombre sindicado como jefe de la barra brava denominada \u00abLos de siempre\u00bb, identificado como Orlando Miguel Leiva, alias \u00abNano\u00bb.<\/p>\n<p>El Ministerio P\u00fablico de la Acusaci\u00f3n (MPA) inform\u00f3 que las siete personas detenidas fueron apresadas en once allanamientos realizados en la capital de la provincia y uno en la vecina ciudad de Santo Tom\u00e9.<\/p>\n<figure class=\"mb-3\"><img decoding=\"async\" src=\"https:\/\/www.telam.com.ar\/thumbs\/bluesteel\/advf\/imagenes\/2022\/09\/6331a75e3fa6b_900.jpg\" alt=\"El directivo Horacio Darrs es detenido por la polica \" width=\"100%\" height=\"100%\" \/><\/p>\n<div class=\"media-icons\"><\/div><figcaption>El directivo Horacio Darr\u00e1s es detenido por la polic\u00eda.<\/figcaption><\/figure>\n<p>Se trata de una investigaci\u00f3n que lleva adelante la fiscal Mar\u00eda Laura Urquiza, de la Unidad Fiscal Especial de Delitos Complejos, \u00abpor distintos hechos il\u00edcitos relacionados a facciones de la hinchada del Club Atl\u00e9tico Col\u00f3n\u00bb, en relaci\u00f3n a las amenazas que un grupo de entre veinte y treinta integrantes de la barra le hicieron al plantel luego de irrumpir en un entrenamiento.<\/p>\n<p>Las \u00f3rdenes de allanamiento, una de ellas en la sede del propio club, fueron firmadas por el juez de la Instrucci\u00f3n Preparatoria Pablo Busaniche.<\/p>\n<p>A ra\u00edz de esa irrupci\u00f3n, ocurrida el martes pasado, el plantel que conduce Adri\u00e1n Marini suspendi\u00f3 la pr\u00e1ctica que ten\u00eda prevista el d\u00eda posterior, en tanto jueves y viernes trabaj\u00f3 con una nutrida custodia policial.<\/p>\n<p>En el episodio que ahora es investigado por la justicia y en el marco del cual se concretaron estas siete detenciones, los barras le exigieron violentamente a los jugadores mayor compromiso con el club, camisetas y dinero, seg\u00fan voceros policiales.<\/p>\n<p>En ese sentido, el MPA inform\u00f3 que en algunas de las viviendas allanadas en el marco del expediente en las primeras horas del lunes \u00abse secuestr\u00f3 droga y dinero en efectivo\u00bb.<\/p>\n<figure class=\"mb-3\"><img decoding=\"async\" src=\"https:\/\/www.telam.com.ar\/thumbs\/bluesteel\/advf\/imagenes\/2022\/09\/632b5fc24067d_900.jpg\" alt=\"El plantel de Coln fue apretado por la barra foto Luis Cetraro \" width=\"100%\" height=\"100%\" \/><\/p>\n<div class=\"media-icons\"><\/div><figcaption>El plantel de Col\u00f3n fue apretado por la barra (foto Luis Cetraro).<\/figcaption><\/figure>\n<p>Tras declarar el viernes en Fiscal\u00eda, Darr\u00e1s defendi\u00f3 su accionar, que enmarc\u00f3 en su intenci\u00f3n de hacer deponer la actitud de los violentos.<\/p>\n<p>\u00ab\u00bfQu\u00e9 pretend\u00edan que hiciera?, \u00bfque me fuera?, \u00bfque agarrara alg\u00fan caminito por el costado y desapareciera?, \u00bfqu\u00e9 estar\u00edan diciendo en ese caso?\u201d, se pregunt\u00f3 el dirigente ahora detenido.<\/p>\n<p>En ese marco, agreg\u00f3: \u00abLos jugadores me vieron, saben de qu\u00e9 modo actu\u00e9. Tambi\u00e9n me vieron las otras personas que estaban en ese momento en el entrenamiento. Mi objetivo en todo momento fue frenarlos. Luego, me qued\u00e9 hasta las nueve de la noche, fue el momento en el que decidieron no entrenar y los entend\u00ed por el momento que hab\u00edan pasado\u201d.<\/p>\n<p>En su irrupci\u00f3n, los barras se entrevistaron con referentes del plantel, entre los que estaban Paolo Goltz, Luis Miguel \u00abPulga\u00bb Rodr\u00edguez, Rafael Delgado y Ram\u00f3n \u00abWanchope\u00bb \u00c1bila, tras lo cual trascendi\u00f3 que algunos de ellos estar\u00edan analizando abandonar la instituci\u00f3n.<\/p>\n<p>En tanto, sobre el partido previsto para este lunes a las 17 ante Argentinos Juniors en el estadio Brigadier L\u00f3pez de Santa Fe, v\u00e1lido por la 21ra. fecha de la Liga Profesional de F\u00fatbol (LPF), hasta esta ma\u00f1ana a\u00fan no se hab\u00eda tomado ninguna determinaci\u00f3n.<\/p>\n","protected":false},"excerpt":{"rendered":"<p>Los directivos apresados son el vicepresidente tercero de la instituci\u00f3n santafesina, Horacio Darr\u00e1s, y vocal titular de la comisi\u00f3n directiva Lucas Paniagua, tras once allanamientos registrados en la capital de la provincia y uno en la ciudad de Santo Tom\u00e9. El plantel de Col\u00f3n fue apretado por la barra (foto Luis Cetraro). Dos dirigentes de [&hellip;]<\/p>\n","protected":false},"author":3,"featured_media":0,"comment_status":"closed","ping_status":"closed","sticky":false,"template":"","format":"standard","meta":{"footnotes":""},"categories":[29],"tags":[],"class_list":["post-78069","post","type-post","status-publish","format-standard","hentry","category-policiales"],"yoast_head":"<!-- This site is optimized with the Yoast SEO plugin v25.9 - https:\/\/yoast.com\/wordpress\/plugins\/seo\/ -->\n<title>COL\u00d3N: Detienen a dos dirigentes y a cinco barras en la causa por amenazas al plantel - Noticias Radio Reflejos<\/title>\n<meta name=\"robots\" content=\"index, follow, max-snippet:-1, max-image-preview:large, max-video-preview:-1\" \/>\n<link rel=\"canonical\" href=\"https:\/\/www.noticiasradioreflejos.com.ar\/2021\/colon-detienen-a-dos-dirigentes-y-a-cinco-barras-en-la-causa-por-amenazas-al-plantel\/\" \/>\n<meta property=\"og:locale\" content=\"es_ES\" \/>\n<meta property=\"og:type\" content=\"article\" \/>\n<meta property=\"og:title\" content=\"COL\u00d3N: Detienen a dos dirigentes y a cinco barras en la causa por amenazas al plantel - Noticias Radio Reflejos\" \/>\n<meta property=\"og:description\" content=\"Los directivos apresados son el vicepresidente tercero de la instituci\u00f3n santafesina, Horacio Darr\u00e1s, y vocal titular de la comisi\u00f3n directiva Lucas Paniagua, tras once allanamientos registrados en la capital de la provincia y uno en la ciudad de Santo Tom\u00e9. El plantel de Col\u00f3n fue apretado por la barra (foto Luis Cetraro). Dos dirigentes de [&hellip;]\" \/>\n<meta property=\"og:url\" content=\"https:\/\/www.noticiasradioreflejos.com.ar\/2021\/colon-detienen-a-dos-dirigentes-y-a-cinco-barras-en-la-causa-por-amenazas-al-plantel\/\" \/>\n<meta property=\"og:site_name\" content=\"Noticias Radio Reflejos\" \/>\n<meta property=\"article:published_time\" content=\"2022-09-26T16:18:33+00:00\" \/>\n<meta property=\"og:image\" content=\"https:\/\/www.telam.com.ar\/thumbs\/bluesteel\/advf\/imagenes\/2022\/09\/632b5fc26aa67_900.jpg\" \/>\n<meta name=\"author\" content=\"Arnaldo Botto\" \/>\n<meta name=\"twitter:card\" content=\"summary_large_image\" \/>\n<script type=\"application\/ld+json\" class=\"yoast-schema-graph\">{\"@context\":\"https:\/\/schema.org\",\"@graph\":[{\"@type\":\"WebPage\",\"@id\":\"https:\/\/www.noticiasradioreflejos.com.ar\/2021\/colon-detienen-a-dos-dirigentes-y-a-cinco-barras-en-la-causa-por-amenazas-al-plantel\/\",\"url\":\"https:\/\/www.noticiasradioreflejos.com.ar\/2021\/colon-detienen-a-dos-dirigentes-y-a-cinco-barras-en-la-causa-por-amenazas-al-plantel\/\",\"name\":\"COL\u00d3N: Detienen a dos dirigentes y a cinco barras en la causa por amenazas al plantel - Noticias Radio Reflejos\",\"isPartOf\":{\"@id\":\"https:\/\/www.noticiasradioreflejos.com.ar\/2021\/#website\"},\"primaryImageOfPage\":{\"@id\":\"https:\/\/www.noticiasradioreflejos.com.ar\/2021\/colon-detienen-a-dos-dirigentes-y-a-cinco-barras-en-la-causa-por-amenazas-al-plantel\/#primaryimage\"},\"image\":{\"@id\":\"https:\/\/www.noticiasradioreflejos.com.ar\/2021\/colon-detienen-a-dos-dirigentes-y-a-cinco-barras-en-la-causa-por-amenazas-al-plantel\/#primaryimage\"},\"thumbnailUrl\":\"https:\/\/www.telam.com.ar\/thumbs\/bluesteel\/advf\/imagenes\/2022\/09\/632b5fc26aa67_900.jpg\",\"datePublished\":\"2022-09-26T16:18:33+00:00\",\"author\":{\"@id\":\"https:\/\/www.noticiasradioreflejos.com.ar\/2021\/#\/schema\/person\/ad82545263dcc5ec0996818884fd5fb1\"},\"breadcrumb\":{\"@id\":\"https:\/\/www.noticiasradioreflejos.com.ar\/2021\/colon-detienen-a-dos-dirigentes-y-a-cinco-barras-en-la-causa-por-amenazas-al-plantel\/#breadcrumb\"},\"inLanguage\":\"es\",\"potentialAction\":[{\"@type\":\"ReadAction\",\"target\":[\"https:\/\/www.noticiasradioreflejos.com.ar\/2021\/colon-detienen-a-dos-dirigentes-y-a-cinco-barras-en-la-causa-por-amenazas-al-plantel\/\"]}]},{\"@type\":\"ImageObject\",\"inLanguage\":\"es\",\"@id\":\"https:\/\/www.noticiasradioreflejos.com.ar\/2021\/colon-detienen-a-dos-dirigentes-y-a-cinco-barras-en-la-causa-por-amenazas-al-plantel\/#primaryimage\",\"url\":\"https:\/\/www.telam.com.ar\/thumbs\/bluesteel\/advf\/imagenes\/2022\/09\/632b5fc26aa67_900.jpg\",\"contentUrl\":\"https:\/\/www.telam.com.ar\/thumbs\/bluesteel\/advf\/imagenes\/2022\/09\/632b5fc26aa67_900.jpg\"},{\"@type\":\"BreadcrumbList\",\"@id\":\"https:\/\/www.noticiasradioreflejos.com.ar\/2021\/colon-detienen-a-dos-dirigentes-y-a-cinco-barras-en-la-causa-por-amenazas-al-plantel\/#breadcrumb\",\"itemListElement\":[{\"@type\":\"ListItem\",\"position\":1,\"name\":\"Portada\",\"item\":\"https:\/\/www.noticiasradioreflejos.com.ar\/2021\/\"},{\"@type\":\"ListItem\",\"position\":2,\"name\":\"COL\u00d3N: Detienen a dos dirigentes y a cinco barras en la causa por amenazas al plantel\"}]},{\"@type\":\"WebSite\",\"@id\":\"https:\/\/www.noticiasradioreflejos.com.ar\/2021\/#website\",\"url\":\"https:\/\/www.noticiasradioreflejos.com.ar\/2021\/\",\"name\":\"Noticias Radio Reflejos\",\"description\":\"Las noticias de mi comarca\",\"potentialAction\":[{\"@type\":\"SearchAction\",\"target\":{\"@type\":\"EntryPoint\",\"urlTemplate\":\"https:\/\/www.noticiasradioreflejos.com.ar\/2021\/?s={search_term_string}\"},\"query-input\":{\"@type\":\"PropertyValueSpecification\",\"valueRequired\":true,\"valueName\":\"search_term_string\"}}],\"inLanguage\":\"es\"},{\"@type\":\"Person\",\"@id\":\"https:\/\/www.noticiasradioreflejos.com.ar\/2021\/#\/schema\/person\/ad82545263dcc5ec0996818884fd5fb1\",\"name\":\"Arnaldo Botto\",\"image\":{\"@type\":\"ImageObject\",\"inLanguage\":\"es\",\"@id\":\"https:\/\/www.noticiasradioreflejos.com.ar\/2021\/#\/schema\/person\/image\/\",\"url\":\"https:\/\/secure.gravatar.com\/avatar\/55cb5e37c1efa326397366e6974cb338056df65cb50e7d64d1cf314e87504837?s=96&d=mm&r=g\",\"contentUrl\":\"https:\/\/secure.gravatar.com\/avatar\/55cb5e37c1efa326397366e6974cb338056df65cb50e7d64d1cf314e87504837?s=96&d=mm&r=g\",\"caption\":\"Arnaldo Botto\"},\"url\":\"https:\/\/www.noticiasradioreflejos.com.ar\/2021\/author\/arnaldo\/\"}]}<\/script>\n<!-- \/ Yoast SEO plugin. -->","yoast_head_json":{"title":"COL\u00d3N: Detienen a dos dirigentes y a cinco barras en la causa por amenazas al plantel - Noticias Radio Reflejos","robots":{"index":"index","follow":"follow","max-snippet":"max-snippet:-1","max-image-preview":"max-image-preview:large","max-video-preview":"max-video-preview:-1"},"canonical":"https:\/\/www.noticiasradioreflejos.com.ar\/2021\/colon-detienen-a-dos-dirigentes-y-a-cinco-barras-en-la-causa-por-amenazas-al-plantel\/","og_locale":"es_ES","og_type":"article","og_title":"COL\u00d3N: Detienen a dos dirigentes y a cinco barras en la causa por amenazas al plantel - Noticias Radio Reflejos","og_description":"Los directivos apresados son el vicepresidente tercero de la instituci\u00f3n santafesina, Horacio Darr\u00e1s, y vocal titular de la comisi\u00f3n directiva Lucas Paniagua, tras once allanamientos registrados en la capital de la provincia y uno en la ciudad de Santo Tom\u00e9. El plantel de Col\u00f3n fue apretado por la barra (foto Luis Cetraro). Dos dirigentes de [&hellip;]","og_url":"https:\/\/www.noticiasradioreflejos.com.ar\/2021\/colon-detienen-a-dos-dirigentes-y-a-cinco-barras-en-la-causa-por-amenazas-al-plantel\/","og_site_name":"Noticias Radio Reflejos","article_published_time":"2022-09-26T16:18:33+00:00","og_image":[{"url":"https:\/\/www.telam.com.ar\/thumbs\/bluesteel\/advf\/imagenes\/2022\/09\/632b5fc26aa67_900.jpg","type":"","width":"","height":""}],"author":"Arnaldo Botto","twitter_card":"summary_large_image","schema":{"@context":"https:\/\/schema.org","@graph":[{"@type":"WebPage","@id":"https:\/\/www.noticiasradioreflejos.com.ar\/2021\/colon-detienen-a-dos-dirigentes-y-a-cinco-barras-en-la-causa-por-amenazas-al-plantel\/","url":"https:\/\/www.noticiasradioreflejos.com.ar\/2021\/colon-detienen-a-dos-dirigentes-y-a-cinco-barras-en-la-causa-por-amenazas-al-plantel\/","name":"COL\u00d3N: Detienen a dos dirigentes y a cinco barras en la causa por amenazas al plantel - Noticias Radio Reflejos","isPartOf":{"@id":"https:\/\/www.noticiasradioreflejos.com.ar\/2021\/#website"},"primaryImageOfPage":{"@id":"https:\/\/www.noticiasradioreflejos.com.ar\/2021\/colon-detienen-a-dos-dirigentes-y-a-cinco-barras-en-la-causa-por-amenazas-al-plantel\/#primaryimage"},"image":{"@id":"https:\/\/www.noticiasradioreflejos.com.ar\/2021\/colon-detienen-a-dos-dirigentes-y-a-cinco-barras-en-la-causa-por-amenazas-al-plantel\/#primaryimage"},"thumbnailUrl":"https:\/\/www.telam.com.ar\/thumbs\/bluesteel\/advf\/imagenes\/2022\/09\/632b5fc26aa67_900.jpg","datePublished":"2022-09-26T16:18:33+00:00","author":{"@id":"https:\/\/www.noticiasradioreflejos.com.ar\/2021\/#\/schema\/person\/ad82545263dcc5ec0996818884fd5fb1"},"breadcrumb":{"@id":"https:\/\/www.noticiasradioreflejos.com.ar\/2021\/colon-detienen-a-dos-dirigentes-y-a-cinco-barras-en-la-causa-por-amenazas-al-plantel\/#breadcrumb"},"inLanguage":"es","potentialAction":[{"@type":"ReadAction","target":["https:\/\/www.noticiasradioreflejos.com.ar\/2021\/colon-detienen-a-dos-dirigentes-y-a-cinco-barras-en-la-causa-por-amenazas-al-plantel\/"]}]},{"@type":"ImageObject","inLanguage":"es","@id":"https:\/\/www.noticiasradioreflejos.com.ar\/2021\/colon-detienen-a-dos-dirigentes-y-a-cinco-barras-en-la-causa-por-amenazas-al-plantel\/#primaryimage","url":"https:\/\/www.telam.com.ar\/thumbs\/bluesteel\/advf\/imagenes\/2022\/09\/632b5fc26aa67_900.jpg","contentUrl":"https:\/\/www.telam.com.ar\/thumbs\/bluesteel\/advf\/imagenes\/2022\/09\/632b5fc26aa67_900.jpg"},{"@type":"BreadcrumbList","@id":"https:\/\/www.noticiasradioreflejos.com.ar\/2021\/colon-detienen-a-dos-dirigentes-y-a-cinco-barras-en-la-causa-por-amenazas-al-plantel\/#breadcrumb","itemListElement":[{"@type":"ListItem","position":1,"name":"Portada","item":"https:\/\/www.noticiasradioreflejos.com.ar\/2021\/"},{"@type":"ListItem","position":2,"name":"COL\u00d3N: Detienen a dos dirigentes y a cinco barras en la causa por amenazas al plantel"}]},{"@type":"WebSite","@id":"https:\/\/www.noticiasradioreflejos.com.ar\/2021\/#website","url":"https:\/\/www.noticiasradioreflejos.com.ar\/2021\/","name":"Noticias Radio Reflejos","description":"Las noticias de mi comarca","potentialAction":[{"@type":"SearchAction","target":{"@type":"EntryPoint","urlTemplate":"https:\/\/www.noticiasradioreflejos.com.ar\/2021\/?s={search_term_string}"},"query-input":{"@type":"PropertyValueSpecification","valueRequired":true,"valueName":"search_term_string"}}],"inLanguage":"es"},{"@type":"Person","@id":"https:\/\/www.noticiasradioreflejos.com.ar\/2021\/#\/schema\/person\/ad82545263dcc5ec0996818884fd5fb1","name":"Arnaldo Botto","image":{"@type":"ImageObject","inLanguage":"es","@id":"https:\/\/www.noticiasradioreflejos.com.ar\/2021\/#\/schema\/person\/image\/","url":"https:\/\/secure.gravatar.com\/avatar\/55cb5e37c1efa326397366e6974cb338056df65cb50e7d64d1cf314e87504837?s=96&d=mm&r=g","contentUrl":"https:\/\/secure.gravatar.com\/avatar\/55cb5e37c1efa326397366e6974cb338056df65cb50e7d64d1cf314e87504837?s=96&d=mm&r=g","caption":"Arnaldo Botto"},"url":"https:\/\/www.noticiasradioreflejos.com.ar\/2021\/author\/arnaldo\/"}]}},"_links":{"self":[{"href":"https:\/\/www.noticiasradioreflejos.com.ar\/2021\/wp-json\/wp\/v2\/posts\/78069","targetHints":{"allow":["GET"]}}],"collection":[{"href":"https:\/\/www.noticiasradioreflejos.com.ar\/2021\/wp-json\/wp\/v2\/posts"}],"about":[{"href":"https:\/\/www.noticiasradioreflejos.com.ar\/2021\/wp-json\/wp\/v2\/types\/post"}],"author":[{"embeddable":true,"href":"https:\/\/www.noticiasradioreflejos.com.ar\/2021\/wp-json\/wp\/v2\/users\/3"}],"replies":[{"embeddable":true,"href":"https:\/\/www.noticiasradioreflejos.com.ar\/2021\/wp-json\/wp\/v2\/comments?post=78069"}],"version-history":[{"count":1,"href":"https:\/\/www.noticiasradioreflejos.com.ar\/2021\/wp-json\/wp\/v2\/posts\/78069\/revisions"}],"predecessor-version":[{"id":78071,"href":"https:\/\/www.noticiasradioreflejos.com.ar\/2021\/wp-json\/wp\/v2\/posts\/78069\/revisions\/78071"}],"wp:attachment":[{"href":"https:\/\/www.noticiasradioreflejos.com.ar\/2021\/wp-json\/wp\/v2\/media?parent=78069"}],"wp:term":[{"taxonomy":"category","embeddable":true,"href":"https:\/\/www.noticiasradioreflejos.com.ar\/2021\/wp-json\/wp\/v2\/categories?post=78069"},{"taxonomy":"post_tag","embeddable":true,"href":"https:\/\/www.noticiasradioreflejos.com.ar\/2021\/wp-json\/wp\/v2\/tags?post=78069"}],"curies":[{"name":"wp","href":"https:\/\/api.w.org\/{rel}","templated":true}]}}