{"id":77991,"date":"2022-09-24T01:40:38","date_gmt":"2022-09-24T01:40:38","guid":{"rendered":"http:\/\/www.noticiasradioreflejos.com.ar\/2021\/?p=77991"},"modified":"2022-09-24T01:42:46","modified_gmt":"2022-09-24T01:42:46","slug":"tornquist-ya-cuenta-con-una-oficina-de-acceso-y-derecho-a-la-salud","status":"publish","type":"post","link":"https:\/\/www.noticiasradioreflejos.com.ar\/2021\/tornquist-ya-cuenta-con-una-oficina-de-acceso-y-derecho-a-la-salud\/","title":{"rendered":"Tornquist ya cuenta con una Oficina de Acceso y Derecho a la Salud"},"content":{"rendered":"<p>Este viernes fue inaugurada en Tornquist una Oficina de Acceso y Derecho a la Salud (OADS), impulsada por el Ministerio de Salud de la Provincia de Buenos Aires, con el acompa\u00f1amiento de la Secretar\u00eda de Salud municipal.<!--more--><br \/>\n<a title=\"Inauguracion OADS (9)\" href=\"https:\/\/www.flickr.com\/photos\/182279889@N02\/52379914488\/in\/dateposted-public\/\" data-flickr-embed=\"true\"><img loading=\"lazy\" decoding=\"async\" class=\"aligncenter\" src=\"https:\/\/live.staticflickr.com\/65535\/52379914488_fbda5e94c2_z.jpg\" alt=\"Inauguracion OADS (9)\" width=\"733\" height=\"489\" \/><\/a><\/p>\n<p>Se trata de un espacio creado para garantizar derechos y facilitar el acceso a la pol\u00edtica p\u00fablica en salud a las personas con discapacidad.<\/p>\n<p>En el acto estuvieron presentes el Secretario de Gobierno y Seguridad, Ezequiel Gabella, en representaci\u00f3n del intendente Sergio Bordoni; la Secretaria de Salud, Noelia Baier; el titular de Regi\u00f3n Sanitaria I, Lauriano Alimenti; la Directora Provincial de Acceso e Inclusi\u00f3n a la Salud, Lourdes Farias; y la Directora de Acceso y Promoci\u00f3n del Derecho a la Salud, Paula Tosi.<\/p>\n<p>La OADS local fue instalada en el edificio municipal ubicado frente al Hospital \u2018Dr. Alberto Castro\u2019 (Lavalle 300), y tiene como funci\u00f3n atender demandas que van desde solicitud de medicamentos, suplementos nutricionales y pr\u00f3tesis; a prestaciones espec\u00edficas como la gesti\u00f3n de Acompa\u00f1antes Terap\u00e9uticos e internaci\u00f3n domiciliaria; entre otras.<\/p>\n<p>De la jornada tambi\u00e9n participaron el Subsecretario Administrativo de Salud, Mariano Balbiano; la Directora M\u00e9dica, Cecilia Conti; y la Subdirectora de Discapacidad y Tercera Edad, Liliana Lugones.<\/p>\n<p><a title=\"Inauguracion OADS (7)\" href=\"https:\/\/www.flickr.com\/photos\/182279889@N02\/52378740147\/in\/dateposted-public\/\" data-flickr-embed=\"true\"><img loading=\"lazy\" decoding=\"async\" class=\"\" src=\"https:\/\/live.staticflickr.com\/65535\/52378740147_8f36043ed8_n.jpg\" alt=\"Inauguracion OADS (7)\" width=\"732\" height=\"519\" \/><\/a><\/p>\n","protected":false},"excerpt":{"rendered":"<p>Este viernes fue inaugurada en Tornquist una Oficina de Acceso y Derecho a la Salud (OADS), impulsada por el Ministerio de Salud de la Provincia de Buenos Aires, con el acompa\u00f1amiento de la Secretar\u00eda de Salud municipal.<\/p>\n","protected":false},"author":3,"featured_media":0,"comment_status":"closed","ping_status":"closed","sticky":false,"template":"","format":"standard","meta":{"footnotes":""},"categories":[28,30],"tags":[],"class_list":["post-77991","post","type-post","status-publish","format-standard","hentry","category-municipales","category-salud"],"yoast_head":"<!-- This site is optimized with the Yoast SEO plugin v25.9 - https:\/\/yoast.com\/wordpress\/plugins\/seo\/ -->\n<title>Tornquist ya cuenta con una Oficina de Acceso y Derecho a la Salud - Noticias Radio Reflejos<\/title>\n<meta name=\"robots\" content=\"index, follow, max-snippet:-1, max-image-preview:large, max-video-preview:-1\" \/>\n<link rel=\"canonical\" href=\"https:\/\/www.noticiasradioreflejos.com.ar\/2021\/tornquist-ya-cuenta-con-una-oficina-de-acceso-y-derecho-a-la-salud\/\" \/>\n<meta property=\"og:locale\" content=\"es_ES\" \/>\n<meta property=\"og:type\" content=\"article\" \/>\n<meta property=\"og:title\" content=\"Tornquist ya cuenta con una Oficina de Acceso y Derecho a la Salud - Noticias Radio Reflejos\" \/>\n<meta property=\"og:description\" content=\"Este viernes fue inaugurada en Tornquist una Oficina de Acceso y Derecho a la Salud (OADS), impulsada por el Ministerio de Salud de la Provincia de Buenos Aires, con el acompa\u00f1amiento de la Secretar\u00eda de Salud municipal.\" \/>\n<meta property=\"og:url\" content=\"https:\/\/www.noticiasradioreflejos.com.ar\/2021\/tornquist-ya-cuenta-con-una-oficina-de-acceso-y-derecho-a-la-salud\/\" \/>\n<meta property=\"og:site_name\" content=\"Noticias Radio Reflejos\" \/>\n<meta property=\"article:published_time\" content=\"2022-09-24T01:40:38+00:00\" \/>\n<meta property=\"article:modified_time\" content=\"2022-09-24T01:42:46+00:00\" \/>\n<meta property=\"og:image\" content=\"https:\/\/live.staticflickr.com\/65535\/52379914488_fbda5e94c2_z.jpg\" \/>\n<meta name=\"author\" content=\"Arnaldo Botto\" \/>\n<meta name=\"twitter:card\" content=\"summary_large_image\" \/>\n<script type=\"application\/ld+json\" class=\"yoast-schema-graph\">{\"@context\":\"https:\/\/schema.org\",\"@graph\":[{\"@type\":\"WebPage\",\"@id\":\"https:\/\/www.noticiasradioreflejos.com.ar\/2021\/tornquist-ya-cuenta-con-una-oficina-de-acceso-y-derecho-a-la-salud\/\",\"url\":\"https:\/\/www.noticiasradioreflejos.com.ar\/2021\/tornquist-ya-cuenta-con-una-oficina-de-acceso-y-derecho-a-la-salud\/\",\"name\":\"Tornquist ya cuenta con una Oficina de Acceso y Derecho a la Salud - Noticias Radio Reflejos\",\"isPartOf\":{\"@id\":\"https:\/\/www.noticiasradioreflejos.com.ar\/2021\/#website\"},\"primaryImageOfPage\":{\"@id\":\"https:\/\/www.noticiasradioreflejos.com.ar\/2021\/tornquist-ya-cuenta-con-una-oficina-de-acceso-y-derecho-a-la-salud\/#primaryimage\"},\"image\":{\"@id\":\"https:\/\/www.noticiasradioreflejos.com.ar\/2021\/tornquist-ya-cuenta-con-una-oficina-de-acceso-y-derecho-a-la-salud\/#primaryimage\"},\"thumbnailUrl\":\"https:\/\/live.staticflickr.com\/65535\/52379914488_fbda5e94c2_z.jpg\",\"datePublished\":\"2022-09-24T01:40:38+00:00\",\"dateModified\":\"2022-09-24T01:42:46+00:00\",\"author\":{\"@id\":\"https:\/\/www.noticiasradioreflejos.com.ar\/2021\/#\/schema\/person\/ad82545263dcc5ec0996818884fd5fb1\"},\"breadcrumb\":{\"@id\":\"https:\/\/www.noticiasradioreflejos.com.ar\/2021\/tornquist-ya-cuenta-con-una-oficina-de-acceso-y-derecho-a-la-salud\/#breadcrumb\"},\"inLanguage\":\"es\",\"potentialAction\":[{\"@type\":\"ReadAction\",\"target\":[\"https:\/\/www.noticiasradioreflejos.com.ar\/2021\/tornquist-ya-cuenta-con-una-oficina-de-acceso-y-derecho-a-la-salud\/\"]}]},{\"@type\":\"ImageObject\",\"inLanguage\":\"es\",\"@id\":\"https:\/\/www.noticiasradioreflejos.com.ar\/2021\/tornquist-ya-cuenta-con-una-oficina-de-acceso-y-derecho-a-la-salud\/#primaryimage\",\"url\":\"https:\/\/live.staticflickr.com\/65535\/52379914488_fbda5e94c2_z.jpg\",\"contentUrl\":\"https:\/\/live.staticflickr.com\/65535\/52379914488_fbda5e94c2_z.jpg\"},{\"@type\":\"BreadcrumbList\",\"@id\":\"https:\/\/www.noticiasradioreflejos.com.ar\/2021\/tornquist-ya-cuenta-con-una-oficina-de-acceso-y-derecho-a-la-salud\/#breadcrumb\",\"itemListElement\":[{\"@type\":\"ListItem\",\"position\":1,\"name\":\"Portada\",\"item\":\"https:\/\/www.noticiasradioreflejos.com.ar\/2021\/\"},{\"@type\":\"ListItem\",\"position\":2,\"name\":\"Tornquist ya cuenta con una Oficina de Acceso y Derecho a la Salud\"}]},{\"@type\":\"WebSite\",\"@id\":\"https:\/\/www.noticiasradioreflejos.com.ar\/2021\/#website\",\"url\":\"https:\/\/www.noticiasradioreflejos.com.ar\/2021\/\",\"name\":\"Noticias Radio Reflejos\",\"description\":\"Las noticias de mi comarca\",\"potentialAction\":[{\"@type\":\"SearchAction\",\"target\":{\"@type\":\"EntryPoint\",\"urlTemplate\":\"https:\/\/www.noticiasradioreflejos.com.ar\/2021\/?s={search_term_string}\"},\"query-input\":{\"@type\":\"PropertyValueSpecification\",\"valueRequired\":true,\"valueName\":\"search_term_string\"}}],\"inLanguage\":\"es\"},{\"@type\":\"Person\",\"@id\":\"https:\/\/www.noticiasradioreflejos.com.ar\/2021\/#\/schema\/person\/ad82545263dcc5ec0996818884fd5fb1\",\"name\":\"Arnaldo Botto\",\"image\":{\"@type\":\"ImageObject\",\"inLanguage\":\"es\",\"@id\":\"https:\/\/www.noticiasradioreflejos.com.ar\/2021\/#\/schema\/person\/image\/\",\"url\":\"https:\/\/secure.gravatar.com\/avatar\/55cb5e37c1efa326397366e6974cb338056df65cb50e7d64d1cf314e87504837?s=96&d=mm&r=g\",\"contentUrl\":\"https:\/\/secure.gravatar.com\/avatar\/55cb5e37c1efa326397366e6974cb338056df65cb50e7d64d1cf314e87504837?s=96&d=mm&r=g\",\"caption\":\"Arnaldo Botto\"},\"url\":\"https:\/\/www.noticiasradioreflejos.com.ar\/2021\/author\/arnaldo\/\"}]}<\/script>\n<!-- \/ Yoast SEO plugin. -->","yoast_head_json":{"title":"Tornquist ya cuenta con una Oficina de Acceso y Derecho a la Salud - Noticias Radio Reflejos","robots":{"index":"index","follow":"follow","max-snippet":"max-snippet:-1","max-image-preview":"max-image-preview:large","max-video-preview":"max-video-preview:-1"},"canonical":"https:\/\/www.noticiasradioreflejos.com.ar\/2021\/tornquist-ya-cuenta-con-una-oficina-de-acceso-y-derecho-a-la-salud\/","og_locale":"es_ES","og_type":"article","og_title":"Tornquist ya cuenta con una Oficina de Acceso y Derecho a la Salud - Noticias Radio Reflejos","og_description":"Este viernes fue inaugurada en Tornquist una Oficina de Acceso y Derecho a la Salud (OADS), impulsada por el Ministerio de Salud de la Provincia de Buenos Aires, con el acompa\u00f1amiento de la Secretar\u00eda de Salud municipal.","og_url":"https:\/\/www.noticiasradioreflejos.com.ar\/2021\/tornquist-ya-cuenta-con-una-oficina-de-acceso-y-derecho-a-la-salud\/","og_site_name":"Noticias Radio Reflejos","article_published_time":"2022-09-24T01:40:38+00:00","article_modified_time":"2022-09-24T01:42:46+00:00","og_image":[{"url":"https:\/\/live.staticflickr.com\/65535\/52379914488_fbda5e94c2_z.jpg","type":"","width":"","height":""}],"author":"Arnaldo Botto","twitter_card":"summary_large_image","schema":{"@context":"https:\/\/schema.org","@graph":[{"@type":"WebPage","@id":"https:\/\/www.noticiasradioreflejos.com.ar\/2021\/tornquist-ya-cuenta-con-una-oficina-de-acceso-y-derecho-a-la-salud\/","url":"https:\/\/www.noticiasradioreflejos.com.ar\/2021\/tornquist-ya-cuenta-con-una-oficina-de-acceso-y-derecho-a-la-salud\/","name":"Tornquist ya cuenta con una Oficina de Acceso y Derecho a la Salud - Noticias Radio Reflejos","isPartOf":{"@id":"https:\/\/www.noticiasradioreflejos.com.ar\/2021\/#website"},"primaryImageOfPage":{"@id":"https:\/\/www.noticiasradioreflejos.com.ar\/2021\/tornquist-ya-cuenta-con-una-oficina-de-acceso-y-derecho-a-la-salud\/#primaryimage"},"image":{"@id":"https:\/\/www.noticiasradioreflejos.com.ar\/2021\/tornquist-ya-cuenta-con-una-oficina-de-acceso-y-derecho-a-la-salud\/#primaryimage"},"thumbnailUrl":"https:\/\/live.staticflickr.com\/65535\/52379914488_fbda5e94c2_z.jpg","datePublished":"2022-09-24T01:40:38+00:00","dateModified":"2022-09-24T01:42:46+00:00","author":{"@id":"https:\/\/www.noticiasradioreflejos.com.ar\/2021\/#\/schema\/person\/ad82545263dcc5ec0996818884fd5fb1"},"breadcrumb":{"@id":"https:\/\/www.noticiasradioreflejos.com.ar\/2021\/tornquist-ya-cuenta-con-una-oficina-de-acceso-y-derecho-a-la-salud\/#breadcrumb"},"inLanguage":"es","potentialAction":[{"@type":"ReadAction","target":["https:\/\/www.noticiasradioreflejos.com.ar\/2021\/tornquist-ya-cuenta-con-una-oficina-de-acceso-y-derecho-a-la-salud\/"]}]},{"@type":"ImageObject","inLanguage":"es","@id":"https:\/\/www.noticiasradioreflejos.com.ar\/2021\/tornquist-ya-cuenta-con-una-oficina-de-acceso-y-derecho-a-la-salud\/#primaryimage","url":"https:\/\/live.staticflickr.com\/65535\/52379914488_fbda5e94c2_z.jpg","contentUrl":"https:\/\/live.staticflickr.com\/65535\/52379914488_fbda5e94c2_z.jpg"},{"@type":"BreadcrumbList","@id":"https:\/\/www.noticiasradioreflejos.com.ar\/2021\/tornquist-ya-cuenta-con-una-oficina-de-acceso-y-derecho-a-la-salud\/#breadcrumb","itemListElement":[{"@type":"ListItem","position":1,"name":"Portada","item":"https:\/\/www.noticiasradioreflejos.com.ar\/2021\/"},{"@type":"ListItem","position":2,"name":"Tornquist ya cuenta con una Oficina de Acceso y Derecho a la Salud"}]},{"@type":"WebSite","@id":"https:\/\/www.noticiasradioreflejos.com.ar\/2021\/#website","url":"https:\/\/www.noticiasradioreflejos.com.ar\/2021\/","name":"Noticias Radio Reflejos","description":"Las noticias de mi comarca","potentialAction":[{"@type":"SearchAction","target":{"@type":"EntryPoint","urlTemplate":"https:\/\/www.noticiasradioreflejos.com.ar\/2021\/?s={search_term_string}"},"query-input":{"@type":"PropertyValueSpecification","valueRequired":true,"valueName":"search_term_string"}}],"inLanguage":"es"},{"@type":"Person","@id":"https:\/\/www.noticiasradioreflejos.com.ar\/2021\/#\/schema\/person\/ad82545263dcc5ec0996818884fd5fb1","name":"Arnaldo Botto","image":{"@type":"ImageObject","inLanguage":"es","@id":"https:\/\/www.noticiasradioreflejos.com.ar\/2021\/#\/schema\/person\/image\/","url":"https:\/\/secure.gravatar.com\/avatar\/55cb5e37c1efa326397366e6974cb338056df65cb50e7d64d1cf314e87504837?s=96&d=mm&r=g","contentUrl":"https:\/\/secure.gravatar.com\/avatar\/55cb5e37c1efa326397366e6974cb338056df65cb50e7d64d1cf314e87504837?s=96&d=mm&r=g","caption":"Arnaldo Botto"},"url":"https:\/\/www.noticiasradioreflejos.com.ar\/2021\/author\/arnaldo\/"}]}},"_links":{"self":[{"href":"https:\/\/www.noticiasradioreflejos.com.ar\/2021\/wp-json\/wp\/v2\/posts\/77991","targetHints":{"allow":["GET"]}}],"collection":[{"href":"https:\/\/www.noticiasradioreflejos.com.ar\/2021\/wp-json\/wp\/v2\/posts"}],"about":[{"href":"https:\/\/www.noticiasradioreflejos.com.ar\/2021\/wp-json\/wp\/v2\/types\/post"}],"author":[{"embeddable":true,"href":"https:\/\/www.noticiasradioreflejos.com.ar\/2021\/wp-json\/wp\/v2\/users\/3"}],"replies":[{"embeddable":true,"href":"https:\/\/www.noticiasradioreflejos.com.ar\/2021\/wp-json\/wp\/v2\/comments?post=77991"}],"version-history":[{"count":2,"href":"https:\/\/www.noticiasradioreflejos.com.ar\/2021\/wp-json\/wp\/v2\/posts\/77991\/revisions"}],"predecessor-version":[{"id":77994,"href":"https:\/\/www.noticiasradioreflejos.com.ar\/2021\/wp-json\/wp\/v2\/posts\/77991\/revisions\/77994"}],"wp:attachment":[{"href":"https:\/\/www.noticiasradioreflejos.com.ar\/2021\/wp-json\/wp\/v2\/media?parent=77991"}],"wp:term":[{"taxonomy":"category","embeddable":true,"href":"https:\/\/www.noticiasradioreflejos.com.ar\/2021\/wp-json\/wp\/v2\/categories?post=77991"},{"taxonomy":"post_tag","embeddable":true,"href":"https:\/\/www.noticiasradioreflejos.com.ar\/2021\/wp-json\/wp\/v2\/tags?post=77991"}],"curies":[{"name":"wp","href":"https:\/\/api.w.org\/{rel}","templated":true}]}}