{"id":77972,"date":"2022-09-23T18:24:44","date_gmt":"2022-09-23T18:24:44","guid":{"rendered":"http:\/\/www.noticiasradioreflejos.com.ar\/2021\/?p=77972"},"modified":"2022-09-23T18:24:44","modified_gmt":"2022-09-23T18:24:44","slug":"comenzara-a-dictarse-tae-kwon-do-en-el-centro-de-jubilados-de-sierra-de-la-ventana","status":"publish","type":"post","link":"https:\/\/www.noticiasradioreflejos.com.ar\/2021\/comenzara-a-dictarse-tae-kwon-do-en-el-centro-de-jubilados-de-sierra-de-la-ventana\/","title":{"rendered":"Comenzar\u00e1 a dictarse Tae Kwon Do en el Centro de Jubilados de Sierra de la Ventana"},"content":{"rendered":"<p>La actividad ser\u00e1 dada por Juan Jos\u00e9 Cornejo, II Dan Internacional, los mi\u00e9rcoles a partir de las 19. En los pr\u00f3ximos d\u00edas se confirmar\u00e1 el cronograma para llevar las mismas clases al Centro de Jubilados de Saldungaray.<!--more--><\/p>\n<p>En los pr\u00f3ximos d\u00edas el Centro de Jubilados de Sierra de la Ventana sumar\u00e1 una actividad sumamente atractiva a su cartelera. De la mano del II Dan Internacional, Juan Jos\u00e9 Cornejo, los mi\u00e9rcoles comenzar\u00e1 el dictado de Tae Kwon Do, una de las artes marciales m\u00e1s populares del mundo.<\/p>\n<p>Al respecto, el integrante de la escuela bahiense Chul Hak San asegur\u00f3 que \u201chay gente que lo lleva por la parte de la seguridad, otros por la disciplina\u2026 tengo alumnos de 5 a 60 a\u00f1os. Esto se basa en la defensa personal y en una disciplina, no de c\u00f3mo se debe comportar una persona, sino en las artes marciales\u201d.<\/p>\n<p><a title=\"Escuela CHUL HAK SAN (1)\" href=\"https:\/\/www.flickr.com\/photos\/182279889@N02\/52379021776\/in\/dateposted-public\/\" data-flickr-embed=\"true\"><img loading=\"lazy\" decoding=\"async\" src=\"https:\/\/live.staticflickr.com\/65535\/52379021776_949b14ce48_o.jpg\" alt=\"Escuela CHUL HAK SAN (1)\" width=\"1440\" height=\"754\" \/><\/a><\/p>\n<p>De igual manera y para despejar cualquier tipo de dudas, confirm\u00f3 que \u201cnosotros hacemos capacitaciones y obviamente detectamos a la persona que llega. Vemos que problem\u00e1tica o dificultad trae, o con qu\u00e9 prop\u00f3sito. A medida de que vamos dando las clases, para ver c\u00f3mo se desarrolla el alumno, lo detectamos enseguida. Eso va en el ojo del profesor ya que es un arma de doble filo\u201d.<\/p>\n<p>En otro pasaje de la charla, y repasando sus inicios, Cornejo cont\u00f3 que \u201cantes de esto, hac\u00eda otra actividad deportiva. Tengo dos nenas, una de 4 y otra de 13. La m\u00e1s grande tuvo una dificultad de salud. Tuvo epilepsia. Se la detectaron a los 3. A los 5, la doctora que la trataba nos dijo que busc\u00e1ramos que haga alguna actividad f\u00edsica para bajar sus decibeles, y fue as\u00ed como a trav\u00e9s de un folleto lleg\u00f3 el Tae Kwon Do. La llevamos, yo la acompa\u00f1aba, y me comenz\u00f3 a gustar cada vez m\u00e1s y por eso continu\u00e9 y estudi\u00e9. Mi hija dej\u00f3, sigui\u00f3 otra actividad, pero yo no\u201d.<\/p>\n<p>Al tiempo que mencion\u00f3 que \u201cal comienzo no quer\u00eda darles a chicos, porque pens\u00e9 que no estaba capacitado. Pero cuando fui a hacer los cursos y uno de los masters, me dijeron que ten\u00eda toda la chispa\u2026 as\u00ed que me largu\u00e9 post pandemia y ahora tengo 65 alumnos\u201d.<\/p>\n<p><a title=\"Escuela CHUL HAK SAN (3)\" href=\"https:\/\/www.flickr.com\/photos\/182279889@N02\/52378081232\/in\/dateposted-public\/\" data-flickr-embed=\"true\"><img loading=\"lazy\" decoding=\"async\" class=\"alignleft\" src=\"https:\/\/live.staticflickr.com\/65535\/52378081232_6d9c303690_n.jpg\" alt=\"Escuela CHUL HAK SAN (3)\" width=\"320\" height=\"319\" \/><\/a>El instructor, que en Bah\u00eda Blanca ense\u00f1a en el Club Defensor de Ingeniero White y en el Centro de Jubilados de Villa Ressia, reconoci\u00f3 que \u201cSiempre me gust\u00f3 la comarca, y como vi que no daban Tae Kwon Do all\u00ed, quer\u00eda dar all\u00e1. Me dieron la chance de dar en el Centro de Jubilados de Sierra as\u00ed que estoy muy contento\u201d.<\/p>\n<p>Brindando detalles, enfatiz\u00f3 que \u201cdar\u00e9 para 5 a\u00f1os en adelante. Ser\u00e1 en doble turno, los mi\u00e9rcoles a partir de las 19 hasta las 21. Primero para infantiles-menores, y luego para mayores de 15 a\u00f1os. La clase se da a todos por igual. La parte f\u00edsica no impedir\u00e1 que el alumno haga la actividad\u201d.<\/p>\n<p>Sobre el camino en esta arte marcial, enumer\u00f3 que \u201cse arranca en cintur\u00f3n blanco, luego amarillo, verde, azul, rojo y de ah\u00ed cintur\u00f3n negro. Entre cinturones hay puntas. Eso es mediante ex\u00e1menes, siempre y cuando tengan las clases acordadas. No es f\u00e1cil llegar a un examen, pero tampoco imposible. Si uno comprende a lo que quiere llegar, se logra el objetivo\u201d.<\/p>\n<p>Por \u00faltimo confirm\u00f3 que \u201cel Centro de Jubilados de Saldungaray me acaba de confirmar que tambi\u00e9n tengo lugar all\u00ed, as\u00ed que en los pr\u00f3ximos d\u00edas anunciaremos qu\u00e9 d\u00eda y en qu\u00e9 horarios dar\u00e9 clases all\u00ed\u201d.<\/p>\n<p>&nbsp;<\/p>\n<p><iframe loading=\"lazy\" src=\"https:\/\/w.soundcloud.com\/player\/?url=https%3A\/\/api.soundcloud.com\/tracks\/1349614726&amp;color=%23ff5500&amp;auto_play=false&amp;hide_related=false&amp;show_comments=true&amp;show_user=true&amp;show_reposts=false&amp;show_teaser=true\" width=\"100%\" height=\"166\" frameborder=\"no\" scrolling=\"no\"><\/iframe><\/p>\n<div style=\"font-size: 10px; color: #cccccc; line-break: anywhere; word-break: normal; overflow: hidden; white-space: nowrap; text-overflow: ellipsis; font-family: Interstate,Lucida Grande,Lucida Sans Unicode,Lucida Sans,Garuda,Verdana,Tahoma,sans-serif; font-weight: 100;\"><a style=\"color: #cccccc; text-decoration: none;\" title=\"fmreflejos 103.7\" href=\"https:\/\/soundcloud.com\/fmreflejos-103-7\" target=\"_blank\" rel=\"noopener\">fmreflejos 103.7<\/a> \u00b7 <a style=\"color: #cccccc; text-decoration: none;\" title=\"Juan Jos\u00e9 Cornejo\" href=\"https:\/\/soundcloud.com\/fmreflejos-103-7\/juan-jose-cornejo\" target=\"_blank\" rel=\"noopener\">Juan Jos\u00e9 Cornejo<\/a><\/div>\n","protected":false},"excerpt":{"rendered":"<p>La actividad ser\u00e1 dada por Juan Jos\u00e9 Cornejo, II Dan Internacional, los mi\u00e9rcoles a partir de las 19. En los pr\u00f3ximos d\u00edas se confirmar\u00e1 el cronograma para llevar las mismas clases al Centro de Jubilados de Saldungaray.<\/p>\n","protected":false},"author":3,"featured_media":0,"comment_status":"closed","ping_status":"closed","sticky":false,"template":"","format":"standard","meta":{"footnotes":""},"categories":[27,26],"tags":[48],"class_list":["post-77972","post","type-post","status-publish","format-standard","hentry","category-deportes","category-sociedad","tag-destacada"],"yoast_head":"<!-- This site is optimized with the Yoast SEO plugin v25.9 - https:\/\/yoast.com\/wordpress\/plugins\/seo\/ -->\n<title>Comenzar\u00e1 a dictarse Tae Kwon Do en el Centro de Jubilados de Sierra de la Ventana - Noticias Radio Reflejos<\/title>\n<meta name=\"robots\" content=\"index, follow, max-snippet:-1, max-image-preview:large, max-video-preview:-1\" \/>\n<link rel=\"canonical\" href=\"https:\/\/www.noticiasradioreflejos.com.ar\/2021\/comenzara-a-dictarse-tae-kwon-do-en-el-centro-de-jubilados-de-sierra-de-la-ventana\/\" \/>\n<meta property=\"og:locale\" content=\"es_ES\" \/>\n<meta property=\"og:type\" content=\"article\" \/>\n<meta property=\"og:title\" content=\"Comenzar\u00e1 a dictarse Tae Kwon Do en el Centro de Jubilados de Sierra de la Ventana - Noticias Radio Reflejos\" \/>\n<meta property=\"og:description\" content=\"La actividad ser\u00e1 dada por Juan Jos\u00e9 Cornejo, II Dan Internacional, los mi\u00e9rcoles a partir de las 19. En los pr\u00f3ximos d\u00edas se confirmar\u00e1 el cronograma para llevar las mismas clases al Centro de Jubilados de Saldungaray.\" \/>\n<meta property=\"og:url\" content=\"https:\/\/www.noticiasradioreflejos.com.ar\/2021\/comenzara-a-dictarse-tae-kwon-do-en-el-centro-de-jubilados-de-sierra-de-la-ventana\/\" \/>\n<meta property=\"og:site_name\" content=\"Noticias Radio Reflejos\" \/>\n<meta property=\"article:published_time\" content=\"2022-09-23T18:24:44+00:00\" \/>\n<meta property=\"og:image\" content=\"https:\/\/live.staticflickr.com\/65535\/52379021776_949b14ce48_o.jpg\" \/>\n<meta name=\"author\" content=\"Arnaldo Botto\" \/>\n<meta name=\"twitter:card\" content=\"summary_large_image\" \/>\n<script type=\"application\/ld+json\" class=\"yoast-schema-graph\">{\"@context\":\"https:\/\/schema.org\",\"@graph\":[{\"@type\":\"WebPage\",\"@id\":\"https:\/\/www.noticiasradioreflejos.com.ar\/2021\/comenzara-a-dictarse-tae-kwon-do-en-el-centro-de-jubilados-de-sierra-de-la-ventana\/\",\"url\":\"https:\/\/www.noticiasradioreflejos.com.ar\/2021\/comenzara-a-dictarse-tae-kwon-do-en-el-centro-de-jubilados-de-sierra-de-la-ventana\/\",\"name\":\"Comenzar\u00e1 a dictarse Tae Kwon Do en el Centro de Jubilados de Sierra de la Ventana - Noticias Radio Reflejos\",\"isPartOf\":{\"@id\":\"https:\/\/www.noticiasradioreflejos.com.ar\/2021\/#website\"},\"primaryImageOfPage\":{\"@id\":\"https:\/\/www.noticiasradioreflejos.com.ar\/2021\/comenzara-a-dictarse-tae-kwon-do-en-el-centro-de-jubilados-de-sierra-de-la-ventana\/#primaryimage\"},\"image\":{\"@id\":\"https:\/\/www.noticiasradioreflejos.com.ar\/2021\/comenzara-a-dictarse-tae-kwon-do-en-el-centro-de-jubilados-de-sierra-de-la-ventana\/#primaryimage\"},\"thumbnailUrl\":\"https:\/\/live.staticflickr.com\/65535\/52379021776_949b14ce48_o.jpg\",\"datePublished\":\"2022-09-23T18:24:44+00:00\",\"author\":{\"@id\":\"https:\/\/www.noticiasradioreflejos.com.ar\/2021\/#\/schema\/person\/ad82545263dcc5ec0996818884fd5fb1\"},\"breadcrumb\":{\"@id\":\"https:\/\/www.noticiasradioreflejos.com.ar\/2021\/comenzara-a-dictarse-tae-kwon-do-en-el-centro-de-jubilados-de-sierra-de-la-ventana\/#breadcrumb\"},\"inLanguage\":\"es\",\"potentialAction\":[{\"@type\":\"ReadAction\",\"target\":[\"https:\/\/www.noticiasradioreflejos.com.ar\/2021\/comenzara-a-dictarse-tae-kwon-do-en-el-centro-de-jubilados-de-sierra-de-la-ventana\/\"]}]},{\"@type\":\"ImageObject\",\"inLanguage\":\"es\",\"@id\":\"https:\/\/www.noticiasradioreflejos.com.ar\/2021\/comenzara-a-dictarse-tae-kwon-do-en-el-centro-de-jubilados-de-sierra-de-la-ventana\/#primaryimage\",\"url\":\"https:\/\/live.staticflickr.com\/65535\/52379021776_949b14ce48_o.jpg\",\"contentUrl\":\"https:\/\/live.staticflickr.com\/65535\/52379021776_949b14ce48_o.jpg\"},{\"@type\":\"BreadcrumbList\",\"@id\":\"https:\/\/www.noticiasradioreflejos.com.ar\/2021\/comenzara-a-dictarse-tae-kwon-do-en-el-centro-de-jubilados-de-sierra-de-la-ventana\/#breadcrumb\",\"itemListElement\":[{\"@type\":\"ListItem\",\"position\":1,\"name\":\"Portada\",\"item\":\"https:\/\/www.noticiasradioreflejos.com.ar\/2021\/\"},{\"@type\":\"ListItem\",\"position\":2,\"name\":\"Comenzar\u00e1 a dictarse Tae Kwon Do en el Centro de Jubilados de Sierra de la Ventana\"}]},{\"@type\":\"WebSite\",\"@id\":\"https:\/\/www.noticiasradioreflejos.com.ar\/2021\/#website\",\"url\":\"https:\/\/www.noticiasradioreflejos.com.ar\/2021\/\",\"name\":\"Noticias Radio Reflejos\",\"description\":\"Las noticias de mi comarca\",\"potentialAction\":[{\"@type\":\"SearchAction\",\"target\":{\"@type\":\"EntryPoint\",\"urlTemplate\":\"https:\/\/www.noticiasradioreflejos.com.ar\/2021\/?s={search_term_string}\"},\"query-input\":{\"@type\":\"PropertyValueSpecification\",\"valueRequired\":true,\"valueName\":\"search_term_string\"}}],\"inLanguage\":\"es\"},{\"@type\":\"Person\",\"@id\":\"https:\/\/www.noticiasradioreflejos.com.ar\/2021\/#\/schema\/person\/ad82545263dcc5ec0996818884fd5fb1\",\"name\":\"Arnaldo Botto\",\"image\":{\"@type\":\"ImageObject\",\"inLanguage\":\"es\",\"@id\":\"https:\/\/www.noticiasradioreflejos.com.ar\/2021\/#\/schema\/person\/image\/\",\"url\":\"https:\/\/secure.gravatar.com\/avatar\/55cb5e37c1efa326397366e6974cb338056df65cb50e7d64d1cf314e87504837?s=96&d=mm&r=g\",\"contentUrl\":\"https:\/\/secure.gravatar.com\/avatar\/55cb5e37c1efa326397366e6974cb338056df65cb50e7d64d1cf314e87504837?s=96&d=mm&r=g\",\"caption\":\"Arnaldo Botto\"},\"url\":\"https:\/\/www.noticiasradioreflejos.com.ar\/2021\/author\/arnaldo\/\"}]}<\/script>\n<!-- \/ Yoast SEO plugin. -->","yoast_head_json":{"title":"Comenzar\u00e1 a dictarse Tae Kwon Do en el Centro de Jubilados de Sierra de la Ventana - Noticias Radio Reflejos","robots":{"index":"index","follow":"follow","max-snippet":"max-snippet:-1","max-image-preview":"max-image-preview:large","max-video-preview":"max-video-preview:-1"},"canonical":"https:\/\/www.noticiasradioreflejos.com.ar\/2021\/comenzara-a-dictarse-tae-kwon-do-en-el-centro-de-jubilados-de-sierra-de-la-ventana\/","og_locale":"es_ES","og_type":"article","og_title":"Comenzar\u00e1 a dictarse Tae Kwon Do en el Centro de Jubilados de Sierra de la Ventana - Noticias Radio Reflejos","og_description":"La actividad ser\u00e1 dada por Juan Jos\u00e9 Cornejo, II Dan Internacional, los mi\u00e9rcoles a partir de las 19. En los pr\u00f3ximos d\u00edas se confirmar\u00e1 el cronograma para llevar las mismas clases al Centro de Jubilados de Saldungaray.","og_url":"https:\/\/www.noticiasradioreflejos.com.ar\/2021\/comenzara-a-dictarse-tae-kwon-do-en-el-centro-de-jubilados-de-sierra-de-la-ventana\/","og_site_name":"Noticias Radio Reflejos","article_published_time":"2022-09-23T18:24:44+00:00","og_image":[{"url":"https:\/\/live.staticflickr.com\/65535\/52379021776_949b14ce48_o.jpg","type":"","width":"","height":""}],"author":"Arnaldo Botto","twitter_card":"summary_large_image","schema":{"@context":"https:\/\/schema.org","@graph":[{"@type":"WebPage","@id":"https:\/\/www.noticiasradioreflejos.com.ar\/2021\/comenzara-a-dictarse-tae-kwon-do-en-el-centro-de-jubilados-de-sierra-de-la-ventana\/","url":"https:\/\/www.noticiasradioreflejos.com.ar\/2021\/comenzara-a-dictarse-tae-kwon-do-en-el-centro-de-jubilados-de-sierra-de-la-ventana\/","name":"Comenzar\u00e1 a dictarse Tae Kwon Do en el Centro de Jubilados de Sierra de la Ventana - Noticias Radio Reflejos","isPartOf":{"@id":"https:\/\/www.noticiasradioreflejos.com.ar\/2021\/#website"},"primaryImageOfPage":{"@id":"https:\/\/www.noticiasradioreflejos.com.ar\/2021\/comenzara-a-dictarse-tae-kwon-do-en-el-centro-de-jubilados-de-sierra-de-la-ventana\/#primaryimage"},"image":{"@id":"https:\/\/www.noticiasradioreflejos.com.ar\/2021\/comenzara-a-dictarse-tae-kwon-do-en-el-centro-de-jubilados-de-sierra-de-la-ventana\/#primaryimage"},"thumbnailUrl":"https:\/\/live.staticflickr.com\/65535\/52379021776_949b14ce48_o.jpg","datePublished":"2022-09-23T18:24:44+00:00","author":{"@id":"https:\/\/www.noticiasradioreflejos.com.ar\/2021\/#\/schema\/person\/ad82545263dcc5ec0996818884fd5fb1"},"breadcrumb":{"@id":"https:\/\/www.noticiasradioreflejos.com.ar\/2021\/comenzara-a-dictarse-tae-kwon-do-en-el-centro-de-jubilados-de-sierra-de-la-ventana\/#breadcrumb"},"inLanguage":"es","potentialAction":[{"@type":"ReadAction","target":["https:\/\/www.noticiasradioreflejos.com.ar\/2021\/comenzara-a-dictarse-tae-kwon-do-en-el-centro-de-jubilados-de-sierra-de-la-ventana\/"]}]},{"@type":"ImageObject","inLanguage":"es","@id":"https:\/\/www.noticiasradioreflejos.com.ar\/2021\/comenzara-a-dictarse-tae-kwon-do-en-el-centro-de-jubilados-de-sierra-de-la-ventana\/#primaryimage","url":"https:\/\/live.staticflickr.com\/65535\/52379021776_949b14ce48_o.jpg","contentUrl":"https:\/\/live.staticflickr.com\/65535\/52379021776_949b14ce48_o.jpg"},{"@type":"BreadcrumbList","@id":"https:\/\/www.noticiasradioreflejos.com.ar\/2021\/comenzara-a-dictarse-tae-kwon-do-en-el-centro-de-jubilados-de-sierra-de-la-ventana\/#breadcrumb","itemListElement":[{"@type":"ListItem","position":1,"name":"Portada","item":"https:\/\/www.noticiasradioreflejos.com.ar\/2021\/"},{"@type":"ListItem","position":2,"name":"Comenzar\u00e1 a dictarse Tae Kwon Do en el Centro de Jubilados de Sierra de la Ventana"}]},{"@type":"WebSite","@id":"https:\/\/www.noticiasradioreflejos.com.ar\/2021\/#website","url":"https:\/\/www.noticiasradioreflejos.com.ar\/2021\/","name":"Noticias Radio Reflejos","description":"Las noticias de mi comarca","potentialAction":[{"@type":"SearchAction","target":{"@type":"EntryPoint","urlTemplate":"https:\/\/www.noticiasradioreflejos.com.ar\/2021\/?s={search_term_string}"},"query-input":{"@type":"PropertyValueSpecification","valueRequired":true,"valueName":"search_term_string"}}],"inLanguage":"es"},{"@type":"Person","@id":"https:\/\/www.noticiasradioreflejos.com.ar\/2021\/#\/schema\/person\/ad82545263dcc5ec0996818884fd5fb1","name":"Arnaldo Botto","image":{"@type":"ImageObject","inLanguage":"es","@id":"https:\/\/www.noticiasradioreflejos.com.ar\/2021\/#\/schema\/person\/image\/","url":"https:\/\/secure.gravatar.com\/avatar\/55cb5e37c1efa326397366e6974cb338056df65cb50e7d64d1cf314e87504837?s=96&d=mm&r=g","contentUrl":"https:\/\/secure.gravatar.com\/avatar\/55cb5e37c1efa326397366e6974cb338056df65cb50e7d64d1cf314e87504837?s=96&d=mm&r=g","caption":"Arnaldo Botto"},"url":"https:\/\/www.noticiasradioreflejos.com.ar\/2021\/author\/arnaldo\/"}]}},"_links":{"self":[{"href":"https:\/\/www.noticiasradioreflejos.com.ar\/2021\/wp-json\/wp\/v2\/posts\/77972","targetHints":{"allow":["GET"]}}],"collection":[{"href":"https:\/\/www.noticiasradioreflejos.com.ar\/2021\/wp-json\/wp\/v2\/posts"}],"about":[{"href":"https:\/\/www.noticiasradioreflejos.com.ar\/2021\/wp-json\/wp\/v2\/types\/post"}],"author":[{"embeddable":true,"href":"https:\/\/www.noticiasradioreflejos.com.ar\/2021\/wp-json\/wp\/v2\/users\/3"}],"replies":[{"embeddable":true,"href":"https:\/\/www.noticiasradioreflejos.com.ar\/2021\/wp-json\/wp\/v2\/comments?post=77972"}],"version-history":[{"count":2,"href":"https:\/\/www.noticiasradioreflejos.com.ar\/2021\/wp-json\/wp\/v2\/posts\/77972\/revisions"}],"predecessor-version":[{"id":77986,"href":"https:\/\/www.noticiasradioreflejos.com.ar\/2021\/wp-json\/wp\/v2\/posts\/77972\/revisions\/77986"}],"wp:attachment":[{"href":"https:\/\/www.noticiasradioreflejos.com.ar\/2021\/wp-json\/wp\/v2\/media?parent=77972"}],"wp:term":[{"taxonomy":"category","embeddable":true,"href":"https:\/\/www.noticiasradioreflejos.com.ar\/2021\/wp-json\/wp\/v2\/categories?post=77972"},{"taxonomy":"post_tag","embeddable":true,"href":"https:\/\/www.noticiasradioreflejos.com.ar\/2021\/wp-json\/wp\/v2\/tags?post=77972"}],"curies":[{"name":"wp","href":"https:\/\/api.w.org\/{rel}","templated":true}]}}