{"id":77840,"date":"2022-09-21T13:44:54","date_gmt":"2022-09-21T13:44:54","guid":{"rendered":"http:\/\/www.noticiasradioreflejos.com.ar\/2021\/?p=77840"},"modified":"2022-09-21T13:44:54","modified_gmt":"2022-09-21T13:44:54","slug":"grooming-detuvieron-a-un-hombre-que-acosaba-a-5-menores-de-edad","status":"publish","type":"post","link":"https:\/\/www.noticiasradioreflejos.com.ar\/2021\/grooming-detuvieron-a-un-hombre-que-acosaba-a-5-menores-de-edad\/","title":{"rendered":"Grooming: Detuvieron a un hombre que acosaba a 5 menores de edad"},"content":{"rendered":"<p>En el marco de una investigaci\u00f3n realizada por la<strong>\u00a0UFIJ N.\u00ba 20, a cargo del fiscal Rodolfo De Lucia,<\/strong>\u00a0el Juzgado de Garant\u00edas N.\u00ba 2 orden\u00f3 la detenci\u00f3n de Jorge Luis Ber\u00f3n por haber acosado a 5 menores de edad a trav\u00e9s de medios tecnol\u00f3gicos en Bah\u00eda Blanca e Ingeniero White.<!--more--><\/p>\n<p>Personal del Departamento de Casos Espaciales concret\u00f3 hoy la detenci\u00f3n de Ber\u00f3n en el domicilio de sus padres, ubicado en Avenida Arias al 900.<\/p>\n<p>La investigaci\u00f3n se inici\u00f3 en el a\u00f1o 2020 luego de recibirse denuncias de padres de las menores v\u00edctimas de similares situaciones, donde una persona se pon\u00eda en contacto con ellas a trav\u00e9s de perfiles falsos de WhatsApp y de Instagram (como @lucassanchez1542, joaquinperez155 o @vict_or3267), les enviaba o ped\u00eda im\u00e1genes de contenido sexual de menores de edad y las incitaba o coaccionaba para que se encontraran de manera personal.<\/p>\n<p>El trabajo investigativo permiti\u00f3 relacionar esos perfiles de Instagram y los n\u00fameros de WhatsApp, a trav\u00e9s de los que se contactaba con las v\u00edctimas, con la persona de Ber\u00f3n para solicitar su detenci\u00f3n.<\/p>\n<p>Se lo acusa de distribuci\u00f3n de representaciones de partes genitales de menores de 18 a\u00f1os con fines predominantemente sexuales, coacci\u00f3n agravada por el anonimato, captaci\u00f3n por medios telem\u00e1ticos de una menor de edad con el prop\u00f3sito de cometer un delito contra la integridad sexual de aquella (Grooming) y suministro de material pornogr\u00e1fico a menores de 14 a\u00f1os.<\/p>\n<figure class=\"wp-block-image size-large\"><img loading=\"lazy\" decoding=\"async\" class=\"wp-image-8099\" src=\"https:\/\/agenciadenoticiasjudiciales.com\/wp-content\/uploads\/2022\/09\/beron-2-1024x534.jpg\" sizes=\"auto, (max-width: 1024px) 100vw, 1024px\" srcset=\"https:\/\/agenciadenoticiasjudiciales.com\/wp-content\/uploads\/2022\/09\/beron-2-1024x534.jpg 1024w, https:\/\/agenciadenoticiasjudiciales.com\/wp-content\/uploads\/2022\/09\/beron-2-300x156.jpg 300w, https:\/\/agenciadenoticiasjudiciales.com\/wp-content\/uploads\/2022\/09\/beron-2-768x400.jpg 768w, https:\/\/agenciadenoticiasjudiciales.com\/wp-content\/uploads\/2022\/09\/beron-2.jpg 1280w\" alt=\"\" width=\"1024\" height=\"534\" \/><\/figure>\n<\/article>\n<div class=\"post-shares m-t-xs-60\">\n<div class=\"title\">Compartir:<\/div>\n<div class=\"shared-counts-wrap after_content style-axil_style\"><a class=\"shared-counts-button whatsapp no-scroll shared-counts-no-count\" title=\"Share via WhatsApp\" href=\"https:\/\/wa.me\/?text=https:\/\/agenciadenoticiasjudiciales.com\/grooming-detuvieron-a-un-hombre-que-acosaba-a-5-menores-de-edad\/\" data-postid=\"3637\" data-social-network=\"WhatsApp\" data-social-action=\"Ready\" data-social-target=\"https:\/\/wa.me\/?text=https:\/\/agenciadenoticiasjudiciales.com\/grooming-detuvieron-a-un-hombre-que-acosaba-a-5-menores-de-edad\/\"><span class=\"shared-counts-count\">0<\/span><\/a><\/div>\n<\/div>\n<\/div>\n<\/div>\n<\/div>\n<\/div>\n<\/div>\n","protected":false},"excerpt":{"rendered":"<p>En el marco de una investigaci\u00f3n realizada por la\u00a0UFIJ N.\u00ba 20, a cargo del fiscal Rodolfo De Lucia,\u00a0el Juzgado de Garant\u00edas N.\u00ba 2 orden\u00f3 la detenci\u00f3n de Jorge Luis Ber\u00f3n por haber acosado a 5 menores de edad a trav\u00e9s de medios tecnol\u00f3gicos en Bah\u00eda Blanca e Ingeniero White.<\/p>\n","protected":false},"author":3,"featured_media":0,"comment_status":"closed","ping_status":"closed","sticky":false,"template":"","format":"standard","meta":{"footnotes":""},"categories":[57],"tags":[],"class_list":["post-77840","post","type-post","status-publish","format-standard","hentry","category-judiciales"],"yoast_head":"<!-- This site is optimized with the Yoast SEO plugin v25.9 - https:\/\/yoast.com\/wordpress\/plugins\/seo\/ -->\n<title>Grooming: Detuvieron a un hombre que acosaba a 5 menores de edad - Noticias Radio Reflejos<\/title>\n<meta name=\"robots\" content=\"index, follow, max-snippet:-1, max-image-preview:large, max-video-preview:-1\" \/>\n<link rel=\"canonical\" href=\"https:\/\/www.noticiasradioreflejos.com.ar\/2021\/grooming-detuvieron-a-un-hombre-que-acosaba-a-5-menores-de-edad\/\" \/>\n<meta property=\"og:locale\" content=\"es_ES\" \/>\n<meta property=\"og:type\" content=\"article\" \/>\n<meta property=\"og:title\" content=\"Grooming: Detuvieron a un hombre que acosaba a 5 menores de edad - Noticias Radio Reflejos\" \/>\n<meta property=\"og:description\" content=\"En el marco de una investigaci\u00f3n realizada por la\u00a0UFIJ N.\u00ba 20, a cargo del fiscal Rodolfo De Lucia,\u00a0el Juzgado de Garant\u00edas N.\u00ba 2 orden\u00f3 la detenci\u00f3n de Jorge Luis Ber\u00f3n por haber acosado a 5 menores de edad a trav\u00e9s de medios tecnol\u00f3gicos en Bah\u00eda Blanca e Ingeniero White.\" \/>\n<meta property=\"og:url\" content=\"https:\/\/www.noticiasradioreflejos.com.ar\/2021\/grooming-detuvieron-a-un-hombre-que-acosaba-a-5-menores-de-edad\/\" \/>\n<meta property=\"og:site_name\" content=\"Noticias Radio Reflejos\" \/>\n<meta property=\"article:published_time\" content=\"2022-09-21T13:44:54+00:00\" \/>\n<meta property=\"og:image\" content=\"https:\/\/agenciadenoticiasjudiciales.com\/wp-content\/uploads\/2022\/09\/beron-2-1024x534.jpg\" \/>\n<meta name=\"author\" content=\"Arnaldo Botto\" \/>\n<meta name=\"twitter:card\" content=\"summary_large_image\" \/>\n<script type=\"application\/ld+json\" class=\"yoast-schema-graph\">{\"@context\":\"https:\/\/schema.org\",\"@graph\":[{\"@type\":\"WebPage\",\"@id\":\"https:\/\/www.noticiasradioreflejos.com.ar\/2021\/grooming-detuvieron-a-un-hombre-que-acosaba-a-5-menores-de-edad\/\",\"url\":\"https:\/\/www.noticiasradioreflejos.com.ar\/2021\/grooming-detuvieron-a-un-hombre-que-acosaba-a-5-menores-de-edad\/\",\"name\":\"Grooming: Detuvieron a un hombre que acosaba a 5 menores de edad - Noticias Radio Reflejos\",\"isPartOf\":{\"@id\":\"https:\/\/www.noticiasradioreflejos.com.ar\/2021\/#website\"},\"primaryImageOfPage\":{\"@id\":\"https:\/\/www.noticiasradioreflejos.com.ar\/2021\/grooming-detuvieron-a-un-hombre-que-acosaba-a-5-menores-de-edad\/#primaryimage\"},\"image\":{\"@id\":\"https:\/\/www.noticiasradioreflejos.com.ar\/2021\/grooming-detuvieron-a-un-hombre-que-acosaba-a-5-menores-de-edad\/#primaryimage\"},\"thumbnailUrl\":\"https:\/\/agenciadenoticiasjudiciales.com\/wp-content\/uploads\/2022\/09\/beron-2-1024x534.jpg\",\"datePublished\":\"2022-09-21T13:44:54+00:00\",\"author\":{\"@id\":\"https:\/\/www.noticiasradioreflejos.com.ar\/2021\/#\/schema\/person\/ad82545263dcc5ec0996818884fd5fb1\"},\"breadcrumb\":{\"@id\":\"https:\/\/www.noticiasradioreflejos.com.ar\/2021\/grooming-detuvieron-a-un-hombre-que-acosaba-a-5-menores-de-edad\/#breadcrumb\"},\"inLanguage\":\"es\",\"potentialAction\":[{\"@type\":\"ReadAction\",\"target\":[\"https:\/\/www.noticiasradioreflejos.com.ar\/2021\/grooming-detuvieron-a-un-hombre-que-acosaba-a-5-menores-de-edad\/\"]}]},{\"@type\":\"ImageObject\",\"inLanguage\":\"es\",\"@id\":\"https:\/\/www.noticiasradioreflejos.com.ar\/2021\/grooming-detuvieron-a-un-hombre-que-acosaba-a-5-menores-de-edad\/#primaryimage\",\"url\":\"https:\/\/agenciadenoticiasjudiciales.com\/wp-content\/uploads\/2022\/09\/beron-2-1024x534.jpg\",\"contentUrl\":\"https:\/\/agenciadenoticiasjudiciales.com\/wp-content\/uploads\/2022\/09\/beron-2-1024x534.jpg\"},{\"@type\":\"BreadcrumbList\",\"@id\":\"https:\/\/www.noticiasradioreflejos.com.ar\/2021\/grooming-detuvieron-a-un-hombre-que-acosaba-a-5-menores-de-edad\/#breadcrumb\",\"itemListElement\":[{\"@type\":\"ListItem\",\"position\":1,\"name\":\"Portada\",\"item\":\"https:\/\/www.noticiasradioreflejos.com.ar\/2021\/\"},{\"@type\":\"ListItem\",\"position\":2,\"name\":\"Grooming: Detuvieron a un hombre que acosaba a 5 menores de edad\"}]},{\"@type\":\"WebSite\",\"@id\":\"https:\/\/www.noticiasradioreflejos.com.ar\/2021\/#website\",\"url\":\"https:\/\/www.noticiasradioreflejos.com.ar\/2021\/\",\"name\":\"Noticias Radio Reflejos\",\"description\":\"Las noticias de mi comarca\",\"potentialAction\":[{\"@type\":\"SearchAction\",\"target\":{\"@type\":\"EntryPoint\",\"urlTemplate\":\"https:\/\/www.noticiasradioreflejos.com.ar\/2021\/?s={search_term_string}\"},\"query-input\":{\"@type\":\"PropertyValueSpecification\",\"valueRequired\":true,\"valueName\":\"search_term_string\"}}],\"inLanguage\":\"es\"},{\"@type\":\"Person\",\"@id\":\"https:\/\/www.noticiasradioreflejos.com.ar\/2021\/#\/schema\/person\/ad82545263dcc5ec0996818884fd5fb1\",\"name\":\"Arnaldo Botto\",\"image\":{\"@type\":\"ImageObject\",\"inLanguage\":\"es\",\"@id\":\"https:\/\/www.noticiasradioreflejos.com.ar\/2021\/#\/schema\/person\/image\/\",\"url\":\"https:\/\/secure.gravatar.com\/avatar\/55cb5e37c1efa326397366e6974cb338056df65cb50e7d64d1cf314e87504837?s=96&d=mm&r=g\",\"contentUrl\":\"https:\/\/secure.gravatar.com\/avatar\/55cb5e37c1efa326397366e6974cb338056df65cb50e7d64d1cf314e87504837?s=96&d=mm&r=g\",\"caption\":\"Arnaldo Botto\"},\"url\":\"https:\/\/www.noticiasradioreflejos.com.ar\/2021\/author\/arnaldo\/\"}]}<\/script>\n<!-- \/ Yoast SEO plugin. -->","yoast_head_json":{"title":"Grooming: Detuvieron a un hombre que acosaba a 5 menores de edad - Noticias Radio Reflejos","robots":{"index":"index","follow":"follow","max-snippet":"max-snippet:-1","max-image-preview":"max-image-preview:large","max-video-preview":"max-video-preview:-1"},"canonical":"https:\/\/www.noticiasradioreflejos.com.ar\/2021\/grooming-detuvieron-a-un-hombre-que-acosaba-a-5-menores-de-edad\/","og_locale":"es_ES","og_type":"article","og_title":"Grooming: Detuvieron a un hombre que acosaba a 5 menores de edad - Noticias Radio Reflejos","og_description":"En el marco de una investigaci\u00f3n realizada por la\u00a0UFIJ N.\u00ba 20, a cargo del fiscal Rodolfo De Lucia,\u00a0el Juzgado de Garant\u00edas N.\u00ba 2 orden\u00f3 la detenci\u00f3n de Jorge Luis Ber\u00f3n por haber acosado a 5 menores de edad a trav\u00e9s de medios tecnol\u00f3gicos en Bah\u00eda Blanca e Ingeniero White.","og_url":"https:\/\/www.noticiasradioreflejos.com.ar\/2021\/grooming-detuvieron-a-un-hombre-que-acosaba-a-5-menores-de-edad\/","og_site_name":"Noticias Radio Reflejos","article_published_time":"2022-09-21T13:44:54+00:00","og_image":[{"url":"https:\/\/agenciadenoticiasjudiciales.com\/wp-content\/uploads\/2022\/09\/beron-2-1024x534.jpg","type":"","width":"","height":""}],"author":"Arnaldo Botto","twitter_card":"summary_large_image","schema":{"@context":"https:\/\/schema.org","@graph":[{"@type":"WebPage","@id":"https:\/\/www.noticiasradioreflejos.com.ar\/2021\/grooming-detuvieron-a-un-hombre-que-acosaba-a-5-menores-de-edad\/","url":"https:\/\/www.noticiasradioreflejos.com.ar\/2021\/grooming-detuvieron-a-un-hombre-que-acosaba-a-5-menores-de-edad\/","name":"Grooming: Detuvieron a un hombre que acosaba a 5 menores de edad - Noticias Radio Reflejos","isPartOf":{"@id":"https:\/\/www.noticiasradioreflejos.com.ar\/2021\/#website"},"primaryImageOfPage":{"@id":"https:\/\/www.noticiasradioreflejos.com.ar\/2021\/grooming-detuvieron-a-un-hombre-que-acosaba-a-5-menores-de-edad\/#primaryimage"},"image":{"@id":"https:\/\/www.noticiasradioreflejos.com.ar\/2021\/grooming-detuvieron-a-un-hombre-que-acosaba-a-5-menores-de-edad\/#primaryimage"},"thumbnailUrl":"https:\/\/agenciadenoticiasjudiciales.com\/wp-content\/uploads\/2022\/09\/beron-2-1024x534.jpg","datePublished":"2022-09-21T13:44:54+00:00","author":{"@id":"https:\/\/www.noticiasradioreflejos.com.ar\/2021\/#\/schema\/person\/ad82545263dcc5ec0996818884fd5fb1"},"breadcrumb":{"@id":"https:\/\/www.noticiasradioreflejos.com.ar\/2021\/grooming-detuvieron-a-un-hombre-que-acosaba-a-5-menores-de-edad\/#breadcrumb"},"inLanguage":"es","potentialAction":[{"@type":"ReadAction","target":["https:\/\/www.noticiasradioreflejos.com.ar\/2021\/grooming-detuvieron-a-un-hombre-que-acosaba-a-5-menores-de-edad\/"]}]},{"@type":"ImageObject","inLanguage":"es","@id":"https:\/\/www.noticiasradioreflejos.com.ar\/2021\/grooming-detuvieron-a-un-hombre-que-acosaba-a-5-menores-de-edad\/#primaryimage","url":"https:\/\/agenciadenoticiasjudiciales.com\/wp-content\/uploads\/2022\/09\/beron-2-1024x534.jpg","contentUrl":"https:\/\/agenciadenoticiasjudiciales.com\/wp-content\/uploads\/2022\/09\/beron-2-1024x534.jpg"},{"@type":"BreadcrumbList","@id":"https:\/\/www.noticiasradioreflejos.com.ar\/2021\/grooming-detuvieron-a-un-hombre-que-acosaba-a-5-menores-de-edad\/#breadcrumb","itemListElement":[{"@type":"ListItem","position":1,"name":"Portada","item":"https:\/\/www.noticiasradioreflejos.com.ar\/2021\/"},{"@type":"ListItem","position":2,"name":"Grooming: Detuvieron a un hombre que acosaba a 5 menores de edad"}]},{"@type":"WebSite","@id":"https:\/\/www.noticiasradioreflejos.com.ar\/2021\/#website","url":"https:\/\/www.noticiasradioreflejos.com.ar\/2021\/","name":"Noticias Radio Reflejos","description":"Las noticias de mi comarca","potentialAction":[{"@type":"SearchAction","target":{"@type":"EntryPoint","urlTemplate":"https:\/\/www.noticiasradioreflejos.com.ar\/2021\/?s={search_term_string}"},"query-input":{"@type":"PropertyValueSpecification","valueRequired":true,"valueName":"search_term_string"}}],"inLanguage":"es"},{"@type":"Person","@id":"https:\/\/www.noticiasradioreflejos.com.ar\/2021\/#\/schema\/person\/ad82545263dcc5ec0996818884fd5fb1","name":"Arnaldo Botto","image":{"@type":"ImageObject","inLanguage":"es","@id":"https:\/\/www.noticiasradioreflejos.com.ar\/2021\/#\/schema\/person\/image\/","url":"https:\/\/secure.gravatar.com\/avatar\/55cb5e37c1efa326397366e6974cb338056df65cb50e7d64d1cf314e87504837?s=96&d=mm&r=g","contentUrl":"https:\/\/secure.gravatar.com\/avatar\/55cb5e37c1efa326397366e6974cb338056df65cb50e7d64d1cf314e87504837?s=96&d=mm&r=g","caption":"Arnaldo Botto"},"url":"https:\/\/www.noticiasradioreflejos.com.ar\/2021\/author\/arnaldo\/"}]}},"_links":{"self":[{"href":"https:\/\/www.noticiasradioreflejos.com.ar\/2021\/wp-json\/wp\/v2\/posts\/77840","targetHints":{"allow":["GET"]}}],"collection":[{"href":"https:\/\/www.noticiasradioreflejos.com.ar\/2021\/wp-json\/wp\/v2\/posts"}],"about":[{"href":"https:\/\/www.noticiasradioreflejos.com.ar\/2021\/wp-json\/wp\/v2\/types\/post"}],"author":[{"embeddable":true,"href":"https:\/\/www.noticiasradioreflejos.com.ar\/2021\/wp-json\/wp\/v2\/users\/3"}],"replies":[{"embeddable":true,"href":"https:\/\/www.noticiasradioreflejos.com.ar\/2021\/wp-json\/wp\/v2\/comments?post=77840"}],"version-history":[{"count":1,"href":"https:\/\/www.noticiasradioreflejos.com.ar\/2021\/wp-json\/wp\/v2\/posts\/77840\/revisions"}],"predecessor-version":[{"id":77842,"href":"https:\/\/www.noticiasradioreflejos.com.ar\/2021\/wp-json\/wp\/v2\/posts\/77840\/revisions\/77842"}],"wp:attachment":[{"href":"https:\/\/www.noticiasradioreflejos.com.ar\/2021\/wp-json\/wp\/v2\/media?parent=77840"}],"wp:term":[{"taxonomy":"category","embeddable":true,"href":"https:\/\/www.noticiasradioreflejos.com.ar\/2021\/wp-json\/wp\/v2\/categories?post=77840"},{"taxonomy":"post_tag","embeddable":true,"href":"https:\/\/www.noticiasradioreflejos.com.ar\/2021\/wp-json\/wp\/v2\/tags?post=77840"}],"curies":[{"name":"wp","href":"https:\/\/api.w.org\/{rel}","templated":true}]}}