{"id":77827,"date":"2022-09-21T11:21:00","date_gmt":"2022-09-21T11:21:00","guid":{"rendered":"http:\/\/www.noticiasradioreflejos.com.ar\/2021\/?p=77827"},"modified":"2022-09-21T11:25:25","modified_gmt":"2022-09-21T11:25:25","slug":"dia-de-la-primavera-en-argentina-es-el-21-o-el-23-de-septiembre","status":"publish","type":"post","link":"https:\/\/www.noticiasradioreflejos.com.ar\/2021\/dia-de-la-primavera-en-argentina-es-el-21-o-el-23-de-septiembre\/","title":{"rendered":"D\u00eda de la Primavera en Argentina: \u00bfes el 21 o el 23 de septiembre?\u00a0"},"content":{"rendered":"<p>Un fen\u00f3meno que se debe al equinoccio de primavera: cu\u00e1l es el d\u00eda y la hora exacta en que comienza la primavera este a\u00f1o. \u00bfPor qu\u00e9 se celebra el d\u00eda del Estudiante?<!--more--><\/p>\n<div class=\"section-2-col article-main-image\">\n<div class=\"col 2-col\">\n<div class=\"article-main-media-image__container\">\n<div class=\"image-wrapper\">\n<figure>\n<figure class=\"object-fit-block--contain intrinsic-container intrinsic-container-3x2\"><img decoding=\"async\" class=\" \" src=\"https:\/\/images.pagina12.com.ar\/styles\/focal_3_2_960x640\/public\/2022-09\/652143-46273-primavera-0.jpg?itok=-yV4lQic\" alt=\"\" \/><\/figure>\n<\/figure>\n<\/div>\n<\/div>\n<\/div>\n<\/div>\n<div class=\"section-2-col article-main-content\">\n<div class=\"col 1-col\"><\/div>\n<div class=\"col 2-col\">\n<div class=\"article-main-content article-text \">\n<p>Parece casi una certeza. Y sin embrago, no lo es tanto:\u00a0<b>el\u00a0<a href=\"https:\/\/www.pagina12.com.ar\/483125-primavera-como-estara-el-tiempo-en-argentina-este-21-de-sept\">D\u00eda de la Primavera<\/a>, que se festeja hist\u00f3ricamente el 21 de septiembre,\u00a0<\/b>este a\u00f1o en Argentina \u2014como en todo el hemisferio sur\u2014 comenzar\u00e1 dos d\u00edas despu\u00e9s,\u00a0<b>el 23 de septiembre. En el momento en que se produzca el\u00a0<a href=\"https:\/\/www.pagina12.com.ar\/482692-equinoccio-de-primavera-en-argentina-que-es-y-cuando-sucede\">equinoccio de primavera<\/a>.\u00a0<\/b>Pero, \u00bfpor qu\u00e9 sucede este fen\u00f3meno?<\/p>\n<ul>\n<li><a href=\"https:\/\/www.pagina12.com.ar\/481320-primavera-y-dia-del-estudiante-por-que-se-celebran-y-que-dia\"><b><u>Primavera y D\u00eda del estudiante: por qu\u00e9 se celebran y qu\u00e9 d\u00eda llegan en 2022<\/u><\/b><\/a><\/li>\n<\/ul>\n<ul>\n<li><u><b><a href=\"https:\/\/www.pagina12.com.ar\/483241-que-eventos-habra-en-la-ciudad-de-buenos-aires-por-el-dia-de\">Qu\u00e9 eventos habr\u00e1 en la Ciudad de Buenos Aires por el D\u00eda de la Primavera: shows, lugares y cronograma<\/a><\/b><\/u><\/li>\n<\/ul>\n<div id=\"talkFireEvent\"><\/div>\n<p>La confusi\u00f3n se debe a que una cosa es la fecha establecida convencionalmente y otra, lo que determina el calendario astron\u00f3mico. As\u00ed, este a\u00f1o los estudiantes saldr\u00e1n a las calles para celebrar la llegada de la primavera, pero en este 2022 esa estaci\u00f3n\u00a0<b>empezar\u00e1 el\u00a023 de septiembre a la 01.04, hora en que tendr\u00e1 lugar en equinoccio.<\/b><\/p>\n<p>\u00bfPor qu\u00e9? Porque seg\u00fan el calendario astron\u00f3mico, la estaci\u00f3n de la primavera comienza en el\u00a0<b>equinoccio de primavera;<\/b>\u00a0es decir, en el momento en que la Tierra se encuentra en el centro de la \u00f3rbita del Sol, entre el 21 al 23 de septiembre en el hemisferio sur. Termina con el solsticio de verano -alrededor del 21 o 22 de diciembre-. Las fecha exacta var\u00eda a\u00f1o tras a\u00f1o.<\/p>\n<p>Es el momento en que\u00a0<b>ambos hemisferios de la Tierra est\u00e1n a la misma distancia con respecto al Sol.\u00a0<\/b>Por eso dura lo mismo tanto el d\u00eda como la noche.La variabilidad en la fecha exacta \u00abse debe a que el a\u00f1o tr\u00f3pico, intervalo de tiempo entre dos pasos sucesivos del Sol por el equinoccio vernal, igual a 365.2422 d\u00edas solares medios, no es divisible con el a\u00f1o del calendario gregoriano, de 365.2425 d\u00edas solares medios\u201d, establece el Servicio de Hidrograf\u00eda Naval. \u00abSolo despu\u00e9s de un ciclo de 400 a\u00f1os, las estaciones vuelven a comenzar en los mismos d\u00edas, aproximadamente\u00bb, se explica.<\/p>\n<h2>\u00bfPor qu\u00e9 se celebra el D\u00eda del Estudiante?<\/h2>\n<p>Aunque se festeja el D\u00eda del estudiante, este d\u00eda no es feriado. La celebraci\u00f3n del<b>\u00a0D\u00eda del Estudiante\u00a0<\/b>notiene nada que ver con el cambio de estaci\u00f3n, sino que conmemora el d\u00eda que llegaron al pa\u00eds los restos de\u00a0<b>Domingo Faustino Sarmiento,\u00a0<\/b>pol\u00edtico, escritor, docente, periodista, militar y estadista argentino.<\/p>\n<p>El pr\u00f3cer falleci\u00f3 a sus 77 a\u00f1os en la ciudad de Asunci\u00f3n, en Paraguay, el\u00a0<b>11 de septiembre de 1888\u00a0<\/b>y sus restos fueron inhumados en el Cementerio de la Recoleta 10 d\u00edas despu\u00e9s.<\/p>\n<p>El D\u00eda del Estudiante c<b>omenz\u00f3 a conmemorarse en 1902<\/b>\u00a0por iniciativa de<b>\u00a0Salvador Debenedetti<\/b>, estudiante y presidente del Centro de Estudiantes de la Facultad de Filosof\u00eda y Letras de la Universidad de Buenos Aires.<\/p>\n<p>El calendario oficial de feriados, a caro del Ministerio del Interior, muestra que\u00a0<strong>durante el mes que viene, solo habr\u00e1 dos d\u00edas no laborables: el 26 y el 27, cuando se celebra el A\u00f1o Nuevo Jud\u00edo<\/strong>. En estos casos, el descanso depende del empleador, aunque -por tradici\u00f3n- algunas personas de esta religi\u00f3n pueden descansar en esta fecha, siempre que lo arreglen previamente en sus empleos.<\/p>\n<p>El descanso generalizado (y extra largo) llegar\u00e1 reci\u00e9n en octubre.\u00a0<strong>El viernes 7 del mes no habr\u00e1 que trabajar<\/strong>\u00a0por tratarse de un feriado con fines tur\u00edsticos, que servir\u00e1 para extender el descanso dado por el s\u00e1bado, el domingo y\u00a0<strong>el lunes 10, D\u00eda del Respeto a la Diversidad Cultural<\/strong>.<\/p>\n<\/div>\n<\/div>\n<\/div>\n<p>&nbsp;<\/p>\n<p><strong>Fuente P\u00e1gina 12<\/strong><\/p>\n","protected":false},"excerpt":{"rendered":"<p>Un fen\u00f3meno que se debe al equinoccio de primavera: cu\u00e1l es el d\u00eda y la hora exacta en que comienza la primavera este a\u00f1o. \u00bfPor qu\u00e9 se celebra el d\u00eda del Estudiante?<\/p>\n","protected":false},"author":3,"featured_media":77828,"comment_status":"closed","ping_status":"closed","sticky":false,"template":"","format":"standard","meta":{"footnotes":""},"categories":[46,26],"tags":[48],"class_list":["post-77827","post","type-post","status-publish","format-standard","has-post-thumbnail","hentry","category-ciencia-y-tecnologia","category-sociedad","tag-destacada"],"yoast_head":"<!-- This site is optimized with the Yoast SEO plugin v25.9 - https:\/\/yoast.com\/wordpress\/plugins\/seo\/ -->\n<title>D\u00eda de la Primavera en Argentina: \u00bfes el 21 o el 23 de septiembre?\u00a0 - Noticias Radio Reflejos<\/title>\n<meta name=\"robots\" content=\"index, follow, max-snippet:-1, max-image-preview:large, max-video-preview:-1\" \/>\n<link rel=\"canonical\" href=\"https:\/\/www.noticiasradioreflejos.com.ar\/2021\/dia-de-la-primavera-en-argentina-es-el-21-o-el-23-de-septiembre\/\" \/>\n<meta property=\"og:locale\" content=\"es_ES\" \/>\n<meta property=\"og:type\" content=\"article\" \/>\n<meta property=\"og:title\" content=\"D\u00eda de la Primavera en Argentina: \u00bfes el 21 o el 23 de septiembre?\u00a0 - Noticias Radio Reflejos\" \/>\n<meta property=\"og:description\" content=\"Un fen\u00f3meno que se debe al equinoccio de primavera: cu\u00e1l es el d\u00eda y la hora exacta en que comienza la primavera este a\u00f1o. \u00bfPor qu\u00e9 se celebra el d\u00eda del Estudiante?\" \/>\n<meta property=\"og:url\" content=\"https:\/\/www.noticiasradioreflejos.com.ar\/2021\/dia-de-la-primavera-en-argentina-es-el-21-o-el-23-de-septiembre\/\" \/>\n<meta property=\"og:site_name\" content=\"Noticias Radio Reflejos\" \/>\n<meta property=\"article:published_time\" content=\"2022-09-21T11:21:00+00:00\" \/>\n<meta property=\"article:modified_time\" content=\"2022-09-21T11:25:25+00:00\" \/>\n<meta property=\"og:image\" content=\"https:\/\/www.noticiasradioreflejos.com.ar\/2021\/wp-content\/uploads\/2022\/09\/Diquesito-primavera-10.jpg\" \/>\n\t<meta property=\"og:image:width\" content=\"2304\" \/>\n\t<meta property=\"og:image:height\" content=\"1296\" \/>\n\t<meta property=\"og:image:type\" content=\"image\/jpeg\" \/>\n<meta name=\"author\" content=\"Arnaldo Botto\" \/>\n<meta name=\"twitter:card\" content=\"summary_large_image\" \/>\n<script type=\"application\/ld+json\" class=\"yoast-schema-graph\">{\"@context\":\"https:\/\/schema.org\",\"@graph\":[{\"@type\":\"WebPage\",\"@id\":\"https:\/\/www.noticiasradioreflejos.com.ar\/2021\/dia-de-la-primavera-en-argentina-es-el-21-o-el-23-de-septiembre\/\",\"url\":\"https:\/\/www.noticiasradioreflejos.com.ar\/2021\/dia-de-la-primavera-en-argentina-es-el-21-o-el-23-de-septiembre\/\",\"name\":\"D\u00eda de la Primavera en Argentina: \u00bfes el 21 o el 23 de septiembre?\u00a0 - Noticias Radio Reflejos\",\"isPartOf\":{\"@id\":\"https:\/\/www.noticiasradioreflejos.com.ar\/2021\/#website\"},\"primaryImageOfPage\":{\"@id\":\"https:\/\/www.noticiasradioreflejos.com.ar\/2021\/dia-de-la-primavera-en-argentina-es-el-21-o-el-23-de-septiembre\/#primaryimage\"},\"image\":{\"@id\":\"https:\/\/www.noticiasradioreflejos.com.ar\/2021\/dia-de-la-primavera-en-argentina-es-el-21-o-el-23-de-septiembre\/#primaryimage\"},\"thumbnailUrl\":\"https:\/\/www.noticiasradioreflejos.com.ar\/2021\/wp-content\/uploads\/2022\/09\/Diquesito-primavera-10.jpg\",\"datePublished\":\"2022-09-21T11:21:00+00:00\",\"dateModified\":\"2022-09-21T11:25:25+00:00\",\"author\":{\"@id\":\"https:\/\/www.noticiasradioreflejos.com.ar\/2021\/#\/schema\/person\/ad82545263dcc5ec0996818884fd5fb1\"},\"breadcrumb\":{\"@id\":\"https:\/\/www.noticiasradioreflejos.com.ar\/2021\/dia-de-la-primavera-en-argentina-es-el-21-o-el-23-de-septiembre\/#breadcrumb\"},\"inLanguage\":\"es\",\"potentialAction\":[{\"@type\":\"ReadAction\",\"target\":[\"https:\/\/www.noticiasradioreflejos.com.ar\/2021\/dia-de-la-primavera-en-argentina-es-el-21-o-el-23-de-septiembre\/\"]}]},{\"@type\":\"ImageObject\",\"inLanguage\":\"es\",\"@id\":\"https:\/\/www.noticiasradioreflejos.com.ar\/2021\/dia-de-la-primavera-en-argentina-es-el-21-o-el-23-de-septiembre\/#primaryimage\",\"url\":\"https:\/\/www.noticiasradioreflejos.com.ar\/2021\/wp-content\/uploads\/2022\/09\/Diquesito-primavera-10.jpg\",\"contentUrl\":\"https:\/\/www.noticiasradioreflejos.com.ar\/2021\/wp-content\/uploads\/2022\/09\/Diquesito-primavera-10.jpg\",\"width\":2304,\"height\":1296},{\"@type\":\"BreadcrumbList\",\"@id\":\"https:\/\/www.noticiasradioreflejos.com.ar\/2021\/dia-de-la-primavera-en-argentina-es-el-21-o-el-23-de-septiembre\/#breadcrumb\",\"itemListElement\":[{\"@type\":\"ListItem\",\"position\":1,\"name\":\"Portada\",\"item\":\"https:\/\/www.noticiasradioreflejos.com.ar\/2021\/\"},{\"@type\":\"ListItem\",\"position\":2,\"name\":\"D\u00eda de la Primavera en Argentina: \u00bfes el 21 o el 23 de septiembre?\u00a0\"}]},{\"@type\":\"WebSite\",\"@id\":\"https:\/\/www.noticiasradioreflejos.com.ar\/2021\/#website\",\"url\":\"https:\/\/www.noticiasradioreflejos.com.ar\/2021\/\",\"name\":\"Noticias Radio Reflejos\",\"description\":\"Las noticias de mi comarca\",\"potentialAction\":[{\"@type\":\"SearchAction\",\"target\":{\"@type\":\"EntryPoint\",\"urlTemplate\":\"https:\/\/www.noticiasradioreflejos.com.ar\/2021\/?s={search_term_string}\"},\"query-input\":{\"@type\":\"PropertyValueSpecification\",\"valueRequired\":true,\"valueName\":\"search_term_string\"}}],\"inLanguage\":\"es\"},{\"@type\":\"Person\",\"@id\":\"https:\/\/www.noticiasradioreflejos.com.ar\/2021\/#\/schema\/person\/ad82545263dcc5ec0996818884fd5fb1\",\"name\":\"Arnaldo Botto\",\"image\":{\"@type\":\"ImageObject\",\"inLanguage\":\"es\",\"@id\":\"https:\/\/www.noticiasradioreflejos.com.ar\/2021\/#\/schema\/person\/image\/\",\"url\":\"https:\/\/secure.gravatar.com\/avatar\/55cb5e37c1efa326397366e6974cb338056df65cb50e7d64d1cf314e87504837?s=96&d=mm&r=g\",\"contentUrl\":\"https:\/\/secure.gravatar.com\/avatar\/55cb5e37c1efa326397366e6974cb338056df65cb50e7d64d1cf314e87504837?s=96&d=mm&r=g\",\"caption\":\"Arnaldo Botto\"},\"url\":\"https:\/\/www.noticiasradioreflejos.com.ar\/2021\/author\/arnaldo\/\"}]}<\/script>\n<!-- \/ Yoast SEO plugin. -->","yoast_head_json":{"title":"D\u00eda de la Primavera en Argentina: \u00bfes el 21 o el 23 de septiembre?\u00a0 - Noticias Radio Reflejos","robots":{"index":"index","follow":"follow","max-snippet":"max-snippet:-1","max-image-preview":"max-image-preview:large","max-video-preview":"max-video-preview:-1"},"canonical":"https:\/\/www.noticiasradioreflejos.com.ar\/2021\/dia-de-la-primavera-en-argentina-es-el-21-o-el-23-de-septiembre\/","og_locale":"es_ES","og_type":"article","og_title":"D\u00eda de la Primavera en Argentina: \u00bfes el 21 o el 23 de septiembre?\u00a0 - Noticias Radio Reflejos","og_description":"Un fen\u00f3meno que se debe al equinoccio de primavera: cu\u00e1l es el d\u00eda y la hora exacta en que comienza la primavera este a\u00f1o. \u00bfPor qu\u00e9 se celebra el d\u00eda del Estudiante?","og_url":"https:\/\/www.noticiasradioreflejos.com.ar\/2021\/dia-de-la-primavera-en-argentina-es-el-21-o-el-23-de-septiembre\/","og_site_name":"Noticias Radio Reflejos","article_published_time":"2022-09-21T11:21:00+00:00","article_modified_time":"2022-09-21T11:25:25+00:00","og_image":[{"width":2304,"height":1296,"url":"https:\/\/www.noticiasradioreflejos.com.ar\/2021\/wp-content\/uploads\/2022\/09\/Diquesito-primavera-10.jpg","type":"image\/jpeg"}],"author":"Arnaldo Botto","twitter_card":"summary_large_image","schema":{"@context":"https:\/\/schema.org","@graph":[{"@type":"WebPage","@id":"https:\/\/www.noticiasradioreflejos.com.ar\/2021\/dia-de-la-primavera-en-argentina-es-el-21-o-el-23-de-septiembre\/","url":"https:\/\/www.noticiasradioreflejos.com.ar\/2021\/dia-de-la-primavera-en-argentina-es-el-21-o-el-23-de-septiembre\/","name":"D\u00eda de la Primavera en Argentina: \u00bfes el 21 o el 23 de septiembre?\u00a0 - Noticias Radio Reflejos","isPartOf":{"@id":"https:\/\/www.noticiasradioreflejos.com.ar\/2021\/#website"},"primaryImageOfPage":{"@id":"https:\/\/www.noticiasradioreflejos.com.ar\/2021\/dia-de-la-primavera-en-argentina-es-el-21-o-el-23-de-septiembre\/#primaryimage"},"image":{"@id":"https:\/\/www.noticiasradioreflejos.com.ar\/2021\/dia-de-la-primavera-en-argentina-es-el-21-o-el-23-de-septiembre\/#primaryimage"},"thumbnailUrl":"https:\/\/www.noticiasradioreflejos.com.ar\/2021\/wp-content\/uploads\/2022\/09\/Diquesito-primavera-10.jpg","datePublished":"2022-09-21T11:21:00+00:00","dateModified":"2022-09-21T11:25:25+00:00","author":{"@id":"https:\/\/www.noticiasradioreflejos.com.ar\/2021\/#\/schema\/person\/ad82545263dcc5ec0996818884fd5fb1"},"breadcrumb":{"@id":"https:\/\/www.noticiasradioreflejos.com.ar\/2021\/dia-de-la-primavera-en-argentina-es-el-21-o-el-23-de-septiembre\/#breadcrumb"},"inLanguage":"es","potentialAction":[{"@type":"ReadAction","target":["https:\/\/www.noticiasradioreflejos.com.ar\/2021\/dia-de-la-primavera-en-argentina-es-el-21-o-el-23-de-septiembre\/"]}]},{"@type":"ImageObject","inLanguage":"es","@id":"https:\/\/www.noticiasradioreflejos.com.ar\/2021\/dia-de-la-primavera-en-argentina-es-el-21-o-el-23-de-septiembre\/#primaryimage","url":"https:\/\/www.noticiasradioreflejos.com.ar\/2021\/wp-content\/uploads\/2022\/09\/Diquesito-primavera-10.jpg","contentUrl":"https:\/\/www.noticiasradioreflejos.com.ar\/2021\/wp-content\/uploads\/2022\/09\/Diquesito-primavera-10.jpg","width":2304,"height":1296},{"@type":"BreadcrumbList","@id":"https:\/\/www.noticiasradioreflejos.com.ar\/2021\/dia-de-la-primavera-en-argentina-es-el-21-o-el-23-de-septiembre\/#breadcrumb","itemListElement":[{"@type":"ListItem","position":1,"name":"Portada","item":"https:\/\/www.noticiasradioreflejos.com.ar\/2021\/"},{"@type":"ListItem","position":2,"name":"D\u00eda de la Primavera en Argentina: \u00bfes el 21 o el 23 de septiembre?\u00a0"}]},{"@type":"WebSite","@id":"https:\/\/www.noticiasradioreflejos.com.ar\/2021\/#website","url":"https:\/\/www.noticiasradioreflejos.com.ar\/2021\/","name":"Noticias Radio Reflejos","description":"Las noticias de mi comarca","potentialAction":[{"@type":"SearchAction","target":{"@type":"EntryPoint","urlTemplate":"https:\/\/www.noticiasradioreflejos.com.ar\/2021\/?s={search_term_string}"},"query-input":{"@type":"PropertyValueSpecification","valueRequired":true,"valueName":"search_term_string"}}],"inLanguage":"es"},{"@type":"Person","@id":"https:\/\/www.noticiasradioreflejos.com.ar\/2021\/#\/schema\/person\/ad82545263dcc5ec0996818884fd5fb1","name":"Arnaldo Botto","image":{"@type":"ImageObject","inLanguage":"es","@id":"https:\/\/www.noticiasradioreflejos.com.ar\/2021\/#\/schema\/person\/image\/","url":"https:\/\/secure.gravatar.com\/avatar\/55cb5e37c1efa326397366e6974cb338056df65cb50e7d64d1cf314e87504837?s=96&d=mm&r=g","contentUrl":"https:\/\/secure.gravatar.com\/avatar\/55cb5e37c1efa326397366e6974cb338056df65cb50e7d64d1cf314e87504837?s=96&d=mm&r=g","caption":"Arnaldo Botto"},"url":"https:\/\/www.noticiasradioreflejos.com.ar\/2021\/author\/arnaldo\/"}]}},"_links":{"self":[{"href":"https:\/\/www.noticiasradioreflejos.com.ar\/2021\/wp-json\/wp\/v2\/posts\/77827","targetHints":{"allow":["GET"]}}],"collection":[{"href":"https:\/\/www.noticiasradioreflejos.com.ar\/2021\/wp-json\/wp\/v2\/posts"}],"about":[{"href":"https:\/\/www.noticiasradioreflejos.com.ar\/2021\/wp-json\/wp\/v2\/types\/post"}],"author":[{"embeddable":true,"href":"https:\/\/www.noticiasradioreflejos.com.ar\/2021\/wp-json\/wp\/v2\/users\/3"}],"replies":[{"embeddable":true,"href":"https:\/\/www.noticiasradioreflejos.com.ar\/2021\/wp-json\/wp\/v2\/comments?post=77827"}],"version-history":[{"count":2,"href":"https:\/\/www.noticiasradioreflejos.com.ar\/2021\/wp-json\/wp\/v2\/posts\/77827\/revisions"}],"predecessor-version":[{"id":77830,"href":"https:\/\/www.noticiasradioreflejos.com.ar\/2021\/wp-json\/wp\/v2\/posts\/77827\/revisions\/77830"}],"wp:featuredmedia":[{"embeddable":true,"href":"https:\/\/www.noticiasradioreflejos.com.ar\/2021\/wp-json\/wp\/v2\/media\/77828"}],"wp:attachment":[{"href":"https:\/\/www.noticiasradioreflejos.com.ar\/2021\/wp-json\/wp\/v2\/media?parent=77827"}],"wp:term":[{"taxonomy":"category","embeddable":true,"href":"https:\/\/www.noticiasradioreflejos.com.ar\/2021\/wp-json\/wp\/v2\/categories?post=77827"},{"taxonomy":"post_tag","embeddable":true,"href":"https:\/\/www.noticiasradioreflejos.com.ar\/2021\/wp-json\/wp\/v2\/tags?post=77827"}],"curies":[{"name":"wp","href":"https:\/\/api.w.org\/{rel}","templated":true}]}}