{"id":7766,"date":"2017-03-09T08:34:50","date_gmt":"2017-03-09T11:34:50","guid":{"rendered":"http:\/\/noticiasradioreflejos.com.ar\/noticias\/?p=7766"},"modified":"2017-03-09T08:34:50","modified_gmt":"2017-03-09T11:34:50","slug":"agradecimiento-al-personal-de-la-unidad-sanitaria-de-sierra-de-la-ventana","status":"publish","type":"post","link":"https:\/\/www.noticiasradioreflejos.com.ar\/2021\/agradecimiento-al-personal-de-la-unidad-sanitaria-de-sierra-de-la-ventana\/","title":{"rendered":"Agradecimiento al personal de la Unidad Sanitaria de Sierra de la Ventana"},"content":{"rendered":"<p>Carta de lectores:<br \/>\nEl \u00faltimo fin de semana decidimos con unas primas venir a Sierra de la Ventana a disfrutar de unos d\u00edas de descanso en la posada y spa \u00ablas Golondrinas\u00bb ubicada en el Barrio Cerro Ceferino. El d\u00eda domingo 5\/3 a las 21,30 hs. cuando ya est\u00e1bamos preparando las maletas porque al d\u00eda siguiente part\u00edamos para Bs.As. una de mis primas de 84 a\u00f1os se cay\u00f3 y sospechamos que se hab\u00eda fracturado la cadera.<br \/>\n<!--more-->El personal como as\u00ed tambi\u00e9n la propietaria de la posada se movi\u00f3 r\u00e1pidamente y solicit\u00f3 la ambulancia de la Unidad Sanitaria Emilio Aldaya, en pocos minutos se hizo presente el m\u00e9dico y un auxiliar para atender a la persona. Dicho profesional evalu\u00f3 el estado y decidi\u00f3 en forma inmediata trasladarla a la salita. cuando arribamos ya estaba la radi\u00f2loga Sra. Maira Garc\u00eda esper\u00e1ndonos para realizarle la placa y con todo su amor y buena voluntad la ayud\u00f3 en todo. El Dr. Fernando Aldaya que se hizo presente en la posada, fue quien tambi\u00e9n nos dio el informe y el diagn\u00f3stico de fractura de cadera. Nuestra intensi\u00f3n era trasladarla a Bs. As. y as\u00ed se lo manifestamos al m\u00e9dico, quien enseguida comenz\u00f3 ha hacer la gesti\u00f3n para conseguir una unidad de traslado. Se comunic\u00f3 con el director del Hospital de Tornquist y yo telef\u00f3nicamente habl\u00e9 con \u00e9l. Acordamos el traslado para el d\u00eda siguiente a las 6 de la ma\u00f1ana. Esa noche mi prima permaneci\u00f3 en la Unidad Sanitaria contenida por el Dr. Aldaya y la enfermera Erica Bonilla, dos personas maravillosas quienes junto con el camillero Leo Mollano la llenaron de mimos, logrando tranquilizarla y hacerla sentir bien, sin moverse de su lado. Los tres hicieron de este mal momento un oasis de tranquilidad permaneciendo toda la noche atentos a cualquier contratiempo que se pudiera producir. A las seis de la ma\u00f1ana ya mi prima parti\u00f3 rumbo a Bs. As. y en estos momentos esta siendo operada para colocarle la pr\u00f3tesis.<br \/>\nNo tenemos mas que palabras de agradecimiento para la Unidad Sanitaria Emilio Aldaya de Sierra de la Ventana y a todo su personal por la atenci\u00f3n recibida, por la dedicaci\u00f3n con la paciente, por la rapidez en la gesti\u00f3n por ser tan buenos profesionales, tan buenas personas y tan humanitarias.<br \/>\nTambi\u00e9n quiero destacar la higiene del lugar y a pesar de lo austero y peque\u00f1o brinda un servicio de primera calidad como el mejor hospital.<br \/>\nVivo en Bs. As. y ojal\u00e1 nosotros pudi\u00e9ramos contar con un lugar as\u00ed para ser atendido como corresponde.<br \/>\nEspero que el Municipio de Tornquist tenga en cuenta a esta Unidad Sanitaria y contin\u00fae prestando el apoyo necesario para que siga funcionando como hasta ahora.<br \/>\nAgradezco a : Dr. Fernando Aldaya<br \/>\nEnfermeras: Erica Bonilla &#8211; Emilse Rojas<br \/>\nRadi\u00f3loga: Mayra Garcia<br \/>\nAmbulancieros: Leo Mollano &#8211; Oscar y<br \/>\nFederico Caballero<br \/>\nLe pido perd\u00f3n por lo extenso del mail, pero era necesario ponerlo a Ud. en conocimiento de todo lo ocurrido. Parece raro pero algo que deber\u00eda ser normal en este pa\u00eds merece una felicitaci\u00f3n y un mil gracias por ser como son, gente linda, y con ganas de cambiar las cosas.<br \/>\nAtte. <strong>Stella M. Cagnoni &#8211; DNI 6239910<\/strong>. TEL 1530600647- Charcas 833 Mor\u00f3n. Pcia. de Bs. As.<\/p>\n","protected":false},"excerpt":{"rendered":"<p>Carta de lectores: El \u00faltimo fin de semana decidimos con unas primas venir a Sierra de la Ventana a disfrutar de unos d\u00edas de descanso en la posada y spa \u00ablas Golondrinas\u00bb ubicada en el Barrio Cerro Ceferino. El d\u00eda domingo 5\/3 a las 21,30 hs. cuando ya est\u00e1bamos preparando las maletas porque al d\u00eda [&hellip;]<\/p>\n","protected":false},"author":3,"featured_media":0,"comment_status":"closed","ping_status":"open","sticky":false,"template":"","format":"standard","meta":{"footnotes":""},"categories":[30],"tags":[],"class_list":["post-7766","post","type-post","status-publish","format-standard","hentry","category-salud"],"yoast_head":"<!-- This site is optimized with the Yoast SEO plugin v25.9 - https:\/\/yoast.com\/wordpress\/plugins\/seo\/ -->\n<title>Agradecimiento al personal de la Unidad Sanitaria de Sierra de la Ventana - Noticias Radio Reflejos<\/title>\n<meta name=\"robots\" content=\"index, follow, max-snippet:-1, max-image-preview:large, max-video-preview:-1\" \/>\n<link rel=\"canonical\" href=\"https:\/\/www.noticiasradioreflejos.com.ar\/2021\/agradecimiento-al-personal-de-la-unidad-sanitaria-de-sierra-de-la-ventana\/\" \/>\n<meta property=\"og:locale\" content=\"es_ES\" \/>\n<meta property=\"og:type\" content=\"article\" \/>\n<meta property=\"og:title\" content=\"Agradecimiento al personal de la Unidad Sanitaria de Sierra de la Ventana - Noticias Radio Reflejos\" \/>\n<meta property=\"og:description\" content=\"Carta de lectores: El \u00faltimo fin de semana decidimos con unas primas venir a Sierra de la Ventana a disfrutar de unos d\u00edas de descanso en la posada y spa \u00ablas Golondrinas\u00bb ubicada en el Barrio Cerro Ceferino. El d\u00eda domingo 5\/3 a las 21,30 hs. cuando ya est\u00e1bamos preparando las maletas porque al d\u00eda [&hellip;]\" \/>\n<meta property=\"og:url\" content=\"https:\/\/www.noticiasradioreflejos.com.ar\/2021\/agradecimiento-al-personal-de-la-unidad-sanitaria-de-sierra-de-la-ventana\/\" \/>\n<meta property=\"og:site_name\" content=\"Noticias Radio Reflejos\" \/>\n<meta property=\"article:published_time\" content=\"2017-03-09T11:34:50+00:00\" \/>\n<meta property=\"og:image\" content=\"https:\/\/www.noticiasradioreflejos.com.ar\/2021\/wp-content\/uploads\/2021\/07\/logosol300x200.png\" \/>\n\t<meta property=\"og:image:width\" content=\"300\" \/>\n\t<meta property=\"og:image:height\" content=\"200\" \/>\n\t<meta property=\"og:image:type\" content=\"image\/png\" \/>\n<meta name=\"author\" content=\"Arnaldo Botto\" \/>\n<meta name=\"twitter:card\" content=\"summary_large_image\" \/>\n<script type=\"application\/ld+json\" class=\"yoast-schema-graph\">{\"@context\":\"https:\/\/schema.org\",\"@graph\":[{\"@type\":\"WebPage\",\"@id\":\"https:\/\/www.noticiasradioreflejos.com.ar\/2021\/agradecimiento-al-personal-de-la-unidad-sanitaria-de-sierra-de-la-ventana\/\",\"url\":\"https:\/\/www.noticiasradioreflejos.com.ar\/2021\/agradecimiento-al-personal-de-la-unidad-sanitaria-de-sierra-de-la-ventana\/\",\"name\":\"Agradecimiento al personal de la Unidad Sanitaria de Sierra de la Ventana - Noticias Radio Reflejos\",\"isPartOf\":{\"@id\":\"https:\/\/www.noticiasradioreflejos.com.ar\/2021\/#website\"},\"datePublished\":\"2017-03-09T11:34:50+00:00\",\"author\":{\"@id\":\"https:\/\/www.noticiasradioreflejos.com.ar\/2021\/#\/schema\/person\/ad82545263dcc5ec0996818884fd5fb1\"},\"breadcrumb\":{\"@id\":\"https:\/\/www.noticiasradioreflejos.com.ar\/2021\/agradecimiento-al-personal-de-la-unidad-sanitaria-de-sierra-de-la-ventana\/#breadcrumb\"},\"inLanguage\":\"es\",\"potentialAction\":[{\"@type\":\"ReadAction\",\"target\":[\"https:\/\/www.noticiasradioreflejos.com.ar\/2021\/agradecimiento-al-personal-de-la-unidad-sanitaria-de-sierra-de-la-ventana\/\"]}]},{\"@type\":\"BreadcrumbList\",\"@id\":\"https:\/\/www.noticiasradioreflejos.com.ar\/2021\/agradecimiento-al-personal-de-la-unidad-sanitaria-de-sierra-de-la-ventana\/#breadcrumb\",\"itemListElement\":[{\"@type\":\"ListItem\",\"position\":1,\"name\":\"Portada\",\"item\":\"https:\/\/www.noticiasradioreflejos.com.ar\/2021\/\"},{\"@type\":\"ListItem\",\"position\":2,\"name\":\"Agradecimiento al personal de la Unidad Sanitaria de Sierra de la Ventana\"}]},{\"@type\":\"WebSite\",\"@id\":\"https:\/\/www.noticiasradioreflejos.com.ar\/2021\/#website\",\"url\":\"https:\/\/www.noticiasradioreflejos.com.ar\/2021\/\",\"name\":\"Noticias Radio Reflejos\",\"description\":\"Las noticias de mi comarca\",\"potentialAction\":[{\"@type\":\"SearchAction\",\"target\":{\"@type\":\"EntryPoint\",\"urlTemplate\":\"https:\/\/www.noticiasradioreflejos.com.ar\/2021\/?s={search_term_string}\"},\"query-input\":{\"@type\":\"PropertyValueSpecification\",\"valueRequired\":true,\"valueName\":\"search_term_string\"}}],\"inLanguage\":\"es\"},{\"@type\":\"Person\",\"@id\":\"https:\/\/www.noticiasradioreflejos.com.ar\/2021\/#\/schema\/person\/ad82545263dcc5ec0996818884fd5fb1\",\"name\":\"Arnaldo Botto\",\"image\":{\"@type\":\"ImageObject\",\"inLanguage\":\"es\",\"@id\":\"https:\/\/www.noticiasradioreflejos.com.ar\/2021\/#\/schema\/person\/image\/\",\"url\":\"https:\/\/secure.gravatar.com\/avatar\/55cb5e37c1efa326397366e6974cb338056df65cb50e7d64d1cf314e87504837?s=96&d=mm&r=g\",\"contentUrl\":\"https:\/\/secure.gravatar.com\/avatar\/55cb5e37c1efa326397366e6974cb338056df65cb50e7d64d1cf314e87504837?s=96&d=mm&r=g\",\"caption\":\"Arnaldo Botto\"},\"url\":\"https:\/\/www.noticiasradioreflejos.com.ar\/2021\/author\/arnaldo\/\"}]}<\/script>\n<!-- \/ Yoast SEO plugin. -->","yoast_head_json":{"title":"Agradecimiento al personal de la Unidad Sanitaria de Sierra de la Ventana - Noticias Radio Reflejos","robots":{"index":"index","follow":"follow","max-snippet":"max-snippet:-1","max-image-preview":"max-image-preview:large","max-video-preview":"max-video-preview:-1"},"canonical":"https:\/\/www.noticiasradioreflejos.com.ar\/2021\/agradecimiento-al-personal-de-la-unidad-sanitaria-de-sierra-de-la-ventana\/","og_locale":"es_ES","og_type":"article","og_title":"Agradecimiento al personal de la Unidad Sanitaria de Sierra de la Ventana - Noticias Radio Reflejos","og_description":"Carta de lectores: El \u00faltimo fin de semana decidimos con unas primas venir a Sierra de la Ventana a disfrutar de unos d\u00edas de descanso en la posada y spa \u00ablas Golondrinas\u00bb ubicada en el Barrio Cerro Ceferino. El d\u00eda domingo 5\/3 a las 21,30 hs. cuando ya est\u00e1bamos preparando las maletas porque al d\u00eda [&hellip;]","og_url":"https:\/\/www.noticiasradioreflejos.com.ar\/2021\/agradecimiento-al-personal-de-la-unidad-sanitaria-de-sierra-de-la-ventana\/","og_site_name":"Noticias Radio Reflejos","article_published_time":"2017-03-09T11:34:50+00:00","og_image":[{"width":300,"height":200,"url":"https:\/\/www.noticiasradioreflejos.com.ar\/2021\/wp-content\/uploads\/2021\/07\/logosol300x200.png","type":"image\/png"}],"author":"Arnaldo Botto","twitter_card":"summary_large_image","schema":{"@context":"https:\/\/schema.org","@graph":[{"@type":"WebPage","@id":"https:\/\/www.noticiasradioreflejos.com.ar\/2021\/agradecimiento-al-personal-de-la-unidad-sanitaria-de-sierra-de-la-ventana\/","url":"https:\/\/www.noticiasradioreflejos.com.ar\/2021\/agradecimiento-al-personal-de-la-unidad-sanitaria-de-sierra-de-la-ventana\/","name":"Agradecimiento al personal de la Unidad Sanitaria de Sierra de la Ventana - Noticias Radio Reflejos","isPartOf":{"@id":"https:\/\/www.noticiasradioreflejos.com.ar\/2021\/#website"},"datePublished":"2017-03-09T11:34:50+00:00","author":{"@id":"https:\/\/www.noticiasradioreflejos.com.ar\/2021\/#\/schema\/person\/ad82545263dcc5ec0996818884fd5fb1"},"breadcrumb":{"@id":"https:\/\/www.noticiasradioreflejos.com.ar\/2021\/agradecimiento-al-personal-de-la-unidad-sanitaria-de-sierra-de-la-ventana\/#breadcrumb"},"inLanguage":"es","potentialAction":[{"@type":"ReadAction","target":["https:\/\/www.noticiasradioreflejos.com.ar\/2021\/agradecimiento-al-personal-de-la-unidad-sanitaria-de-sierra-de-la-ventana\/"]}]},{"@type":"BreadcrumbList","@id":"https:\/\/www.noticiasradioreflejos.com.ar\/2021\/agradecimiento-al-personal-de-la-unidad-sanitaria-de-sierra-de-la-ventana\/#breadcrumb","itemListElement":[{"@type":"ListItem","position":1,"name":"Portada","item":"https:\/\/www.noticiasradioreflejos.com.ar\/2021\/"},{"@type":"ListItem","position":2,"name":"Agradecimiento al personal de la Unidad Sanitaria de Sierra de la Ventana"}]},{"@type":"WebSite","@id":"https:\/\/www.noticiasradioreflejos.com.ar\/2021\/#website","url":"https:\/\/www.noticiasradioreflejos.com.ar\/2021\/","name":"Noticias Radio Reflejos","description":"Las noticias de mi comarca","potentialAction":[{"@type":"SearchAction","target":{"@type":"EntryPoint","urlTemplate":"https:\/\/www.noticiasradioreflejos.com.ar\/2021\/?s={search_term_string}"},"query-input":{"@type":"PropertyValueSpecification","valueRequired":true,"valueName":"search_term_string"}}],"inLanguage":"es"},{"@type":"Person","@id":"https:\/\/www.noticiasradioreflejos.com.ar\/2021\/#\/schema\/person\/ad82545263dcc5ec0996818884fd5fb1","name":"Arnaldo Botto","image":{"@type":"ImageObject","inLanguage":"es","@id":"https:\/\/www.noticiasradioreflejos.com.ar\/2021\/#\/schema\/person\/image\/","url":"https:\/\/secure.gravatar.com\/avatar\/55cb5e37c1efa326397366e6974cb338056df65cb50e7d64d1cf314e87504837?s=96&d=mm&r=g","contentUrl":"https:\/\/secure.gravatar.com\/avatar\/55cb5e37c1efa326397366e6974cb338056df65cb50e7d64d1cf314e87504837?s=96&d=mm&r=g","caption":"Arnaldo Botto"},"url":"https:\/\/www.noticiasradioreflejos.com.ar\/2021\/author\/arnaldo\/"}]}},"_links":{"self":[{"href":"https:\/\/www.noticiasradioreflejos.com.ar\/2021\/wp-json\/wp\/v2\/posts\/7766","targetHints":{"allow":["GET"]}}],"collection":[{"href":"https:\/\/www.noticiasradioreflejos.com.ar\/2021\/wp-json\/wp\/v2\/posts"}],"about":[{"href":"https:\/\/www.noticiasradioreflejos.com.ar\/2021\/wp-json\/wp\/v2\/types\/post"}],"author":[{"embeddable":true,"href":"https:\/\/www.noticiasradioreflejos.com.ar\/2021\/wp-json\/wp\/v2\/users\/3"}],"replies":[{"embeddable":true,"href":"https:\/\/www.noticiasradioreflejos.com.ar\/2021\/wp-json\/wp\/v2\/comments?post=7766"}],"version-history":[{"count":0,"href":"https:\/\/www.noticiasradioreflejos.com.ar\/2021\/wp-json\/wp\/v2\/posts\/7766\/revisions"}],"wp:attachment":[{"href":"https:\/\/www.noticiasradioreflejos.com.ar\/2021\/wp-json\/wp\/v2\/media?parent=7766"}],"wp:term":[{"taxonomy":"category","embeddable":true,"href":"https:\/\/www.noticiasradioreflejos.com.ar\/2021\/wp-json\/wp\/v2\/categories?post=7766"},{"taxonomy":"post_tag","embeddable":true,"href":"https:\/\/www.noticiasradioreflejos.com.ar\/2021\/wp-json\/wp\/v2\/tags?post=7766"}],"curies":[{"name":"wp","href":"https:\/\/api.w.org\/{rel}","templated":true}]}}