{"id":77592,"date":"2022-09-15T16:56:57","date_gmt":"2022-09-15T16:56:57","guid":{"rendered":"http:\/\/www.noticiasradioreflejos.com.ar\/2021\/?p=77592"},"modified":"2022-09-15T16:56:57","modified_gmt":"2022-09-15T16:56:57","slug":"su-majestad-roger-federer-le-dice-adios-al-tenis-a-los-41-anos-y-deja-una-huella-imborrable","status":"publish","type":"post","link":"https:\/\/www.noticiasradioreflejos.com.ar\/2021\/su-majestad-roger-federer-le-dice-adios-al-tenis-a-los-41-anos-y-deja-una-huella-imborrable\/","title":{"rendered":"Su \u00abMajestad\u00bb Roger Federer le dice adi\u00f3s al tenis a los 41 a\u00f1os y deja una huella imborrable"},"content":{"rendered":"<p>El suizo, ganador de 20 t\u00edtulos de Grand Slam, entre ellos ocho del abierto de Wimbledon, se vestir\u00e1 de tenista por \u00faltima vez en la Laver Cup, un torneo de exhibici\u00f3n que se jugar\u00e1 entre el 23 y 25 de septiembre pr\u00f3ximo en Londres.<!--more--><\/p>\n<figure class=\"mb-3\"><img decoding=\"async\" src=\"https:\/\/www.telam.com.ar\/thumbs\/bluesteel\/advf\/imagenes\/2022\/09\/63232be289f7a_900.jpg\" alt=\"Federer se vestir de tenista por ltima vez en la Laver Cup AFP \" width=\"100%\" height=\"100%\" \/><\/p>\n<div class=\"media-icons\"><\/div><figcaption>Federer se vestir\u00e1 de tenista por \u00faltima vez en la Laver Cup (AFP).<\/figcaption><\/figure>\n<p>El suizo Roger Federer, considerado el mejor tenista de todos los tiempos por buena parte de la prensa especializada, anunci\u00f3 hoy el ep\u00edlogo de su brillante carrera a los 41 a\u00f1os para la semana pr\u00f3xima en la Laver Cup a jugarse en Londres, dejando atr\u00e1s una huella imborrable y siendo acaso la imagen del deportista ideal del siglo en curso.<\/p>\n<p>El crack nacido en Basilea el 8 de agosto de 1981 que mantuvo vigente una especie casi en extinci\u00f3n, la del tenista cl\u00e1sico.<\/p>\n<p>Conquist\u00f3 durante sus 24 a\u00f1os de carrera 20 t\u00edtulos de Grand Slam, ocho de ellos en Wimbledon, fue n\u00famero uno del mundo durante 310 semanas y acapar\u00f3 en total 103 trofeos en el circuito.<\/p>\n<p>Adem\u00e1s, el eximio tenista fue medalla dorada en los Juegos Ol\u00edmpicos de Beijing 2008 en dobles junto a su compatriota Stanislas Wawrinka, y conquist\u00f3 la Copa Davis para su pa\u00eds en 2014, entre sus logros m\u00e1s salientes.<\/p>\n<div class=\"twitter-tweet twitter-tweet-rendered\"><iframe id=\"twitter-widget-0\" class=\"\" title=\"Twitter Tweet\" src=\"https:\/\/platform.twitter.com\/embed\/Tweet.html?creatorScreenName=agenciatelam&amp;dnt=false&amp;embedId=twitter-widget-0&amp;features=eyJ0ZndfdGltZWxpbmVfbGlzdCI6eyJidWNrZXQiOlsibGlua3RyLmVlIiwidHIuZWUiLCJ0ZXJyYS5jb20uYnIiXSwidmVyc2lvbiI6bnVsbH0sInRmd19ob3Jpem9uX3RpbWVsaW5lXzEyMDM0Ijp7ImJ1Y2tldCI6InRyZWF0bWVudCIsInZlcnNpb24iOm51bGx9LCJ0ZndfdHdlZXRfZWRpdF9iYWNrZW5kIjp7ImJ1Y2tldCI6Im9uIiwidmVyc2lvbiI6bnVsbH0sInRmd19yZWZzcmNfc2Vzc2lvbiI6eyJidWNrZXQiOiJvbiIsInZlcnNpb24iOm51bGx9LCJ0ZndfY2hpbl9waWxsc18xNDc0MSI6eyJidWNrZXQiOiJjb2xvcl9pY29ucyIsInZlcnNpb24iOm51bGx9LCJ0ZndfdHdlZXRfcmVzdWx0X21pZ3JhdGlvbl8xMzk3OSI6eyJidWNrZXQiOiJ0d2VldF9yZXN1bHQiLCJ2ZXJzaW9uIjpudWxsfSwidGZ3X3NlbnNpdGl2ZV9tZWRpYV9pbnRlcnN0aXRpYWxfMTM5NjMiOnsiYnVja2V0IjoiaW50ZXJzdGl0aWFsIiwidmVyc2lvbiI6bnVsbH0sInRmd19leHBlcmltZW50c19jb29raWVfZXhwaXJhdGlvbiI6eyJidWNrZXQiOjEyMDk2MDAsInZlcnNpb24iOm51bGx9LCJ0ZndfZHVwbGljYXRlX3NjcmliZXNfdG9fc2V0dGluZ3MiOnsiYnVja2V0Ijoib24iLCJ2ZXJzaW9uIjpudWxsfSwidGZ3X3R3ZWV0X2VkaXRfZnJvbnRlbmQiOnsiYnVja2V0Ijoib2ZmIiwidmVyc2lvbiI6bnVsbH19&amp;frame=false&amp;hideCard=false&amp;hideThread=false&amp;id=1570402045085253632&amp;lang=es&amp;origin=https%3A%2F%2Fwww.telam.com.ar%2Fnotas%2F202209%2F604940-tenis-roger-federer-anuncio-retiro.html&amp;sessionId=e9ec208269da90de566658f3ad93a17f12331775&amp;siteScreenName=agenciatelam&amp;theme=light&amp;widgetsVersion=1bfeb5c3714e8%3A1661975971032&amp;width=550px\" frameborder=\"0\" scrolling=\"no\" allowfullscreen=\"allowfullscreen\" data-tweet-id=\"1570402045085253632\" data-mce-fragment=\"1\"><\/iframe><\/div>\n<p>Si bien su retiro se intu\u00eda, primero se dijo que ser\u00eda en el \u00faltimo Wimbledon, y luego se mencion\u00f3 que lo har\u00eda en el ATP 500 de Basilea, su ciudad natal, en octubre pr\u00f3ximo, nadie imagin\u00f3 que esa lesi\u00f3n en la rodilla derecha adelantara su decisi\u00f3n.<\/p>\n<p>Tampoco nadie previ\u00f3 que su \u00faltima aparici\u00f3n en el circuito fuera aqu\u00e9lla de \u00abLa Catedral\u00bb londinense del 7 de julio de 2021 cuando cay\u00f3 en los cuartos de final de Wimbledon ante el polaco Hubert Hurkacz por 6-3, 7-6 (7-4) y 6-0, ese doloroso 6-0 que termin\u00f3 siendo el \u00faltimo set en sus m\u00e1s de 1.500 partidos desde su debut en el circuito en 1998.<\/p>\n<p>Su \u00faltima funci\u00f3n ser\u00e1 la semana pr\u00f3xima en Londres, que albergar\u00e1 la Laver Cup del 23 al 25 de septiembre y se dar\u00e1 el gusto de despedirse junto a otros dos colosos como el espa\u00f1ol Rafael Nadal, due\u00f1o de 22 Grand Slams, y el serbio Novak Djokovic, quien conquist\u00f3 21, con quienes conform\u00f3 el \u00abBig Three\u00bb que domin\u00f3 el circuito durante las \u00faltimas dos d\u00e9cadas.<\/p>\n<p>Sin lugar a dudas, existe un antes y un despu\u00e9s en la historia del tenis desde la aparici\u00f3n de Federer.<\/p>\n<div class=\"twitter-tweet twitter-tweet-rendered\"><iframe id=\"twitter-widget-1\" class=\"\" title=\"Twitter Tweet\" src=\"https:\/\/platform.twitter.com\/embed\/Tweet.html?creatorScreenName=agenciatelam&amp;dnt=false&amp;embedId=twitter-widget-1&amp;features=eyJ0ZndfdGltZWxpbmVfbGlzdCI6eyJidWNrZXQiOlsibGlua3RyLmVlIiwidHIuZWUiLCJ0ZXJyYS5jb20uYnIiXSwidmVyc2lvbiI6bnVsbH0sInRmd19ob3Jpem9uX3RpbWVsaW5lXzEyMDM0Ijp7ImJ1Y2tldCI6InRyZWF0bWVudCIsInZlcnNpb24iOm51bGx9LCJ0ZndfdHdlZXRfZWRpdF9iYWNrZW5kIjp7ImJ1Y2tldCI6Im9uIiwidmVyc2lvbiI6bnVsbH0sInRmd19yZWZzcmNfc2Vzc2lvbiI6eyJidWNrZXQiOiJvbiIsInZlcnNpb24iOm51bGx9LCJ0ZndfY2hpbl9waWxsc18xNDc0MSI6eyJidWNrZXQiOiJjb2xvcl9pY29ucyIsInZlcnNpb24iOm51bGx9LCJ0ZndfdHdlZXRfcmVzdWx0X21pZ3JhdGlvbl8xMzk3OSI6eyJidWNrZXQiOiJ0d2VldF9yZXN1bHQiLCJ2ZXJzaW9uIjpudWxsfSwidGZ3X3NlbnNpdGl2ZV9tZWRpYV9pbnRlcnN0aXRpYWxfMTM5NjMiOnsiYnVja2V0IjoiaW50ZXJzdGl0aWFsIiwidmVyc2lvbiI6bnVsbH0sInRmd19leHBlcmltZW50c19jb29raWVfZXhwaXJhdGlvbiI6eyJidWNrZXQiOjEyMDk2MDAsInZlcnNpb24iOm51bGx9LCJ0ZndfZHVwbGljYXRlX3NjcmliZXNfdG9fc2V0dGluZ3MiOnsiYnVja2V0Ijoib24iLCJ2ZXJzaW9uIjpudWxsfSwidGZ3X3R3ZWV0X2VkaXRfZnJvbnRlbmQiOnsiYnVja2V0Ijoib2ZmIiwidmVyc2lvbiI6bnVsbH19&amp;frame=false&amp;hideCard=false&amp;hideThread=false&amp;id=1570401710685945856&amp;lang=es&amp;origin=https%3A%2F%2Fwww.telam.com.ar%2Fnotas%2F202209%2F604940-tenis-roger-federer-anuncio-retiro.html&amp;sessionId=e9ec208269da90de566658f3ad93a17f12331775&amp;siteScreenName=agenciatelam&amp;theme=light&amp;widgetsVersion=1bfeb5c3714e8%3A1661975971032&amp;width=550px\" frameborder=\"0\" scrolling=\"no\" allowfullscreen=\"allowfullscreen\" data-tweet-id=\"1570401710685945856\" data-mce-fragment=\"1\"><\/iframe><\/div>\n<p>El helv\u00e9tico fue de esos deportistas tocados con la varita m\u00e1gica que a su talento natural y notable facilidad para jugar al tenis le a\u00f1adi\u00f3 una elegancia y carisma que fue reconocida en cada rinc\u00f3n del planeta, eso lo transform\u00f3 en \u00fanico e inigualable.<\/p>\n<p>Claro que el Federer que se vio durante los \u00faltimos a\u00f1os cuando recorr\u00eda el circuito y cosechaba elogios y afecto, acompa\u00f1ado casi siempre por su esposa Mirka Vavrinec, una extenista eslovaca, y de vez en cuando por sus cuatro hijos, las gemelas Myla y Charlene, y los mellizos Leo y Lenny. era muy distinto al de sus inicios.<\/p>\n<p>Cuando el suizo comenz\u00f3 a deslumbrar en el circuito profesional, estaba muy lejos de la imagen de caballero que fue forjando con el correr de los a\u00f1os.<\/p>\n<p>En sus inicios era muy mal perdedor, reclamaba airadamente los fallos de los jueces y sol\u00eda arrojar su raqueta por los aires cuando las cosas no le sal\u00edan como \u00e9l quer\u00eda, o incluso impactarlas contra el piso hasta que se romp\u00edan.<\/p>\n<p>Luego cambi\u00f3 su forma de manejarse, forj\u00f3 una personalidad de caballero que inspir\u00f3 admiraci\u00f3n y respeto, y eso fue lo que m\u00e1s se recordar\u00e1 en su carrera mas all\u00e1 de los t\u00edtulos y r\u00e9cords, como el \u00faltimo de haber sido el n\u00famero uno m\u00e1s longevo cuando ten\u00eda 38 a\u00f1os.<\/p>\n<p>Federer ser\u00e1 recordado por sus duelos con el espa\u00f1ol Rafael Nadal, acaso los m\u00e1s apasionantes de toda la historia, con 40 enfrentamientos que mantuvieron en vilo a la fauna ten\u00edstica, con predominio del espa\u00f1ol por 24 \u00e9xitos contra 16.<\/p>\n<figure class=\"mb-3\"><img decoding=\"async\" src=\"https:\/\/www.telam.com.ar\/thumbs\/bluesteel\/advf\/imagenes\/2022\/09\/63234559f04c9_900.jpg\" alt=\"FedererNadal un duelo que trascendi al tenis AFP \" width=\"100%\" height=\"100%\" \/><\/p>\n<div class=\"media-icons\"><\/div><figcaption>Federer-Nadal un duelo que trascendi\u00f3 al tenis (AFP).<\/figcaption><\/figure>\n<p>Con Nadal forj\u00f3 una amistad que a\u00fan perdura y fue construida con el transcurso de los a\u00f1os, aunque no fue as\u00ed con Djokovic, con quien mantiene una relaci\u00f3n de respeto mutuo sin ning\u00fan tipo de afecto.<\/p>\n<p>\u00abMe dieron un talento especial para jugar al tenis y lo hice al nivel que nunca imagin\u00e9, durante mucho m\u00e1s tiempo del que jam\u00e1s cre\u00ed posible\u00bb, fue una de las frases especialmente elegidas por el suizo en el largo mensaje de despedida con video incluido en sus cuentas de las redes sociales Twitter e Instagram.<\/p>\n<p>Sin dudas, las tres intervenciones en su rodilla derecha que lo dejaron sin competir en la presente temporada fueron determinantes para adelantar su decisi\u00f3n, y por eso ahora el mundo estar\u00e1 pendiente de la Laver Cup, un torneo de exhibici\u00f3n que ahora gener\u00f3 un inter\u00e9s inusitado.<\/p>\n<p><iframe id=\"instagram-embed-0\" class=\"instagram-media instagram-media-rendered\" src=\"https:\/\/www.instagram.com\/p\/Cih1g8prSOE\/embed\/captioned\/?cr=1&amp;v=14&amp;wp=540&amp;rd=https%3A%2F%2Fwww.telam.com.ar&amp;rp=%2Fnotas%2F202209%2F604940-tenis-roger-federer-anuncio-retiro.html#%7B%22ci%22%3A0%2C%22os%22%3A837.2999999970198%2C%22ls%22%3A212.89999999850988%2C%22le%22%3A832.3999999985099%7D\" height=\"1024\" frameborder=\"0\" scrolling=\"no\" allowfullscreen=\"allowfullscreen\" data-instgrm-payload-id=\"instagram-media-payload-0\" data-mce-fragment=\"1\"><\/iframe><\/p>\n<p>Es que ese torneo que enfrenta al Resto del Mundo, formaci\u00f3n en la que habr\u00e1 un argentino, Diego Schwartzman, y la de Europa, se ver\u00e1 jerarquizada por la formaci\u00f3n de este \u00faltimo que incluir\u00e1 al \u00abBig Three\u00bb por completo.<\/p>\n<p>Lo que presum\u00eda pod\u00eda demorarse se adelant\u00f3, lleg\u00f3 el final en la carrera del m\u00e1s grande de todos los tiempos, del exponente m\u00e1s fiel de lo que representa un tenista perfecto, que adem\u00e1s fue un emblema de la era de la globalizaci\u00f3n por lo que gener\u00f3 no solo adentro sino afuera de la cancha tambi\u00e9n.<\/p>\n","protected":false},"excerpt":{"rendered":"<p>El suizo, ganador de 20 t\u00edtulos de Grand Slam, entre ellos ocho del abierto de Wimbledon, se vestir\u00e1 de tenista por \u00faltima vez en la Laver Cup, un torneo de exhibici\u00f3n que se jugar\u00e1 entre el 23 y 25 de septiembre pr\u00f3ximo en Londres.<\/p>\n","protected":false},"author":3,"featured_media":0,"comment_status":"closed","ping_status":"closed","sticky":false,"template":"","format":"standard","meta":{"footnotes":""},"categories":[1],"tags":[],"class_list":["post-77592","post","type-post","status-publish","format-standard","hentry","category-sin-categoria"],"yoast_head":"<!-- This site is optimized with the Yoast SEO plugin v25.9 - https:\/\/yoast.com\/wordpress\/plugins\/seo\/ -->\n<title>Su &quot;Majestad&quot; Roger Federer le dice adi\u00f3s al tenis a los 41 a\u00f1os y deja una huella imborrable - Noticias Radio Reflejos<\/title>\n<meta name=\"robots\" content=\"index, follow, max-snippet:-1, max-image-preview:large, max-video-preview:-1\" \/>\n<link rel=\"canonical\" href=\"https:\/\/www.noticiasradioreflejos.com.ar\/2021\/su-majestad-roger-federer-le-dice-adios-al-tenis-a-los-41-anos-y-deja-una-huella-imborrable\/\" \/>\n<meta property=\"og:locale\" content=\"es_ES\" \/>\n<meta property=\"og:type\" content=\"article\" \/>\n<meta property=\"og:title\" content=\"Su &quot;Majestad&quot; Roger Federer le dice adi\u00f3s al tenis a los 41 a\u00f1os y deja una huella imborrable - Noticias Radio Reflejos\" \/>\n<meta property=\"og:description\" content=\"El suizo, ganador de 20 t\u00edtulos de Grand Slam, entre ellos ocho del abierto de Wimbledon, se vestir\u00e1 de tenista por \u00faltima vez en la Laver Cup, un torneo de exhibici\u00f3n que se jugar\u00e1 entre el 23 y 25 de septiembre pr\u00f3ximo en Londres.\" \/>\n<meta property=\"og:url\" content=\"https:\/\/www.noticiasradioreflejos.com.ar\/2021\/su-majestad-roger-federer-le-dice-adios-al-tenis-a-los-41-anos-y-deja-una-huella-imborrable\/\" \/>\n<meta property=\"og:site_name\" content=\"Noticias Radio Reflejos\" \/>\n<meta property=\"article:published_time\" content=\"2022-09-15T16:56:57+00:00\" \/>\n<meta property=\"og:image\" content=\"https:\/\/www.telam.com.ar\/thumbs\/bluesteel\/advf\/imagenes\/2022\/09\/63232be289f7a_900.jpg\" \/>\n<meta name=\"author\" content=\"Arnaldo Botto\" \/>\n<meta name=\"twitter:card\" content=\"summary_large_image\" \/>\n<script type=\"application\/ld+json\" class=\"yoast-schema-graph\">{\"@context\":\"https:\/\/schema.org\",\"@graph\":[{\"@type\":\"WebPage\",\"@id\":\"https:\/\/www.noticiasradioreflejos.com.ar\/2021\/su-majestad-roger-federer-le-dice-adios-al-tenis-a-los-41-anos-y-deja-una-huella-imborrable\/\",\"url\":\"https:\/\/www.noticiasradioreflejos.com.ar\/2021\/su-majestad-roger-federer-le-dice-adios-al-tenis-a-los-41-anos-y-deja-una-huella-imborrable\/\",\"name\":\"Su \\\"Majestad\\\" Roger Federer le dice adi\u00f3s al tenis a los 41 a\u00f1os y deja una huella imborrable - Noticias Radio Reflejos\",\"isPartOf\":{\"@id\":\"https:\/\/www.noticiasradioreflejos.com.ar\/2021\/#website\"},\"primaryImageOfPage\":{\"@id\":\"https:\/\/www.noticiasradioreflejos.com.ar\/2021\/su-majestad-roger-federer-le-dice-adios-al-tenis-a-los-41-anos-y-deja-una-huella-imborrable\/#primaryimage\"},\"image\":{\"@id\":\"https:\/\/www.noticiasradioreflejos.com.ar\/2021\/su-majestad-roger-federer-le-dice-adios-al-tenis-a-los-41-anos-y-deja-una-huella-imborrable\/#primaryimage\"},\"thumbnailUrl\":\"https:\/\/www.telam.com.ar\/thumbs\/bluesteel\/advf\/imagenes\/2022\/09\/63232be289f7a_900.jpg\",\"datePublished\":\"2022-09-15T16:56:57+00:00\",\"author\":{\"@id\":\"https:\/\/www.noticiasradioreflejos.com.ar\/2021\/#\/schema\/person\/ad82545263dcc5ec0996818884fd5fb1\"},\"breadcrumb\":{\"@id\":\"https:\/\/www.noticiasradioreflejos.com.ar\/2021\/su-majestad-roger-federer-le-dice-adios-al-tenis-a-los-41-anos-y-deja-una-huella-imborrable\/#breadcrumb\"},\"inLanguage\":\"es\",\"potentialAction\":[{\"@type\":\"ReadAction\",\"target\":[\"https:\/\/www.noticiasradioreflejos.com.ar\/2021\/su-majestad-roger-federer-le-dice-adios-al-tenis-a-los-41-anos-y-deja-una-huella-imborrable\/\"]}]},{\"@type\":\"ImageObject\",\"inLanguage\":\"es\",\"@id\":\"https:\/\/www.noticiasradioreflejos.com.ar\/2021\/su-majestad-roger-federer-le-dice-adios-al-tenis-a-los-41-anos-y-deja-una-huella-imborrable\/#primaryimage\",\"url\":\"https:\/\/www.telam.com.ar\/thumbs\/bluesteel\/advf\/imagenes\/2022\/09\/63232be289f7a_900.jpg\",\"contentUrl\":\"https:\/\/www.telam.com.ar\/thumbs\/bluesteel\/advf\/imagenes\/2022\/09\/63232be289f7a_900.jpg\"},{\"@type\":\"BreadcrumbList\",\"@id\":\"https:\/\/www.noticiasradioreflejos.com.ar\/2021\/su-majestad-roger-federer-le-dice-adios-al-tenis-a-los-41-anos-y-deja-una-huella-imborrable\/#breadcrumb\",\"itemListElement\":[{\"@type\":\"ListItem\",\"position\":1,\"name\":\"Portada\",\"item\":\"https:\/\/www.noticiasradioreflejos.com.ar\/2021\/\"},{\"@type\":\"ListItem\",\"position\":2,\"name\":\"Su \u00abMajestad\u00bb Roger Federer le dice adi\u00f3s al tenis a los 41 a\u00f1os y deja una huella imborrable\"}]},{\"@type\":\"WebSite\",\"@id\":\"https:\/\/www.noticiasradioreflejos.com.ar\/2021\/#website\",\"url\":\"https:\/\/www.noticiasradioreflejos.com.ar\/2021\/\",\"name\":\"Noticias Radio Reflejos\",\"description\":\"Las noticias de mi comarca\",\"potentialAction\":[{\"@type\":\"SearchAction\",\"target\":{\"@type\":\"EntryPoint\",\"urlTemplate\":\"https:\/\/www.noticiasradioreflejos.com.ar\/2021\/?s={search_term_string}\"},\"query-input\":{\"@type\":\"PropertyValueSpecification\",\"valueRequired\":true,\"valueName\":\"search_term_string\"}}],\"inLanguage\":\"es\"},{\"@type\":\"Person\",\"@id\":\"https:\/\/www.noticiasradioreflejos.com.ar\/2021\/#\/schema\/person\/ad82545263dcc5ec0996818884fd5fb1\",\"name\":\"Arnaldo Botto\",\"image\":{\"@type\":\"ImageObject\",\"inLanguage\":\"es\",\"@id\":\"https:\/\/www.noticiasradioreflejos.com.ar\/2021\/#\/schema\/person\/image\/\",\"url\":\"https:\/\/secure.gravatar.com\/avatar\/55cb5e37c1efa326397366e6974cb338056df65cb50e7d64d1cf314e87504837?s=96&d=mm&r=g\",\"contentUrl\":\"https:\/\/secure.gravatar.com\/avatar\/55cb5e37c1efa326397366e6974cb338056df65cb50e7d64d1cf314e87504837?s=96&d=mm&r=g\",\"caption\":\"Arnaldo Botto\"},\"url\":\"https:\/\/www.noticiasradioreflejos.com.ar\/2021\/author\/arnaldo\/\"}]}<\/script>\n<!-- \/ Yoast SEO plugin. -->","yoast_head_json":{"title":"Su \"Majestad\" Roger Federer le dice adi\u00f3s al tenis a los 41 a\u00f1os y deja una huella imborrable - Noticias Radio Reflejos","robots":{"index":"index","follow":"follow","max-snippet":"max-snippet:-1","max-image-preview":"max-image-preview:large","max-video-preview":"max-video-preview:-1"},"canonical":"https:\/\/www.noticiasradioreflejos.com.ar\/2021\/su-majestad-roger-federer-le-dice-adios-al-tenis-a-los-41-anos-y-deja-una-huella-imborrable\/","og_locale":"es_ES","og_type":"article","og_title":"Su \"Majestad\" Roger Federer le dice adi\u00f3s al tenis a los 41 a\u00f1os y deja una huella imborrable - Noticias Radio Reflejos","og_description":"El suizo, ganador de 20 t\u00edtulos de Grand Slam, entre ellos ocho del abierto de Wimbledon, se vestir\u00e1 de tenista por \u00faltima vez en la Laver Cup, un torneo de exhibici\u00f3n que se jugar\u00e1 entre el 23 y 25 de septiembre pr\u00f3ximo en Londres.","og_url":"https:\/\/www.noticiasradioreflejos.com.ar\/2021\/su-majestad-roger-federer-le-dice-adios-al-tenis-a-los-41-anos-y-deja-una-huella-imborrable\/","og_site_name":"Noticias Radio Reflejos","article_published_time":"2022-09-15T16:56:57+00:00","og_image":[{"url":"https:\/\/www.telam.com.ar\/thumbs\/bluesteel\/advf\/imagenes\/2022\/09\/63232be289f7a_900.jpg","type":"","width":"","height":""}],"author":"Arnaldo Botto","twitter_card":"summary_large_image","schema":{"@context":"https:\/\/schema.org","@graph":[{"@type":"WebPage","@id":"https:\/\/www.noticiasradioreflejos.com.ar\/2021\/su-majestad-roger-federer-le-dice-adios-al-tenis-a-los-41-anos-y-deja-una-huella-imborrable\/","url":"https:\/\/www.noticiasradioreflejos.com.ar\/2021\/su-majestad-roger-federer-le-dice-adios-al-tenis-a-los-41-anos-y-deja-una-huella-imborrable\/","name":"Su \"Majestad\" Roger Federer le dice adi\u00f3s al tenis a los 41 a\u00f1os y deja una huella imborrable - Noticias Radio Reflejos","isPartOf":{"@id":"https:\/\/www.noticiasradioreflejos.com.ar\/2021\/#website"},"primaryImageOfPage":{"@id":"https:\/\/www.noticiasradioreflejos.com.ar\/2021\/su-majestad-roger-federer-le-dice-adios-al-tenis-a-los-41-anos-y-deja-una-huella-imborrable\/#primaryimage"},"image":{"@id":"https:\/\/www.noticiasradioreflejos.com.ar\/2021\/su-majestad-roger-federer-le-dice-adios-al-tenis-a-los-41-anos-y-deja-una-huella-imborrable\/#primaryimage"},"thumbnailUrl":"https:\/\/www.telam.com.ar\/thumbs\/bluesteel\/advf\/imagenes\/2022\/09\/63232be289f7a_900.jpg","datePublished":"2022-09-15T16:56:57+00:00","author":{"@id":"https:\/\/www.noticiasradioreflejos.com.ar\/2021\/#\/schema\/person\/ad82545263dcc5ec0996818884fd5fb1"},"breadcrumb":{"@id":"https:\/\/www.noticiasradioreflejos.com.ar\/2021\/su-majestad-roger-federer-le-dice-adios-al-tenis-a-los-41-anos-y-deja-una-huella-imborrable\/#breadcrumb"},"inLanguage":"es","potentialAction":[{"@type":"ReadAction","target":["https:\/\/www.noticiasradioreflejos.com.ar\/2021\/su-majestad-roger-federer-le-dice-adios-al-tenis-a-los-41-anos-y-deja-una-huella-imborrable\/"]}]},{"@type":"ImageObject","inLanguage":"es","@id":"https:\/\/www.noticiasradioreflejos.com.ar\/2021\/su-majestad-roger-federer-le-dice-adios-al-tenis-a-los-41-anos-y-deja-una-huella-imborrable\/#primaryimage","url":"https:\/\/www.telam.com.ar\/thumbs\/bluesteel\/advf\/imagenes\/2022\/09\/63232be289f7a_900.jpg","contentUrl":"https:\/\/www.telam.com.ar\/thumbs\/bluesteel\/advf\/imagenes\/2022\/09\/63232be289f7a_900.jpg"},{"@type":"BreadcrumbList","@id":"https:\/\/www.noticiasradioreflejos.com.ar\/2021\/su-majestad-roger-federer-le-dice-adios-al-tenis-a-los-41-anos-y-deja-una-huella-imborrable\/#breadcrumb","itemListElement":[{"@type":"ListItem","position":1,"name":"Portada","item":"https:\/\/www.noticiasradioreflejos.com.ar\/2021\/"},{"@type":"ListItem","position":2,"name":"Su \u00abMajestad\u00bb Roger Federer le dice adi\u00f3s al tenis a los 41 a\u00f1os y deja una huella imborrable"}]},{"@type":"WebSite","@id":"https:\/\/www.noticiasradioreflejos.com.ar\/2021\/#website","url":"https:\/\/www.noticiasradioreflejos.com.ar\/2021\/","name":"Noticias Radio Reflejos","description":"Las noticias de mi comarca","potentialAction":[{"@type":"SearchAction","target":{"@type":"EntryPoint","urlTemplate":"https:\/\/www.noticiasradioreflejos.com.ar\/2021\/?s={search_term_string}"},"query-input":{"@type":"PropertyValueSpecification","valueRequired":true,"valueName":"search_term_string"}}],"inLanguage":"es"},{"@type":"Person","@id":"https:\/\/www.noticiasradioreflejos.com.ar\/2021\/#\/schema\/person\/ad82545263dcc5ec0996818884fd5fb1","name":"Arnaldo Botto","image":{"@type":"ImageObject","inLanguage":"es","@id":"https:\/\/www.noticiasradioreflejos.com.ar\/2021\/#\/schema\/person\/image\/","url":"https:\/\/secure.gravatar.com\/avatar\/55cb5e37c1efa326397366e6974cb338056df65cb50e7d64d1cf314e87504837?s=96&d=mm&r=g","contentUrl":"https:\/\/secure.gravatar.com\/avatar\/55cb5e37c1efa326397366e6974cb338056df65cb50e7d64d1cf314e87504837?s=96&d=mm&r=g","caption":"Arnaldo Botto"},"url":"https:\/\/www.noticiasradioreflejos.com.ar\/2021\/author\/arnaldo\/"}]}},"_links":{"self":[{"href":"https:\/\/www.noticiasradioreflejos.com.ar\/2021\/wp-json\/wp\/v2\/posts\/77592","targetHints":{"allow":["GET"]}}],"collection":[{"href":"https:\/\/www.noticiasradioreflejos.com.ar\/2021\/wp-json\/wp\/v2\/posts"}],"about":[{"href":"https:\/\/www.noticiasradioreflejos.com.ar\/2021\/wp-json\/wp\/v2\/types\/post"}],"author":[{"embeddable":true,"href":"https:\/\/www.noticiasradioreflejos.com.ar\/2021\/wp-json\/wp\/v2\/users\/3"}],"replies":[{"embeddable":true,"href":"https:\/\/www.noticiasradioreflejos.com.ar\/2021\/wp-json\/wp\/v2\/comments?post=77592"}],"version-history":[{"count":1,"href":"https:\/\/www.noticiasradioreflejos.com.ar\/2021\/wp-json\/wp\/v2\/posts\/77592\/revisions"}],"predecessor-version":[{"id":77594,"href":"https:\/\/www.noticiasradioreflejos.com.ar\/2021\/wp-json\/wp\/v2\/posts\/77592\/revisions\/77594"}],"wp:attachment":[{"href":"https:\/\/www.noticiasradioreflejos.com.ar\/2021\/wp-json\/wp\/v2\/media?parent=77592"}],"wp:term":[{"taxonomy":"category","embeddable":true,"href":"https:\/\/www.noticiasradioreflejos.com.ar\/2021\/wp-json\/wp\/v2\/categories?post=77592"},{"taxonomy":"post_tag","embeddable":true,"href":"https:\/\/www.noticiasradioreflejos.com.ar\/2021\/wp-json\/wp\/v2\/tags?post=77592"}],"curies":[{"name":"wp","href":"https:\/\/api.w.org\/{rel}","templated":true}]}}