{"id":77587,"date":"2022-09-15T17:12:34","date_gmt":"2022-09-15T17:12:34","guid":{"rendered":"http:\/\/www.noticiasradioreflejos.com.ar\/2021\/?p=77587"},"modified":"2022-09-15T17:24:51","modified_gmt":"2022-09-15T17:24:51","slug":"hospital-de-tornquist-el-tomografo-se-encuentra-habilitado-y-en-funcionamiento","status":"publish","type":"post","link":"https:\/\/www.noticiasradioreflejos.com.ar\/2021\/hospital-de-tornquist-el-tomografo-se-encuentra-habilitado-y-en-funcionamiento\/","title":{"rendered":"Hospital de Tornquist: \u201cEl tom\u00f3grafo se encuentra habilitado y en funcionamiento\u201d"},"content":{"rendered":"<p>As\u00ed lo confirm\u00f3 la licenciada Mayra Prost, Jefa del Servicio de Im\u00e1genes del nosocomio. \u201cHasta el momento la demanda no es abundante pero una vez que se corra la voz aumentar\u00e1 el pedido de turnos\u201d asegur\u00f3.<!--more--><\/p>\n<p><a title=\"Bordoni Krepalc\" href=\"https:\/\/www.flickr.com\/photos\/182279889@N02\/52360393949\/in\/dateposted-public\/\" data-flickr-embed=\"true\"><img loading=\"lazy\" decoding=\"async\" src=\"https:\/\/live.staticflickr.com\/65535\/52360393949_a8026085d5_z.jpg\" alt=\"Bordoni Krepalc\" width=\"640\" height=\"408\" \/><\/a><script async src=\"\/\/embedr.flickr.com\/assets\/client-code.js\" charset=\"utf-8\"><\/script><br \/>\n<em>El Ministro de Salud bonaerense y Sergio Bordoni en el momento de la inauguraci\u00f3n del tom\u00f3grafo.<\/em><\/p>\n<p>Un elemento sumamente provechoso se agreg\u00f3 a la aparatolog\u00eda del Hospital de Tornquist. Desde hace poco m\u00e1s de un mes dicho centro asistencial cuenta con un tom\u00f3grafo, evit\u00e1ndole a los vecinos de la regi\u00f3n el traslado hasta otros lugares, como Bah\u00eda Blanca.<\/p>\n<p>Al respecto, la Jefa del Servicio de Im\u00e1genes del hospital, la licenciada Mayra Prost, cont\u00f3 que \u201cel tom\u00f3grafo se encuentra habilitado y en funcionamiento\u201d agregando al mismo tiempo que \u201chay dos tipos de turnera. Se dividieron entre estudios contrastados y sin contraste\u201d.<\/p>\n<p><a title=\"WhatsApp Image 2022-09-15 at 14.05.55\" href=\"https:\/\/www.flickr.com\/photos\/182279889@N02\/52360054876\/in\/dateposted-public\/\" data-flickr-embed=\"true\"><img loading=\"lazy\" decoding=\"async\" class=\"alignleft\" src=\"https:\/\/live.staticflickr.com\/65535\/52360054876_d3ffe76ffb_z.jpg\" alt=\"WhatsApp Image 2022-09-15 at 14.05.55\" width=\"267\" height=\"475\" \/><\/a>Explicando esto, asegur\u00f3 que \u201cen los primeros, se les va a tomar los datos al paciente, para luego llamarlo y coordinar un d\u00eda y hora, ya que debe estar el m\u00e9dico presente. En los que no son contrastados, la turnera est\u00e1 habilitada diariamente, de ma\u00f1ana de 9 a 13 y de tarde de 15 a 19\u201d.<\/p>\n<p>Al mismo tiempo remarc\u00f3 que \u201cluego de ese horario tenemos una guardia pasiva, con el m\u00e9dico de guardia haci\u00e9ndose cargo de la supervisi\u00f3n de ese estudio. Los fines de semana y feriados esas guardias pasivas son de 24 horas. Los turnos pueden solicitarse al <strong>4940407 o al 4941020\u201d<\/strong>.<\/p>\n<p>En otro pasaje de la charla la especialista explic\u00f3 que \u201cel contraste puede ser v\u00eda oral, que el paciente ingiere un l\u00edquido cuando llega al hospital, o puede ser un d\u00eda anterior y el mismo d\u00eda. Al mismo tiempo hay otro contraste que es endovenoso, que se le inyecta al paciente a la hora del estudio. En todos los casos el paciente debe estar en ayunas, y por esto tiene que haber un m\u00e9dico supervisando\u201d.<\/p>\n<p>Sobre los profesionales que se ocupan del nuevo elemento de observaci\u00f3n, confirm\u00f3 que \u201cse prepar\u00f3 al servicio de radiolog\u00eda un tiempo antes que llegara el tom\u00f3grafo, y de esa manera que puedan utilizarlo sin problemas\u201d.<\/p>\n<p>Por \u00faltimo reconoci\u00f3 que \u201chasta el momento la demanda no es abundante, por el hecho de que a\u00fan no es muy conocido este nuevo servicio. Mucha gente viene a preguntar para saber si realmente ya est\u00e1 funcionando, y con el paso de los d\u00edas y el boca en boca la demanda aumentar\u00e1\u201d.<\/p>\n<p><iframe loading=\"lazy\" src=\"https:\/\/w.soundcloud.com\/player\/?url=https%3A\/\/api.soundcloud.com\/tracks\/1344419350&amp;color=%23ff5500&amp;auto_play=false&amp;hide_related=false&amp;show_comments=true&amp;show_user=true&amp;show_reposts=false&amp;show_teaser=true\" width=\"100%\" height=\"166\" frameborder=\"no\" scrolling=\"no\"><\/iframe><\/p>\n<div style=\"font-size: 10px; color: #cccccc; line-break: anywhere; word-break: normal; overflow: hidden; white-space: nowrap; text-overflow: ellipsis; font-family: Interstate,Lucida Grande,Lucida Sans Unicode,Lucida Sans,Garuda,Verdana,Tahoma,sans-serif; font-weight: 100;\"><a style=\"color: #cccccc; text-decoration: none;\" title=\"fmreflejos 103.7\" href=\"https:\/\/soundcloud.com\/fmreflejos-103-7\" target=\"_blank\" rel=\"noopener\">fmreflejos 103.7<\/a> \u00b7 <a style=\"color: #cccccc; text-decoration: none;\" title=\"Mayra Prost\" href=\"https:\/\/soundcloud.com\/fmreflejos-103-7\/maira-pros\" target=\"_blank\" rel=\"noopener\">Mayra Prost<\/a><\/div>\n","protected":false},"excerpt":{"rendered":"<p>As\u00ed lo confirm\u00f3 la licenciada Mayra Prost, Jefa del Servicio de Im\u00e1genes del nosocomio. \u201cHasta el momento la demanda no es abundante pero una vez que se corra la voz aumentar\u00e1 el pedido de turnos\u201d asegur\u00f3.<\/p>\n","protected":false},"author":3,"featured_media":0,"comment_status":"closed","ping_status":"closed","sticky":false,"template":"","format":"standard","meta":{"footnotes":""},"categories":[28,24,30],"tags":[48],"class_list":["post-77587","post","type-post","status-publish","format-standard","hentry","category-municipales","category-politica","category-salud","tag-destacada"],"yoast_head":"<!-- This site is optimized with the Yoast SEO plugin v25.9 - https:\/\/yoast.com\/wordpress\/plugins\/seo\/ -->\n<title>Hospital de Tornquist: \u201cEl tom\u00f3grafo se encuentra habilitado y en funcionamiento\u201d - Noticias Radio Reflejos<\/title>\n<meta name=\"robots\" content=\"index, follow, max-snippet:-1, max-image-preview:large, max-video-preview:-1\" \/>\n<link rel=\"canonical\" href=\"https:\/\/www.noticiasradioreflejos.com.ar\/2021\/hospital-de-tornquist-el-tomografo-se-encuentra-habilitado-y-en-funcionamiento\/\" \/>\n<meta property=\"og:locale\" content=\"es_ES\" \/>\n<meta property=\"og:type\" content=\"article\" \/>\n<meta property=\"og:title\" content=\"Hospital de Tornquist: \u201cEl tom\u00f3grafo se encuentra habilitado y en funcionamiento\u201d - Noticias Radio Reflejos\" \/>\n<meta property=\"og:description\" content=\"As\u00ed lo confirm\u00f3 la licenciada Mayra Prost, Jefa del Servicio de Im\u00e1genes del nosocomio. \u201cHasta el momento la demanda no es abundante pero una vez que se corra la voz aumentar\u00e1 el pedido de turnos\u201d asegur\u00f3.\" \/>\n<meta property=\"og:url\" content=\"https:\/\/www.noticiasradioreflejos.com.ar\/2021\/hospital-de-tornquist-el-tomografo-se-encuentra-habilitado-y-en-funcionamiento\/\" \/>\n<meta property=\"og:site_name\" content=\"Noticias Radio Reflejos\" \/>\n<meta property=\"article:published_time\" content=\"2022-09-15T17:12:34+00:00\" \/>\n<meta property=\"article:modified_time\" content=\"2022-09-15T17:24:51+00:00\" \/>\n<meta property=\"og:image\" content=\"https:\/\/live.staticflickr.com\/65535\/52360393949_a8026085d5_z.jpg\" \/>\n<meta name=\"author\" content=\"Arnaldo Botto\" \/>\n<meta name=\"twitter:card\" content=\"summary_large_image\" \/>\n<script type=\"application\/ld+json\" class=\"yoast-schema-graph\">{\"@context\":\"https:\/\/schema.org\",\"@graph\":[{\"@type\":\"WebPage\",\"@id\":\"https:\/\/www.noticiasradioreflejos.com.ar\/2021\/hospital-de-tornquist-el-tomografo-se-encuentra-habilitado-y-en-funcionamiento\/\",\"url\":\"https:\/\/www.noticiasradioreflejos.com.ar\/2021\/hospital-de-tornquist-el-tomografo-se-encuentra-habilitado-y-en-funcionamiento\/\",\"name\":\"Hospital de Tornquist: \u201cEl tom\u00f3grafo se encuentra habilitado y en funcionamiento\u201d - Noticias Radio Reflejos\",\"isPartOf\":{\"@id\":\"https:\/\/www.noticiasradioreflejos.com.ar\/2021\/#website\"},\"primaryImageOfPage\":{\"@id\":\"https:\/\/www.noticiasradioreflejos.com.ar\/2021\/hospital-de-tornquist-el-tomografo-se-encuentra-habilitado-y-en-funcionamiento\/#primaryimage\"},\"image\":{\"@id\":\"https:\/\/www.noticiasradioreflejos.com.ar\/2021\/hospital-de-tornquist-el-tomografo-se-encuentra-habilitado-y-en-funcionamiento\/#primaryimage\"},\"thumbnailUrl\":\"https:\/\/live.staticflickr.com\/65535\/52360393949_a8026085d5_z.jpg\",\"datePublished\":\"2022-09-15T17:12:34+00:00\",\"dateModified\":\"2022-09-15T17:24:51+00:00\",\"author\":{\"@id\":\"https:\/\/www.noticiasradioreflejos.com.ar\/2021\/#\/schema\/person\/ad82545263dcc5ec0996818884fd5fb1\"},\"breadcrumb\":{\"@id\":\"https:\/\/www.noticiasradioreflejos.com.ar\/2021\/hospital-de-tornquist-el-tomografo-se-encuentra-habilitado-y-en-funcionamiento\/#breadcrumb\"},\"inLanguage\":\"es\",\"potentialAction\":[{\"@type\":\"ReadAction\",\"target\":[\"https:\/\/www.noticiasradioreflejos.com.ar\/2021\/hospital-de-tornquist-el-tomografo-se-encuentra-habilitado-y-en-funcionamiento\/\"]}]},{\"@type\":\"ImageObject\",\"inLanguage\":\"es\",\"@id\":\"https:\/\/www.noticiasradioreflejos.com.ar\/2021\/hospital-de-tornquist-el-tomografo-se-encuentra-habilitado-y-en-funcionamiento\/#primaryimage\",\"url\":\"https:\/\/live.staticflickr.com\/65535\/52360393949_a8026085d5_z.jpg\",\"contentUrl\":\"https:\/\/live.staticflickr.com\/65535\/52360393949_a8026085d5_z.jpg\"},{\"@type\":\"BreadcrumbList\",\"@id\":\"https:\/\/www.noticiasradioreflejos.com.ar\/2021\/hospital-de-tornquist-el-tomografo-se-encuentra-habilitado-y-en-funcionamiento\/#breadcrumb\",\"itemListElement\":[{\"@type\":\"ListItem\",\"position\":1,\"name\":\"Portada\",\"item\":\"https:\/\/www.noticiasradioreflejos.com.ar\/2021\/\"},{\"@type\":\"ListItem\",\"position\":2,\"name\":\"Hospital de Tornquist: \u201cEl tom\u00f3grafo se encuentra habilitado y en funcionamiento\u201d\"}]},{\"@type\":\"WebSite\",\"@id\":\"https:\/\/www.noticiasradioreflejos.com.ar\/2021\/#website\",\"url\":\"https:\/\/www.noticiasradioreflejos.com.ar\/2021\/\",\"name\":\"Noticias Radio Reflejos\",\"description\":\"Las noticias de mi comarca\",\"potentialAction\":[{\"@type\":\"SearchAction\",\"target\":{\"@type\":\"EntryPoint\",\"urlTemplate\":\"https:\/\/www.noticiasradioreflejos.com.ar\/2021\/?s={search_term_string}\"},\"query-input\":{\"@type\":\"PropertyValueSpecification\",\"valueRequired\":true,\"valueName\":\"search_term_string\"}}],\"inLanguage\":\"es\"},{\"@type\":\"Person\",\"@id\":\"https:\/\/www.noticiasradioreflejos.com.ar\/2021\/#\/schema\/person\/ad82545263dcc5ec0996818884fd5fb1\",\"name\":\"Arnaldo Botto\",\"image\":{\"@type\":\"ImageObject\",\"inLanguage\":\"es\",\"@id\":\"https:\/\/www.noticiasradioreflejos.com.ar\/2021\/#\/schema\/person\/image\/\",\"url\":\"https:\/\/secure.gravatar.com\/avatar\/55cb5e37c1efa326397366e6974cb338056df65cb50e7d64d1cf314e87504837?s=96&d=mm&r=g\",\"contentUrl\":\"https:\/\/secure.gravatar.com\/avatar\/55cb5e37c1efa326397366e6974cb338056df65cb50e7d64d1cf314e87504837?s=96&d=mm&r=g\",\"caption\":\"Arnaldo Botto\"},\"url\":\"https:\/\/www.noticiasradioreflejos.com.ar\/2021\/author\/arnaldo\/\"}]}<\/script>\n<!-- \/ Yoast SEO plugin. -->","yoast_head_json":{"title":"Hospital de Tornquist: \u201cEl tom\u00f3grafo se encuentra habilitado y en funcionamiento\u201d - Noticias Radio Reflejos","robots":{"index":"index","follow":"follow","max-snippet":"max-snippet:-1","max-image-preview":"max-image-preview:large","max-video-preview":"max-video-preview:-1"},"canonical":"https:\/\/www.noticiasradioreflejos.com.ar\/2021\/hospital-de-tornquist-el-tomografo-se-encuentra-habilitado-y-en-funcionamiento\/","og_locale":"es_ES","og_type":"article","og_title":"Hospital de Tornquist: \u201cEl tom\u00f3grafo se encuentra habilitado y en funcionamiento\u201d - Noticias Radio Reflejos","og_description":"As\u00ed lo confirm\u00f3 la licenciada Mayra Prost, Jefa del Servicio de Im\u00e1genes del nosocomio. \u201cHasta el momento la demanda no es abundante pero una vez que se corra la voz aumentar\u00e1 el pedido de turnos\u201d asegur\u00f3.","og_url":"https:\/\/www.noticiasradioreflejos.com.ar\/2021\/hospital-de-tornquist-el-tomografo-se-encuentra-habilitado-y-en-funcionamiento\/","og_site_name":"Noticias Radio Reflejos","article_published_time":"2022-09-15T17:12:34+00:00","article_modified_time":"2022-09-15T17:24:51+00:00","og_image":[{"url":"https:\/\/live.staticflickr.com\/65535\/52360393949_a8026085d5_z.jpg","type":"","width":"","height":""}],"author":"Arnaldo Botto","twitter_card":"summary_large_image","schema":{"@context":"https:\/\/schema.org","@graph":[{"@type":"WebPage","@id":"https:\/\/www.noticiasradioreflejos.com.ar\/2021\/hospital-de-tornquist-el-tomografo-se-encuentra-habilitado-y-en-funcionamiento\/","url":"https:\/\/www.noticiasradioreflejos.com.ar\/2021\/hospital-de-tornquist-el-tomografo-se-encuentra-habilitado-y-en-funcionamiento\/","name":"Hospital de Tornquist: \u201cEl tom\u00f3grafo se encuentra habilitado y en funcionamiento\u201d - Noticias Radio Reflejos","isPartOf":{"@id":"https:\/\/www.noticiasradioreflejos.com.ar\/2021\/#website"},"primaryImageOfPage":{"@id":"https:\/\/www.noticiasradioreflejos.com.ar\/2021\/hospital-de-tornquist-el-tomografo-se-encuentra-habilitado-y-en-funcionamiento\/#primaryimage"},"image":{"@id":"https:\/\/www.noticiasradioreflejos.com.ar\/2021\/hospital-de-tornquist-el-tomografo-se-encuentra-habilitado-y-en-funcionamiento\/#primaryimage"},"thumbnailUrl":"https:\/\/live.staticflickr.com\/65535\/52360393949_a8026085d5_z.jpg","datePublished":"2022-09-15T17:12:34+00:00","dateModified":"2022-09-15T17:24:51+00:00","author":{"@id":"https:\/\/www.noticiasradioreflejos.com.ar\/2021\/#\/schema\/person\/ad82545263dcc5ec0996818884fd5fb1"},"breadcrumb":{"@id":"https:\/\/www.noticiasradioreflejos.com.ar\/2021\/hospital-de-tornquist-el-tomografo-se-encuentra-habilitado-y-en-funcionamiento\/#breadcrumb"},"inLanguage":"es","potentialAction":[{"@type":"ReadAction","target":["https:\/\/www.noticiasradioreflejos.com.ar\/2021\/hospital-de-tornquist-el-tomografo-se-encuentra-habilitado-y-en-funcionamiento\/"]}]},{"@type":"ImageObject","inLanguage":"es","@id":"https:\/\/www.noticiasradioreflejos.com.ar\/2021\/hospital-de-tornquist-el-tomografo-se-encuentra-habilitado-y-en-funcionamiento\/#primaryimage","url":"https:\/\/live.staticflickr.com\/65535\/52360393949_a8026085d5_z.jpg","contentUrl":"https:\/\/live.staticflickr.com\/65535\/52360393949_a8026085d5_z.jpg"},{"@type":"BreadcrumbList","@id":"https:\/\/www.noticiasradioreflejos.com.ar\/2021\/hospital-de-tornquist-el-tomografo-se-encuentra-habilitado-y-en-funcionamiento\/#breadcrumb","itemListElement":[{"@type":"ListItem","position":1,"name":"Portada","item":"https:\/\/www.noticiasradioreflejos.com.ar\/2021\/"},{"@type":"ListItem","position":2,"name":"Hospital de Tornquist: \u201cEl tom\u00f3grafo se encuentra habilitado y en funcionamiento\u201d"}]},{"@type":"WebSite","@id":"https:\/\/www.noticiasradioreflejos.com.ar\/2021\/#website","url":"https:\/\/www.noticiasradioreflejos.com.ar\/2021\/","name":"Noticias Radio Reflejos","description":"Las noticias de mi comarca","potentialAction":[{"@type":"SearchAction","target":{"@type":"EntryPoint","urlTemplate":"https:\/\/www.noticiasradioreflejos.com.ar\/2021\/?s={search_term_string}"},"query-input":{"@type":"PropertyValueSpecification","valueRequired":true,"valueName":"search_term_string"}}],"inLanguage":"es"},{"@type":"Person","@id":"https:\/\/www.noticiasradioreflejos.com.ar\/2021\/#\/schema\/person\/ad82545263dcc5ec0996818884fd5fb1","name":"Arnaldo Botto","image":{"@type":"ImageObject","inLanguage":"es","@id":"https:\/\/www.noticiasradioreflejos.com.ar\/2021\/#\/schema\/person\/image\/","url":"https:\/\/secure.gravatar.com\/avatar\/55cb5e37c1efa326397366e6974cb338056df65cb50e7d64d1cf314e87504837?s=96&d=mm&r=g","contentUrl":"https:\/\/secure.gravatar.com\/avatar\/55cb5e37c1efa326397366e6974cb338056df65cb50e7d64d1cf314e87504837?s=96&d=mm&r=g","caption":"Arnaldo Botto"},"url":"https:\/\/www.noticiasradioreflejos.com.ar\/2021\/author\/arnaldo\/"}]}},"_links":{"self":[{"href":"https:\/\/www.noticiasradioreflejos.com.ar\/2021\/wp-json\/wp\/v2\/posts\/77587","targetHints":{"allow":["GET"]}}],"collection":[{"href":"https:\/\/www.noticiasradioreflejos.com.ar\/2021\/wp-json\/wp\/v2\/posts"}],"about":[{"href":"https:\/\/www.noticiasradioreflejos.com.ar\/2021\/wp-json\/wp\/v2\/types\/post"}],"author":[{"embeddable":true,"href":"https:\/\/www.noticiasradioreflejos.com.ar\/2021\/wp-json\/wp\/v2\/users\/3"}],"replies":[{"embeddable":true,"href":"https:\/\/www.noticiasradioreflejos.com.ar\/2021\/wp-json\/wp\/v2\/comments?post=77587"}],"version-history":[{"count":3,"href":"https:\/\/www.noticiasradioreflejos.com.ar\/2021\/wp-json\/wp\/v2\/posts\/77587\/revisions"}],"predecessor-version":[{"id":77614,"href":"https:\/\/www.noticiasradioreflejos.com.ar\/2021\/wp-json\/wp\/v2\/posts\/77587\/revisions\/77614"}],"wp:attachment":[{"href":"https:\/\/www.noticiasradioreflejos.com.ar\/2021\/wp-json\/wp\/v2\/media?parent=77587"}],"wp:term":[{"taxonomy":"category","embeddable":true,"href":"https:\/\/www.noticiasradioreflejos.com.ar\/2021\/wp-json\/wp\/v2\/categories?post=77587"},{"taxonomy":"post_tag","embeddable":true,"href":"https:\/\/www.noticiasradioreflejos.com.ar\/2021\/wp-json\/wp\/v2\/tags?post=77587"}],"curies":[{"name":"wp","href":"https:\/\/api.w.org\/{rel}","templated":true}]}}