{"id":77577,"date":"2022-09-15T16:52:17","date_gmt":"2022-09-15T16:52:17","guid":{"rendered":"http:\/\/www.noticiasradioreflejos.com.ar\/2021\/?p=77577"},"modified":"2022-09-15T18:45:42","modified_gmt":"2022-09-15T18:45:42","slug":"una-fotografia-sobre-la-obra-de-salamone-se-llevo-el-primer-premio-en-una-trienal-de-arquitectura-y-urbanismo","status":"publish","type":"post","link":"https:\/\/www.noticiasradioreflejos.com.ar\/2021\/una-fotografia-sobre-la-obra-de-salamone-se-llevo-el-primer-premio-en-una-trienal-de-arquitectura-y-urbanismo\/","title":{"rendered":"Una fotograf\u00eda sobre la obra de Salamone se llev\u00f3 el primer premio en una Trienal de Arquitectura y Urbanismo"},"content":{"rendered":"<p>El<strong> ingeniero Alfredo Luis Fushimi<\/strong> capt\u00f3 un momento \u00fanico en el ingreso al cementerio de Laprida, el cual se llev\u00f3 todos los elogios. Este s\u00e1bado le entregar\u00e1n el galard\u00f3n.<!--more--><\/p>\n<p>Hace algunas semanas se desarroll\u00f3 la Trienal de Arquitectura y Urbanismo de la Provincia de Buenos Aires, dentro del Distrito 5 con cabecera en Mercedes. En ese \u00e1mbito se propuso un concurso fotogr\u00e1fico y fue en ese marco que una de las obras de Salamone volvi\u00f3 a llevarse todas las miradas.<\/p>\n<p>Con el ojo afilado y la idea en la cabeza, el ingeniero Alfredo Fujimi consigui\u00f3 retratar una verdadera obra de arte del acceso al cementerio de Laprida, en donde la noche fue la c\u00f3mplice perfecta para una composici\u00f3n maravillosa.<\/p>\n<p>Al respecto, el propio Fushimi reconoci\u00f3 que \u201ctengo fotos de antes de la pandemia. Con la fotograf\u00eda me pasa algo\u2026 a algunas las dejo a\u00f1ejar porque las veo y no le encuentro la vuelta. No tengo esa urgencia de editarlas enseguida. A esta la ten\u00eda ah\u00ed, porque tiene una mirada distinta\u201d, admitiendo que la captura data de un par de a\u00f1os atr\u00e1s.<\/p>\n<p>En esa l\u00ednea admiti\u00f3 que \u201cen fotograf\u00eda, en estos momentos en las obras de Salamone ser\u00eda bueno correrse un poco de las fotograf\u00edas cl\u00e1sicas. La obra del ingeniero permite tener miradas distintas e intent\u00e9 ir por ese lugar\u201d.<\/p>\n<p>De igual manera, y continuando en la l\u00ednea sincera, confirm\u00f3 que \u201clo de la estrella fue de pura casualidad\u201d haciendo referencia al astro que puede apreciarse en el margen superior de la captura. Sobre eso mencion\u00f3 que \u201cson los regalos que nos da la naturaleza sin que nos demos cuenta\u201d.<\/p>\n<p>Al mismo tiempo cont\u00f3 que \u201cme gustar\u00eda ir en primavera porque hay un momento en que la luz del sol tiene que pasar bastante limpia a trav\u00e9s de las rajas y deber\u00eda dar una imagen muy interesante al atardecer\u201d.<\/p>\n<p>Sobre el concurso, afirm\u00f3 que \u201cme avisaron amigos arquitectos de este concurso, as\u00ed que con todo gusto particip\u00e9. M\u00e1s all\u00e1 del ego y de las ganas de ganar, lo importante es la difusi\u00f3n de la obra a trav\u00e9s de un medio de expresi\u00f3n como lo es la fotograf\u00eda\u201d.<\/p>\n<p>En tanto que sobre el reconocimiento logrado, \u201cme avisaron el martes 13 que hab\u00eda ganado. El s\u00e1bado entregar\u00e1n los premios. Tengo la intensi\u00f3n de poder asistir\u201d.<\/p>\n<p>&nbsp;<\/p>\n<p><iframe loading=\"lazy\" src=\"https:\/\/w.soundcloud.com\/player\/?url=https%3A\/\/api.soundcloud.com\/tracks\/1344399964&amp;color=%23ff5500&amp;auto_play=false&amp;hide_related=false&amp;show_comments=true&amp;show_user=true&amp;show_reposts=false&amp;show_teaser=true\" width=\"100%\" height=\"166\" frameborder=\"no\" scrolling=\"no\"><\/iframe><\/p>\n<div style=\"font-size: 10px; color: #cccccc; line-break: anywhere; word-break: normal; overflow: hidden; white-space: nowrap; text-overflow: ellipsis; font-family: Interstate,Lucida Grande,Lucida Sans Unicode,Lucida Sans,Garuda,Verdana,Tahoma,sans-serif; font-weight: 100;\"><a style=\"color: #cccccc; text-decoration: none;\" title=\"fmreflejos 103.7\" href=\"https:\/\/soundcloud.com\/fmreflejos-103-7\" target=\"_blank\" rel=\"noopener\">fmreflejos 103.7<\/a> \u00b7 <a style=\"color: #cccccc; text-decoration: none;\" title=\"Alfredo Fujimi\" href=\"https:\/\/soundcloud.com\/fmreflejos-103-7\/alfredo-fujimi-1\" target=\"_blank\" rel=\"noopener\">Alfredo Fujimi<\/a><\/div>\n<p><iframe loading=\"lazy\" style=\"border: none; overflow: hidden;\" src=\"https:\/\/www.facebook.com\/plugins\/post.php?href=https%3A%2F%2Fwww.facebook.com%2Fcapba5%2Fposts%2F8336406379733624&amp;show_text=true&amp;width=500\" width=\"500\" height=\"729\" frameborder=\"0\" scrolling=\"no\" allowfullscreen=\"allowfullscreen\"><\/iframe><\/p>\n","protected":false},"excerpt":{"rendered":"<p>El ingeniero Alfredo Luis Fushimi capt\u00f3 un momento \u00fanico en el ingreso al cementerio de Laprida, el cual se llev\u00f3 todos los elogios. Este s\u00e1bado le entregar\u00e1n el galard\u00f3n.<\/p>\n","protected":false},"author":3,"featured_media":0,"comment_status":"closed","ping_status":"closed","sticky":false,"template":"","format":"standard","meta":{"footnotes":""},"categories":[46,35,26],"tags":[48],"class_list":["post-77577","post","type-post","status-publish","format-standard","hentry","category-ciencia-y-tecnologia","category-cultura","category-sociedad","tag-destacada"],"yoast_head":"<!-- This site is optimized with the Yoast SEO plugin v25.9 - https:\/\/yoast.com\/wordpress\/plugins\/seo\/ -->\n<title>Una fotograf\u00eda sobre la obra de Salamone se llev\u00f3 el primer premio en una Trienal de Arquitectura y Urbanismo - Noticias Radio Reflejos<\/title>\n<meta name=\"robots\" content=\"index, follow, max-snippet:-1, max-image-preview:large, max-video-preview:-1\" \/>\n<link rel=\"canonical\" href=\"https:\/\/www.noticiasradioreflejos.com.ar\/2021\/una-fotografia-sobre-la-obra-de-salamone-se-llevo-el-primer-premio-en-una-trienal-de-arquitectura-y-urbanismo\/\" \/>\n<meta property=\"og:locale\" content=\"es_ES\" \/>\n<meta property=\"og:type\" content=\"article\" \/>\n<meta property=\"og:title\" content=\"Una fotograf\u00eda sobre la obra de Salamone se llev\u00f3 el primer premio en una Trienal de Arquitectura y Urbanismo - Noticias Radio Reflejos\" \/>\n<meta property=\"og:description\" content=\"El ingeniero Alfredo Luis Fushimi capt\u00f3 un momento \u00fanico en el ingreso al cementerio de Laprida, el cual se llev\u00f3 todos los elogios. Este s\u00e1bado le entregar\u00e1n el galard\u00f3n.\" \/>\n<meta property=\"og:url\" content=\"https:\/\/www.noticiasradioreflejos.com.ar\/2021\/una-fotografia-sobre-la-obra-de-salamone-se-llevo-el-primer-premio-en-una-trienal-de-arquitectura-y-urbanismo\/\" \/>\n<meta property=\"og:site_name\" content=\"Noticias Radio Reflejos\" \/>\n<meta property=\"article:published_time\" content=\"2022-09-15T16:52:17+00:00\" \/>\n<meta property=\"article:modified_time\" content=\"2022-09-15T18:45:42+00:00\" \/>\n<meta property=\"og:image\" content=\"https:\/\/www.noticiasradioreflejos.com.ar\/2021\/wp-content\/uploads\/2021\/07\/logosol300x200.png\" \/>\n\t<meta property=\"og:image:width\" content=\"300\" \/>\n\t<meta property=\"og:image:height\" content=\"200\" \/>\n\t<meta property=\"og:image:type\" content=\"image\/png\" \/>\n<meta name=\"author\" content=\"Arnaldo Botto\" \/>\n<meta name=\"twitter:card\" content=\"summary_large_image\" \/>\n<script type=\"application\/ld+json\" class=\"yoast-schema-graph\">{\"@context\":\"https:\/\/schema.org\",\"@graph\":[{\"@type\":\"WebPage\",\"@id\":\"https:\/\/www.noticiasradioreflejos.com.ar\/2021\/una-fotografia-sobre-la-obra-de-salamone-se-llevo-el-primer-premio-en-una-trienal-de-arquitectura-y-urbanismo\/\",\"url\":\"https:\/\/www.noticiasradioreflejos.com.ar\/2021\/una-fotografia-sobre-la-obra-de-salamone-se-llevo-el-primer-premio-en-una-trienal-de-arquitectura-y-urbanismo\/\",\"name\":\"Una fotograf\u00eda sobre la obra de Salamone se llev\u00f3 el primer premio en una Trienal de Arquitectura y Urbanismo - Noticias Radio Reflejos\",\"isPartOf\":{\"@id\":\"https:\/\/www.noticiasradioreflejos.com.ar\/2021\/#website\"},\"datePublished\":\"2022-09-15T16:52:17+00:00\",\"dateModified\":\"2022-09-15T18:45:42+00:00\",\"author\":{\"@id\":\"https:\/\/www.noticiasradioreflejos.com.ar\/2021\/#\/schema\/person\/ad82545263dcc5ec0996818884fd5fb1\"},\"breadcrumb\":{\"@id\":\"https:\/\/www.noticiasradioreflejos.com.ar\/2021\/una-fotografia-sobre-la-obra-de-salamone-se-llevo-el-primer-premio-en-una-trienal-de-arquitectura-y-urbanismo\/#breadcrumb\"},\"inLanguage\":\"es\",\"potentialAction\":[{\"@type\":\"ReadAction\",\"target\":[\"https:\/\/www.noticiasradioreflejos.com.ar\/2021\/una-fotografia-sobre-la-obra-de-salamone-se-llevo-el-primer-premio-en-una-trienal-de-arquitectura-y-urbanismo\/\"]}]},{\"@type\":\"BreadcrumbList\",\"@id\":\"https:\/\/www.noticiasradioreflejos.com.ar\/2021\/una-fotografia-sobre-la-obra-de-salamone-se-llevo-el-primer-premio-en-una-trienal-de-arquitectura-y-urbanismo\/#breadcrumb\",\"itemListElement\":[{\"@type\":\"ListItem\",\"position\":1,\"name\":\"Portada\",\"item\":\"https:\/\/www.noticiasradioreflejos.com.ar\/2021\/\"},{\"@type\":\"ListItem\",\"position\":2,\"name\":\"Una fotograf\u00eda sobre la obra de Salamone se llev\u00f3 el primer premio en una Trienal de Arquitectura y Urbanismo\"}]},{\"@type\":\"WebSite\",\"@id\":\"https:\/\/www.noticiasradioreflejos.com.ar\/2021\/#website\",\"url\":\"https:\/\/www.noticiasradioreflejos.com.ar\/2021\/\",\"name\":\"Noticias Radio Reflejos\",\"description\":\"Las noticias de mi comarca\",\"potentialAction\":[{\"@type\":\"SearchAction\",\"target\":{\"@type\":\"EntryPoint\",\"urlTemplate\":\"https:\/\/www.noticiasradioreflejos.com.ar\/2021\/?s={search_term_string}\"},\"query-input\":{\"@type\":\"PropertyValueSpecification\",\"valueRequired\":true,\"valueName\":\"search_term_string\"}}],\"inLanguage\":\"es\"},{\"@type\":\"Person\",\"@id\":\"https:\/\/www.noticiasradioreflejos.com.ar\/2021\/#\/schema\/person\/ad82545263dcc5ec0996818884fd5fb1\",\"name\":\"Arnaldo Botto\",\"image\":{\"@type\":\"ImageObject\",\"inLanguage\":\"es\",\"@id\":\"https:\/\/www.noticiasradioreflejos.com.ar\/2021\/#\/schema\/person\/image\/\",\"url\":\"https:\/\/secure.gravatar.com\/avatar\/55cb5e37c1efa326397366e6974cb338056df65cb50e7d64d1cf314e87504837?s=96&d=mm&r=g\",\"contentUrl\":\"https:\/\/secure.gravatar.com\/avatar\/55cb5e37c1efa326397366e6974cb338056df65cb50e7d64d1cf314e87504837?s=96&d=mm&r=g\",\"caption\":\"Arnaldo Botto\"},\"url\":\"https:\/\/www.noticiasradioreflejos.com.ar\/2021\/author\/arnaldo\/\"}]}<\/script>\n<!-- \/ Yoast SEO plugin. -->","yoast_head_json":{"title":"Una fotograf\u00eda sobre la obra de Salamone se llev\u00f3 el primer premio en una Trienal de Arquitectura y Urbanismo - Noticias Radio Reflejos","robots":{"index":"index","follow":"follow","max-snippet":"max-snippet:-1","max-image-preview":"max-image-preview:large","max-video-preview":"max-video-preview:-1"},"canonical":"https:\/\/www.noticiasradioreflejos.com.ar\/2021\/una-fotografia-sobre-la-obra-de-salamone-se-llevo-el-primer-premio-en-una-trienal-de-arquitectura-y-urbanismo\/","og_locale":"es_ES","og_type":"article","og_title":"Una fotograf\u00eda sobre la obra de Salamone se llev\u00f3 el primer premio en una Trienal de Arquitectura y Urbanismo - Noticias Radio Reflejos","og_description":"El ingeniero Alfredo Luis Fushimi capt\u00f3 un momento \u00fanico en el ingreso al cementerio de Laprida, el cual se llev\u00f3 todos los elogios. Este s\u00e1bado le entregar\u00e1n el galard\u00f3n.","og_url":"https:\/\/www.noticiasradioreflejos.com.ar\/2021\/una-fotografia-sobre-la-obra-de-salamone-se-llevo-el-primer-premio-en-una-trienal-de-arquitectura-y-urbanismo\/","og_site_name":"Noticias Radio Reflejos","article_published_time":"2022-09-15T16:52:17+00:00","article_modified_time":"2022-09-15T18:45:42+00:00","og_image":[{"width":300,"height":200,"url":"https:\/\/www.noticiasradioreflejos.com.ar\/2021\/wp-content\/uploads\/2021\/07\/logosol300x200.png","type":"image\/png"}],"author":"Arnaldo Botto","twitter_card":"summary_large_image","schema":{"@context":"https:\/\/schema.org","@graph":[{"@type":"WebPage","@id":"https:\/\/www.noticiasradioreflejos.com.ar\/2021\/una-fotografia-sobre-la-obra-de-salamone-se-llevo-el-primer-premio-en-una-trienal-de-arquitectura-y-urbanismo\/","url":"https:\/\/www.noticiasradioreflejos.com.ar\/2021\/una-fotografia-sobre-la-obra-de-salamone-se-llevo-el-primer-premio-en-una-trienal-de-arquitectura-y-urbanismo\/","name":"Una fotograf\u00eda sobre la obra de Salamone se llev\u00f3 el primer premio en una Trienal de Arquitectura y Urbanismo - Noticias Radio Reflejos","isPartOf":{"@id":"https:\/\/www.noticiasradioreflejos.com.ar\/2021\/#website"},"datePublished":"2022-09-15T16:52:17+00:00","dateModified":"2022-09-15T18:45:42+00:00","author":{"@id":"https:\/\/www.noticiasradioreflejos.com.ar\/2021\/#\/schema\/person\/ad82545263dcc5ec0996818884fd5fb1"},"breadcrumb":{"@id":"https:\/\/www.noticiasradioreflejos.com.ar\/2021\/una-fotografia-sobre-la-obra-de-salamone-se-llevo-el-primer-premio-en-una-trienal-de-arquitectura-y-urbanismo\/#breadcrumb"},"inLanguage":"es","potentialAction":[{"@type":"ReadAction","target":["https:\/\/www.noticiasradioreflejos.com.ar\/2021\/una-fotografia-sobre-la-obra-de-salamone-se-llevo-el-primer-premio-en-una-trienal-de-arquitectura-y-urbanismo\/"]}]},{"@type":"BreadcrumbList","@id":"https:\/\/www.noticiasradioreflejos.com.ar\/2021\/una-fotografia-sobre-la-obra-de-salamone-se-llevo-el-primer-premio-en-una-trienal-de-arquitectura-y-urbanismo\/#breadcrumb","itemListElement":[{"@type":"ListItem","position":1,"name":"Portada","item":"https:\/\/www.noticiasradioreflejos.com.ar\/2021\/"},{"@type":"ListItem","position":2,"name":"Una fotograf\u00eda sobre la obra de Salamone se llev\u00f3 el primer premio en una Trienal de Arquitectura y Urbanismo"}]},{"@type":"WebSite","@id":"https:\/\/www.noticiasradioreflejos.com.ar\/2021\/#website","url":"https:\/\/www.noticiasradioreflejos.com.ar\/2021\/","name":"Noticias Radio Reflejos","description":"Las noticias de mi comarca","potentialAction":[{"@type":"SearchAction","target":{"@type":"EntryPoint","urlTemplate":"https:\/\/www.noticiasradioreflejos.com.ar\/2021\/?s={search_term_string}"},"query-input":{"@type":"PropertyValueSpecification","valueRequired":true,"valueName":"search_term_string"}}],"inLanguage":"es"},{"@type":"Person","@id":"https:\/\/www.noticiasradioreflejos.com.ar\/2021\/#\/schema\/person\/ad82545263dcc5ec0996818884fd5fb1","name":"Arnaldo Botto","image":{"@type":"ImageObject","inLanguage":"es","@id":"https:\/\/www.noticiasradioreflejos.com.ar\/2021\/#\/schema\/person\/image\/","url":"https:\/\/secure.gravatar.com\/avatar\/55cb5e37c1efa326397366e6974cb338056df65cb50e7d64d1cf314e87504837?s=96&d=mm&r=g","contentUrl":"https:\/\/secure.gravatar.com\/avatar\/55cb5e37c1efa326397366e6974cb338056df65cb50e7d64d1cf314e87504837?s=96&d=mm&r=g","caption":"Arnaldo Botto"},"url":"https:\/\/www.noticiasradioreflejos.com.ar\/2021\/author\/arnaldo\/"}]}},"_links":{"self":[{"href":"https:\/\/www.noticiasradioreflejos.com.ar\/2021\/wp-json\/wp\/v2\/posts\/77577","targetHints":{"allow":["GET"]}}],"collection":[{"href":"https:\/\/www.noticiasradioreflejos.com.ar\/2021\/wp-json\/wp\/v2\/posts"}],"about":[{"href":"https:\/\/www.noticiasradioreflejos.com.ar\/2021\/wp-json\/wp\/v2\/types\/post"}],"author":[{"embeddable":true,"href":"https:\/\/www.noticiasradioreflejos.com.ar\/2021\/wp-json\/wp\/v2\/users\/3"}],"replies":[{"embeddable":true,"href":"https:\/\/www.noticiasradioreflejos.com.ar\/2021\/wp-json\/wp\/v2\/comments?post=77577"}],"version-history":[{"count":4,"href":"https:\/\/www.noticiasradioreflejos.com.ar\/2021\/wp-json\/wp\/v2\/posts\/77577\/revisions"}],"predecessor-version":[{"id":77624,"href":"https:\/\/www.noticiasradioreflejos.com.ar\/2021\/wp-json\/wp\/v2\/posts\/77577\/revisions\/77624"}],"wp:attachment":[{"href":"https:\/\/www.noticiasradioreflejos.com.ar\/2021\/wp-json\/wp\/v2\/media?parent=77577"}],"wp:term":[{"taxonomy":"category","embeddable":true,"href":"https:\/\/www.noticiasradioreflejos.com.ar\/2021\/wp-json\/wp\/v2\/categories?post=77577"},{"taxonomy":"post_tag","embeddable":true,"href":"https:\/\/www.noticiasradioreflejos.com.ar\/2021\/wp-json\/wp\/v2\/tags?post=77577"}],"curies":[{"name":"wp","href":"https:\/\/api.w.org\/{rel}","templated":true}]}}