{"id":77477,"date":"2022-09-12T20:11:40","date_gmt":"2022-09-12T20:11:40","guid":{"rendered":"http:\/\/www.noticiasradioreflejos.com.ar\/2021\/?p=77477"},"modified":"2022-09-12T20:11:40","modified_gmt":"2022-09-12T20:11:40","slug":"los-incendios-no-ceden-en-el-delta-del-rio-parana-y-rosario-amanecio-invadida-de-humo","status":"publish","type":"post","link":"https:\/\/www.noticiasradioreflejos.com.ar\/2021\/los-incendios-no-ceden-en-el-delta-del-rio-parana-y-rosario-amanecio-invadida-de-humo\/","title":{"rendered":"Los incendios no ceden en el delta del r\u00edo Paran\u00e1 y Rosario amaneci\u00f3 invadida de humo"},"content":{"rendered":"<p>Se multiplicaron las consultas por afecciones respiratorias. Las autoridades atribuyen la pr\u00e1ctica de comenzar incendios para preparar el terreno para distintas actividades que abarcan negocios inmobiliarios y la producci\u00f3n agr\u00edcola y ganadera.<!--more--><\/p>\n<figure class=\"mb-3\"><img decoding=\"async\" src=\"https:\/\/www.telam.com.ar\/thumbs\/bluesteel\/advf\/imagenes\/2022\/09\/631f3ec81a21f_900.jpg\" alt=\"Los incendios se multiplican por el calentamiento global y por personas que los inician intencionalmente Foto archivo\" width=\"100%\" height=\"100%\" \/><\/p>\n<div class=\"media-icons\"><\/div><figcaption>Los incendios se multiplican por el calentamiento global y por personas que los inician intencionalmente. \/ Foto: archivo<\/figcaption><\/figure>\n<p>Los focos de incendios en las islas del Delta del R\u00edo Paran\u00e1 se reavivaron este lunes y la ciudad de Rosario volvi\u00f3 a amanecer cubierta de humo, lo que afecta a las personas que habitan la regi\u00f3n y dificulta la visibilidad, por lo que autoridades solicitaron extremar las medidas de seguridad y la precauci\u00f3n en la conducci\u00f3n vehicular.<\/p>\n<p>Voceros del Observatorio Ambiental de la Universidad Nacional de Rosario (UNR) advirtieron que el humo lleg\u00f3 a la ciudad luego de que se produjeran nuevos incendios en las islas pertenecientes a la provincia de Entre R\u00edos y en algunos puntos de Santa Fe, que autoridades nacionales y provinciales vienen adjudicando a quemas intencionales en los campos.<\/p>\n<p>Seg\u00fan se indic\u00f3,\u00a0<strong>el humo retorn\u00f3 a Rosario luego de que el viento virara hacia el sur, lo que favoreci\u00f3 la velocidad con la que avanz\u00f3 la \u201ccortina negra\u201d<\/strong>.<\/p>\n<p>Las fuentes precisaron, a su vez, que el principal foco \u00edgneo en actividad se encuentra a la altura de la localidad santafesina de Pueblo Esther, ubicado en las afueras de Rosario, donde\u00a0<strong>desde el 2020 se han quemado en total m\u00e1s de 300.000 de hect\u00e1reas<\/strong>, de acuerdo a datos del Observatorio.<\/p>\n<p>Los focos se replican a la altura de las localidades de San Lorenzo, San Nicol\u00e1s y Villa Constituci\u00f3n, por lo que la regi\u00f3n se ve colapsada por el humo.<\/p>\n<p>A partir de distintas investigaciones y denuncias presentadas ante la Justicia, el Gobierno advirti\u00f3 que las quemas se realizan, entre otras cuestiones,\u00a0<strong>para preparar el terreno para distintas actividades que abarcan negocios inmobiliarios y la producci\u00f3n agr\u00edcola y ganadera<\/strong>.<\/p>\n<p>Debido al intenso humo, la visibilidad se encuentra reducida por lo que desde Seguridad Vial piden extremar las medidas de precauci\u00f3n para conducir.<\/p>\n<p>Esta lunes, el puente Rosario-Victoria amaneci\u00f3 con una visibilidad pr\u00e1cticamente nula debido a la densidad del humo presente.<\/p>\n<p>En simultaneo, distintos centros m\u00e9dicos confirmaron que las consultas se multiplican para tratar afecciones respiratorias, ya que si bien la problem\u00e1tica afecta a todos los rosarinos, aquellos que padecen dificultades pulmonares o alergias se llevan la peor parte.<\/p>\n","protected":false},"excerpt":{"rendered":"<p>Se multiplicaron las consultas por afecciones respiratorias. Las autoridades atribuyen la pr\u00e1ctica de comenzar incendios para preparar el terreno para distintas actividades que abarcan negocios inmobiliarios y la producci\u00f3n agr\u00edcola y ganadera.<\/p>\n","protected":false},"author":3,"featured_media":0,"comment_status":"closed","ping_status":"closed","sticky":false,"template":"","format":"standard","meta":{"footnotes":""},"categories":[1],"tags":[],"class_list":["post-77477","post","type-post","status-publish","format-standard","hentry","category-sin-categoria"],"yoast_head":"<!-- This site is optimized with the Yoast SEO plugin v25.9 - https:\/\/yoast.com\/wordpress\/plugins\/seo\/ -->\n<title>Los incendios no ceden en el delta del r\u00edo Paran\u00e1 y Rosario amaneci\u00f3 invadida de humo - Noticias Radio Reflejos<\/title>\n<meta name=\"robots\" content=\"index, follow, max-snippet:-1, max-image-preview:large, max-video-preview:-1\" \/>\n<link rel=\"canonical\" href=\"https:\/\/www.noticiasradioreflejos.com.ar\/2021\/los-incendios-no-ceden-en-el-delta-del-rio-parana-y-rosario-amanecio-invadida-de-humo\/\" \/>\n<meta property=\"og:locale\" content=\"es_ES\" \/>\n<meta property=\"og:type\" content=\"article\" \/>\n<meta property=\"og:title\" content=\"Los incendios no ceden en el delta del r\u00edo Paran\u00e1 y Rosario amaneci\u00f3 invadida de humo - Noticias Radio Reflejos\" \/>\n<meta property=\"og:description\" content=\"Se multiplicaron las consultas por afecciones respiratorias. Las autoridades atribuyen la pr\u00e1ctica de comenzar incendios para preparar el terreno para distintas actividades que abarcan negocios inmobiliarios y la producci\u00f3n agr\u00edcola y ganadera.\" \/>\n<meta property=\"og:url\" content=\"https:\/\/www.noticiasradioreflejos.com.ar\/2021\/los-incendios-no-ceden-en-el-delta-del-rio-parana-y-rosario-amanecio-invadida-de-humo\/\" \/>\n<meta property=\"og:site_name\" content=\"Noticias Radio Reflejos\" \/>\n<meta property=\"article:published_time\" content=\"2022-09-12T20:11:40+00:00\" \/>\n<meta property=\"og:image\" content=\"https:\/\/www.telam.com.ar\/thumbs\/bluesteel\/advf\/imagenes\/2022\/09\/631f3ec81a21f_900.jpg\" \/>\n<meta name=\"author\" content=\"Arnaldo Botto\" \/>\n<meta name=\"twitter:card\" content=\"summary_large_image\" \/>\n<script type=\"application\/ld+json\" class=\"yoast-schema-graph\">{\"@context\":\"https:\/\/schema.org\",\"@graph\":[{\"@type\":\"WebPage\",\"@id\":\"https:\/\/www.noticiasradioreflejos.com.ar\/2021\/los-incendios-no-ceden-en-el-delta-del-rio-parana-y-rosario-amanecio-invadida-de-humo\/\",\"url\":\"https:\/\/www.noticiasradioreflejos.com.ar\/2021\/los-incendios-no-ceden-en-el-delta-del-rio-parana-y-rosario-amanecio-invadida-de-humo\/\",\"name\":\"Los incendios no ceden en el delta del r\u00edo Paran\u00e1 y Rosario amaneci\u00f3 invadida de humo - Noticias Radio Reflejos\",\"isPartOf\":{\"@id\":\"https:\/\/www.noticiasradioreflejos.com.ar\/2021\/#website\"},\"primaryImageOfPage\":{\"@id\":\"https:\/\/www.noticiasradioreflejos.com.ar\/2021\/los-incendios-no-ceden-en-el-delta-del-rio-parana-y-rosario-amanecio-invadida-de-humo\/#primaryimage\"},\"image\":{\"@id\":\"https:\/\/www.noticiasradioreflejos.com.ar\/2021\/los-incendios-no-ceden-en-el-delta-del-rio-parana-y-rosario-amanecio-invadida-de-humo\/#primaryimage\"},\"thumbnailUrl\":\"https:\/\/www.telam.com.ar\/thumbs\/bluesteel\/advf\/imagenes\/2022\/09\/631f3ec81a21f_900.jpg\",\"datePublished\":\"2022-09-12T20:11:40+00:00\",\"author\":{\"@id\":\"https:\/\/www.noticiasradioreflejos.com.ar\/2021\/#\/schema\/person\/ad82545263dcc5ec0996818884fd5fb1\"},\"breadcrumb\":{\"@id\":\"https:\/\/www.noticiasradioreflejos.com.ar\/2021\/los-incendios-no-ceden-en-el-delta-del-rio-parana-y-rosario-amanecio-invadida-de-humo\/#breadcrumb\"},\"inLanguage\":\"es\",\"potentialAction\":[{\"@type\":\"ReadAction\",\"target\":[\"https:\/\/www.noticiasradioreflejos.com.ar\/2021\/los-incendios-no-ceden-en-el-delta-del-rio-parana-y-rosario-amanecio-invadida-de-humo\/\"]}]},{\"@type\":\"ImageObject\",\"inLanguage\":\"es\",\"@id\":\"https:\/\/www.noticiasradioreflejos.com.ar\/2021\/los-incendios-no-ceden-en-el-delta-del-rio-parana-y-rosario-amanecio-invadida-de-humo\/#primaryimage\",\"url\":\"https:\/\/www.telam.com.ar\/thumbs\/bluesteel\/advf\/imagenes\/2022\/09\/631f3ec81a21f_900.jpg\",\"contentUrl\":\"https:\/\/www.telam.com.ar\/thumbs\/bluesteel\/advf\/imagenes\/2022\/09\/631f3ec81a21f_900.jpg\"},{\"@type\":\"BreadcrumbList\",\"@id\":\"https:\/\/www.noticiasradioreflejos.com.ar\/2021\/los-incendios-no-ceden-en-el-delta-del-rio-parana-y-rosario-amanecio-invadida-de-humo\/#breadcrumb\",\"itemListElement\":[{\"@type\":\"ListItem\",\"position\":1,\"name\":\"Portada\",\"item\":\"https:\/\/www.noticiasradioreflejos.com.ar\/2021\/\"},{\"@type\":\"ListItem\",\"position\":2,\"name\":\"Los incendios no ceden en el delta del r\u00edo Paran\u00e1 y Rosario amaneci\u00f3 invadida de humo\"}]},{\"@type\":\"WebSite\",\"@id\":\"https:\/\/www.noticiasradioreflejos.com.ar\/2021\/#website\",\"url\":\"https:\/\/www.noticiasradioreflejos.com.ar\/2021\/\",\"name\":\"Noticias Radio Reflejos\",\"description\":\"Las noticias de mi comarca\",\"potentialAction\":[{\"@type\":\"SearchAction\",\"target\":{\"@type\":\"EntryPoint\",\"urlTemplate\":\"https:\/\/www.noticiasradioreflejos.com.ar\/2021\/?s={search_term_string}\"},\"query-input\":{\"@type\":\"PropertyValueSpecification\",\"valueRequired\":true,\"valueName\":\"search_term_string\"}}],\"inLanguage\":\"es\"},{\"@type\":\"Person\",\"@id\":\"https:\/\/www.noticiasradioreflejos.com.ar\/2021\/#\/schema\/person\/ad82545263dcc5ec0996818884fd5fb1\",\"name\":\"Arnaldo Botto\",\"image\":{\"@type\":\"ImageObject\",\"inLanguage\":\"es\",\"@id\":\"https:\/\/www.noticiasradioreflejos.com.ar\/2021\/#\/schema\/person\/image\/\",\"url\":\"https:\/\/secure.gravatar.com\/avatar\/55cb5e37c1efa326397366e6974cb338056df65cb50e7d64d1cf314e87504837?s=96&d=mm&r=g\",\"contentUrl\":\"https:\/\/secure.gravatar.com\/avatar\/55cb5e37c1efa326397366e6974cb338056df65cb50e7d64d1cf314e87504837?s=96&d=mm&r=g\",\"caption\":\"Arnaldo Botto\"},\"url\":\"https:\/\/www.noticiasradioreflejos.com.ar\/2021\/author\/arnaldo\/\"}]}<\/script>\n<!-- \/ Yoast SEO plugin. -->","yoast_head_json":{"title":"Los incendios no ceden en el delta del r\u00edo Paran\u00e1 y Rosario amaneci\u00f3 invadida de humo - Noticias Radio Reflejos","robots":{"index":"index","follow":"follow","max-snippet":"max-snippet:-1","max-image-preview":"max-image-preview:large","max-video-preview":"max-video-preview:-1"},"canonical":"https:\/\/www.noticiasradioreflejos.com.ar\/2021\/los-incendios-no-ceden-en-el-delta-del-rio-parana-y-rosario-amanecio-invadida-de-humo\/","og_locale":"es_ES","og_type":"article","og_title":"Los incendios no ceden en el delta del r\u00edo Paran\u00e1 y Rosario amaneci\u00f3 invadida de humo - Noticias Radio Reflejos","og_description":"Se multiplicaron las consultas por afecciones respiratorias. Las autoridades atribuyen la pr\u00e1ctica de comenzar incendios para preparar el terreno para distintas actividades que abarcan negocios inmobiliarios y la producci\u00f3n agr\u00edcola y ganadera.","og_url":"https:\/\/www.noticiasradioreflejos.com.ar\/2021\/los-incendios-no-ceden-en-el-delta-del-rio-parana-y-rosario-amanecio-invadida-de-humo\/","og_site_name":"Noticias Radio Reflejos","article_published_time":"2022-09-12T20:11:40+00:00","og_image":[{"url":"https:\/\/www.telam.com.ar\/thumbs\/bluesteel\/advf\/imagenes\/2022\/09\/631f3ec81a21f_900.jpg","type":"","width":"","height":""}],"author":"Arnaldo Botto","twitter_card":"summary_large_image","schema":{"@context":"https:\/\/schema.org","@graph":[{"@type":"WebPage","@id":"https:\/\/www.noticiasradioreflejos.com.ar\/2021\/los-incendios-no-ceden-en-el-delta-del-rio-parana-y-rosario-amanecio-invadida-de-humo\/","url":"https:\/\/www.noticiasradioreflejos.com.ar\/2021\/los-incendios-no-ceden-en-el-delta-del-rio-parana-y-rosario-amanecio-invadida-de-humo\/","name":"Los incendios no ceden en el delta del r\u00edo Paran\u00e1 y Rosario amaneci\u00f3 invadida de humo - Noticias Radio Reflejos","isPartOf":{"@id":"https:\/\/www.noticiasradioreflejos.com.ar\/2021\/#website"},"primaryImageOfPage":{"@id":"https:\/\/www.noticiasradioreflejos.com.ar\/2021\/los-incendios-no-ceden-en-el-delta-del-rio-parana-y-rosario-amanecio-invadida-de-humo\/#primaryimage"},"image":{"@id":"https:\/\/www.noticiasradioreflejos.com.ar\/2021\/los-incendios-no-ceden-en-el-delta-del-rio-parana-y-rosario-amanecio-invadida-de-humo\/#primaryimage"},"thumbnailUrl":"https:\/\/www.telam.com.ar\/thumbs\/bluesteel\/advf\/imagenes\/2022\/09\/631f3ec81a21f_900.jpg","datePublished":"2022-09-12T20:11:40+00:00","author":{"@id":"https:\/\/www.noticiasradioreflejos.com.ar\/2021\/#\/schema\/person\/ad82545263dcc5ec0996818884fd5fb1"},"breadcrumb":{"@id":"https:\/\/www.noticiasradioreflejos.com.ar\/2021\/los-incendios-no-ceden-en-el-delta-del-rio-parana-y-rosario-amanecio-invadida-de-humo\/#breadcrumb"},"inLanguage":"es","potentialAction":[{"@type":"ReadAction","target":["https:\/\/www.noticiasradioreflejos.com.ar\/2021\/los-incendios-no-ceden-en-el-delta-del-rio-parana-y-rosario-amanecio-invadida-de-humo\/"]}]},{"@type":"ImageObject","inLanguage":"es","@id":"https:\/\/www.noticiasradioreflejos.com.ar\/2021\/los-incendios-no-ceden-en-el-delta-del-rio-parana-y-rosario-amanecio-invadida-de-humo\/#primaryimage","url":"https:\/\/www.telam.com.ar\/thumbs\/bluesteel\/advf\/imagenes\/2022\/09\/631f3ec81a21f_900.jpg","contentUrl":"https:\/\/www.telam.com.ar\/thumbs\/bluesteel\/advf\/imagenes\/2022\/09\/631f3ec81a21f_900.jpg"},{"@type":"BreadcrumbList","@id":"https:\/\/www.noticiasradioreflejos.com.ar\/2021\/los-incendios-no-ceden-en-el-delta-del-rio-parana-y-rosario-amanecio-invadida-de-humo\/#breadcrumb","itemListElement":[{"@type":"ListItem","position":1,"name":"Portada","item":"https:\/\/www.noticiasradioreflejos.com.ar\/2021\/"},{"@type":"ListItem","position":2,"name":"Los incendios no ceden en el delta del r\u00edo Paran\u00e1 y Rosario amaneci\u00f3 invadida de humo"}]},{"@type":"WebSite","@id":"https:\/\/www.noticiasradioreflejos.com.ar\/2021\/#website","url":"https:\/\/www.noticiasradioreflejos.com.ar\/2021\/","name":"Noticias Radio Reflejos","description":"Las noticias de mi comarca","potentialAction":[{"@type":"SearchAction","target":{"@type":"EntryPoint","urlTemplate":"https:\/\/www.noticiasradioreflejos.com.ar\/2021\/?s={search_term_string}"},"query-input":{"@type":"PropertyValueSpecification","valueRequired":true,"valueName":"search_term_string"}}],"inLanguage":"es"},{"@type":"Person","@id":"https:\/\/www.noticiasradioreflejos.com.ar\/2021\/#\/schema\/person\/ad82545263dcc5ec0996818884fd5fb1","name":"Arnaldo Botto","image":{"@type":"ImageObject","inLanguage":"es","@id":"https:\/\/www.noticiasradioreflejos.com.ar\/2021\/#\/schema\/person\/image\/","url":"https:\/\/secure.gravatar.com\/avatar\/55cb5e37c1efa326397366e6974cb338056df65cb50e7d64d1cf314e87504837?s=96&d=mm&r=g","contentUrl":"https:\/\/secure.gravatar.com\/avatar\/55cb5e37c1efa326397366e6974cb338056df65cb50e7d64d1cf314e87504837?s=96&d=mm&r=g","caption":"Arnaldo Botto"},"url":"https:\/\/www.noticiasradioreflejos.com.ar\/2021\/author\/arnaldo\/"}]}},"_links":{"self":[{"href":"https:\/\/www.noticiasradioreflejos.com.ar\/2021\/wp-json\/wp\/v2\/posts\/77477","targetHints":{"allow":["GET"]}}],"collection":[{"href":"https:\/\/www.noticiasradioreflejos.com.ar\/2021\/wp-json\/wp\/v2\/posts"}],"about":[{"href":"https:\/\/www.noticiasradioreflejos.com.ar\/2021\/wp-json\/wp\/v2\/types\/post"}],"author":[{"embeddable":true,"href":"https:\/\/www.noticiasradioreflejos.com.ar\/2021\/wp-json\/wp\/v2\/users\/3"}],"replies":[{"embeddable":true,"href":"https:\/\/www.noticiasradioreflejos.com.ar\/2021\/wp-json\/wp\/v2\/comments?post=77477"}],"version-history":[{"count":1,"href":"https:\/\/www.noticiasradioreflejos.com.ar\/2021\/wp-json\/wp\/v2\/posts\/77477\/revisions"}],"predecessor-version":[{"id":77478,"href":"https:\/\/www.noticiasradioreflejos.com.ar\/2021\/wp-json\/wp\/v2\/posts\/77477\/revisions\/77478"}],"wp:attachment":[{"href":"https:\/\/www.noticiasradioreflejos.com.ar\/2021\/wp-json\/wp\/v2\/media?parent=77477"}],"wp:term":[{"taxonomy":"category","embeddable":true,"href":"https:\/\/www.noticiasradioreflejos.com.ar\/2021\/wp-json\/wp\/v2\/categories?post=77477"},{"taxonomy":"post_tag","embeddable":true,"href":"https:\/\/www.noticiasradioreflejos.com.ar\/2021\/wp-json\/wp\/v2\/tags?post=77477"}],"curies":[{"name":"wp","href":"https:\/\/api.w.org\/{rel}","templated":true}]}}