{"id":77474,"date":"2022-09-12T20:09:41","date_gmt":"2022-09-12T20:09:41","guid":{"rendered":"http:\/\/www.noticiasradioreflejos.com.ar\/2021\/?p=77474"},"modified":"2022-09-12T20:09:41","modified_gmt":"2022-09-12T20:09:41","slug":"la-justicia-ordeno-reabrir-el-camino-de-acceso-a-lago-escondido-cercado-por-lewis","status":"publish","type":"post","link":"https:\/\/www.noticiasradioreflejos.com.ar\/2021\/la-justicia-ordeno-reabrir-el-camino-de-acceso-a-lago-escondido-cercado-por-lewis\/","title":{"rendered":"La Justicia orden\u00f3 reabrir el camino de acceso a Lago Escondido, cercado por Lewis"},"content":{"rendered":"<p>De esta manera, qued\u00f3 ratificada la sentencia del juez civil Marcelo Cuellar, quien en febrero de 2013 orden\u00f3 al Estado provincial que realice los trabajos necesarios para garantizar el tr\u00e1nsito hasta el lago Escondido a trav\u00e9s del camino Tacuif\u00ed.<!--more--><\/p>\n<figure class=\"mb-3\"><img decoding=\"async\" src=\"https:\/\/www.telam.com.ar\/thumbs\/bluesteel\/advf\/imagenes\/2022\/02\/6203b3e204d96_900.jpg\" alt=\"Luego del fallo el magnate Joe Lewis deber acatar el fallo de la justicia \" width=\"100%\" height=\"100%\" \/><\/p>\n<div class=\"media-icons\"><\/div><figcaption>Luego del fallo, el magnate Joe Lewis deber\u00e1 acatar el fallo de la justicia.<\/figcaption><\/figure>\n<p>La justicia de Bariloche ratific\u00f3 un fallo del 2013 que ordena reabrir el camino de acceso al Lago Escondido, cercado por la propiedad del empresario ingl\u00e9s Joseph Lewis.<\/p>\n<p>As\u00ed fue resuelto por la C\u00e1mara de Apelaciones en lo Civil, Comercial, Familia, de Miner\u00eda y Contencioso Administrativo de Bariloche, integrada por los jueces Marcela P\u00e1jaro, Jorge Serra y Federico Corsiglia, quien vot\u00f3 en disidencia.<\/p>\n<p>El fallo\u00a0<strong>ratifica la sentencia del juez civil Marcelo Cuellar, quien en febrero de 2013 orden\u00f3 al Estado provincial que realice los trabajos necesarios para garantizar el tr\u00e1nsito hasta el lago Escondido a trav\u00e9s del camino Tacuif\u00ed<\/strong>\u00a0(en el paraje El Foyel).<\/p>\n<p>Los magistrados se pronunciaron tras analizar apelaciones que hab\u00edan presentado en la causa tanto la provincia de R\u00edo Negro y Hidden Lake S.A (propiedad de Lewis) contra esa sentencia del 2013.<\/p>\n<p>En julio pasado,\u00a0<strong>organizaciones sociales y pol\u00edticas, centrales sindicales y gremios hab\u00edan reclamado a la C\u00e1mara que emitiera una sentencia en el juicio por el libre acceso al Lago Escondido<\/strong>, una resoluci\u00f3n que de acuerdo a los plazos procesales deb\u00eda haberse conocido a principios de junio.<\/p>\n<p>Los firmantes advirtieron que la C\u00e1mara de Bariloche deb\u00eda \u00abdecidir sobre los ins\u00f3litos planteos de (Joseph) Lewis para no acatar la sentencia del a\u00f1o 2013, mediante la cual el juez de Ejecuci\u00f3n de Bariloche Carlos Marcelo Cuellar determin\u00f3 que el Gobierno de R\u00edo Negro deb\u00eda garantizar el acceso libre y seguro al Lago Escondido, por las distintas v\u00edas existentes, en un plazo de 90 d\u00edas\u00bb.<\/p>\n<p>En la causa se reclama que el Estado provincial implemente lo dispuesto por la Justicia rionegrina hace casi diez a\u00f1os, para garantizar el acceso al Lago Escondido y el uso p\u00fablico de los senderos que llevan hasta ese espejo de agua.<\/p>\n<p>El expediente est\u00e1 caratulado como \u00abOdarda, Mar\u00eda Magdalena y otros c\/ Vial Rionegrina Sociedad del Estado y otros s\/ ejecuci\u00f3n de sentencia\u00bb.<\/p>\n<p>Los dos caminos que permitan llegar hasta ese espejo de agua de singular belleza est\u00e1n ubicados en el \u00e1rea cordillerana de R\u00edo Negro, dentro de la propiedad de alrededor de 8 mil hect\u00e1reas del magnate ingl\u00e9s.<\/p>\n<p>Desde hace a\u00f1os se realiza la llamada &#8216;<a href=\"https:\/\/www.telam.com.ar\/notas\/202202\/583495-odarda-marcha-lago-escondido-rio-negro-lewis-fipca.html\" target=\"_blank\" rel=\"noopener\">Marcha de la Soberan\u00eda<\/a>&#8216;, que re\u00fane a personas de diversos puntos del pa\u00eds con el objetivo de llegar a\u00a0<a href=\"https:\/\/www.telam.com.ar\/notas\/202202\/583857-mucho-mas-que-el-lago-escondido-que-hay-tras-los-terratenientes-extranjeros.html\" target=\"_blank\" rel=\"noopener\">Lago Escondido<\/a>\u00a0a trav\u00e9s de los dos senderos que la Justicia provincial reconoci\u00f3 como p\u00fablicos para practicar all\u00ed deportes n\u00e1uticos, entre otras actividades.<\/p>\n<div class=\"social mt-3\"><a class=\"speak-icon\" data-toggle=\"tooltip\" data-original-title=\"Lectura autom\u00e1tica.\"><i class=\"fas fa-music\"><\/i>AUDIO<\/a><i class=\"fas fa-eye\"><\/i><i class=\"fas fa-lightbulb\"><\/i><i class=\"fab fa-facebook-f\"><\/i><i class=\"fab fa-twitter\"><\/i><i class=\"fab fa-whatsapp\"><\/i><i class=\"fas fa-qrcode\"><\/i><i class=\"fas fa-link\"><\/i><\/div>\n<div class=\"wrapper-tags\"><\/div>\n<div class=\"wrapper-more-news\"><\/div>\n<div class=\"col-md-4\">\n<div class=\"row\">\n<div class=\"telamblock mostread col-md-12 pl-3 pr-3\">\n<h3 class=\"module-title\">M\u00c1S LE\u00cdDAS<\/h3>\n<div class=\"moreread\">\n<div class=\"row\">\n<div class=\"col-md-12\">\n<div class=\"lt-item-sm d-flex\">\n<div class=\"img-content nota\">\n<h5><a href=\"https:\/\/www.telam.com.ar\/notas\/202209\/604605-basquet-american-cup-argentina-gano-brasil.html\">Argentina venci\u00f3 a Brasil y se consagr\u00f3 campe\u00f3n de la AmeriCup de b\u00e1squet<\/a><\/h5>\n<\/div>\n<div class=\"lt-img\">\n<figure class=\"highlight\"><img decoding=\"async\" class=\"img-square\" src=\"https:\/\/www.telam.com.ar\/thumbs\/bluesteel\/advf\/imagenes\/2022\/09\/631e90a65af6b_450.jpg\" alt=\"Telam SE\" width=\"100%\" height=\"100%\" \/><\/figure>\n<\/div>\n<\/div>\n<div class=\"lt-item-sm d-flex\">\n<div class=\"img-content nota\">\n<h5><a href=\"https:\/\/www.telam.com.ar\/notas\/202209\/604534-suecia-elecciones.html\">Suecia marcha hacia un gobierno de derecha<\/a><\/h5>\n<\/div>\n<div class=\"lt-img\">\n<figure class=\"highlight\"><img decoding=\"async\" class=\"img-square\" src=\"https:\/\/www.telam.com.ar\/thumbs\/bluesteel\/advf\/imagenes\/2022\/09\/631e7053dae2c_450.jpg\" alt=\"Telam SE\" width=\"100%\" height=\"100%\" \/><\/figure>\n<\/div>\n<\/div>\n<div class=\"lt-item-sm d-flex\">\n<div class=\"img-content nota\">\n<h5><a href=\"https:\/\/www.telam.com.ar\/notas\/202209\/604577-massa-washington-georgieva-fmi-pesce-batakis.html\">Georgieva felicit\u00f3 a Massa por los \u00abfuertes pasos\u00bb dados para \u00abestabilizar los mercados\u00bb<\/a><\/h5>\n<\/div>\n<div class=\"lt-img\">\n<figure class=\"highlight\"><img decoding=\"async\" class=\"img-square\" src=\"https:\/\/www.telam.com.ar\/thumbs\/bluesteel\/advf\/imagenes\/2022\/09\/631f66d9b5d16_450.jpg\" alt=\"Telam SE\" width=\"100%\" height=\"100%\" \/><\/figure>\n<\/div>\n<\/div>\n<div class=\"lt-item-sm d-flex\">\n<div class=\"img-content nota\">\n<h5><a href=\"https:\/\/www.telam.com.ar\/notas\/202209\/604616-buenos-aires-crea-primer-sorteo-creditos-reformas-viviendas.html\">Veinte mil bonaerenses fueron beneficiados con el cr\u00e9dito programa Buenos Aires CREA<\/a><\/h5>\n<\/div>\n<div class=\"lt-img\">\n<figure class=\"highlight\"><img decoding=\"async\" class=\"img-square\" src=\"https:\/\/www.telam.com.ar\/thumbs\/bluesteel\/advf\/imagenes\/2022\/08\/62ec58354cb95_450.jpg\" alt=\"Telam SE\" width=\"100%\" height=\"100%\" \/><\/figure>\n<\/div>\n<\/div>\n<div class=\"lt-item-sm d-flex\">\n<div class=\"img-content nota\">\n<h5><a href=\"https:\/\/www.telam.com.ar\/notas\/202209\/604563-causa-vialidad-reanudacion-juicio-alegato-de-vido.html\">La defensa de De Vido afirm\u00f3 que se persigue a un \u00absector pol\u00edtico\u00bb con un \u00abrelato\u00bb<\/a><\/h5>\n<\/div>\n<div class=\"lt-img\">\n<figure class=\"highlight\"><img decoding=\"async\" class=\"img-square\" src=\"https:\/\/www.telam.com.ar\/thumbs\/bluesteel\/advf\/imagenes\/2022\/09\/631f8a09d14f6_450.jpg\" alt=\"Telam SE\" width=\"100%\" height=\"100%\" \/><\/figure>\n<\/div>\n<\/div>\n<\/div>\n<\/div>\n<\/div>\n<\/div>\n<div class=\"telamblock html col-md-12 pl-3 pr-3\">\n<h3 class=\"module-title\">NEWSLETTER<\/h3>\n<div class=\"content\">\n<div class=\"d-flex justify-content-center\"><\/div>\n<\/div>\n<\/div>\n<\/div>\n<\/div>\n","protected":false},"excerpt":{"rendered":"<p>De esta manera, qued\u00f3 ratificada la sentencia del juez civil Marcelo Cuellar, quien en febrero de 2013 orden\u00f3 al Estado provincial que realice los trabajos necesarios para garantizar el tr\u00e1nsito hasta el lago Escondido a trav\u00e9s del camino Tacuif\u00ed.<\/p>\n","protected":false},"author":3,"featured_media":0,"comment_status":"closed","ping_status":"closed","sticky":false,"template":"","format":"standard","meta":{"footnotes":""},"categories":[57,24],"tags":[],"class_list":["post-77474","post","type-post","status-publish","format-standard","hentry","category-judiciales","category-politica"],"yoast_head":"<!-- This site is optimized with the Yoast SEO plugin v25.9 - https:\/\/yoast.com\/wordpress\/plugins\/seo\/ -->\n<title>La Justicia orden\u00f3 reabrir el camino de acceso a Lago Escondido, cercado por Lewis - Noticias Radio Reflejos<\/title>\n<meta name=\"robots\" content=\"index, follow, max-snippet:-1, max-image-preview:large, max-video-preview:-1\" \/>\n<link rel=\"canonical\" href=\"https:\/\/www.noticiasradioreflejos.com.ar\/2021\/la-justicia-ordeno-reabrir-el-camino-de-acceso-a-lago-escondido-cercado-por-lewis\/\" \/>\n<meta property=\"og:locale\" content=\"es_ES\" \/>\n<meta property=\"og:type\" content=\"article\" \/>\n<meta property=\"og:title\" content=\"La Justicia orden\u00f3 reabrir el camino de acceso a Lago Escondido, cercado por Lewis - Noticias Radio Reflejos\" \/>\n<meta property=\"og:description\" content=\"De esta manera, qued\u00f3 ratificada la sentencia del juez civil Marcelo Cuellar, quien en febrero de 2013 orden\u00f3 al Estado provincial que realice los trabajos necesarios para garantizar el tr\u00e1nsito hasta el lago Escondido a trav\u00e9s del camino Tacuif\u00ed.\" \/>\n<meta property=\"og:url\" content=\"https:\/\/www.noticiasradioreflejos.com.ar\/2021\/la-justicia-ordeno-reabrir-el-camino-de-acceso-a-lago-escondido-cercado-por-lewis\/\" \/>\n<meta property=\"og:site_name\" content=\"Noticias Radio Reflejos\" \/>\n<meta property=\"article:published_time\" content=\"2022-09-12T20:09:41+00:00\" \/>\n<meta property=\"og:image\" content=\"https:\/\/www.telam.com.ar\/thumbs\/bluesteel\/advf\/imagenes\/2022\/02\/6203b3e204d96_900.jpg\" \/>\n<meta name=\"author\" content=\"Arnaldo Botto\" \/>\n<meta name=\"twitter:card\" content=\"summary_large_image\" \/>\n<script type=\"application\/ld+json\" class=\"yoast-schema-graph\">{\"@context\":\"https:\/\/schema.org\",\"@graph\":[{\"@type\":\"WebPage\",\"@id\":\"https:\/\/www.noticiasradioreflejos.com.ar\/2021\/la-justicia-ordeno-reabrir-el-camino-de-acceso-a-lago-escondido-cercado-por-lewis\/\",\"url\":\"https:\/\/www.noticiasradioreflejos.com.ar\/2021\/la-justicia-ordeno-reabrir-el-camino-de-acceso-a-lago-escondido-cercado-por-lewis\/\",\"name\":\"La Justicia orden\u00f3 reabrir el camino de acceso a Lago Escondido, cercado por Lewis - Noticias Radio Reflejos\",\"isPartOf\":{\"@id\":\"https:\/\/www.noticiasradioreflejos.com.ar\/2021\/#website\"},\"primaryImageOfPage\":{\"@id\":\"https:\/\/www.noticiasradioreflejos.com.ar\/2021\/la-justicia-ordeno-reabrir-el-camino-de-acceso-a-lago-escondido-cercado-por-lewis\/#primaryimage\"},\"image\":{\"@id\":\"https:\/\/www.noticiasradioreflejos.com.ar\/2021\/la-justicia-ordeno-reabrir-el-camino-de-acceso-a-lago-escondido-cercado-por-lewis\/#primaryimage\"},\"thumbnailUrl\":\"https:\/\/www.telam.com.ar\/thumbs\/bluesteel\/advf\/imagenes\/2022\/02\/6203b3e204d96_900.jpg\",\"datePublished\":\"2022-09-12T20:09:41+00:00\",\"author\":{\"@id\":\"https:\/\/www.noticiasradioreflejos.com.ar\/2021\/#\/schema\/person\/ad82545263dcc5ec0996818884fd5fb1\"},\"breadcrumb\":{\"@id\":\"https:\/\/www.noticiasradioreflejos.com.ar\/2021\/la-justicia-ordeno-reabrir-el-camino-de-acceso-a-lago-escondido-cercado-por-lewis\/#breadcrumb\"},\"inLanguage\":\"es\",\"potentialAction\":[{\"@type\":\"ReadAction\",\"target\":[\"https:\/\/www.noticiasradioreflejos.com.ar\/2021\/la-justicia-ordeno-reabrir-el-camino-de-acceso-a-lago-escondido-cercado-por-lewis\/\"]}]},{\"@type\":\"ImageObject\",\"inLanguage\":\"es\",\"@id\":\"https:\/\/www.noticiasradioreflejos.com.ar\/2021\/la-justicia-ordeno-reabrir-el-camino-de-acceso-a-lago-escondido-cercado-por-lewis\/#primaryimage\",\"url\":\"https:\/\/www.telam.com.ar\/thumbs\/bluesteel\/advf\/imagenes\/2022\/02\/6203b3e204d96_900.jpg\",\"contentUrl\":\"https:\/\/www.telam.com.ar\/thumbs\/bluesteel\/advf\/imagenes\/2022\/02\/6203b3e204d96_900.jpg\"},{\"@type\":\"BreadcrumbList\",\"@id\":\"https:\/\/www.noticiasradioreflejos.com.ar\/2021\/la-justicia-ordeno-reabrir-el-camino-de-acceso-a-lago-escondido-cercado-por-lewis\/#breadcrumb\",\"itemListElement\":[{\"@type\":\"ListItem\",\"position\":1,\"name\":\"Portada\",\"item\":\"https:\/\/www.noticiasradioreflejos.com.ar\/2021\/\"},{\"@type\":\"ListItem\",\"position\":2,\"name\":\"La Justicia orden\u00f3 reabrir el camino de acceso a Lago Escondido, cercado por Lewis\"}]},{\"@type\":\"WebSite\",\"@id\":\"https:\/\/www.noticiasradioreflejos.com.ar\/2021\/#website\",\"url\":\"https:\/\/www.noticiasradioreflejos.com.ar\/2021\/\",\"name\":\"Noticias Radio Reflejos\",\"description\":\"Las noticias de mi comarca\",\"potentialAction\":[{\"@type\":\"SearchAction\",\"target\":{\"@type\":\"EntryPoint\",\"urlTemplate\":\"https:\/\/www.noticiasradioreflejos.com.ar\/2021\/?s={search_term_string}\"},\"query-input\":{\"@type\":\"PropertyValueSpecification\",\"valueRequired\":true,\"valueName\":\"search_term_string\"}}],\"inLanguage\":\"es\"},{\"@type\":\"Person\",\"@id\":\"https:\/\/www.noticiasradioreflejos.com.ar\/2021\/#\/schema\/person\/ad82545263dcc5ec0996818884fd5fb1\",\"name\":\"Arnaldo Botto\",\"image\":{\"@type\":\"ImageObject\",\"inLanguage\":\"es\",\"@id\":\"https:\/\/www.noticiasradioreflejos.com.ar\/2021\/#\/schema\/person\/image\/\",\"url\":\"https:\/\/secure.gravatar.com\/avatar\/55cb5e37c1efa326397366e6974cb338056df65cb50e7d64d1cf314e87504837?s=96&d=mm&r=g\",\"contentUrl\":\"https:\/\/secure.gravatar.com\/avatar\/55cb5e37c1efa326397366e6974cb338056df65cb50e7d64d1cf314e87504837?s=96&d=mm&r=g\",\"caption\":\"Arnaldo Botto\"},\"url\":\"https:\/\/www.noticiasradioreflejos.com.ar\/2021\/author\/arnaldo\/\"}]}<\/script>\n<!-- \/ Yoast SEO plugin. -->","yoast_head_json":{"title":"La Justicia orden\u00f3 reabrir el camino de acceso a Lago Escondido, cercado por Lewis - Noticias Radio Reflejos","robots":{"index":"index","follow":"follow","max-snippet":"max-snippet:-1","max-image-preview":"max-image-preview:large","max-video-preview":"max-video-preview:-1"},"canonical":"https:\/\/www.noticiasradioreflejos.com.ar\/2021\/la-justicia-ordeno-reabrir-el-camino-de-acceso-a-lago-escondido-cercado-por-lewis\/","og_locale":"es_ES","og_type":"article","og_title":"La Justicia orden\u00f3 reabrir el camino de acceso a Lago Escondido, cercado por Lewis - Noticias Radio Reflejos","og_description":"De esta manera, qued\u00f3 ratificada la sentencia del juez civil Marcelo Cuellar, quien en febrero de 2013 orden\u00f3 al Estado provincial que realice los trabajos necesarios para garantizar el tr\u00e1nsito hasta el lago Escondido a trav\u00e9s del camino Tacuif\u00ed.","og_url":"https:\/\/www.noticiasradioreflejos.com.ar\/2021\/la-justicia-ordeno-reabrir-el-camino-de-acceso-a-lago-escondido-cercado-por-lewis\/","og_site_name":"Noticias Radio Reflejos","article_published_time":"2022-09-12T20:09:41+00:00","og_image":[{"url":"https:\/\/www.telam.com.ar\/thumbs\/bluesteel\/advf\/imagenes\/2022\/02\/6203b3e204d96_900.jpg","type":"","width":"","height":""}],"author":"Arnaldo Botto","twitter_card":"summary_large_image","schema":{"@context":"https:\/\/schema.org","@graph":[{"@type":"WebPage","@id":"https:\/\/www.noticiasradioreflejos.com.ar\/2021\/la-justicia-ordeno-reabrir-el-camino-de-acceso-a-lago-escondido-cercado-por-lewis\/","url":"https:\/\/www.noticiasradioreflejos.com.ar\/2021\/la-justicia-ordeno-reabrir-el-camino-de-acceso-a-lago-escondido-cercado-por-lewis\/","name":"La Justicia orden\u00f3 reabrir el camino de acceso a Lago Escondido, cercado por Lewis - Noticias Radio Reflejos","isPartOf":{"@id":"https:\/\/www.noticiasradioreflejos.com.ar\/2021\/#website"},"primaryImageOfPage":{"@id":"https:\/\/www.noticiasradioreflejos.com.ar\/2021\/la-justicia-ordeno-reabrir-el-camino-de-acceso-a-lago-escondido-cercado-por-lewis\/#primaryimage"},"image":{"@id":"https:\/\/www.noticiasradioreflejos.com.ar\/2021\/la-justicia-ordeno-reabrir-el-camino-de-acceso-a-lago-escondido-cercado-por-lewis\/#primaryimage"},"thumbnailUrl":"https:\/\/www.telam.com.ar\/thumbs\/bluesteel\/advf\/imagenes\/2022\/02\/6203b3e204d96_900.jpg","datePublished":"2022-09-12T20:09:41+00:00","author":{"@id":"https:\/\/www.noticiasradioreflejos.com.ar\/2021\/#\/schema\/person\/ad82545263dcc5ec0996818884fd5fb1"},"breadcrumb":{"@id":"https:\/\/www.noticiasradioreflejos.com.ar\/2021\/la-justicia-ordeno-reabrir-el-camino-de-acceso-a-lago-escondido-cercado-por-lewis\/#breadcrumb"},"inLanguage":"es","potentialAction":[{"@type":"ReadAction","target":["https:\/\/www.noticiasradioreflejos.com.ar\/2021\/la-justicia-ordeno-reabrir-el-camino-de-acceso-a-lago-escondido-cercado-por-lewis\/"]}]},{"@type":"ImageObject","inLanguage":"es","@id":"https:\/\/www.noticiasradioreflejos.com.ar\/2021\/la-justicia-ordeno-reabrir-el-camino-de-acceso-a-lago-escondido-cercado-por-lewis\/#primaryimage","url":"https:\/\/www.telam.com.ar\/thumbs\/bluesteel\/advf\/imagenes\/2022\/02\/6203b3e204d96_900.jpg","contentUrl":"https:\/\/www.telam.com.ar\/thumbs\/bluesteel\/advf\/imagenes\/2022\/02\/6203b3e204d96_900.jpg"},{"@type":"BreadcrumbList","@id":"https:\/\/www.noticiasradioreflejos.com.ar\/2021\/la-justicia-ordeno-reabrir-el-camino-de-acceso-a-lago-escondido-cercado-por-lewis\/#breadcrumb","itemListElement":[{"@type":"ListItem","position":1,"name":"Portada","item":"https:\/\/www.noticiasradioreflejos.com.ar\/2021\/"},{"@type":"ListItem","position":2,"name":"La Justicia orden\u00f3 reabrir el camino de acceso a Lago Escondido, cercado por Lewis"}]},{"@type":"WebSite","@id":"https:\/\/www.noticiasradioreflejos.com.ar\/2021\/#website","url":"https:\/\/www.noticiasradioreflejos.com.ar\/2021\/","name":"Noticias Radio Reflejos","description":"Las noticias de mi comarca","potentialAction":[{"@type":"SearchAction","target":{"@type":"EntryPoint","urlTemplate":"https:\/\/www.noticiasradioreflejos.com.ar\/2021\/?s={search_term_string}"},"query-input":{"@type":"PropertyValueSpecification","valueRequired":true,"valueName":"search_term_string"}}],"inLanguage":"es"},{"@type":"Person","@id":"https:\/\/www.noticiasradioreflejos.com.ar\/2021\/#\/schema\/person\/ad82545263dcc5ec0996818884fd5fb1","name":"Arnaldo Botto","image":{"@type":"ImageObject","inLanguage":"es","@id":"https:\/\/www.noticiasradioreflejos.com.ar\/2021\/#\/schema\/person\/image\/","url":"https:\/\/secure.gravatar.com\/avatar\/55cb5e37c1efa326397366e6974cb338056df65cb50e7d64d1cf314e87504837?s=96&d=mm&r=g","contentUrl":"https:\/\/secure.gravatar.com\/avatar\/55cb5e37c1efa326397366e6974cb338056df65cb50e7d64d1cf314e87504837?s=96&d=mm&r=g","caption":"Arnaldo Botto"},"url":"https:\/\/www.noticiasradioreflejos.com.ar\/2021\/author\/arnaldo\/"}]}},"_links":{"self":[{"href":"https:\/\/www.noticiasradioreflejos.com.ar\/2021\/wp-json\/wp\/v2\/posts\/77474","targetHints":{"allow":["GET"]}}],"collection":[{"href":"https:\/\/www.noticiasradioreflejos.com.ar\/2021\/wp-json\/wp\/v2\/posts"}],"about":[{"href":"https:\/\/www.noticiasradioreflejos.com.ar\/2021\/wp-json\/wp\/v2\/types\/post"}],"author":[{"embeddable":true,"href":"https:\/\/www.noticiasradioreflejos.com.ar\/2021\/wp-json\/wp\/v2\/users\/3"}],"replies":[{"embeddable":true,"href":"https:\/\/www.noticiasradioreflejos.com.ar\/2021\/wp-json\/wp\/v2\/comments?post=77474"}],"version-history":[{"count":1,"href":"https:\/\/www.noticiasradioreflejos.com.ar\/2021\/wp-json\/wp\/v2\/posts\/77474\/revisions"}],"predecessor-version":[{"id":77476,"href":"https:\/\/www.noticiasradioreflejos.com.ar\/2021\/wp-json\/wp\/v2\/posts\/77474\/revisions\/77476"}],"wp:attachment":[{"href":"https:\/\/www.noticiasradioreflejos.com.ar\/2021\/wp-json\/wp\/v2\/media?parent=77474"}],"wp:term":[{"taxonomy":"category","embeddable":true,"href":"https:\/\/www.noticiasradioreflejos.com.ar\/2021\/wp-json\/wp\/v2\/categories?post=77474"},{"taxonomy":"post_tag","embeddable":true,"href":"https:\/\/www.noticiasradioreflejos.com.ar\/2021\/wp-json\/wp\/v2\/tags?post=77474"}],"curies":[{"name":"wp","href":"https:\/\/api.w.org\/{rel}","templated":true}]}}