{"id":77354,"date":"2022-09-08T11:11:41","date_gmt":"2022-09-08T11:11:41","guid":{"rendered":"http:\/\/www.noticiasradioreflejos.com.ar\/2021\/?p=77354"},"modified":"2022-09-08T11:11:41","modified_gmt":"2022-09-08T11:11:41","slug":"la-justicia-portena-declaro-inconstitucional-el-sistema-de-reconocimiento-facial-usado-por-el-gobierno-porteno","status":"publish","type":"post","link":"https:\/\/www.noticiasradioreflejos.com.ar\/2021\/la-justicia-portena-declaro-inconstitucional-el-sistema-de-reconocimiento-facial-usado-por-el-gobierno-porteno\/","title":{"rendered":"La Justicia porte\u00f1a declar\u00f3 inconstitucional el sistema de reconocimiento facial usado por el gobierno porte\u00f1o"},"content":{"rendered":"<p>La jueza porte\u00f1a Elena Amanda Liberatori consider\u00f3 que el sistema \u00abse implement\u00f3 sin cumplir con los recaudos legales de protecci\u00f3n de los derechos personal\u00edsimos de los habitantes\u00bb del distrito.<!--more--><\/p>\n<figure class=\"mb-3\"><img decoding=\"async\" src=\"https:\/\/www.telam.com.ar\/thumbs\/bluesteel\/advf\/imagenes\/2019\/07\/5d1d006e7c8dd_900.jpg\" alt=\"Foto archivo\" width=\"100%\" height=\"100%\" \/><\/p>\n<div class=\"media-icons\"><\/div><figcaption>Foto: archivo.<\/figcaption><\/figure>\n<p>La jueza porte\u00f1a Elena Amanda Liberatori declar\u00f3 la inconstitucionalidad del sistema de reconocimiento facial que aplic\u00f3 el Gobierno de la Ciudad de Buenos Aires, al considerar que \u00abse implement\u00f3 sin cumplir con los recaudos legales de protecci\u00f3n de los derechos personal\u00edsimos de los habitantes\u00bb del distrito.<\/p>\n<p>En la resoluci\u00f3n, a la que tuvo acceso T\u00e9lam, Liberatori, a cargo del Juzgado en lo Contencioso, Administrativo y Tributario 14, dio lugar al\u00a0<strong>amparo colectivo presentado a fines del 2020 por el Observatorio de Derecho Inform\u00e1tico Argentino (Odia) contra la administraci\u00f3n que encabeza de Horacio Rodr\u00edguez Larreta<\/strong>.<\/p>\n<p>La acci\u00f3n cuestion\u00f3 la constitucionalidad y convencionalidad de las normas que dispusieron la aplicaci\u00f3n del sistema de reconocimiento facial de pr\u00f3fugos (SRFP), una tecnolog\u00eda que permiti\u00f3 el acceso a datos biom\u00e9tricos de casi 10 millones de personas, seg\u00fan constat\u00f3 la investigaci\u00f3n judicial.<\/p>\n<p>En su presentaci\u00f3n,\u00a0<strong>el Observatorio advirti\u00f3 que las medidas de seguridad, implementadas a trav\u00e9s de una empresa privada, \u00abno fueron precedidas por un debate profundo acerca de la pertinencia y seguridad del sistema\u00bb<\/strong>.<\/p>\n<p>Tambi\u00e9n destac\u00f3 que \u00abse conculcaba el debido proceso, en virtud de que, a su criterio, cualquier persona ser\u00eda &#8216;juzgada&#8217; por un sistema de inteligencia artificial, sin la posibilidad de estar a derecho\u00bb, por lo que requiri\u00f3 como medida cautelar que \u00abse suspendiese la aplicaci\u00f3n de las normas indicadas\u00bb.<\/p>\n<p>En el fallo, Liberatori<strong>\u00a0hizo lugar a la acci\u00f3n de amparo \u00abdeclarando la inconstitucionalidad del art\u00edculo 1 de la Resoluci\u00f3n 398\/19 en cuanto el SRFP se implement\u00f3 sin cumplir con los recaudos legales de protecci\u00f3n de los derechos personal\u00edsimos de los habitantes de la Ciudad de Buenos Aires\u00bb<\/strong>.<\/p>\n<p>Tambi\u00e9n, determin\u00f3 \u00abla nulidad de todo lo actuado por el Ministerio de Justicia y Seguridad de la Ciudad en el marco del SRFP, en violaci\u00f3n del art\u00edculo 3 del Anexo de la Resoluci\u00f3n 398\/19, es decir, sin orden judicial constatable\u00bb.<\/p>\n<p>Y supedit\u00f3 \u00abla puesta en funcionamiento del SRFP a la constituci\u00f3n y debido funcionamiento de los \u00f3rganos de control, como la Comisi\u00f3n especial de seguimiento de los sistemas de video vigilancia en el \u00e1mbito de la Legislatura de la Ciudad y Defensor\u00eda del Pueblo de la Ciudad\u00bb.<\/p>\n<p>En la resoluci\u00f3n, en tanto, la magistrada consider\u00f3 que \u00abla mera eventualidad de estas falencias con las consecuencias que se derivan en los derechos personal\u00edsimos de las personas afectadas y la ausencia de controles &#8211; no por no estar contemplados en las leyes sino por la ausencia de debida implementaci\u00f3n conforme a ellas-, demuestra un grave grado de riesgo de vulneraci\u00f3n de derechos personales\u00bb.<\/p>\n<p>En rigor,\u00a0<strong>la causa que investiga irregularidades en la utilizaci\u00f3n de datos biom\u00e9tricos por parte de quienes tienen acceso al sistema de reconocimiento facial<\/strong>\u00a0estuvo a cargo del juez en lo Contencioso, Administrativo y Tributario Roberto Gallardo hasta julio pasado.<\/p>\n<p>No obstante, fue apartado por el Tribunal Superior de Justicia al hacer lugar a una recusaci\u00f3n planteada por el Gobierno porte\u00f1o en julio pasado, por lo cual Liberatori qued\u00f3 a cargo del expediente.<\/p>\n<p>La recusaci\u00f3n presentada contra el juez Gallardo se produjo luego de que, en abril, el magistrado dispusiera, de modo cautelar, la suspensi\u00f3n por parte del Gobierno porte\u00f1o del SRFP tras detectar un presunto uso irregular que permiti\u00f3 acceder a datos biom\u00e9tricos de personas que no estaban siendo buscadas, entre ellas dirigentes pol\u00edticos, sociales, sindicales y de derechos humanos, como tambi\u00e9n jueces, empresarios y periodistas.<\/p>\n<div class=\"jumbotron pt-4 mt-3\">\n<h3 class=\"module-title\">PARA EL CELS, EL FALLO CONFIRMA QUE EL RECONOCIMIENTO FACIAL SE GESTION\u00d3 \u00abPOR FUERA DE LA NORMA\u00bb<\/h3>\n<p>El Centro de Estudios Legales y Sociales (CELS) consider\u00f3 que el fallo de la jueza Elena Liberatori que declar\u00f3 inconstitucional el sistema de reconocimiento facial (SRFP) implementado por el Gobierno porte\u00f1o confirm\u00f3 que fue \u00abgestionado por fuera de la norma que lo regula y sin mecanismos de control\u00bb.<\/p>\n<p>\u00abEl fallo confirma lo que denunciamos junto con el Observatorio de Derecho Inform\u00e1tico Argentino\u00bb, expresaron desde la cuenta de Twitter del CELS en relaci\u00f3n a la resoluci\u00f3n de la magistrada tras considerar que el SRFP \u00abse implement\u00f3 sin cumplir con los recaudos legales de protecci\u00f3n de los derechos personal\u00edsimos de los habitantes\u00bb del distrito.<\/p>\n<p>Seg\u00fan evaluaron desde el CELS, la medida judicial ratifica que \u00abel sistema de reconocimiento facial de la Ciudad de Buenos Aires se gestion\u00f3 por fuera de la norma que lo regula y sin mecanismos de control\u00bb.<\/p>\n<p>\u00abEsto es consecuencia de la no constituci\u00f3n de la Comisi\u00f3n Especial en la Legislatura de la CABA, la falta de informes por parte de la Defensor\u00eda del Pueblo CABA y la inexistencia de un estudio de impacto sobre los derechos de los ciudadanos previa implementaci\u00f3n del SRFP\u00bb, indicaron como causales.<\/p>\n<p>Tambi\u00e9n, se\u00f1alaron \u00abfallas en las bases de datos de las que se nutre el SRFP y la exclusi\u00f3n de la participaci\u00f3n ciudadana\u00bb.<\/p>\n<p>\u00abA ra\u00edz de esta falta de control, el sistema se us\u00f3 de manera ilegal para buscar a m\u00e1s de 15 mil personas que no estaban en la lista de pr\u00f3fugos de la Consulta Nacional de Rebeld\u00edas y Capturas (Conarc)\u00bb, indicaron y remarcaron que \u00abpor ley, el SRFP s\u00f3lo debe emplearse para la b\u00fasqueda de esas personas\u00bb.<\/p>\n<p>\u00abEsta falta de controles posibilita que se afecte el derecho a la privacidad y habilita el uso ilegal de los datos personales y las detenciones arbitrarias, entre otras cuestiones\u00bb, afirmaron.<\/p>\n<p>Y agregaron que \u00ablas pericias que orden\u00f3 la Justicia confirmaron que, a pesar de lo que sostuvo el Gobierno porte\u00f1o, el SRFP estuvo funcionando espor\u00e1dicamente en la pandemia. Y que hubo informaci\u00f3n que se borr\u00f3 de manera manual\u00bb.<\/p>\n<p>En el fallo de hoy, Liberatori hizo lugar a la acci\u00f3n de amparo \u00abdeclarando la inconstitucionalidad del art\u00edculo 1 de la Resoluci\u00f3n 398\/19 en cuanto el SRFP se implement\u00f3 sin cumplir con los recaudos legales de protecci\u00f3n de los derechos personal\u00edsimos de los habitantes de la Ciudad de Buenos Aires\u00bb.<\/p>\n<p>Tambi\u00e9n, determin\u00f3 \u00abla nulidad de todo lo actuado por el Ministerio de Justicia y Seguridad de la Ciudad en el marco del SRFP, en violaci\u00f3n del art\u00edculo 3 del Anexo de la Resoluci\u00f3n 398\/19, es decir, sin orden judicial constatable\u00bb.<\/p>\n<p>Y supedit\u00f3 \u00abla puesta en funcionamiento del SRFP a la constituci\u00f3n y debido funcionamiento de los \u00f3rganos de control, como la Comisi\u00f3n especial de seguimiento de los sistemas de video vigilancia en el \u00e1mbito de la Legislatura de la Ciudad y Defensor\u00eda del Pueblo de la Ciudad\u00bb.<\/p>\n<\/div>\n","protected":false},"excerpt":{"rendered":"<p>La jueza porte\u00f1a Elena Amanda Liberatori consider\u00f3 que el sistema \u00abse implement\u00f3 sin cumplir con los recaudos legales de protecci\u00f3n de los derechos personal\u00edsimos de los habitantes\u00bb del distrito.<\/p>\n","protected":false},"author":3,"featured_media":0,"comment_status":"closed","ping_status":"closed","sticky":false,"template":"","format":"standard","meta":{"footnotes":""},"categories":[57],"tags":[],"class_list":["post-77354","post","type-post","status-publish","format-standard","hentry","category-judiciales"],"yoast_head":"<!-- This site is optimized with the Yoast SEO plugin v25.9 - https:\/\/yoast.com\/wordpress\/plugins\/seo\/ -->\n<title>La Justicia porte\u00f1a declar\u00f3 inconstitucional el sistema de reconocimiento facial usado por el gobierno porte\u00f1o - Noticias Radio Reflejos<\/title>\n<meta name=\"robots\" content=\"index, follow, max-snippet:-1, max-image-preview:large, max-video-preview:-1\" \/>\n<link rel=\"canonical\" href=\"https:\/\/www.noticiasradioreflejos.com.ar\/2021\/la-justicia-portena-declaro-inconstitucional-el-sistema-de-reconocimiento-facial-usado-por-el-gobierno-porteno\/\" \/>\n<meta property=\"og:locale\" content=\"es_ES\" \/>\n<meta property=\"og:type\" content=\"article\" \/>\n<meta property=\"og:title\" content=\"La Justicia porte\u00f1a declar\u00f3 inconstitucional el sistema de reconocimiento facial usado por el gobierno porte\u00f1o - Noticias Radio Reflejos\" \/>\n<meta property=\"og:description\" content=\"La jueza porte\u00f1a Elena Amanda Liberatori consider\u00f3 que el sistema \u00abse implement\u00f3 sin cumplir con los recaudos legales de protecci\u00f3n de los derechos personal\u00edsimos de los habitantes\u00bb del distrito.\" \/>\n<meta property=\"og:url\" content=\"https:\/\/www.noticiasradioreflejos.com.ar\/2021\/la-justicia-portena-declaro-inconstitucional-el-sistema-de-reconocimiento-facial-usado-por-el-gobierno-porteno\/\" \/>\n<meta property=\"og:site_name\" content=\"Noticias Radio Reflejos\" \/>\n<meta property=\"article:published_time\" content=\"2022-09-08T11:11:41+00:00\" \/>\n<meta property=\"og:image\" content=\"https:\/\/www.telam.com.ar\/thumbs\/bluesteel\/advf\/imagenes\/2019\/07\/5d1d006e7c8dd_900.jpg\" \/>\n<meta name=\"author\" content=\"Arnaldo Botto\" \/>\n<meta name=\"twitter:card\" content=\"summary_large_image\" \/>\n<script type=\"application\/ld+json\" class=\"yoast-schema-graph\">{\"@context\":\"https:\/\/schema.org\",\"@graph\":[{\"@type\":\"WebPage\",\"@id\":\"https:\/\/www.noticiasradioreflejos.com.ar\/2021\/la-justicia-portena-declaro-inconstitucional-el-sistema-de-reconocimiento-facial-usado-por-el-gobierno-porteno\/\",\"url\":\"https:\/\/www.noticiasradioreflejos.com.ar\/2021\/la-justicia-portena-declaro-inconstitucional-el-sistema-de-reconocimiento-facial-usado-por-el-gobierno-porteno\/\",\"name\":\"La Justicia porte\u00f1a declar\u00f3 inconstitucional el sistema de reconocimiento facial usado por el gobierno porte\u00f1o - Noticias Radio Reflejos\",\"isPartOf\":{\"@id\":\"https:\/\/www.noticiasradioreflejos.com.ar\/2021\/#website\"},\"primaryImageOfPage\":{\"@id\":\"https:\/\/www.noticiasradioreflejos.com.ar\/2021\/la-justicia-portena-declaro-inconstitucional-el-sistema-de-reconocimiento-facial-usado-por-el-gobierno-porteno\/#primaryimage\"},\"image\":{\"@id\":\"https:\/\/www.noticiasradioreflejos.com.ar\/2021\/la-justicia-portena-declaro-inconstitucional-el-sistema-de-reconocimiento-facial-usado-por-el-gobierno-porteno\/#primaryimage\"},\"thumbnailUrl\":\"https:\/\/www.telam.com.ar\/thumbs\/bluesteel\/advf\/imagenes\/2019\/07\/5d1d006e7c8dd_900.jpg\",\"datePublished\":\"2022-09-08T11:11:41+00:00\",\"author\":{\"@id\":\"https:\/\/www.noticiasradioreflejos.com.ar\/2021\/#\/schema\/person\/ad82545263dcc5ec0996818884fd5fb1\"},\"breadcrumb\":{\"@id\":\"https:\/\/www.noticiasradioreflejos.com.ar\/2021\/la-justicia-portena-declaro-inconstitucional-el-sistema-de-reconocimiento-facial-usado-por-el-gobierno-porteno\/#breadcrumb\"},\"inLanguage\":\"es\",\"potentialAction\":[{\"@type\":\"ReadAction\",\"target\":[\"https:\/\/www.noticiasradioreflejos.com.ar\/2021\/la-justicia-portena-declaro-inconstitucional-el-sistema-de-reconocimiento-facial-usado-por-el-gobierno-porteno\/\"]}]},{\"@type\":\"ImageObject\",\"inLanguage\":\"es\",\"@id\":\"https:\/\/www.noticiasradioreflejos.com.ar\/2021\/la-justicia-portena-declaro-inconstitucional-el-sistema-de-reconocimiento-facial-usado-por-el-gobierno-porteno\/#primaryimage\",\"url\":\"https:\/\/www.telam.com.ar\/thumbs\/bluesteel\/advf\/imagenes\/2019\/07\/5d1d006e7c8dd_900.jpg\",\"contentUrl\":\"https:\/\/www.telam.com.ar\/thumbs\/bluesteel\/advf\/imagenes\/2019\/07\/5d1d006e7c8dd_900.jpg\"},{\"@type\":\"BreadcrumbList\",\"@id\":\"https:\/\/www.noticiasradioreflejos.com.ar\/2021\/la-justicia-portena-declaro-inconstitucional-el-sistema-de-reconocimiento-facial-usado-por-el-gobierno-porteno\/#breadcrumb\",\"itemListElement\":[{\"@type\":\"ListItem\",\"position\":1,\"name\":\"Portada\",\"item\":\"https:\/\/www.noticiasradioreflejos.com.ar\/2021\/\"},{\"@type\":\"ListItem\",\"position\":2,\"name\":\"La Justicia porte\u00f1a declar\u00f3 inconstitucional el sistema de reconocimiento facial usado por el gobierno porte\u00f1o\"}]},{\"@type\":\"WebSite\",\"@id\":\"https:\/\/www.noticiasradioreflejos.com.ar\/2021\/#website\",\"url\":\"https:\/\/www.noticiasradioreflejos.com.ar\/2021\/\",\"name\":\"Noticias Radio Reflejos\",\"description\":\"Las noticias de mi comarca\",\"potentialAction\":[{\"@type\":\"SearchAction\",\"target\":{\"@type\":\"EntryPoint\",\"urlTemplate\":\"https:\/\/www.noticiasradioreflejos.com.ar\/2021\/?s={search_term_string}\"},\"query-input\":{\"@type\":\"PropertyValueSpecification\",\"valueRequired\":true,\"valueName\":\"search_term_string\"}}],\"inLanguage\":\"es\"},{\"@type\":\"Person\",\"@id\":\"https:\/\/www.noticiasradioreflejos.com.ar\/2021\/#\/schema\/person\/ad82545263dcc5ec0996818884fd5fb1\",\"name\":\"Arnaldo Botto\",\"image\":{\"@type\":\"ImageObject\",\"inLanguage\":\"es\",\"@id\":\"https:\/\/www.noticiasradioreflejos.com.ar\/2021\/#\/schema\/person\/image\/\",\"url\":\"https:\/\/secure.gravatar.com\/avatar\/55cb5e37c1efa326397366e6974cb338056df65cb50e7d64d1cf314e87504837?s=96&d=mm&r=g\",\"contentUrl\":\"https:\/\/secure.gravatar.com\/avatar\/55cb5e37c1efa326397366e6974cb338056df65cb50e7d64d1cf314e87504837?s=96&d=mm&r=g\",\"caption\":\"Arnaldo Botto\"},\"url\":\"https:\/\/www.noticiasradioreflejos.com.ar\/2021\/author\/arnaldo\/\"}]}<\/script>\n<!-- \/ Yoast SEO plugin. -->","yoast_head_json":{"title":"La Justicia porte\u00f1a declar\u00f3 inconstitucional el sistema de reconocimiento facial usado por el gobierno porte\u00f1o - Noticias Radio Reflejos","robots":{"index":"index","follow":"follow","max-snippet":"max-snippet:-1","max-image-preview":"max-image-preview:large","max-video-preview":"max-video-preview:-1"},"canonical":"https:\/\/www.noticiasradioreflejos.com.ar\/2021\/la-justicia-portena-declaro-inconstitucional-el-sistema-de-reconocimiento-facial-usado-por-el-gobierno-porteno\/","og_locale":"es_ES","og_type":"article","og_title":"La Justicia porte\u00f1a declar\u00f3 inconstitucional el sistema de reconocimiento facial usado por el gobierno porte\u00f1o - Noticias Radio Reflejos","og_description":"La jueza porte\u00f1a Elena Amanda Liberatori consider\u00f3 que el sistema \u00abse implement\u00f3 sin cumplir con los recaudos legales de protecci\u00f3n de los derechos personal\u00edsimos de los habitantes\u00bb del distrito.","og_url":"https:\/\/www.noticiasradioreflejos.com.ar\/2021\/la-justicia-portena-declaro-inconstitucional-el-sistema-de-reconocimiento-facial-usado-por-el-gobierno-porteno\/","og_site_name":"Noticias Radio Reflejos","article_published_time":"2022-09-08T11:11:41+00:00","og_image":[{"url":"https:\/\/www.telam.com.ar\/thumbs\/bluesteel\/advf\/imagenes\/2019\/07\/5d1d006e7c8dd_900.jpg","type":"","width":"","height":""}],"author":"Arnaldo Botto","twitter_card":"summary_large_image","schema":{"@context":"https:\/\/schema.org","@graph":[{"@type":"WebPage","@id":"https:\/\/www.noticiasradioreflejos.com.ar\/2021\/la-justicia-portena-declaro-inconstitucional-el-sistema-de-reconocimiento-facial-usado-por-el-gobierno-porteno\/","url":"https:\/\/www.noticiasradioreflejos.com.ar\/2021\/la-justicia-portena-declaro-inconstitucional-el-sistema-de-reconocimiento-facial-usado-por-el-gobierno-porteno\/","name":"La Justicia porte\u00f1a declar\u00f3 inconstitucional el sistema de reconocimiento facial usado por el gobierno porte\u00f1o - Noticias Radio Reflejos","isPartOf":{"@id":"https:\/\/www.noticiasradioreflejos.com.ar\/2021\/#website"},"primaryImageOfPage":{"@id":"https:\/\/www.noticiasradioreflejos.com.ar\/2021\/la-justicia-portena-declaro-inconstitucional-el-sistema-de-reconocimiento-facial-usado-por-el-gobierno-porteno\/#primaryimage"},"image":{"@id":"https:\/\/www.noticiasradioreflejos.com.ar\/2021\/la-justicia-portena-declaro-inconstitucional-el-sistema-de-reconocimiento-facial-usado-por-el-gobierno-porteno\/#primaryimage"},"thumbnailUrl":"https:\/\/www.telam.com.ar\/thumbs\/bluesteel\/advf\/imagenes\/2019\/07\/5d1d006e7c8dd_900.jpg","datePublished":"2022-09-08T11:11:41+00:00","author":{"@id":"https:\/\/www.noticiasradioreflejos.com.ar\/2021\/#\/schema\/person\/ad82545263dcc5ec0996818884fd5fb1"},"breadcrumb":{"@id":"https:\/\/www.noticiasradioreflejos.com.ar\/2021\/la-justicia-portena-declaro-inconstitucional-el-sistema-de-reconocimiento-facial-usado-por-el-gobierno-porteno\/#breadcrumb"},"inLanguage":"es","potentialAction":[{"@type":"ReadAction","target":["https:\/\/www.noticiasradioreflejos.com.ar\/2021\/la-justicia-portena-declaro-inconstitucional-el-sistema-de-reconocimiento-facial-usado-por-el-gobierno-porteno\/"]}]},{"@type":"ImageObject","inLanguage":"es","@id":"https:\/\/www.noticiasradioreflejos.com.ar\/2021\/la-justicia-portena-declaro-inconstitucional-el-sistema-de-reconocimiento-facial-usado-por-el-gobierno-porteno\/#primaryimage","url":"https:\/\/www.telam.com.ar\/thumbs\/bluesteel\/advf\/imagenes\/2019\/07\/5d1d006e7c8dd_900.jpg","contentUrl":"https:\/\/www.telam.com.ar\/thumbs\/bluesteel\/advf\/imagenes\/2019\/07\/5d1d006e7c8dd_900.jpg"},{"@type":"BreadcrumbList","@id":"https:\/\/www.noticiasradioreflejos.com.ar\/2021\/la-justicia-portena-declaro-inconstitucional-el-sistema-de-reconocimiento-facial-usado-por-el-gobierno-porteno\/#breadcrumb","itemListElement":[{"@type":"ListItem","position":1,"name":"Portada","item":"https:\/\/www.noticiasradioreflejos.com.ar\/2021\/"},{"@type":"ListItem","position":2,"name":"La Justicia porte\u00f1a declar\u00f3 inconstitucional el sistema de reconocimiento facial usado por el gobierno porte\u00f1o"}]},{"@type":"WebSite","@id":"https:\/\/www.noticiasradioreflejos.com.ar\/2021\/#website","url":"https:\/\/www.noticiasradioreflejos.com.ar\/2021\/","name":"Noticias Radio Reflejos","description":"Las noticias de mi comarca","potentialAction":[{"@type":"SearchAction","target":{"@type":"EntryPoint","urlTemplate":"https:\/\/www.noticiasradioreflejos.com.ar\/2021\/?s={search_term_string}"},"query-input":{"@type":"PropertyValueSpecification","valueRequired":true,"valueName":"search_term_string"}}],"inLanguage":"es"},{"@type":"Person","@id":"https:\/\/www.noticiasradioreflejos.com.ar\/2021\/#\/schema\/person\/ad82545263dcc5ec0996818884fd5fb1","name":"Arnaldo Botto","image":{"@type":"ImageObject","inLanguage":"es","@id":"https:\/\/www.noticiasradioreflejos.com.ar\/2021\/#\/schema\/person\/image\/","url":"https:\/\/secure.gravatar.com\/avatar\/55cb5e37c1efa326397366e6974cb338056df65cb50e7d64d1cf314e87504837?s=96&d=mm&r=g","contentUrl":"https:\/\/secure.gravatar.com\/avatar\/55cb5e37c1efa326397366e6974cb338056df65cb50e7d64d1cf314e87504837?s=96&d=mm&r=g","caption":"Arnaldo Botto"},"url":"https:\/\/www.noticiasradioreflejos.com.ar\/2021\/author\/arnaldo\/"}]}},"_links":{"self":[{"href":"https:\/\/www.noticiasradioreflejos.com.ar\/2021\/wp-json\/wp\/v2\/posts\/77354","targetHints":{"allow":["GET"]}}],"collection":[{"href":"https:\/\/www.noticiasradioreflejos.com.ar\/2021\/wp-json\/wp\/v2\/posts"}],"about":[{"href":"https:\/\/www.noticiasradioreflejos.com.ar\/2021\/wp-json\/wp\/v2\/types\/post"}],"author":[{"embeddable":true,"href":"https:\/\/www.noticiasradioreflejos.com.ar\/2021\/wp-json\/wp\/v2\/users\/3"}],"replies":[{"embeddable":true,"href":"https:\/\/www.noticiasradioreflejos.com.ar\/2021\/wp-json\/wp\/v2\/comments?post=77354"}],"version-history":[{"count":1,"href":"https:\/\/www.noticiasradioreflejos.com.ar\/2021\/wp-json\/wp\/v2\/posts\/77354\/revisions"}],"predecessor-version":[{"id":77356,"href":"https:\/\/www.noticiasradioreflejos.com.ar\/2021\/wp-json\/wp\/v2\/posts\/77354\/revisions\/77356"}],"wp:attachment":[{"href":"https:\/\/www.noticiasradioreflejos.com.ar\/2021\/wp-json\/wp\/v2\/media?parent=77354"}],"wp:term":[{"taxonomy":"category","embeddable":true,"href":"https:\/\/www.noticiasradioreflejos.com.ar\/2021\/wp-json\/wp\/v2\/categories?post=77354"},{"taxonomy":"post_tag","embeddable":true,"href":"https:\/\/www.noticiasradioreflejos.com.ar\/2021\/wp-json\/wp\/v2\/tags?post=77354"}],"curies":[{"name":"wp","href":"https:\/\/api.w.org\/{rel}","templated":true}]}}