{"id":77338,"date":"2022-09-07T23:33:10","date_gmt":"2022-09-07T23:33:10","guid":{"rendered":"http:\/\/www.noticiasradioreflejos.com.ar\/2021\/?p=77338"},"modified":"2022-09-07T23:33:10","modified_gmt":"2022-09-07T23:33:10","slug":"vialidad-nacional-ejecuta-la-demolicion-y-reparacion-de-losas-en-la-rotonda-de-rn33-y-rp-67","status":"publish","type":"post","link":"https:\/\/www.noticiasradioreflejos.com.ar\/2021\/vialidad-nacional-ejecuta-la-demolicion-y-reparacion-de-losas-en-la-rotonda-de-rn33-y-rp-67\/","title":{"rendered":"Vialidad Nacional ejecuta la demolici\u00f3n y reparaci\u00f3n de losas en la rotonda de RN33 y RP 67"},"content":{"rendered":"<p>Los trabajos se ejecutan en la rotonda sobre la Ruta Nacional N\u00b0 33 en el acceso a la localidad de Pig\u00fc\u00e9, luego de una falla detectada en el 2% de las losas reconstruidas. Forman parte de la obra de ampliaci\u00f3n de calzada de la RN 33 entre Tornquist y Espartillar.<!--more--><\/p>\n<p><strong>Bah\u00eda Blanca, 07 de septiembre de 2022. <\/strong>El Ministerio de Obras P\u00fablicas, a trav\u00e9s de Vialidad Nacional, <strong>informa que, a partir de la detecci\u00f3n de fisuras en algunos sectores, se est\u00e1n ejecutando trabajos de demolici\u00f3n y reparaci\u00f3n de losas de hormig\u00f3n en la rotonda sobre la Ruta Nacional N\u00b0 33<\/strong>, en el acceso a la ciudad de Pig\u00fc\u00e9.<\/p>\n<p>&nbsp;<\/p>\n<p>Luego de que Vialidad Nacional realizara el correspondiente control de calidad y supervisi\u00f3n de la obra de ensanche de calzada y banquinas pavimentadas sobre la RN 33 entre Tornquist y Espartillar, <strong>el organismo vial detect\u00f3 fisuras en el 2% de la totalidad de las losas que forman parte de la rotonda de intersecci\u00f3n de la RN 33 y la Ruta Provincial 67<\/strong>.<\/p>\n<p>&nbsp;<\/p>\n<p><a title=\"WhatsApp Image 2022-09-07 at 17.02.23 (1)\" href=\"https:\/\/www.flickr.com\/photos\/182279889@N02\/52340843612\/in\/dateposted-public\/\" data-flickr-embed=\"true\"><img loading=\"lazy\" decoding=\"async\" src=\"https:\/\/live.staticflickr.com\/65535\/52340843612_f45bccc10c_c.jpg\" alt=\"WhatsApp Image 2022-09-07 at 17.02.23 (1)\" width=\"800\" height=\"402\" \/><\/a><script async src=\"\/\/embedr.flickr.com\/assets\/client-code.js\" charset=\"utf-8\"><\/script><\/p>\n<p>&nbsp;<\/p>\n<p>Debido a que la obra se encuentra en garant\u00eda, la reparaci\u00f3n de estas losas no representa una erogaci\u00f3n extra, trat\u00e1ndose de la correcci\u00f3n de 11 de las 1.200 losas que forman parte de la rotonda, un total de 14.400 metros cuadrados de hormig\u00f3n.<\/p>\n<p><strong>\u00a0<\/strong><\/p>\n<p>De esta manera, queda de manifiesto la importancia del control de calidad que esta gesti\u00f3n impulsa a la hora de llevar adelante los proyectos viales que modifican la vida de las personas e impulsan las econom\u00edas regionales.<\/p>\n<p>&nbsp;<\/p>\n<p><strong>Durante las pr\u00f3ximas semanas el sector de la rotonda contar\u00e1 con un desv\u00edo de tr\u00e1nsito <\/strong>para evitar mayores afectaciones al movimiento vehicular. El operativo de prevenci\u00f3n cuenta con se\u00f1alamiento vehicular y lum\u00ednico las 24 hs, por lo cual se solicita a las personas usuarias circular con precauci\u00f3n y acatar las indicaciones del personal montado en el lugar delimitado con carteler\u00eda provisoria y de obra.<\/p>\n<p>&nbsp;<\/p>\n<p>La RN 33 es uno de los corredores viales m\u00e1s importantes de Buenos Aires y Santa Fe. Comienza en Bah\u00eda Blanca conectando localidades agro-ganaderas de ambas provincias con los puertos de Bah\u00eda Blanca y Rosario. La intervenci\u00f3n de esta v\u00eda mejorar\u00e1 las condiciones de circulaci\u00f3n para m\u00e1s de 3.500 usuarios que diariamente transitan por el sector.<\/p>\n","protected":false},"excerpt":{"rendered":"<p>Los trabajos se ejecutan en la rotonda sobre la Ruta Nacional N\u00b0 33 en el acceso a la localidad de Pig\u00fc\u00e9, luego de una falla detectada en el 2% de las losas reconstruidas. Forman parte de la obra de ampliaci\u00f3n de calzada de la RN 33 entre Tornquist y Espartillar.<\/p>\n","protected":false},"author":3,"featured_media":0,"comment_status":"closed","ping_status":"closed","sticky":false,"template":"","format":"standard","meta":{"footnotes":""},"categories":[24,26],"tags":[],"class_list":["post-77338","post","type-post","status-publish","format-standard","hentry","category-politica","category-sociedad"],"yoast_head":"<!-- This site is optimized with the Yoast SEO plugin v25.9 - https:\/\/yoast.com\/wordpress\/plugins\/seo\/ -->\n<title>Vialidad Nacional ejecuta la demolici\u00f3n y reparaci\u00f3n de losas en la rotonda de RN33 y RP 67 - Noticias Radio Reflejos<\/title>\n<meta name=\"robots\" content=\"index, follow, max-snippet:-1, max-image-preview:large, max-video-preview:-1\" \/>\n<link rel=\"canonical\" href=\"https:\/\/www.noticiasradioreflejos.com.ar\/2021\/vialidad-nacional-ejecuta-la-demolicion-y-reparacion-de-losas-en-la-rotonda-de-rn33-y-rp-67\/\" \/>\n<meta property=\"og:locale\" content=\"es_ES\" \/>\n<meta property=\"og:type\" content=\"article\" \/>\n<meta property=\"og:title\" content=\"Vialidad Nacional ejecuta la demolici\u00f3n y reparaci\u00f3n de losas en la rotonda de RN33 y RP 67 - Noticias Radio Reflejos\" \/>\n<meta property=\"og:description\" content=\"Los trabajos se ejecutan en la rotonda sobre la Ruta Nacional N\u00b0 33 en el acceso a la localidad de Pig\u00fc\u00e9, luego de una falla detectada en el 2% de las losas reconstruidas. Forman parte de la obra de ampliaci\u00f3n de calzada de la RN 33 entre Tornquist y Espartillar.\" \/>\n<meta property=\"og:url\" content=\"https:\/\/www.noticiasradioreflejos.com.ar\/2021\/vialidad-nacional-ejecuta-la-demolicion-y-reparacion-de-losas-en-la-rotonda-de-rn33-y-rp-67\/\" \/>\n<meta property=\"og:site_name\" content=\"Noticias Radio Reflejos\" \/>\n<meta property=\"article:published_time\" content=\"2022-09-07T23:33:10+00:00\" \/>\n<meta property=\"og:image\" content=\"https:\/\/live.staticflickr.com\/65535\/52340843612_f45bccc10c_c.jpg\" \/>\n<meta name=\"author\" content=\"Arnaldo Botto\" \/>\n<meta name=\"twitter:card\" content=\"summary_large_image\" \/>\n<script type=\"application\/ld+json\" class=\"yoast-schema-graph\">{\"@context\":\"https:\/\/schema.org\",\"@graph\":[{\"@type\":\"WebPage\",\"@id\":\"https:\/\/www.noticiasradioreflejos.com.ar\/2021\/vialidad-nacional-ejecuta-la-demolicion-y-reparacion-de-losas-en-la-rotonda-de-rn33-y-rp-67\/\",\"url\":\"https:\/\/www.noticiasradioreflejos.com.ar\/2021\/vialidad-nacional-ejecuta-la-demolicion-y-reparacion-de-losas-en-la-rotonda-de-rn33-y-rp-67\/\",\"name\":\"Vialidad Nacional ejecuta la demolici\u00f3n y reparaci\u00f3n de losas en la rotonda de RN33 y RP 67 - Noticias Radio Reflejos\",\"isPartOf\":{\"@id\":\"https:\/\/www.noticiasradioreflejos.com.ar\/2021\/#website\"},\"primaryImageOfPage\":{\"@id\":\"https:\/\/www.noticiasradioreflejos.com.ar\/2021\/vialidad-nacional-ejecuta-la-demolicion-y-reparacion-de-losas-en-la-rotonda-de-rn33-y-rp-67\/#primaryimage\"},\"image\":{\"@id\":\"https:\/\/www.noticiasradioreflejos.com.ar\/2021\/vialidad-nacional-ejecuta-la-demolicion-y-reparacion-de-losas-en-la-rotonda-de-rn33-y-rp-67\/#primaryimage\"},\"thumbnailUrl\":\"https:\/\/live.staticflickr.com\/65535\/52340843612_f45bccc10c_c.jpg\",\"datePublished\":\"2022-09-07T23:33:10+00:00\",\"author\":{\"@id\":\"https:\/\/www.noticiasradioreflejos.com.ar\/2021\/#\/schema\/person\/ad82545263dcc5ec0996818884fd5fb1\"},\"breadcrumb\":{\"@id\":\"https:\/\/www.noticiasradioreflejos.com.ar\/2021\/vialidad-nacional-ejecuta-la-demolicion-y-reparacion-de-losas-en-la-rotonda-de-rn33-y-rp-67\/#breadcrumb\"},\"inLanguage\":\"es\",\"potentialAction\":[{\"@type\":\"ReadAction\",\"target\":[\"https:\/\/www.noticiasradioreflejos.com.ar\/2021\/vialidad-nacional-ejecuta-la-demolicion-y-reparacion-de-losas-en-la-rotonda-de-rn33-y-rp-67\/\"]}]},{\"@type\":\"ImageObject\",\"inLanguage\":\"es\",\"@id\":\"https:\/\/www.noticiasradioreflejos.com.ar\/2021\/vialidad-nacional-ejecuta-la-demolicion-y-reparacion-de-losas-en-la-rotonda-de-rn33-y-rp-67\/#primaryimage\",\"url\":\"https:\/\/live.staticflickr.com\/65535\/52340843612_f45bccc10c_c.jpg\",\"contentUrl\":\"https:\/\/live.staticflickr.com\/65535\/52340843612_f45bccc10c_c.jpg\"},{\"@type\":\"BreadcrumbList\",\"@id\":\"https:\/\/www.noticiasradioreflejos.com.ar\/2021\/vialidad-nacional-ejecuta-la-demolicion-y-reparacion-de-losas-en-la-rotonda-de-rn33-y-rp-67\/#breadcrumb\",\"itemListElement\":[{\"@type\":\"ListItem\",\"position\":1,\"name\":\"Portada\",\"item\":\"https:\/\/www.noticiasradioreflejos.com.ar\/2021\/\"},{\"@type\":\"ListItem\",\"position\":2,\"name\":\"Vialidad Nacional ejecuta la demolici\u00f3n y reparaci\u00f3n de losas en la rotonda de RN33 y RP 67\"}]},{\"@type\":\"WebSite\",\"@id\":\"https:\/\/www.noticiasradioreflejos.com.ar\/2021\/#website\",\"url\":\"https:\/\/www.noticiasradioreflejos.com.ar\/2021\/\",\"name\":\"Noticias Radio Reflejos\",\"description\":\"Las noticias de mi comarca\",\"potentialAction\":[{\"@type\":\"SearchAction\",\"target\":{\"@type\":\"EntryPoint\",\"urlTemplate\":\"https:\/\/www.noticiasradioreflejos.com.ar\/2021\/?s={search_term_string}\"},\"query-input\":{\"@type\":\"PropertyValueSpecification\",\"valueRequired\":true,\"valueName\":\"search_term_string\"}}],\"inLanguage\":\"es\"},{\"@type\":\"Person\",\"@id\":\"https:\/\/www.noticiasradioreflejos.com.ar\/2021\/#\/schema\/person\/ad82545263dcc5ec0996818884fd5fb1\",\"name\":\"Arnaldo Botto\",\"image\":{\"@type\":\"ImageObject\",\"inLanguage\":\"es\",\"@id\":\"https:\/\/www.noticiasradioreflejos.com.ar\/2021\/#\/schema\/person\/image\/\",\"url\":\"https:\/\/secure.gravatar.com\/avatar\/55cb5e37c1efa326397366e6974cb338056df65cb50e7d64d1cf314e87504837?s=96&d=mm&r=g\",\"contentUrl\":\"https:\/\/secure.gravatar.com\/avatar\/55cb5e37c1efa326397366e6974cb338056df65cb50e7d64d1cf314e87504837?s=96&d=mm&r=g\",\"caption\":\"Arnaldo Botto\"},\"url\":\"https:\/\/www.noticiasradioreflejos.com.ar\/2021\/author\/arnaldo\/\"}]}<\/script>\n<!-- \/ Yoast SEO plugin. -->","yoast_head_json":{"title":"Vialidad Nacional ejecuta la demolici\u00f3n y reparaci\u00f3n de losas en la rotonda de RN33 y RP 67 - Noticias Radio Reflejos","robots":{"index":"index","follow":"follow","max-snippet":"max-snippet:-1","max-image-preview":"max-image-preview:large","max-video-preview":"max-video-preview:-1"},"canonical":"https:\/\/www.noticiasradioreflejos.com.ar\/2021\/vialidad-nacional-ejecuta-la-demolicion-y-reparacion-de-losas-en-la-rotonda-de-rn33-y-rp-67\/","og_locale":"es_ES","og_type":"article","og_title":"Vialidad Nacional ejecuta la demolici\u00f3n y reparaci\u00f3n de losas en la rotonda de RN33 y RP 67 - Noticias Radio Reflejos","og_description":"Los trabajos se ejecutan en la rotonda sobre la Ruta Nacional N\u00b0 33 en el acceso a la localidad de Pig\u00fc\u00e9, luego de una falla detectada en el 2% de las losas reconstruidas. Forman parte de la obra de ampliaci\u00f3n de calzada de la RN 33 entre Tornquist y Espartillar.","og_url":"https:\/\/www.noticiasradioreflejos.com.ar\/2021\/vialidad-nacional-ejecuta-la-demolicion-y-reparacion-de-losas-en-la-rotonda-de-rn33-y-rp-67\/","og_site_name":"Noticias Radio Reflejos","article_published_time":"2022-09-07T23:33:10+00:00","og_image":[{"url":"https:\/\/live.staticflickr.com\/65535\/52340843612_f45bccc10c_c.jpg","type":"","width":"","height":""}],"author":"Arnaldo Botto","twitter_card":"summary_large_image","schema":{"@context":"https:\/\/schema.org","@graph":[{"@type":"WebPage","@id":"https:\/\/www.noticiasradioreflejos.com.ar\/2021\/vialidad-nacional-ejecuta-la-demolicion-y-reparacion-de-losas-en-la-rotonda-de-rn33-y-rp-67\/","url":"https:\/\/www.noticiasradioreflejos.com.ar\/2021\/vialidad-nacional-ejecuta-la-demolicion-y-reparacion-de-losas-en-la-rotonda-de-rn33-y-rp-67\/","name":"Vialidad Nacional ejecuta la demolici\u00f3n y reparaci\u00f3n de losas en la rotonda de RN33 y RP 67 - Noticias Radio Reflejos","isPartOf":{"@id":"https:\/\/www.noticiasradioreflejos.com.ar\/2021\/#website"},"primaryImageOfPage":{"@id":"https:\/\/www.noticiasradioreflejos.com.ar\/2021\/vialidad-nacional-ejecuta-la-demolicion-y-reparacion-de-losas-en-la-rotonda-de-rn33-y-rp-67\/#primaryimage"},"image":{"@id":"https:\/\/www.noticiasradioreflejos.com.ar\/2021\/vialidad-nacional-ejecuta-la-demolicion-y-reparacion-de-losas-en-la-rotonda-de-rn33-y-rp-67\/#primaryimage"},"thumbnailUrl":"https:\/\/live.staticflickr.com\/65535\/52340843612_f45bccc10c_c.jpg","datePublished":"2022-09-07T23:33:10+00:00","author":{"@id":"https:\/\/www.noticiasradioreflejos.com.ar\/2021\/#\/schema\/person\/ad82545263dcc5ec0996818884fd5fb1"},"breadcrumb":{"@id":"https:\/\/www.noticiasradioreflejos.com.ar\/2021\/vialidad-nacional-ejecuta-la-demolicion-y-reparacion-de-losas-en-la-rotonda-de-rn33-y-rp-67\/#breadcrumb"},"inLanguage":"es","potentialAction":[{"@type":"ReadAction","target":["https:\/\/www.noticiasradioreflejos.com.ar\/2021\/vialidad-nacional-ejecuta-la-demolicion-y-reparacion-de-losas-en-la-rotonda-de-rn33-y-rp-67\/"]}]},{"@type":"ImageObject","inLanguage":"es","@id":"https:\/\/www.noticiasradioreflejos.com.ar\/2021\/vialidad-nacional-ejecuta-la-demolicion-y-reparacion-de-losas-en-la-rotonda-de-rn33-y-rp-67\/#primaryimage","url":"https:\/\/live.staticflickr.com\/65535\/52340843612_f45bccc10c_c.jpg","contentUrl":"https:\/\/live.staticflickr.com\/65535\/52340843612_f45bccc10c_c.jpg"},{"@type":"BreadcrumbList","@id":"https:\/\/www.noticiasradioreflejos.com.ar\/2021\/vialidad-nacional-ejecuta-la-demolicion-y-reparacion-de-losas-en-la-rotonda-de-rn33-y-rp-67\/#breadcrumb","itemListElement":[{"@type":"ListItem","position":1,"name":"Portada","item":"https:\/\/www.noticiasradioreflejos.com.ar\/2021\/"},{"@type":"ListItem","position":2,"name":"Vialidad Nacional ejecuta la demolici\u00f3n y reparaci\u00f3n de losas en la rotonda de RN33 y RP 67"}]},{"@type":"WebSite","@id":"https:\/\/www.noticiasradioreflejos.com.ar\/2021\/#website","url":"https:\/\/www.noticiasradioreflejos.com.ar\/2021\/","name":"Noticias Radio Reflejos","description":"Las noticias de mi comarca","potentialAction":[{"@type":"SearchAction","target":{"@type":"EntryPoint","urlTemplate":"https:\/\/www.noticiasradioreflejos.com.ar\/2021\/?s={search_term_string}"},"query-input":{"@type":"PropertyValueSpecification","valueRequired":true,"valueName":"search_term_string"}}],"inLanguage":"es"},{"@type":"Person","@id":"https:\/\/www.noticiasradioreflejos.com.ar\/2021\/#\/schema\/person\/ad82545263dcc5ec0996818884fd5fb1","name":"Arnaldo Botto","image":{"@type":"ImageObject","inLanguage":"es","@id":"https:\/\/www.noticiasradioreflejos.com.ar\/2021\/#\/schema\/person\/image\/","url":"https:\/\/secure.gravatar.com\/avatar\/55cb5e37c1efa326397366e6974cb338056df65cb50e7d64d1cf314e87504837?s=96&d=mm&r=g","contentUrl":"https:\/\/secure.gravatar.com\/avatar\/55cb5e37c1efa326397366e6974cb338056df65cb50e7d64d1cf314e87504837?s=96&d=mm&r=g","caption":"Arnaldo Botto"},"url":"https:\/\/www.noticiasradioreflejos.com.ar\/2021\/author\/arnaldo\/"}]}},"_links":{"self":[{"href":"https:\/\/www.noticiasradioreflejos.com.ar\/2021\/wp-json\/wp\/v2\/posts\/77338","targetHints":{"allow":["GET"]}}],"collection":[{"href":"https:\/\/www.noticiasradioreflejos.com.ar\/2021\/wp-json\/wp\/v2\/posts"}],"about":[{"href":"https:\/\/www.noticiasradioreflejos.com.ar\/2021\/wp-json\/wp\/v2\/types\/post"}],"author":[{"embeddable":true,"href":"https:\/\/www.noticiasradioreflejos.com.ar\/2021\/wp-json\/wp\/v2\/users\/3"}],"replies":[{"embeddable":true,"href":"https:\/\/www.noticiasradioreflejos.com.ar\/2021\/wp-json\/wp\/v2\/comments?post=77338"}],"version-history":[{"count":1,"href":"https:\/\/www.noticiasradioreflejos.com.ar\/2021\/wp-json\/wp\/v2\/posts\/77338\/revisions"}],"predecessor-version":[{"id":77340,"href":"https:\/\/www.noticiasradioreflejos.com.ar\/2021\/wp-json\/wp\/v2\/posts\/77338\/revisions\/77340"}],"wp:attachment":[{"href":"https:\/\/www.noticiasradioreflejos.com.ar\/2021\/wp-json\/wp\/v2\/media?parent=77338"}],"wp:term":[{"taxonomy":"category","embeddable":true,"href":"https:\/\/www.noticiasradioreflejos.com.ar\/2021\/wp-json\/wp\/v2\/categories?post=77338"},{"taxonomy":"post_tag","embeddable":true,"href":"https:\/\/www.noticiasradioreflejos.com.ar\/2021\/wp-json\/wp\/v2\/tags?post=77338"}],"curies":[{"name":"wp","href":"https:\/\/api.w.org\/{rel}","templated":true}]}}