{"id":77308,"date":"2022-09-06T20:31:43","date_gmt":"2022-09-06T20:31:43","guid":{"rendered":"http:\/\/www.noticiasradioreflejos.com.ar\/2021\/?p=77308"},"modified":"2022-09-06T20:33:49","modified_gmt":"2022-09-06T20:33:49","slug":"voleibol-argentina-se-clasifico-a-los-cuartos-de-final-del-mundial-despues-de-20-anos","status":"publish","type":"post","link":"https:\/\/www.noticiasradioreflejos.com.ar\/2021\/voleibol-argentina-se-clasifico-a-los-cuartos-de-final-del-mundial-despues-de-20-anos\/","title":{"rendered":"V\u00d3LEIBOL: Argentina se clasific\u00f3 a los cuartos de final del Mundial despu\u00e9s de 20 a\u00f1os"},"content":{"rendered":"<p>El equipo albiceleste gan\u00f3 por 3 a 0, con parciales de 25-23, 25-21 y 25-23. El seleccionado nacional volver\u00e1 a jugar el jueves a las 12.30 con el ganador del \u00faltimo duelo de los octavos de final que afrontar\u00e1n desde las 16 Brasil e Ir\u00e1n.<!--more--><\/p>\n<figure class=\"mb-3\"><img decoding=\"async\" src=\"https:\/\/www.telam.com.ar\/thumbs\/bluesteel\/advf\/imagenes\/2022\/06\/6299e9a283c61_900.jpg\" alt=\"Argentina en cuartos de final Foto Maxi Luna\" width=\"100%\" height=\"100%\" \/><\/p>\n<div class=\"media-icons\"><\/div><figcaption>Argentina en cuartos de final \/ Foto: Maxi Luna<\/figcaption><\/figure>\n<p>El seleccionado argentino masculino de v\u00f3leibol se clasific\u00f3 a los cuartos de final del Mundial de Polonia y Eslovenia, luego de 20 a\u00f1os, tras derrotar a Serbia por 3 a 0, con parciales de 25-23, 25-21 y 25-23.<\/p>\n<p>El equipo dirigido por Marcelo M\u00e9ndez, ganador del bronce en los Juegos Ol\u00edmpicos Tokio 2020,\u00a0<strong>se meti\u00f3 entre los ocho mejores del Mundial despu\u00e9s de 20 a\u00f1os\u00a0<\/strong>tras un enorme triunfo en Gliwice, Polonia.<\/p>\n<p>El seleccionado nacional volver\u00e1 a jugar el jueves a las 12.30 con el ganador del \u00faltimo duelo de los octavos de final que afrontar\u00e1n desde las 16 Brasil e Ir\u00e1n.<\/p>\n<p><strong>Si avanza Brasil, se reeditar\u00e1 el cl\u00e1sico sudamericano de los \u00faltimos Juegos Ol\u00edmpicos\u00a0<\/strong>que termin\u00f3 con la Argentina ganadora de la medalla de bronce.<\/p>\n<blockquote class=\"twitter-tweet\" data-width=\"500\" data-dnt=\"true\">\n<p lang=\"es\" dir=\"ltr\">\u00a1Triunfazo argentino\ud83c\udde6\ud83c\uddf7! <\/p>\n<p>La Selecci\u00f3n Nacional venci\u00f3 a Serbia\ud83c\uddf7\ud83c\uddf8 en sets corridos y se clasific\u00f3 a los cuartos de final. El rival ser\u00e1 Brasil o Ir\u00e1n el jueves a las 12:30.<\/p>\n<p>ARG\ud83c\udde6\ud83c\uddf7 3-0 SRB\ud83c\uddf7\ud83c\uddf8 (25-23; 25-21; 25-23)<\/p>\n<p>\ud83d\udd1d Bruno Lima (14)<a href=\"https:\/\/twitter.com\/hashtag\/VamosArgentina?src=hash&amp;ref_src=twsrc%5Etfw\">#VamosArgentina<\/a> <a href=\"https:\/\/t.co\/CvWjn65yfg\">pic.twitter.com\/CvWjn65yfg<\/a><\/p>\n<p>&mdash; Voleibol Argentino (@Voley_FeVA) <a href=\"https:\/\/twitter.com\/Voley_FeVA\/status\/1567197267953700865?ref_src=twsrc%5Etfw\">September 6, 2022<\/a><\/p><\/blockquote>\n<p><script async src=\"https:\/\/platform.twitter.com\/widgets.js\" charset=\"utf-8\"><\/script><\/p>\n<p>Bruno Lima fue el m\u00e1ximo anotador con 14 puntos, lo sigui\u00f3 Facundo Conte con 13 y el podio lo cerr\u00f3 Agust\u00edn Loser con 12.<\/p>\n<p>El punta formose\u00f1o Ezequiel Palacios, ya recuperado de la lesi\u00f3n en la rodilla que lo margin\u00f3 de la primera fase, fue titular y concret\u00f3 8 puntos.<\/p>\n<p>Mart\u00edn Ramos y el capit\u00e1n Luciano De Cecco completaron la producci\u00f3n del equipo de M\u00e9ndez con 6 y 3 puntos, respectivamente.<\/p>\n<p>El seleccionado argentino\u00a0<strong>jug\u00f3 su mejor partido del Mundial para superar a Serbia<\/strong>, que hab\u00eda pasado la primera fase con puntaje perfecto y sin ceder sets.<\/p>\n<h2 class=\"\">Veinte a\u00f1os despu\u00e9s<\/h2>\n<p>Con un equipo mixto integrado por ocho de los jugadores que estuvieron en la conquista hist\u00f3rica en Jap\u00f3n y seis j\u00f3venes debutantes en el Mundial de mayores, la Argentina se volvi\u00f3 a clasificar a los cuartos de final de un Mundial despu\u00e9s de 20 a\u00f1os.<\/p>\n<p><strong>La \u00faltima vez hab\u00eda sido en la edici\u00f3n que se disput\u00f3 en nuestro pa\u00eds en 2002 y termin\u00f3 con el equipo en la sexta posici\u00f3n.<\/strong><\/p>\n<h2 class=\"\">El camino en el Mundial<\/h2>\n<p>El seleccionado nacional pas\u00f3 con lo justo la fase de grupos luego de dos derrotas iniciales ante Ir\u00e1n y Pa\u00edses Bajos, ambas por 3 a 2, y la victoria sobre Egipto, tambi\u00e9n 3 a 2, que le permiti\u00f3 avanzar como uno de los mejores terceros.<\/p>\n<p>Contra Serbia,\u00a0<strong>el equipo de M\u00e9ndez mostr\u00f3 un alto nivel y le permiti\u00f3 superar en sets corridos a un potente rival\u00a0<\/strong>europeo.<\/p>\n<p>En el primer set, Argentina arranc\u00f3 bien pero en un duelo muy parejo que lo tuvo abajo en el marcador en gran parte del juego.<\/p>\n<p>No obstante, sobre el final la \u00abAlbiceleste\u00bb se puso 20-19 y sostuvo la ventaja hasta llevarse el primer set por 25-23 con cinco puntos de bloqueo, de los cuales dos fueron de Facundo Conte, la principal arma de ataque con 6 puntos.<\/p>\n<p>El segundo arranc\u00f3 igual con dominio de Serbia pero nuevamente sobre el final, el equipo de M\u00e9ndez tom\u00f3 el mando del marcador y termin\u00f3 ganando el set con cuatro puntos de ventaja 25-21 con un saque espectacular de Conte.<\/p>\n<p>El alto nivel de la Argentina se mantuvo en el tercer y \u00faltimo set ya que con el envi\u00f3n del 2-0, el equipo fue decidido a cerrar el partido y a diferencia de los primeros estuvo siempre arriba y con algo de suspenso cerr\u00f3 el 25-23 definitivo.<\/p>\n<p>El equipo form\u00f3 con el capit\u00e1n Luciano De Cecco, Bruno Lima; Agust\u00edn Loser, Mart\u00edn Ramos; Facundo Conte y Ezequiel Palacios. L\u00edbero: Santiago Danani. Tambi\u00e9n ingresaron Jan Mart\u00ednez, Mat\u00edas S\u00e1nchez y Pablo Kukartsev.<\/p>\n<p>La menci\u00f3n especial es para el capit\u00e1n De Cecco, quien disputa su quinto Mundial, algo que solo tres jugadores consiguieron: Javier Weber, el venezolano Vicente Pastor y el checo Josef Musil.<\/p>\n<p>La Argentina tambi\u00e9n tiene a Agust\u00edn Loser como el mejor bloqueador del torneo y a Santiago Danani como el segundo mejor receptor.<\/p>\n<p><strong>A su vez, Bruno Lima (73) y Facundo Conte (67) est\u00e1n entre los cinco m\u00e1ximos anotadores del Mundial de Polonia y Eslovenia.<\/strong><\/p>\n<p>Este mi\u00e9rcoles ya empezar\u00e1n los cuartos de final con Italia- Francia y Eslovenia-Ucrania.<\/p>\n<p>Y el jueves, se abrir\u00e1 la jornada con el partido de Argentina y el segundo turno es para el \u00faltimo bicampe\u00f3n Polonia que enfrentar\u00e1 a Estados Unidos.<\/p>\n<p>En sus doce participaciones mundialistas,<strong>\u00a0Argentina solamente logr\u00f3 subirse a un podio en el Mundial de 1982<\/strong>, que se jug\u00f3 en nuestro pa\u00eds, y ocup\u00f3 el 15\u00ba lugar en el \u00faltimo Mundial de Italia-Bulgaria en 2018, cuando al seleccionado lo dirig\u00eda Julio Velasco.<\/p>\n","protected":false},"excerpt":{"rendered":"<p>El equipo albiceleste gan\u00f3 por 3 a 0, con parciales de 25-23, 25-21 y 25-23. El seleccionado nacional volver\u00e1 a jugar el jueves a las 12.30 con el ganador del \u00faltimo duelo de los octavos de final que afrontar\u00e1n desde las 16 Brasil e Ir\u00e1n.<\/p>\n","protected":false},"author":3,"featured_media":0,"comment_status":"closed","ping_status":"closed","sticky":false,"template":"","format":"standard","meta":{"footnotes":""},"categories":[27],"tags":[],"class_list":["post-77308","post","type-post","status-publish","format-standard","hentry","category-deportes"],"yoast_head":"<!-- This site is optimized with the Yoast SEO plugin v25.9 - https:\/\/yoast.com\/wordpress\/plugins\/seo\/ -->\n<title>V\u00d3LEIBOL: Argentina se clasific\u00f3 a los cuartos de final del Mundial despu\u00e9s de 20 a\u00f1os - Noticias Radio Reflejos<\/title>\n<meta name=\"robots\" content=\"index, follow, max-snippet:-1, max-image-preview:large, max-video-preview:-1\" \/>\n<link rel=\"canonical\" href=\"https:\/\/www.noticiasradioreflejos.com.ar\/2021\/voleibol-argentina-se-clasifico-a-los-cuartos-de-final-del-mundial-despues-de-20-anos\/\" \/>\n<meta property=\"og:locale\" content=\"es_ES\" \/>\n<meta property=\"og:type\" content=\"article\" \/>\n<meta property=\"og:title\" content=\"V\u00d3LEIBOL: Argentina se clasific\u00f3 a los cuartos de final del Mundial despu\u00e9s de 20 a\u00f1os - Noticias Radio Reflejos\" \/>\n<meta property=\"og:description\" content=\"El equipo albiceleste gan\u00f3 por 3 a 0, con parciales de 25-23, 25-21 y 25-23. El seleccionado nacional volver\u00e1 a jugar el jueves a las 12.30 con el ganador del \u00faltimo duelo de los octavos de final que afrontar\u00e1n desde las 16 Brasil e Ir\u00e1n.\" \/>\n<meta property=\"og:url\" content=\"https:\/\/www.noticiasradioreflejos.com.ar\/2021\/voleibol-argentina-se-clasifico-a-los-cuartos-de-final-del-mundial-despues-de-20-anos\/\" \/>\n<meta property=\"og:site_name\" content=\"Noticias Radio Reflejos\" \/>\n<meta property=\"article:published_time\" content=\"2022-09-06T20:31:43+00:00\" \/>\n<meta property=\"article:modified_time\" content=\"2022-09-06T20:33:49+00:00\" \/>\n<meta property=\"og:image\" content=\"https:\/\/www.telam.com.ar\/thumbs\/bluesteel\/advf\/imagenes\/2022\/06\/6299e9a283c61_900.jpg\" \/>\n<meta name=\"author\" content=\"Arnaldo Botto\" \/>\n<meta name=\"twitter:card\" content=\"summary_large_image\" \/>\n<script type=\"application\/ld+json\" class=\"yoast-schema-graph\">{\"@context\":\"https:\/\/schema.org\",\"@graph\":[{\"@type\":\"WebPage\",\"@id\":\"https:\/\/www.noticiasradioreflejos.com.ar\/2021\/voleibol-argentina-se-clasifico-a-los-cuartos-de-final-del-mundial-despues-de-20-anos\/\",\"url\":\"https:\/\/www.noticiasradioreflejos.com.ar\/2021\/voleibol-argentina-se-clasifico-a-los-cuartos-de-final-del-mundial-despues-de-20-anos\/\",\"name\":\"V\u00d3LEIBOL: Argentina se clasific\u00f3 a los cuartos de final del Mundial despu\u00e9s de 20 a\u00f1os - Noticias Radio Reflejos\",\"isPartOf\":{\"@id\":\"https:\/\/www.noticiasradioreflejos.com.ar\/2021\/#website\"},\"primaryImageOfPage\":{\"@id\":\"https:\/\/www.noticiasradioreflejos.com.ar\/2021\/voleibol-argentina-se-clasifico-a-los-cuartos-de-final-del-mundial-despues-de-20-anos\/#primaryimage\"},\"image\":{\"@id\":\"https:\/\/www.noticiasradioreflejos.com.ar\/2021\/voleibol-argentina-se-clasifico-a-los-cuartos-de-final-del-mundial-despues-de-20-anos\/#primaryimage\"},\"thumbnailUrl\":\"https:\/\/www.telam.com.ar\/thumbs\/bluesteel\/advf\/imagenes\/2022\/06\/6299e9a283c61_900.jpg\",\"datePublished\":\"2022-09-06T20:31:43+00:00\",\"dateModified\":\"2022-09-06T20:33:49+00:00\",\"author\":{\"@id\":\"https:\/\/www.noticiasradioreflejos.com.ar\/2021\/#\/schema\/person\/ad82545263dcc5ec0996818884fd5fb1\"},\"breadcrumb\":{\"@id\":\"https:\/\/www.noticiasradioreflejos.com.ar\/2021\/voleibol-argentina-se-clasifico-a-los-cuartos-de-final-del-mundial-despues-de-20-anos\/#breadcrumb\"},\"inLanguage\":\"es\",\"potentialAction\":[{\"@type\":\"ReadAction\",\"target\":[\"https:\/\/www.noticiasradioreflejos.com.ar\/2021\/voleibol-argentina-se-clasifico-a-los-cuartos-de-final-del-mundial-despues-de-20-anos\/\"]}]},{\"@type\":\"ImageObject\",\"inLanguage\":\"es\",\"@id\":\"https:\/\/www.noticiasradioreflejos.com.ar\/2021\/voleibol-argentina-se-clasifico-a-los-cuartos-de-final-del-mundial-despues-de-20-anos\/#primaryimage\",\"url\":\"https:\/\/www.telam.com.ar\/thumbs\/bluesteel\/advf\/imagenes\/2022\/06\/6299e9a283c61_900.jpg\",\"contentUrl\":\"https:\/\/www.telam.com.ar\/thumbs\/bluesteel\/advf\/imagenes\/2022\/06\/6299e9a283c61_900.jpg\"},{\"@type\":\"BreadcrumbList\",\"@id\":\"https:\/\/www.noticiasradioreflejos.com.ar\/2021\/voleibol-argentina-se-clasifico-a-los-cuartos-de-final-del-mundial-despues-de-20-anos\/#breadcrumb\",\"itemListElement\":[{\"@type\":\"ListItem\",\"position\":1,\"name\":\"Portada\",\"item\":\"https:\/\/www.noticiasradioreflejos.com.ar\/2021\/\"},{\"@type\":\"ListItem\",\"position\":2,\"name\":\"V\u00d3LEIBOL: Argentina se clasific\u00f3 a los cuartos de final del Mundial despu\u00e9s de 20 a\u00f1os\"}]},{\"@type\":\"WebSite\",\"@id\":\"https:\/\/www.noticiasradioreflejos.com.ar\/2021\/#website\",\"url\":\"https:\/\/www.noticiasradioreflejos.com.ar\/2021\/\",\"name\":\"Noticias Radio Reflejos\",\"description\":\"Las noticias de mi comarca\",\"potentialAction\":[{\"@type\":\"SearchAction\",\"target\":{\"@type\":\"EntryPoint\",\"urlTemplate\":\"https:\/\/www.noticiasradioreflejos.com.ar\/2021\/?s={search_term_string}\"},\"query-input\":{\"@type\":\"PropertyValueSpecification\",\"valueRequired\":true,\"valueName\":\"search_term_string\"}}],\"inLanguage\":\"es\"},{\"@type\":\"Person\",\"@id\":\"https:\/\/www.noticiasradioreflejos.com.ar\/2021\/#\/schema\/person\/ad82545263dcc5ec0996818884fd5fb1\",\"name\":\"Arnaldo Botto\",\"image\":{\"@type\":\"ImageObject\",\"inLanguage\":\"es\",\"@id\":\"https:\/\/www.noticiasradioreflejos.com.ar\/2021\/#\/schema\/person\/image\/\",\"url\":\"https:\/\/secure.gravatar.com\/avatar\/55cb5e37c1efa326397366e6974cb338056df65cb50e7d64d1cf314e87504837?s=96&d=mm&r=g\",\"contentUrl\":\"https:\/\/secure.gravatar.com\/avatar\/55cb5e37c1efa326397366e6974cb338056df65cb50e7d64d1cf314e87504837?s=96&d=mm&r=g\",\"caption\":\"Arnaldo Botto\"},\"url\":\"https:\/\/www.noticiasradioreflejos.com.ar\/2021\/author\/arnaldo\/\"}]}<\/script>\n<!-- \/ Yoast SEO plugin. -->","yoast_head_json":{"title":"V\u00d3LEIBOL: Argentina se clasific\u00f3 a los cuartos de final del Mundial despu\u00e9s de 20 a\u00f1os - Noticias Radio Reflejos","robots":{"index":"index","follow":"follow","max-snippet":"max-snippet:-1","max-image-preview":"max-image-preview:large","max-video-preview":"max-video-preview:-1"},"canonical":"https:\/\/www.noticiasradioreflejos.com.ar\/2021\/voleibol-argentina-se-clasifico-a-los-cuartos-de-final-del-mundial-despues-de-20-anos\/","og_locale":"es_ES","og_type":"article","og_title":"V\u00d3LEIBOL: Argentina se clasific\u00f3 a los cuartos de final del Mundial despu\u00e9s de 20 a\u00f1os - Noticias Radio Reflejos","og_description":"El equipo albiceleste gan\u00f3 por 3 a 0, con parciales de 25-23, 25-21 y 25-23. El seleccionado nacional volver\u00e1 a jugar el jueves a las 12.30 con el ganador del \u00faltimo duelo de los octavos de final que afrontar\u00e1n desde las 16 Brasil e Ir\u00e1n.","og_url":"https:\/\/www.noticiasradioreflejos.com.ar\/2021\/voleibol-argentina-se-clasifico-a-los-cuartos-de-final-del-mundial-despues-de-20-anos\/","og_site_name":"Noticias Radio Reflejos","article_published_time":"2022-09-06T20:31:43+00:00","article_modified_time":"2022-09-06T20:33:49+00:00","og_image":[{"url":"https:\/\/www.telam.com.ar\/thumbs\/bluesteel\/advf\/imagenes\/2022\/06\/6299e9a283c61_900.jpg","type":"","width":"","height":""}],"author":"Arnaldo Botto","twitter_card":"summary_large_image","schema":{"@context":"https:\/\/schema.org","@graph":[{"@type":"WebPage","@id":"https:\/\/www.noticiasradioreflejos.com.ar\/2021\/voleibol-argentina-se-clasifico-a-los-cuartos-de-final-del-mundial-despues-de-20-anos\/","url":"https:\/\/www.noticiasradioreflejos.com.ar\/2021\/voleibol-argentina-se-clasifico-a-los-cuartos-de-final-del-mundial-despues-de-20-anos\/","name":"V\u00d3LEIBOL: Argentina se clasific\u00f3 a los cuartos de final del Mundial despu\u00e9s de 20 a\u00f1os - Noticias Radio Reflejos","isPartOf":{"@id":"https:\/\/www.noticiasradioreflejos.com.ar\/2021\/#website"},"primaryImageOfPage":{"@id":"https:\/\/www.noticiasradioreflejos.com.ar\/2021\/voleibol-argentina-se-clasifico-a-los-cuartos-de-final-del-mundial-despues-de-20-anos\/#primaryimage"},"image":{"@id":"https:\/\/www.noticiasradioreflejos.com.ar\/2021\/voleibol-argentina-se-clasifico-a-los-cuartos-de-final-del-mundial-despues-de-20-anos\/#primaryimage"},"thumbnailUrl":"https:\/\/www.telam.com.ar\/thumbs\/bluesteel\/advf\/imagenes\/2022\/06\/6299e9a283c61_900.jpg","datePublished":"2022-09-06T20:31:43+00:00","dateModified":"2022-09-06T20:33:49+00:00","author":{"@id":"https:\/\/www.noticiasradioreflejos.com.ar\/2021\/#\/schema\/person\/ad82545263dcc5ec0996818884fd5fb1"},"breadcrumb":{"@id":"https:\/\/www.noticiasradioreflejos.com.ar\/2021\/voleibol-argentina-se-clasifico-a-los-cuartos-de-final-del-mundial-despues-de-20-anos\/#breadcrumb"},"inLanguage":"es","potentialAction":[{"@type":"ReadAction","target":["https:\/\/www.noticiasradioreflejos.com.ar\/2021\/voleibol-argentina-se-clasifico-a-los-cuartos-de-final-del-mundial-despues-de-20-anos\/"]}]},{"@type":"ImageObject","inLanguage":"es","@id":"https:\/\/www.noticiasradioreflejos.com.ar\/2021\/voleibol-argentina-se-clasifico-a-los-cuartos-de-final-del-mundial-despues-de-20-anos\/#primaryimage","url":"https:\/\/www.telam.com.ar\/thumbs\/bluesteel\/advf\/imagenes\/2022\/06\/6299e9a283c61_900.jpg","contentUrl":"https:\/\/www.telam.com.ar\/thumbs\/bluesteel\/advf\/imagenes\/2022\/06\/6299e9a283c61_900.jpg"},{"@type":"BreadcrumbList","@id":"https:\/\/www.noticiasradioreflejos.com.ar\/2021\/voleibol-argentina-se-clasifico-a-los-cuartos-de-final-del-mundial-despues-de-20-anos\/#breadcrumb","itemListElement":[{"@type":"ListItem","position":1,"name":"Portada","item":"https:\/\/www.noticiasradioreflejos.com.ar\/2021\/"},{"@type":"ListItem","position":2,"name":"V\u00d3LEIBOL: Argentina se clasific\u00f3 a los cuartos de final del Mundial despu\u00e9s de 20 a\u00f1os"}]},{"@type":"WebSite","@id":"https:\/\/www.noticiasradioreflejos.com.ar\/2021\/#website","url":"https:\/\/www.noticiasradioreflejos.com.ar\/2021\/","name":"Noticias Radio Reflejos","description":"Las noticias de mi comarca","potentialAction":[{"@type":"SearchAction","target":{"@type":"EntryPoint","urlTemplate":"https:\/\/www.noticiasradioreflejos.com.ar\/2021\/?s={search_term_string}"},"query-input":{"@type":"PropertyValueSpecification","valueRequired":true,"valueName":"search_term_string"}}],"inLanguage":"es"},{"@type":"Person","@id":"https:\/\/www.noticiasradioreflejos.com.ar\/2021\/#\/schema\/person\/ad82545263dcc5ec0996818884fd5fb1","name":"Arnaldo Botto","image":{"@type":"ImageObject","inLanguage":"es","@id":"https:\/\/www.noticiasradioreflejos.com.ar\/2021\/#\/schema\/person\/image\/","url":"https:\/\/secure.gravatar.com\/avatar\/55cb5e37c1efa326397366e6974cb338056df65cb50e7d64d1cf314e87504837?s=96&d=mm&r=g","contentUrl":"https:\/\/secure.gravatar.com\/avatar\/55cb5e37c1efa326397366e6974cb338056df65cb50e7d64d1cf314e87504837?s=96&d=mm&r=g","caption":"Arnaldo Botto"},"url":"https:\/\/www.noticiasradioreflejos.com.ar\/2021\/author\/arnaldo\/"}]}},"_links":{"self":[{"href":"https:\/\/www.noticiasradioreflejos.com.ar\/2021\/wp-json\/wp\/v2\/posts\/77308","targetHints":{"allow":["GET"]}}],"collection":[{"href":"https:\/\/www.noticiasradioreflejos.com.ar\/2021\/wp-json\/wp\/v2\/posts"}],"about":[{"href":"https:\/\/www.noticiasradioreflejos.com.ar\/2021\/wp-json\/wp\/v2\/types\/post"}],"author":[{"embeddable":true,"href":"https:\/\/www.noticiasradioreflejos.com.ar\/2021\/wp-json\/wp\/v2\/users\/3"}],"replies":[{"embeddable":true,"href":"https:\/\/www.noticiasradioreflejos.com.ar\/2021\/wp-json\/wp\/v2\/comments?post=77308"}],"version-history":[{"count":2,"href":"https:\/\/www.noticiasradioreflejos.com.ar\/2021\/wp-json\/wp\/v2\/posts\/77308\/revisions"}],"predecessor-version":[{"id":77311,"href":"https:\/\/www.noticiasradioreflejos.com.ar\/2021\/wp-json\/wp\/v2\/posts\/77308\/revisions\/77311"}],"wp:attachment":[{"href":"https:\/\/www.noticiasradioreflejos.com.ar\/2021\/wp-json\/wp\/v2\/media?parent=77308"}],"wp:term":[{"taxonomy":"category","embeddable":true,"href":"https:\/\/www.noticiasradioreflejos.com.ar\/2021\/wp-json\/wp\/v2\/categories?post=77308"},{"taxonomy":"post_tag","embeddable":true,"href":"https:\/\/www.noticiasradioreflejos.com.ar\/2021\/wp-json\/wp\/v2\/tags?post=77308"}],"curies":[{"name":"wp","href":"https:\/\/api.w.org\/{rel}","templated":true}]}}