{"id":77286,"date":"2022-09-06T17:15:45","date_gmt":"2022-09-06T17:15:45","guid":{"rendered":"http:\/\/www.noticiasradioreflejos.com.ar\/2021\/?p=77286"},"modified":"2022-09-06T17:17:17","modified_gmt":"2022-09-06T17:17:17","slug":"juegos-bonaerenses-adultos-mayores-del-distrito-clasificados-a-la-final-provincial","status":"publish","type":"post","link":"https:\/\/www.noticiasradioreflejos.com.ar\/2021\/juegos-bonaerenses-adultos-mayores-del-distrito-clasificados-a-la-final-provincial\/","title":{"rendered":"Juegos Bonaerenses: Adultos Mayores del distrito clasificados a la final provincial"},"content":{"rendered":"<p>D\u00edas pasados en la ciudad de General La Madrid, se desarroll\u00f3 la Etapa Regional de los Juegos Bonaerenses 2022, para disciplinas deportivas de la categor\u00eda Adultos Mayores.<!--more--><\/p>\n<p>All\u00ed, representantes del distrito de Tornquist triunfaron y consiguieron la clasificaci\u00f3n a la Final Provincial, que tendr\u00e1 lugar del 1 al 6 de octubre en Mar del Plata. Ellos son:<br \/>\nLuis Heinrich y Carlos Abad, en Orientaci\u00f3n;<br \/>\nAlberto Flores, en Sapo;<br \/>\nDietter Karsten, en Tenis de mesa categor\u00eda A.<br \/>\nTambi\u00e9n, en la instancia regional, Tornquist tuvo representantes en disciplinas como caminata, coreografia pop, newcom, papel, tejo, ajedrez, burako, chin chon, damas, escoba de 15, loter\u00eda, sapo, taba y truco.<\/p>\n<p><a data-flickr-embed=\"true\" href=\"https:\/\/www.flickr.com\/photos\/182279889@N02\/52337905007\/in\/dateposted-public\/\" title=\"Clasificados JB AM (2)\"><img loading=\"lazy\" decoding=\"async\" src=\"https:\/\/live.staticflickr.com\/65535\/52337905007_534fa91efd_b.jpg\" width=\"945\" height=\"720\" alt=\"Clasificados JB AM (2)\"><\/a><script async src=\"\/\/embedr.flickr.com\/assets\/client-code.js\" charset=\"utf-8\"><\/script><\/p>\n<p><a data-flickr-embed=\"true\" href=\"https:\/\/www.flickr.com\/photos\/182279889@N02\/52339164174\/in\/dateposted-public\/\" title=\"Clasificados JB AM (1)\"><img loading=\"lazy\" decoding=\"async\" src=\"https:\/\/live.staticflickr.com\/65535\/52339164174_52d215f4c4_b.jpg\" width=\"1024\" height=\"1024\" alt=\"Clasificados JB AM (1)\"><\/a><script async src=\"\/\/embedr.flickr.com\/assets\/client-code.js\" charset=\"utf-8\"><\/script><\/p>\n<p><a data-flickr-embed=\"true\" href=\"https:\/\/www.flickr.com\/photos\/182279889@N02\/52339096638\/in\/dateposted-public\/\" title=\"Clasificados JB AM (5)\"><img loading=\"lazy\" decoding=\"async\" src=\"https:\/\/live.staticflickr.com\/65535\/52339096638_a7b97d3343_c.jpg\" width=\"780\" height=\"780\" alt=\"Clasificados JB AM (5)\"><\/a><script async src=\"\/\/embedr.flickr.com\/assets\/client-code.js\" charset=\"utf-8\"><\/script><\/p>\n<p><a data-flickr-embed=\"true\" href=\"https:\/\/www.flickr.com\/photos\/182279889@N02\/52339288770\/in\/dateposted-public\/\" title=\"Clasificados JB AM (4)\"><img loading=\"lazy\" decoding=\"async\" src=\"https:\/\/live.staticflickr.com\/65535\/52339288770_9007f462e7_c.jpg\" width=\"800\" height=\"800\" alt=\"Clasificados JB AM (4)\"><\/a><script async src=\"\/\/embedr.flickr.com\/assets\/client-code.js\" charset=\"utf-8\"><\/script><\/p>\n","protected":false},"excerpt":{"rendered":"<p>D\u00edas pasados en la ciudad de General La Madrid, se desarroll\u00f3 la Etapa Regional de los Juegos Bonaerenses 2022, para disciplinas deportivas de la categor\u00eda Adultos Mayores.<\/p>\n","protected":false},"author":3,"featured_media":0,"comment_status":"closed","ping_status":"closed","sticky":false,"template":"","format":"standard","meta":{"footnotes":""},"categories":[27],"tags":[],"class_list":["post-77286","post","type-post","status-publish","format-standard","hentry","category-deportes"],"yoast_head":"<!-- This site is optimized with the Yoast SEO plugin v25.9 - https:\/\/yoast.com\/wordpress\/plugins\/seo\/ -->\n<title>Juegos Bonaerenses: Adultos Mayores del distrito clasificados a la final provincial - Noticias Radio Reflejos<\/title>\n<meta name=\"robots\" content=\"index, follow, max-snippet:-1, max-image-preview:large, max-video-preview:-1\" \/>\n<link rel=\"canonical\" href=\"https:\/\/www.noticiasradioreflejos.com.ar\/2021\/juegos-bonaerenses-adultos-mayores-del-distrito-clasificados-a-la-final-provincial\/\" \/>\n<meta property=\"og:locale\" content=\"es_ES\" \/>\n<meta property=\"og:type\" content=\"article\" \/>\n<meta property=\"og:title\" content=\"Juegos Bonaerenses: Adultos Mayores del distrito clasificados a la final provincial - Noticias Radio Reflejos\" \/>\n<meta property=\"og:description\" content=\"D\u00edas pasados en la ciudad de General La Madrid, se desarroll\u00f3 la Etapa Regional de los Juegos Bonaerenses 2022, para disciplinas deportivas de la categor\u00eda Adultos Mayores.\" \/>\n<meta property=\"og:url\" content=\"https:\/\/www.noticiasradioreflejos.com.ar\/2021\/juegos-bonaerenses-adultos-mayores-del-distrito-clasificados-a-la-final-provincial\/\" \/>\n<meta property=\"og:site_name\" content=\"Noticias Radio Reflejos\" \/>\n<meta property=\"article:published_time\" content=\"2022-09-06T17:15:45+00:00\" \/>\n<meta property=\"article:modified_time\" content=\"2022-09-06T17:17:17+00:00\" \/>\n<meta property=\"og:image\" content=\"https:\/\/live.staticflickr.com\/65535\/52337905007_534fa91efd_b.jpg\" \/>\n<meta name=\"author\" content=\"Arnaldo Botto\" \/>\n<meta name=\"twitter:card\" content=\"summary_large_image\" \/>\n<script type=\"application\/ld+json\" class=\"yoast-schema-graph\">{\"@context\":\"https:\/\/schema.org\",\"@graph\":[{\"@type\":\"WebPage\",\"@id\":\"https:\/\/www.noticiasradioreflejos.com.ar\/2021\/juegos-bonaerenses-adultos-mayores-del-distrito-clasificados-a-la-final-provincial\/\",\"url\":\"https:\/\/www.noticiasradioreflejos.com.ar\/2021\/juegos-bonaerenses-adultos-mayores-del-distrito-clasificados-a-la-final-provincial\/\",\"name\":\"Juegos Bonaerenses: Adultos Mayores del distrito clasificados a la final provincial - Noticias Radio Reflejos\",\"isPartOf\":{\"@id\":\"https:\/\/www.noticiasradioreflejos.com.ar\/2021\/#website\"},\"primaryImageOfPage\":{\"@id\":\"https:\/\/www.noticiasradioreflejos.com.ar\/2021\/juegos-bonaerenses-adultos-mayores-del-distrito-clasificados-a-la-final-provincial\/#primaryimage\"},\"image\":{\"@id\":\"https:\/\/www.noticiasradioreflejos.com.ar\/2021\/juegos-bonaerenses-adultos-mayores-del-distrito-clasificados-a-la-final-provincial\/#primaryimage\"},\"thumbnailUrl\":\"https:\/\/live.staticflickr.com\/65535\/52337905007_534fa91efd_b.jpg\",\"datePublished\":\"2022-09-06T17:15:45+00:00\",\"dateModified\":\"2022-09-06T17:17:17+00:00\",\"author\":{\"@id\":\"https:\/\/www.noticiasradioreflejos.com.ar\/2021\/#\/schema\/person\/ad82545263dcc5ec0996818884fd5fb1\"},\"breadcrumb\":{\"@id\":\"https:\/\/www.noticiasradioreflejos.com.ar\/2021\/juegos-bonaerenses-adultos-mayores-del-distrito-clasificados-a-la-final-provincial\/#breadcrumb\"},\"inLanguage\":\"es\",\"potentialAction\":[{\"@type\":\"ReadAction\",\"target\":[\"https:\/\/www.noticiasradioreflejos.com.ar\/2021\/juegos-bonaerenses-adultos-mayores-del-distrito-clasificados-a-la-final-provincial\/\"]}]},{\"@type\":\"ImageObject\",\"inLanguage\":\"es\",\"@id\":\"https:\/\/www.noticiasradioreflejos.com.ar\/2021\/juegos-bonaerenses-adultos-mayores-del-distrito-clasificados-a-la-final-provincial\/#primaryimage\",\"url\":\"https:\/\/live.staticflickr.com\/65535\/52337905007_534fa91efd_b.jpg\",\"contentUrl\":\"https:\/\/live.staticflickr.com\/65535\/52337905007_534fa91efd_b.jpg\"},{\"@type\":\"BreadcrumbList\",\"@id\":\"https:\/\/www.noticiasradioreflejos.com.ar\/2021\/juegos-bonaerenses-adultos-mayores-del-distrito-clasificados-a-la-final-provincial\/#breadcrumb\",\"itemListElement\":[{\"@type\":\"ListItem\",\"position\":1,\"name\":\"Portada\",\"item\":\"https:\/\/www.noticiasradioreflejos.com.ar\/2021\/\"},{\"@type\":\"ListItem\",\"position\":2,\"name\":\"Juegos Bonaerenses: Adultos Mayores del distrito clasificados a la final provincial\"}]},{\"@type\":\"WebSite\",\"@id\":\"https:\/\/www.noticiasradioreflejos.com.ar\/2021\/#website\",\"url\":\"https:\/\/www.noticiasradioreflejos.com.ar\/2021\/\",\"name\":\"Noticias Radio Reflejos\",\"description\":\"Las noticias de mi comarca\",\"potentialAction\":[{\"@type\":\"SearchAction\",\"target\":{\"@type\":\"EntryPoint\",\"urlTemplate\":\"https:\/\/www.noticiasradioreflejos.com.ar\/2021\/?s={search_term_string}\"},\"query-input\":{\"@type\":\"PropertyValueSpecification\",\"valueRequired\":true,\"valueName\":\"search_term_string\"}}],\"inLanguage\":\"es\"},{\"@type\":\"Person\",\"@id\":\"https:\/\/www.noticiasradioreflejos.com.ar\/2021\/#\/schema\/person\/ad82545263dcc5ec0996818884fd5fb1\",\"name\":\"Arnaldo Botto\",\"image\":{\"@type\":\"ImageObject\",\"inLanguage\":\"es\",\"@id\":\"https:\/\/www.noticiasradioreflejos.com.ar\/2021\/#\/schema\/person\/image\/\",\"url\":\"https:\/\/secure.gravatar.com\/avatar\/55cb5e37c1efa326397366e6974cb338056df65cb50e7d64d1cf314e87504837?s=96&d=mm&r=g\",\"contentUrl\":\"https:\/\/secure.gravatar.com\/avatar\/55cb5e37c1efa326397366e6974cb338056df65cb50e7d64d1cf314e87504837?s=96&d=mm&r=g\",\"caption\":\"Arnaldo Botto\"},\"url\":\"https:\/\/www.noticiasradioreflejos.com.ar\/2021\/author\/arnaldo\/\"}]}<\/script>\n<!-- \/ Yoast SEO plugin. -->","yoast_head_json":{"title":"Juegos Bonaerenses: Adultos Mayores del distrito clasificados a la final provincial - Noticias Radio Reflejos","robots":{"index":"index","follow":"follow","max-snippet":"max-snippet:-1","max-image-preview":"max-image-preview:large","max-video-preview":"max-video-preview:-1"},"canonical":"https:\/\/www.noticiasradioreflejos.com.ar\/2021\/juegos-bonaerenses-adultos-mayores-del-distrito-clasificados-a-la-final-provincial\/","og_locale":"es_ES","og_type":"article","og_title":"Juegos Bonaerenses: Adultos Mayores del distrito clasificados a la final provincial - Noticias Radio Reflejos","og_description":"D\u00edas pasados en la ciudad de General La Madrid, se desarroll\u00f3 la Etapa Regional de los Juegos Bonaerenses 2022, para disciplinas deportivas de la categor\u00eda Adultos Mayores.","og_url":"https:\/\/www.noticiasradioreflejos.com.ar\/2021\/juegos-bonaerenses-adultos-mayores-del-distrito-clasificados-a-la-final-provincial\/","og_site_name":"Noticias Radio Reflejos","article_published_time":"2022-09-06T17:15:45+00:00","article_modified_time":"2022-09-06T17:17:17+00:00","og_image":[{"url":"https:\/\/live.staticflickr.com\/65535\/52337905007_534fa91efd_b.jpg","type":"","width":"","height":""}],"author":"Arnaldo Botto","twitter_card":"summary_large_image","schema":{"@context":"https:\/\/schema.org","@graph":[{"@type":"WebPage","@id":"https:\/\/www.noticiasradioreflejos.com.ar\/2021\/juegos-bonaerenses-adultos-mayores-del-distrito-clasificados-a-la-final-provincial\/","url":"https:\/\/www.noticiasradioreflejos.com.ar\/2021\/juegos-bonaerenses-adultos-mayores-del-distrito-clasificados-a-la-final-provincial\/","name":"Juegos Bonaerenses: Adultos Mayores del distrito clasificados a la final provincial - Noticias Radio Reflejos","isPartOf":{"@id":"https:\/\/www.noticiasradioreflejos.com.ar\/2021\/#website"},"primaryImageOfPage":{"@id":"https:\/\/www.noticiasradioreflejos.com.ar\/2021\/juegos-bonaerenses-adultos-mayores-del-distrito-clasificados-a-la-final-provincial\/#primaryimage"},"image":{"@id":"https:\/\/www.noticiasradioreflejos.com.ar\/2021\/juegos-bonaerenses-adultos-mayores-del-distrito-clasificados-a-la-final-provincial\/#primaryimage"},"thumbnailUrl":"https:\/\/live.staticflickr.com\/65535\/52337905007_534fa91efd_b.jpg","datePublished":"2022-09-06T17:15:45+00:00","dateModified":"2022-09-06T17:17:17+00:00","author":{"@id":"https:\/\/www.noticiasradioreflejos.com.ar\/2021\/#\/schema\/person\/ad82545263dcc5ec0996818884fd5fb1"},"breadcrumb":{"@id":"https:\/\/www.noticiasradioreflejos.com.ar\/2021\/juegos-bonaerenses-adultos-mayores-del-distrito-clasificados-a-la-final-provincial\/#breadcrumb"},"inLanguage":"es","potentialAction":[{"@type":"ReadAction","target":["https:\/\/www.noticiasradioreflejos.com.ar\/2021\/juegos-bonaerenses-adultos-mayores-del-distrito-clasificados-a-la-final-provincial\/"]}]},{"@type":"ImageObject","inLanguage":"es","@id":"https:\/\/www.noticiasradioreflejos.com.ar\/2021\/juegos-bonaerenses-adultos-mayores-del-distrito-clasificados-a-la-final-provincial\/#primaryimage","url":"https:\/\/live.staticflickr.com\/65535\/52337905007_534fa91efd_b.jpg","contentUrl":"https:\/\/live.staticflickr.com\/65535\/52337905007_534fa91efd_b.jpg"},{"@type":"BreadcrumbList","@id":"https:\/\/www.noticiasradioreflejos.com.ar\/2021\/juegos-bonaerenses-adultos-mayores-del-distrito-clasificados-a-la-final-provincial\/#breadcrumb","itemListElement":[{"@type":"ListItem","position":1,"name":"Portada","item":"https:\/\/www.noticiasradioreflejos.com.ar\/2021\/"},{"@type":"ListItem","position":2,"name":"Juegos Bonaerenses: Adultos Mayores del distrito clasificados a la final provincial"}]},{"@type":"WebSite","@id":"https:\/\/www.noticiasradioreflejos.com.ar\/2021\/#website","url":"https:\/\/www.noticiasradioreflejos.com.ar\/2021\/","name":"Noticias Radio Reflejos","description":"Las noticias de mi comarca","potentialAction":[{"@type":"SearchAction","target":{"@type":"EntryPoint","urlTemplate":"https:\/\/www.noticiasradioreflejos.com.ar\/2021\/?s={search_term_string}"},"query-input":{"@type":"PropertyValueSpecification","valueRequired":true,"valueName":"search_term_string"}}],"inLanguage":"es"},{"@type":"Person","@id":"https:\/\/www.noticiasradioreflejos.com.ar\/2021\/#\/schema\/person\/ad82545263dcc5ec0996818884fd5fb1","name":"Arnaldo Botto","image":{"@type":"ImageObject","inLanguage":"es","@id":"https:\/\/www.noticiasradioreflejos.com.ar\/2021\/#\/schema\/person\/image\/","url":"https:\/\/secure.gravatar.com\/avatar\/55cb5e37c1efa326397366e6974cb338056df65cb50e7d64d1cf314e87504837?s=96&d=mm&r=g","contentUrl":"https:\/\/secure.gravatar.com\/avatar\/55cb5e37c1efa326397366e6974cb338056df65cb50e7d64d1cf314e87504837?s=96&d=mm&r=g","caption":"Arnaldo Botto"},"url":"https:\/\/www.noticiasradioreflejos.com.ar\/2021\/author\/arnaldo\/"}]}},"_links":{"self":[{"href":"https:\/\/www.noticiasradioreflejos.com.ar\/2021\/wp-json\/wp\/v2\/posts\/77286","targetHints":{"allow":["GET"]}}],"collection":[{"href":"https:\/\/www.noticiasradioreflejos.com.ar\/2021\/wp-json\/wp\/v2\/posts"}],"about":[{"href":"https:\/\/www.noticiasradioreflejos.com.ar\/2021\/wp-json\/wp\/v2\/types\/post"}],"author":[{"embeddable":true,"href":"https:\/\/www.noticiasradioreflejos.com.ar\/2021\/wp-json\/wp\/v2\/users\/3"}],"replies":[{"embeddable":true,"href":"https:\/\/www.noticiasradioreflejos.com.ar\/2021\/wp-json\/wp\/v2\/comments?post=77286"}],"version-history":[{"count":3,"href":"https:\/\/www.noticiasradioreflejos.com.ar\/2021\/wp-json\/wp\/v2\/posts\/77286\/revisions"}],"predecessor-version":[{"id":77290,"href":"https:\/\/www.noticiasradioreflejos.com.ar\/2021\/wp-json\/wp\/v2\/posts\/77286\/revisions\/77290"}],"wp:attachment":[{"href":"https:\/\/www.noticiasradioreflejos.com.ar\/2021\/wp-json\/wp\/v2\/media?parent=77286"}],"wp:term":[{"taxonomy":"category","embeddable":true,"href":"https:\/\/www.noticiasradioreflejos.com.ar\/2021\/wp-json\/wp\/v2\/categories?post=77286"},{"taxonomy":"post_tag","embeddable":true,"href":"https:\/\/www.noticiasradioreflejos.com.ar\/2021\/wp-json\/wp\/v2\/tags?post=77286"}],"curies":[{"name":"wp","href":"https:\/\/api.w.org\/{rel}","templated":true}]}}