{"id":77283,"date":"2022-09-06T17:11:08","date_gmt":"2022-09-06T17:11:08","guid":{"rendered":"http:\/\/www.noticiasradioreflejos.com.ar\/2021\/?p=77283"},"modified":"2022-09-06T17:11:08","modified_gmt":"2022-09-06T17:11:08","slug":"tornquist-municipio-representara-a-la-argentina-en-una-capacitacion-internacional-de-desarrollo-sostenible-en-polonia","status":"publish","type":"post","link":"https:\/\/www.noticiasradioreflejos.com.ar\/2021\/tornquist-municipio-representara-a-la-argentina-en-una-capacitacion-internacional-de-desarrollo-sostenible-en-polonia\/","title":{"rendered":"Tornquist Municipio representar\u00e1 a la Argentina en una capacitaci\u00f3n internacional de desarrollo sostenible en Polonia"},"content":{"rendered":"<p>Tornquist es uno de los siete municipios elegidos para representar a la Argentina en dos instancias de capacitaci\u00f3n internacional de desarrollo sostenible en el marco Erasmus Plus, el programa de la Uni\u00f3n Europea (UE) para apoyar la educaci\u00f3n, la formaci\u00f3n, la juventud y el deporte en Europa. <!--more--><\/p>\n<p>Las jornadas se desarrollar\u00e1n del 20 al 26 de septiembre en la ciudad de Puck, Polonia, y por Tornquist participar\u00e1 el Subsecretario de Hacienda, Lic. Bruno Zacconi, quien fue seleccionado mediante una convocatoria de j\u00f3venes funcionarios de comunas pertenecientes a la Red Argentina de Municipios frente al Cambio Clim\u00e1tico (RAMCC). <\/p>\n<p>Tambi\u00e9n viajar\u00e1n representantes de los municipios de Simoca (Tucum\u00e1n), Villa Eloisa (Santa Fe), Avellaneda (Santa Fe), Saladillo (Buenos Aires), Despe\u00f1aderos (C\u00f3rdoba), y Ceres (Santa Fe), adem\u00e1s de pares de Uruguay, Brasil e Italia.<\/p>\n<p>Todas las actividades son financiadas por la UE.<\/p>\n<p>Erasmus Plus cuenta con un presupuesto estimado de 26 200 millones de euros. Para el per\u00edodo 2021-2027, el programa hace especial hincapi\u00e9 en la inclusi\u00f3n social, las transiciones ecol\u00f3gica y digital, y el fomento de la participaci\u00f3n de las personas j\u00f3venes en la vida democr\u00e1tica.<\/p>\n<p>Apoya las prioridades y actividades establecidas en el Espacio Europeo de Educaci\u00f3n, el Plan de Acci\u00f3n de Educaci\u00f3n Digital y la Agenda de Capacidades Europea. <\/p>\n","protected":false},"excerpt":{"rendered":"<p>Tornquist es uno de los siete municipios elegidos para representar a la Argentina en dos instancias de capacitaci\u00f3n internacional de desarrollo sostenible en el marco Erasmus Plus, el programa de la Uni\u00f3n Europea (UE) para apoyar la educaci\u00f3n, la formaci\u00f3n, la juventud y el deporte en Europa.<\/p>\n","protected":false},"author":3,"featured_media":0,"comment_status":"closed","ping_status":"closed","sticky":false,"template":"","format":"standard","meta":{"footnotes":""},"categories":[1],"tags":[],"class_list":["post-77283","post","type-post","status-publish","format-standard","hentry","category-sin-categoria"],"yoast_head":"<!-- This site is optimized with the Yoast SEO plugin v25.9 - https:\/\/yoast.com\/wordpress\/plugins\/seo\/ -->\n<title>Tornquist Municipio representar\u00e1 a la Argentina en una capacitaci\u00f3n internacional de desarrollo sostenible en Polonia - Noticias Radio Reflejos<\/title>\n<meta name=\"robots\" content=\"index, follow, max-snippet:-1, max-image-preview:large, max-video-preview:-1\" \/>\n<link rel=\"canonical\" href=\"https:\/\/www.noticiasradioreflejos.com.ar\/2021\/tornquist-municipio-representara-a-la-argentina-en-una-capacitacion-internacional-de-desarrollo-sostenible-en-polonia\/\" \/>\n<meta property=\"og:locale\" content=\"es_ES\" \/>\n<meta property=\"og:type\" content=\"article\" \/>\n<meta property=\"og:title\" content=\"Tornquist Municipio representar\u00e1 a la Argentina en una capacitaci\u00f3n internacional de desarrollo sostenible en Polonia - Noticias Radio Reflejos\" \/>\n<meta property=\"og:description\" content=\"Tornquist es uno de los siete municipios elegidos para representar a la Argentina en dos instancias de capacitaci\u00f3n internacional de desarrollo sostenible en el marco Erasmus Plus, el programa de la Uni\u00f3n Europea (UE) para apoyar la educaci\u00f3n, la formaci\u00f3n, la juventud y el deporte en Europa.\" \/>\n<meta property=\"og:url\" content=\"https:\/\/www.noticiasradioreflejos.com.ar\/2021\/tornquist-municipio-representara-a-la-argentina-en-una-capacitacion-internacional-de-desarrollo-sostenible-en-polonia\/\" \/>\n<meta property=\"og:site_name\" content=\"Noticias Radio Reflejos\" \/>\n<meta property=\"article:published_time\" content=\"2022-09-06T17:11:08+00:00\" \/>\n<meta property=\"og:image\" content=\"https:\/\/www.noticiasradioreflejos.com.ar\/2021\/wp-content\/uploads\/2021\/07\/logosol300x200.png\" \/>\n\t<meta property=\"og:image:width\" content=\"300\" \/>\n\t<meta property=\"og:image:height\" content=\"200\" \/>\n\t<meta property=\"og:image:type\" content=\"image\/png\" \/>\n<meta name=\"author\" content=\"Arnaldo Botto\" \/>\n<meta name=\"twitter:card\" content=\"summary_large_image\" \/>\n<script type=\"application\/ld+json\" class=\"yoast-schema-graph\">{\"@context\":\"https:\/\/schema.org\",\"@graph\":[{\"@type\":\"WebPage\",\"@id\":\"https:\/\/www.noticiasradioreflejos.com.ar\/2021\/tornquist-municipio-representara-a-la-argentina-en-una-capacitacion-internacional-de-desarrollo-sostenible-en-polonia\/\",\"url\":\"https:\/\/www.noticiasradioreflejos.com.ar\/2021\/tornquist-municipio-representara-a-la-argentina-en-una-capacitacion-internacional-de-desarrollo-sostenible-en-polonia\/\",\"name\":\"Tornquist Municipio representar\u00e1 a la Argentina en una capacitaci\u00f3n internacional de desarrollo sostenible en Polonia - Noticias Radio Reflejos\",\"isPartOf\":{\"@id\":\"https:\/\/www.noticiasradioreflejos.com.ar\/2021\/#website\"},\"datePublished\":\"2022-09-06T17:11:08+00:00\",\"author\":{\"@id\":\"https:\/\/www.noticiasradioreflejos.com.ar\/2021\/#\/schema\/person\/ad82545263dcc5ec0996818884fd5fb1\"},\"breadcrumb\":{\"@id\":\"https:\/\/www.noticiasradioreflejos.com.ar\/2021\/tornquist-municipio-representara-a-la-argentina-en-una-capacitacion-internacional-de-desarrollo-sostenible-en-polonia\/#breadcrumb\"},\"inLanguage\":\"es\",\"potentialAction\":[{\"@type\":\"ReadAction\",\"target\":[\"https:\/\/www.noticiasradioreflejos.com.ar\/2021\/tornquist-municipio-representara-a-la-argentina-en-una-capacitacion-internacional-de-desarrollo-sostenible-en-polonia\/\"]}]},{\"@type\":\"BreadcrumbList\",\"@id\":\"https:\/\/www.noticiasradioreflejos.com.ar\/2021\/tornquist-municipio-representara-a-la-argentina-en-una-capacitacion-internacional-de-desarrollo-sostenible-en-polonia\/#breadcrumb\",\"itemListElement\":[{\"@type\":\"ListItem\",\"position\":1,\"name\":\"Portada\",\"item\":\"https:\/\/www.noticiasradioreflejos.com.ar\/2021\/\"},{\"@type\":\"ListItem\",\"position\":2,\"name\":\"Tornquist Municipio representar\u00e1 a la Argentina en una capacitaci\u00f3n internacional de desarrollo sostenible en Polonia\"}]},{\"@type\":\"WebSite\",\"@id\":\"https:\/\/www.noticiasradioreflejos.com.ar\/2021\/#website\",\"url\":\"https:\/\/www.noticiasradioreflejos.com.ar\/2021\/\",\"name\":\"Noticias Radio Reflejos\",\"description\":\"Las noticias de mi comarca\",\"potentialAction\":[{\"@type\":\"SearchAction\",\"target\":{\"@type\":\"EntryPoint\",\"urlTemplate\":\"https:\/\/www.noticiasradioreflejos.com.ar\/2021\/?s={search_term_string}\"},\"query-input\":{\"@type\":\"PropertyValueSpecification\",\"valueRequired\":true,\"valueName\":\"search_term_string\"}}],\"inLanguage\":\"es\"},{\"@type\":\"Person\",\"@id\":\"https:\/\/www.noticiasradioreflejos.com.ar\/2021\/#\/schema\/person\/ad82545263dcc5ec0996818884fd5fb1\",\"name\":\"Arnaldo Botto\",\"image\":{\"@type\":\"ImageObject\",\"inLanguage\":\"es\",\"@id\":\"https:\/\/www.noticiasradioreflejos.com.ar\/2021\/#\/schema\/person\/image\/\",\"url\":\"https:\/\/secure.gravatar.com\/avatar\/55cb5e37c1efa326397366e6974cb338056df65cb50e7d64d1cf314e87504837?s=96&d=mm&r=g\",\"contentUrl\":\"https:\/\/secure.gravatar.com\/avatar\/55cb5e37c1efa326397366e6974cb338056df65cb50e7d64d1cf314e87504837?s=96&d=mm&r=g\",\"caption\":\"Arnaldo Botto\"},\"url\":\"https:\/\/www.noticiasradioreflejos.com.ar\/2021\/author\/arnaldo\/\"}]}<\/script>\n<!-- \/ Yoast SEO plugin. -->","yoast_head_json":{"title":"Tornquist Municipio representar\u00e1 a la Argentina en una capacitaci\u00f3n internacional de desarrollo sostenible en Polonia - Noticias Radio Reflejos","robots":{"index":"index","follow":"follow","max-snippet":"max-snippet:-1","max-image-preview":"max-image-preview:large","max-video-preview":"max-video-preview:-1"},"canonical":"https:\/\/www.noticiasradioreflejos.com.ar\/2021\/tornquist-municipio-representara-a-la-argentina-en-una-capacitacion-internacional-de-desarrollo-sostenible-en-polonia\/","og_locale":"es_ES","og_type":"article","og_title":"Tornquist Municipio representar\u00e1 a la Argentina en una capacitaci\u00f3n internacional de desarrollo sostenible en Polonia - Noticias Radio Reflejos","og_description":"Tornquist es uno de los siete municipios elegidos para representar a la Argentina en dos instancias de capacitaci\u00f3n internacional de desarrollo sostenible en el marco Erasmus Plus, el programa de la Uni\u00f3n Europea (UE) para apoyar la educaci\u00f3n, la formaci\u00f3n, la juventud y el deporte en Europa.","og_url":"https:\/\/www.noticiasradioreflejos.com.ar\/2021\/tornquist-municipio-representara-a-la-argentina-en-una-capacitacion-internacional-de-desarrollo-sostenible-en-polonia\/","og_site_name":"Noticias Radio Reflejos","article_published_time":"2022-09-06T17:11:08+00:00","og_image":[{"width":300,"height":200,"url":"https:\/\/www.noticiasradioreflejos.com.ar\/2021\/wp-content\/uploads\/2021\/07\/logosol300x200.png","type":"image\/png"}],"author":"Arnaldo Botto","twitter_card":"summary_large_image","schema":{"@context":"https:\/\/schema.org","@graph":[{"@type":"WebPage","@id":"https:\/\/www.noticiasradioreflejos.com.ar\/2021\/tornquist-municipio-representara-a-la-argentina-en-una-capacitacion-internacional-de-desarrollo-sostenible-en-polonia\/","url":"https:\/\/www.noticiasradioreflejos.com.ar\/2021\/tornquist-municipio-representara-a-la-argentina-en-una-capacitacion-internacional-de-desarrollo-sostenible-en-polonia\/","name":"Tornquist Municipio representar\u00e1 a la Argentina en una capacitaci\u00f3n internacional de desarrollo sostenible en Polonia - Noticias Radio Reflejos","isPartOf":{"@id":"https:\/\/www.noticiasradioreflejos.com.ar\/2021\/#website"},"datePublished":"2022-09-06T17:11:08+00:00","author":{"@id":"https:\/\/www.noticiasradioreflejos.com.ar\/2021\/#\/schema\/person\/ad82545263dcc5ec0996818884fd5fb1"},"breadcrumb":{"@id":"https:\/\/www.noticiasradioreflejos.com.ar\/2021\/tornquist-municipio-representara-a-la-argentina-en-una-capacitacion-internacional-de-desarrollo-sostenible-en-polonia\/#breadcrumb"},"inLanguage":"es","potentialAction":[{"@type":"ReadAction","target":["https:\/\/www.noticiasradioreflejos.com.ar\/2021\/tornquist-municipio-representara-a-la-argentina-en-una-capacitacion-internacional-de-desarrollo-sostenible-en-polonia\/"]}]},{"@type":"BreadcrumbList","@id":"https:\/\/www.noticiasradioreflejos.com.ar\/2021\/tornquist-municipio-representara-a-la-argentina-en-una-capacitacion-internacional-de-desarrollo-sostenible-en-polonia\/#breadcrumb","itemListElement":[{"@type":"ListItem","position":1,"name":"Portada","item":"https:\/\/www.noticiasradioreflejos.com.ar\/2021\/"},{"@type":"ListItem","position":2,"name":"Tornquist Municipio representar\u00e1 a la Argentina en una capacitaci\u00f3n internacional de desarrollo sostenible en Polonia"}]},{"@type":"WebSite","@id":"https:\/\/www.noticiasradioreflejos.com.ar\/2021\/#website","url":"https:\/\/www.noticiasradioreflejos.com.ar\/2021\/","name":"Noticias Radio Reflejos","description":"Las noticias de mi comarca","potentialAction":[{"@type":"SearchAction","target":{"@type":"EntryPoint","urlTemplate":"https:\/\/www.noticiasradioreflejos.com.ar\/2021\/?s={search_term_string}"},"query-input":{"@type":"PropertyValueSpecification","valueRequired":true,"valueName":"search_term_string"}}],"inLanguage":"es"},{"@type":"Person","@id":"https:\/\/www.noticiasradioreflejos.com.ar\/2021\/#\/schema\/person\/ad82545263dcc5ec0996818884fd5fb1","name":"Arnaldo Botto","image":{"@type":"ImageObject","inLanguage":"es","@id":"https:\/\/www.noticiasradioreflejos.com.ar\/2021\/#\/schema\/person\/image\/","url":"https:\/\/secure.gravatar.com\/avatar\/55cb5e37c1efa326397366e6974cb338056df65cb50e7d64d1cf314e87504837?s=96&d=mm&r=g","contentUrl":"https:\/\/secure.gravatar.com\/avatar\/55cb5e37c1efa326397366e6974cb338056df65cb50e7d64d1cf314e87504837?s=96&d=mm&r=g","caption":"Arnaldo Botto"},"url":"https:\/\/www.noticiasradioreflejos.com.ar\/2021\/author\/arnaldo\/"}]}},"_links":{"self":[{"href":"https:\/\/www.noticiasradioreflejos.com.ar\/2021\/wp-json\/wp\/v2\/posts\/77283","targetHints":{"allow":["GET"]}}],"collection":[{"href":"https:\/\/www.noticiasradioreflejos.com.ar\/2021\/wp-json\/wp\/v2\/posts"}],"about":[{"href":"https:\/\/www.noticiasradioreflejos.com.ar\/2021\/wp-json\/wp\/v2\/types\/post"}],"author":[{"embeddable":true,"href":"https:\/\/www.noticiasradioreflejos.com.ar\/2021\/wp-json\/wp\/v2\/users\/3"}],"replies":[{"embeddable":true,"href":"https:\/\/www.noticiasradioreflejos.com.ar\/2021\/wp-json\/wp\/v2\/comments?post=77283"}],"version-history":[{"count":1,"href":"https:\/\/www.noticiasradioreflejos.com.ar\/2021\/wp-json\/wp\/v2\/posts\/77283\/revisions"}],"predecessor-version":[{"id":77285,"href":"https:\/\/www.noticiasradioreflejos.com.ar\/2021\/wp-json\/wp\/v2\/posts\/77283\/revisions\/77285"}],"wp:attachment":[{"href":"https:\/\/www.noticiasradioreflejos.com.ar\/2021\/wp-json\/wp\/v2\/media?parent=77283"}],"wp:term":[{"taxonomy":"category","embeddable":true,"href":"https:\/\/www.noticiasradioreflejos.com.ar\/2021\/wp-json\/wp\/v2\/categories?post=77283"},{"taxonomy":"post_tag","embeddable":true,"href":"https:\/\/www.noticiasradioreflejos.com.ar\/2021\/wp-json\/wp\/v2\/tags?post=77283"}],"curies":[{"name":"wp","href":"https:\/\/api.w.org\/{rel}","templated":true}]}}