{"id":77269,"date":"2022-09-06T20:42:19","date_gmt":"2022-09-06T20:42:19","guid":{"rendered":"http:\/\/www.noticiasradioreflejos.com.ar\/2021\/?p=77269"},"modified":"2022-09-07T23:35:25","modified_gmt":"2022-09-07T23:35:25","slug":"se-viene-una-caminata-diferente-hacia-el-ex-club-hotel-el-proximo-domingo","status":"publish","type":"post","link":"https:\/\/www.noticiasradioreflejos.com.ar\/2021\/se-viene-una-caminata-diferente-hacia-el-ex-club-hotel-el-proximo-domingo\/","title":{"rendered":"Se viene una caminata diferente hacia el ex Club Hotel el pr\u00f3ximo domingo"},"content":{"rendered":"<p>La misma estar\u00e1 organizada por la <strong>Asociaci\u00f3n Trochita<\/strong> y fiscalizada por bomberos. \u201cBienvenidos todos los que se sumen\u201d asegur\u00f3 Dardo Fern\u00e1ndez.<!--more--><\/p>\n<p><a title=\"295799010_922524091971780_7030321292172681061_n\" href=\"https:\/\/www.flickr.com\/photos\/182279889@N02\/52304819945\/in\/dateposted-public\/\" data-flickr-embed=\"true\"><img loading=\"lazy\" decoding=\"async\" class=\"alignleft\" src=\"https:\/\/live.staticflickr.com\/65535\/52304819945_c8cdd13a83_c.jpg\" alt=\"295799010_922524091971780_7030321292172681061_n\" width=\"331\" height=\"470\" \/><\/a>El pr\u00f3ximo domingo la comarca serrana tendr\u00e1 una actividad diferente y muy esperada por muchos. Es que volver\u00e1 a realizarse una caminata sobre parte del antiguo trazado por donde circulaba la trocha angosta, que un\u00eda Sierra con el Club Hotel de la Ventana.<\/p>\n<p>Esta actividad, organizada por la Asociaci\u00f3n Trochita y supervisada por bomberos, tiene una extensi\u00f3n de 14km en donde, seg\u00fan refiri\u00f3 Dardo Fern\u00e1ndez, uno de sus impulsores \u201csiempre nos acompa\u00f1a el tiempo para poder disfrutar de la caminata\u201d.<\/p>\n<p>De igual manera asegur\u00f3 que \u201clas inscripciones vienen muy bien. Habitualmente el mayor flujo de inscripciones se da la \u00faltima semana. Lo que siempre pedimos es que lo hagan con tiempo, por el tema del seguro, para darle tranquilidad al caminante y a los linderos de la traza\u201d.<\/p>\n<p>Sobre las expectativas, confirm\u00f3 que \u201cestamos preparados para 300 caminantes, pero por ahora llevamos 120. La \u00faltima edici\u00f3n participaron 138. Con esa cantidad de gente estamos bien. Bienvenidos todos los que se sumen. Van a disfrutar de lugares diferentes\u201d.<\/p>\n<p>Dando detalles, mencion\u00f3 que \u201cnosotros vamos a estar presentes en el km 6 de la ruta 72 a las 7 de la ma\u00f1ana, preparados para entregar los kit completos, y de ah\u00ed vamos armando grupos de a 20, donde va un miembro de la comisi\u00f3n y un bombero por grupo. Yo voy cerrando la caminata, corroborando que todos los lugares que se pasaron queden igual o mejor de lo que estaban en su momento, con un veedor que ser\u00e1 un bombero\u201d.<\/p>\n<p>Al mismo tiempo cont\u00f3 que \u201ca mitad de caminata nos esperar\u00e1n los chicos de la escuela agraria de Villa Ventana, que nos dar\u00e1n una charla mientras descansamos. Y luego retomaremos la caminata. El a\u00f1o pasado tardamos unas cuatro horas y media, y para este a\u00f1o esperamos ocupar esa misma cantidad de tiempo\u201d.<\/p>\n<p>Por \u00faltimo apunt\u00f3 a que \u201clas inscripciones est\u00e1n en las redes. Toman el n\u00famero de contacto, nos escriben y a partir de ah\u00ed se dan los pasos a seguir. La gente que no participe de la caminata podr\u00e1 ir igual al ex Club Hotel, donde tendremos un servicio de cantina. Los inscriptos tendr\u00e1n tambi\u00e9n sin cargo un chorip\u00e1n\u201d.<\/p>\n<p>&nbsp;<\/p>\n<p><iframe loading=\"lazy\" src=\"https:\/\/w.soundcloud.com\/player\/?url=https%3A\/\/api.soundcloud.com\/tracks\/1338701449&amp;color=%23ff5500&amp;auto_play=false&amp;hide_related=false&amp;show_comments=true&amp;show_user=true&amp;show_reposts=false&amp;show_teaser=true\" width=\"100%\" height=\"166\" frameborder=\"no\" scrolling=\"no\"><\/iframe><\/p>\n<div style=\"font-size: 10px; color: #cccccc; line-break: anywhere; word-break: normal; overflow: hidden; white-space: nowrap; text-overflow: ellipsis; font-family: Interstate,Lucida Grande,Lucida Sans Unicode,Lucida Sans,Garuda,Verdana,Tahoma,sans-serif; font-weight: 100;\"><a style=\"color: #cccccc; text-decoration: none;\" title=\"fmreflejos 103.7\" href=\"https:\/\/soundcloud.com\/fmreflejos-103-7\" target=\"_blank\" rel=\"noopener\">fmreflejos 103.7<\/a> \u00b7 <a style=\"color: #cccccc; text-decoration: none;\" title=\"Dardo Fernandez\" href=\"https:\/\/soundcloud.com\/fmreflejos-103-7\/dardo-fernandez-1\" target=\"_blank\" rel=\"noopener\">Dardo Fernandez<\/a><\/div>\n","protected":false},"excerpt":{"rendered":"<p>La misma estar\u00e1 organizada por la Asociaci\u00f3n Trochita y fiscalizada por bomberos. \u201cBienvenidos todos los que se sumen\u201d asegur\u00f3 Dardo Fern\u00e1ndez.<\/p>\n","protected":false},"author":3,"featured_media":0,"comment_status":"closed","ping_status":"closed","sticky":false,"template":"","format":"standard","meta":{"footnotes":""},"categories":[26,33],"tags":[],"class_list":["post-77269","post","type-post","status-publish","format-standard","hentry","category-sociedad","category-turismo"],"yoast_head":"<!-- This site is optimized with the Yoast SEO plugin v25.9 - https:\/\/yoast.com\/wordpress\/plugins\/seo\/ -->\n<title>Se viene una caminata diferente hacia el ex Club Hotel el pr\u00f3ximo domingo - Noticias Radio Reflejos<\/title>\n<meta name=\"robots\" content=\"index, follow, max-snippet:-1, max-image-preview:large, max-video-preview:-1\" \/>\n<link rel=\"canonical\" href=\"https:\/\/www.noticiasradioreflejos.com.ar\/2021\/se-viene-una-caminata-diferente-hacia-el-ex-club-hotel-el-proximo-domingo\/\" \/>\n<meta property=\"og:locale\" content=\"es_ES\" \/>\n<meta property=\"og:type\" content=\"article\" \/>\n<meta property=\"og:title\" content=\"Se viene una caminata diferente hacia el ex Club Hotel el pr\u00f3ximo domingo - Noticias Radio Reflejos\" \/>\n<meta property=\"og:description\" content=\"La misma estar\u00e1 organizada por la Asociaci\u00f3n Trochita y fiscalizada por bomberos. \u201cBienvenidos todos los que se sumen\u201d asegur\u00f3 Dardo Fern\u00e1ndez.\" \/>\n<meta property=\"og:url\" content=\"https:\/\/www.noticiasradioreflejos.com.ar\/2021\/se-viene-una-caminata-diferente-hacia-el-ex-club-hotel-el-proximo-domingo\/\" \/>\n<meta property=\"og:site_name\" content=\"Noticias Radio Reflejos\" \/>\n<meta property=\"article:published_time\" content=\"2022-09-06T20:42:19+00:00\" \/>\n<meta property=\"article:modified_time\" content=\"2022-09-07T23:35:25+00:00\" \/>\n<meta property=\"og:image\" content=\"https:\/\/live.staticflickr.com\/65535\/52304819945_c8cdd13a83_c.jpg\" \/>\n<meta name=\"author\" content=\"Arnaldo Botto\" \/>\n<meta name=\"twitter:card\" content=\"summary_large_image\" \/>\n<script type=\"application\/ld+json\" class=\"yoast-schema-graph\">{\"@context\":\"https:\/\/schema.org\",\"@graph\":[{\"@type\":\"WebPage\",\"@id\":\"https:\/\/www.noticiasradioreflejos.com.ar\/2021\/se-viene-una-caminata-diferente-hacia-el-ex-club-hotel-el-proximo-domingo\/\",\"url\":\"https:\/\/www.noticiasradioreflejos.com.ar\/2021\/se-viene-una-caminata-diferente-hacia-el-ex-club-hotel-el-proximo-domingo\/\",\"name\":\"Se viene una caminata diferente hacia el ex Club Hotel el pr\u00f3ximo domingo - Noticias Radio Reflejos\",\"isPartOf\":{\"@id\":\"https:\/\/www.noticiasradioreflejos.com.ar\/2021\/#website\"},\"primaryImageOfPage\":{\"@id\":\"https:\/\/www.noticiasradioreflejos.com.ar\/2021\/se-viene-una-caminata-diferente-hacia-el-ex-club-hotel-el-proximo-domingo\/#primaryimage\"},\"image\":{\"@id\":\"https:\/\/www.noticiasradioreflejos.com.ar\/2021\/se-viene-una-caminata-diferente-hacia-el-ex-club-hotel-el-proximo-domingo\/#primaryimage\"},\"thumbnailUrl\":\"https:\/\/live.staticflickr.com\/65535\/52304819945_c8cdd13a83_c.jpg\",\"datePublished\":\"2022-09-06T20:42:19+00:00\",\"dateModified\":\"2022-09-07T23:35:25+00:00\",\"author\":{\"@id\":\"https:\/\/www.noticiasradioreflejos.com.ar\/2021\/#\/schema\/person\/ad82545263dcc5ec0996818884fd5fb1\"},\"breadcrumb\":{\"@id\":\"https:\/\/www.noticiasradioreflejos.com.ar\/2021\/se-viene-una-caminata-diferente-hacia-el-ex-club-hotel-el-proximo-domingo\/#breadcrumb\"},\"inLanguage\":\"es\",\"potentialAction\":[{\"@type\":\"ReadAction\",\"target\":[\"https:\/\/www.noticiasradioreflejos.com.ar\/2021\/se-viene-una-caminata-diferente-hacia-el-ex-club-hotel-el-proximo-domingo\/\"]}]},{\"@type\":\"ImageObject\",\"inLanguage\":\"es\",\"@id\":\"https:\/\/www.noticiasradioreflejos.com.ar\/2021\/se-viene-una-caminata-diferente-hacia-el-ex-club-hotel-el-proximo-domingo\/#primaryimage\",\"url\":\"https:\/\/live.staticflickr.com\/65535\/52304819945_c8cdd13a83_c.jpg\",\"contentUrl\":\"https:\/\/live.staticflickr.com\/65535\/52304819945_c8cdd13a83_c.jpg\"},{\"@type\":\"BreadcrumbList\",\"@id\":\"https:\/\/www.noticiasradioreflejos.com.ar\/2021\/se-viene-una-caminata-diferente-hacia-el-ex-club-hotel-el-proximo-domingo\/#breadcrumb\",\"itemListElement\":[{\"@type\":\"ListItem\",\"position\":1,\"name\":\"Portada\",\"item\":\"https:\/\/www.noticiasradioreflejos.com.ar\/2021\/\"},{\"@type\":\"ListItem\",\"position\":2,\"name\":\"Se viene una caminata diferente hacia el ex Club Hotel el pr\u00f3ximo domingo\"}]},{\"@type\":\"WebSite\",\"@id\":\"https:\/\/www.noticiasradioreflejos.com.ar\/2021\/#website\",\"url\":\"https:\/\/www.noticiasradioreflejos.com.ar\/2021\/\",\"name\":\"Noticias Radio Reflejos\",\"description\":\"Las noticias de mi comarca\",\"potentialAction\":[{\"@type\":\"SearchAction\",\"target\":{\"@type\":\"EntryPoint\",\"urlTemplate\":\"https:\/\/www.noticiasradioreflejos.com.ar\/2021\/?s={search_term_string}\"},\"query-input\":{\"@type\":\"PropertyValueSpecification\",\"valueRequired\":true,\"valueName\":\"search_term_string\"}}],\"inLanguage\":\"es\"},{\"@type\":\"Person\",\"@id\":\"https:\/\/www.noticiasradioreflejos.com.ar\/2021\/#\/schema\/person\/ad82545263dcc5ec0996818884fd5fb1\",\"name\":\"Arnaldo Botto\",\"image\":{\"@type\":\"ImageObject\",\"inLanguage\":\"es\",\"@id\":\"https:\/\/www.noticiasradioreflejos.com.ar\/2021\/#\/schema\/person\/image\/\",\"url\":\"https:\/\/secure.gravatar.com\/avatar\/55cb5e37c1efa326397366e6974cb338056df65cb50e7d64d1cf314e87504837?s=96&d=mm&r=g\",\"contentUrl\":\"https:\/\/secure.gravatar.com\/avatar\/55cb5e37c1efa326397366e6974cb338056df65cb50e7d64d1cf314e87504837?s=96&d=mm&r=g\",\"caption\":\"Arnaldo Botto\"},\"url\":\"https:\/\/www.noticiasradioreflejos.com.ar\/2021\/author\/arnaldo\/\"}]}<\/script>\n<!-- \/ Yoast SEO plugin. -->","yoast_head_json":{"title":"Se viene una caminata diferente hacia el ex Club Hotel el pr\u00f3ximo domingo - Noticias Radio Reflejos","robots":{"index":"index","follow":"follow","max-snippet":"max-snippet:-1","max-image-preview":"max-image-preview:large","max-video-preview":"max-video-preview:-1"},"canonical":"https:\/\/www.noticiasradioreflejos.com.ar\/2021\/se-viene-una-caminata-diferente-hacia-el-ex-club-hotel-el-proximo-domingo\/","og_locale":"es_ES","og_type":"article","og_title":"Se viene una caminata diferente hacia el ex Club Hotel el pr\u00f3ximo domingo - Noticias Radio Reflejos","og_description":"La misma estar\u00e1 organizada por la Asociaci\u00f3n Trochita y fiscalizada por bomberos. \u201cBienvenidos todos los que se sumen\u201d asegur\u00f3 Dardo Fern\u00e1ndez.","og_url":"https:\/\/www.noticiasradioreflejos.com.ar\/2021\/se-viene-una-caminata-diferente-hacia-el-ex-club-hotel-el-proximo-domingo\/","og_site_name":"Noticias Radio Reflejos","article_published_time":"2022-09-06T20:42:19+00:00","article_modified_time":"2022-09-07T23:35:25+00:00","og_image":[{"url":"https:\/\/live.staticflickr.com\/65535\/52304819945_c8cdd13a83_c.jpg","type":"","width":"","height":""}],"author":"Arnaldo Botto","twitter_card":"summary_large_image","schema":{"@context":"https:\/\/schema.org","@graph":[{"@type":"WebPage","@id":"https:\/\/www.noticiasradioreflejos.com.ar\/2021\/se-viene-una-caminata-diferente-hacia-el-ex-club-hotel-el-proximo-domingo\/","url":"https:\/\/www.noticiasradioreflejos.com.ar\/2021\/se-viene-una-caminata-diferente-hacia-el-ex-club-hotel-el-proximo-domingo\/","name":"Se viene una caminata diferente hacia el ex Club Hotel el pr\u00f3ximo domingo - Noticias Radio Reflejos","isPartOf":{"@id":"https:\/\/www.noticiasradioreflejos.com.ar\/2021\/#website"},"primaryImageOfPage":{"@id":"https:\/\/www.noticiasradioreflejos.com.ar\/2021\/se-viene-una-caminata-diferente-hacia-el-ex-club-hotel-el-proximo-domingo\/#primaryimage"},"image":{"@id":"https:\/\/www.noticiasradioreflejos.com.ar\/2021\/se-viene-una-caminata-diferente-hacia-el-ex-club-hotel-el-proximo-domingo\/#primaryimage"},"thumbnailUrl":"https:\/\/live.staticflickr.com\/65535\/52304819945_c8cdd13a83_c.jpg","datePublished":"2022-09-06T20:42:19+00:00","dateModified":"2022-09-07T23:35:25+00:00","author":{"@id":"https:\/\/www.noticiasradioreflejos.com.ar\/2021\/#\/schema\/person\/ad82545263dcc5ec0996818884fd5fb1"},"breadcrumb":{"@id":"https:\/\/www.noticiasradioreflejos.com.ar\/2021\/se-viene-una-caminata-diferente-hacia-el-ex-club-hotel-el-proximo-domingo\/#breadcrumb"},"inLanguage":"es","potentialAction":[{"@type":"ReadAction","target":["https:\/\/www.noticiasradioreflejos.com.ar\/2021\/se-viene-una-caminata-diferente-hacia-el-ex-club-hotel-el-proximo-domingo\/"]}]},{"@type":"ImageObject","inLanguage":"es","@id":"https:\/\/www.noticiasradioreflejos.com.ar\/2021\/se-viene-una-caminata-diferente-hacia-el-ex-club-hotel-el-proximo-domingo\/#primaryimage","url":"https:\/\/live.staticflickr.com\/65535\/52304819945_c8cdd13a83_c.jpg","contentUrl":"https:\/\/live.staticflickr.com\/65535\/52304819945_c8cdd13a83_c.jpg"},{"@type":"BreadcrumbList","@id":"https:\/\/www.noticiasradioreflejos.com.ar\/2021\/se-viene-una-caminata-diferente-hacia-el-ex-club-hotel-el-proximo-domingo\/#breadcrumb","itemListElement":[{"@type":"ListItem","position":1,"name":"Portada","item":"https:\/\/www.noticiasradioreflejos.com.ar\/2021\/"},{"@type":"ListItem","position":2,"name":"Se viene una caminata diferente hacia el ex Club Hotel el pr\u00f3ximo domingo"}]},{"@type":"WebSite","@id":"https:\/\/www.noticiasradioreflejos.com.ar\/2021\/#website","url":"https:\/\/www.noticiasradioreflejos.com.ar\/2021\/","name":"Noticias Radio Reflejos","description":"Las noticias de mi comarca","potentialAction":[{"@type":"SearchAction","target":{"@type":"EntryPoint","urlTemplate":"https:\/\/www.noticiasradioreflejos.com.ar\/2021\/?s={search_term_string}"},"query-input":{"@type":"PropertyValueSpecification","valueRequired":true,"valueName":"search_term_string"}}],"inLanguage":"es"},{"@type":"Person","@id":"https:\/\/www.noticiasradioreflejos.com.ar\/2021\/#\/schema\/person\/ad82545263dcc5ec0996818884fd5fb1","name":"Arnaldo Botto","image":{"@type":"ImageObject","inLanguage":"es","@id":"https:\/\/www.noticiasradioreflejos.com.ar\/2021\/#\/schema\/person\/image\/","url":"https:\/\/secure.gravatar.com\/avatar\/55cb5e37c1efa326397366e6974cb338056df65cb50e7d64d1cf314e87504837?s=96&d=mm&r=g","contentUrl":"https:\/\/secure.gravatar.com\/avatar\/55cb5e37c1efa326397366e6974cb338056df65cb50e7d64d1cf314e87504837?s=96&d=mm&r=g","caption":"Arnaldo Botto"},"url":"https:\/\/www.noticiasradioreflejos.com.ar\/2021\/author\/arnaldo\/"}]}},"_links":{"self":[{"href":"https:\/\/www.noticiasradioreflejos.com.ar\/2021\/wp-json\/wp\/v2\/posts\/77269","targetHints":{"allow":["GET"]}}],"collection":[{"href":"https:\/\/www.noticiasradioreflejos.com.ar\/2021\/wp-json\/wp\/v2\/posts"}],"about":[{"href":"https:\/\/www.noticiasradioreflejos.com.ar\/2021\/wp-json\/wp\/v2\/types\/post"}],"author":[{"embeddable":true,"href":"https:\/\/www.noticiasradioreflejos.com.ar\/2021\/wp-json\/wp\/v2\/users\/3"}],"replies":[{"embeddable":true,"href":"https:\/\/www.noticiasradioreflejos.com.ar\/2021\/wp-json\/wp\/v2\/comments?post=77269"}],"version-history":[{"count":2,"href":"https:\/\/www.noticiasradioreflejos.com.ar\/2021\/wp-json\/wp\/v2\/posts\/77269\/revisions"}],"predecessor-version":[{"id":77313,"href":"https:\/\/www.noticiasradioreflejos.com.ar\/2021\/wp-json\/wp\/v2\/posts\/77269\/revisions\/77313"}],"wp:attachment":[{"href":"https:\/\/www.noticiasradioreflejos.com.ar\/2021\/wp-json\/wp\/v2\/media?parent=77269"}],"wp:term":[{"taxonomy":"category","embeddable":true,"href":"https:\/\/www.noticiasradioreflejos.com.ar\/2021\/wp-json\/wp\/v2\/categories?post=77269"},{"taxonomy":"post_tag","embeddable":true,"href":"https:\/\/www.noticiasradioreflejos.com.ar\/2021\/wp-json\/wp\/v2\/tags?post=77269"}],"curies":[{"name":"wp","href":"https:\/\/api.w.org\/{rel}","templated":true}]}}