{"id":77252,"date":"2022-09-06T11:07:26","date_gmt":"2022-09-06T11:07:26","guid":{"rendered":"http:\/\/www.noticiasradioreflejos.com.ar\/2021\/?p=77252"},"modified":"2022-09-06T11:07:26","modified_gmt":"2022-09-06T11:07:26","slug":"por-segunda-vez-desestimaron-la-demanda-del-bebe-del-album-de-nirvana","status":"publish","type":"post","link":"https:\/\/www.noticiasradioreflejos.com.ar\/2021\/por-segunda-vez-desestimaron-la-demanda-del-bebe-del-album-de-nirvana\/","title":{"rendered":"Por segunda vez, desestimaron la demanda del beb\u00e9 del \u00e1lbum de Nirvana"},"content":{"rendered":"<p>Hab\u00eda sido interpuesta por Spencer Elden, quien siendo un reci\u00e9n nacido apareci\u00f3 en la ic\u00f3nica portada del \u00e1lbum \u00abNevermind\u00bb (1991) y que hab\u00eda acusado de pornograf\u00eda infantil a la banda de rock.<!--more--><\/p>\n<figure class=\"mb-3\"><img decoding=\"async\" src=\"https:\/\/www.telam.com.ar\/thumbs\/bluesteel\/advf\/imagenes\/2021\/08\/6126540564506_900.jpg\" alt=\"La tapa del disco de Nirvana en cuestin\" width=\"100%\" height=\"100%\" \/><\/p>\n<div class=\"media-icons\"><\/div><figcaption>La tapa del disco de Nirvana en cuesti\u00f3n.<\/figcaption><\/figure>\n<p>Un tribunal federal de California desestim\u00f3 la segunda demanda interpuesta por\u00a0<strong>Spencer Elden<\/strong>, quien siendo beb\u00e9 apareci\u00f3 en la ic\u00f3nica portada del \u00e1lbum\u00a0<strong>\u00abNevermind\u00bb<\/strong>\u00a0(1991) de\u00a0<strong>Nirvana<\/strong>\u00a0y que hab\u00eda acusado de pornograf\u00eda infantil a la banda de rock.<\/p>\n<p>Es la segunda vez que\u00a0<strong>Elden, quien hoy tiene 31 a\u00f1os<\/strong>, pierde una demanda contra los exintegrantes del conjunto por la portada en la que aparec\u00eda desnudo bajo el agua mirando un billete de un d\u00f3lar.<\/p>\n<p><strong>El juez Fernando Olgu\u00edn desestim\u00f3 la denuncia porque Elden sab\u00eda que era el protagonista de ese \u00e1lbum desde hace m\u00e1s de 10 a\u00f1os y hab\u00eda tardado demasiado en hacer su reclamo<\/strong>.<\/p>\n<p>El pasado enero, el mismo magistrado rechaz\u00f3 una primera demanda de Elden porque no present\u00f3 dentro del plazo establecido su respuesta a la petici\u00f3n de los exintegrantes y herederos de Nirvana para que el caso no siguiera su desarrollo judicial.<\/p>\n<p>Olgu\u00edn se mostr\u00f3 entonces abierto a enmendar su decisi\u00f3n si el querellante presentaba una nueva demanda, que finalmente fue desestimada.<\/p>\n<p>\u00abNevermind\u00bb\u00a0<strong>es el disco m\u00e1s exitoso de Nirvana y sirvi\u00f3 como disparador para la explosi\u00f3n de la m\u00fasica grunge.<\/strong><\/p>\n","protected":false},"excerpt":{"rendered":"<p>Hab\u00eda sido interpuesta por Spencer Elden, quien siendo un reci\u00e9n nacido apareci\u00f3 en la ic\u00f3nica portada del \u00e1lbum \u00abNevermind\u00bb (1991) y que hab\u00eda acusado de pornograf\u00eda infantil a la banda de rock.<\/p>\n","protected":false},"author":3,"featured_media":0,"comment_status":"closed","ping_status":"closed","sticky":false,"template":"","format":"standard","meta":{"footnotes":""},"categories":[57,24],"tags":[],"class_list":["post-77252","post","type-post","status-publish","format-standard","hentry","category-judiciales","category-politica"],"yoast_head":"<!-- This site is optimized with the Yoast SEO plugin v25.9 - https:\/\/yoast.com\/wordpress\/plugins\/seo\/ -->\n<title>Por segunda vez, desestimaron la demanda del beb\u00e9 del \u00e1lbum de Nirvana - Noticias Radio Reflejos<\/title>\n<meta name=\"robots\" content=\"index, follow, max-snippet:-1, max-image-preview:large, max-video-preview:-1\" \/>\n<link rel=\"canonical\" href=\"https:\/\/www.noticiasradioreflejos.com.ar\/2021\/por-segunda-vez-desestimaron-la-demanda-del-bebe-del-album-de-nirvana\/\" \/>\n<meta property=\"og:locale\" content=\"es_ES\" \/>\n<meta property=\"og:type\" content=\"article\" \/>\n<meta property=\"og:title\" content=\"Por segunda vez, desestimaron la demanda del beb\u00e9 del \u00e1lbum de Nirvana - Noticias Radio Reflejos\" \/>\n<meta property=\"og:description\" content=\"Hab\u00eda sido interpuesta por Spencer Elden, quien siendo un reci\u00e9n nacido apareci\u00f3 en la ic\u00f3nica portada del \u00e1lbum \u00abNevermind\u00bb (1991) y que hab\u00eda acusado de pornograf\u00eda infantil a la banda de rock.\" \/>\n<meta property=\"og:url\" content=\"https:\/\/www.noticiasradioreflejos.com.ar\/2021\/por-segunda-vez-desestimaron-la-demanda-del-bebe-del-album-de-nirvana\/\" \/>\n<meta property=\"og:site_name\" content=\"Noticias Radio Reflejos\" \/>\n<meta property=\"article:published_time\" content=\"2022-09-06T11:07:26+00:00\" \/>\n<meta property=\"og:image\" content=\"https:\/\/www.telam.com.ar\/thumbs\/bluesteel\/advf\/imagenes\/2021\/08\/6126540564506_900.jpg\" \/>\n<meta name=\"author\" content=\"Arnaldo Botto\" \/>\n<meta name=\"twitter:card\" content=\"summary_large_image\" \/>\n<script type=\"application\/ld+json\" class=\"yoast-schema-graph\">{\"@context\":\"https:\/\/schema.org\",\"@graph\":[{\"@type\":\"WebPage\",\"@id\":\"https:\/\/www.noticiasradioreflejos.com.ar\/2021\/por-segunda-vez-desestimaron-la-demanda-del-bebe-del-album-de-nirvana\/\",\"url\":\"https:\/\/www.noticiasradioreflejos.com.ar\/2021\/por-segunda-vez-desestimaron-la-demanda-del-bebe-del-album-de-nirvana\/\",\"name\":\"Por segunda vez, desestimaron la demanda del beb\u00e9 del \u00e1lbum de Nirvana - Noticias Radio Reflejos\",\"isPartOf\":{\"@id\":\"https:\/\/www.noticiasradioreflejos.com.ar\/2021\/#website\"},\"primaryImageOfPage\":{\"@id\":\"https:\/\/www.noticiasradioreflejos.com.ar\/2021\/por-segunda-vez-desestimaron-la-demanda-del-bebe-del-album-de-nirvana\/#primaryimage\"},\"image\":{\"@id\":\"https:\/\/www.noticiasradioreflejos.com.ar\/2021\/por-segunda-vez-desestimaron-la-demanda-del-bebe-del-album-de-nirvana\/#primaryimage\"},\"thumbnailUrl\":\"https:\/\/www.telam.com.ar\/thumbs\/bluesteel\/advf\/imagenes\/2021\/08\/6126540564506_900.jpg\",\"datePublished\":\"2022-09-06T11:07:26+00:00\",\"author\":{\"@id\":\"https:\/\/www.noticiasradioreflejos.com.ar\/2021\/#\/schema\/person\/ad82545263dcc5ec0996818884fd5fb1\"},\"breadcrumb\":{\"@id\":\"https:\/\/www.noticiasradioreflejos.com.ar\/2021\/por-segunda-vez-desestimaron-la-demanda-del-bebe-del-album-de-nirvana\/#breadcrumb\"},\"inLanguage\":\"es\",\"potentialAction\":[{\"@type\":\"ReadAction\",\"target\":[\"https:\/\/www.noticiasradioreflejos.com.ar\/2021\/por-segunda-vez-desestimaron-la-demanda-del-bebe-del-album-de-nirvana\/\"]}]},{\"@type\":\"ImageObject\",\"inLanguage\":\"es\",\"@id\":\"https:\/\/www.noticiasradioreflejos.com.ar\/2021\/por-segunda-vez-desestimaron-la-demanda-del-bebe-del-album-de-nirvana\/#primaryimage\",\"url\":\"https:\/\/www.telam.com.ar\/thumbs\/bluesteel\/advf\/imagenes\/2021\/08\/6126540564506_900.jpg\",\"contentUrl\":\"https:\/\/www.telam.com.ar\/thumbs\/bluesteel\/advf\/imagenes\/2021\/08\/6126540564506_900.jpg\"},{\"@type\":\"BreadcrumbList\",\"@id\":\"https:\/\/www.noticiasradioreflejos.com.ar\/2021\/por-segunda-vez-desestimaron-la-demanda-del-bebe-del-album-de-nirvana\/#breadcrumb\",\"itemListElement\":[{\"@type\":\"ListItem\",\"position\":1,\"name\":\"Portada\",\"item\":\"https:\/\/www.noticiasradioreflejos.com.ar\/2021\/\"},{\"@type\":\"ListItem\",\"position\":2,\"name\":\"Por segunda vez, desestimaron la demanda del beb\u00e9 del \u00e1lbum de Nirvana\"}]},{\"@type\":\"WebSite\",\"@id\":\"https:\/\/www.noticiasradioreflejos.com.ar\/2021\/#website\",\"url\":\"https:\/\/www.noticiasradioreflejos.com.ar\/2021\/\",\"name\":\"Noticias Radio Reflejos\",\"description\":\"Las noticias de mi comarca\",\"potentialAction\":[{\"@type\":\"SearchAction\",\"target\":{\"@type\":\"EntryPoint\",\"urlTemplate\":\"https:\/\/www.noticiasradioreflejos.com.ar\/2021\/?s={search_term_string}\"},\"query-input\":{\"@type\":\"PropertyValueSpecification\",\"valueRequired\":true,\"valueName\":\"search_term_string\"}}],\"inLanguage\":\"es\"},{\"@type\":\"Person\",\"@id\":\"https:\/\/www.noticiasradioreflejos.com.ar\/2021\/#\/schema\/person\/ad82545263dcc5ec0996818884fd5fb1\",\"name\":\"Arnaldo Botto\",\"image\":{\"@type\":\"ImageObject\",\"inLanguage\":\"es\",\"@id\":\"https:\/\/www.noticiasradioreflejos.com.ar\/2021\/#\/schema\/person\/image\/\",\"url\":\"https:\/\/secure.gravatar.com\/avatar\/55cb5e37c1efa326397366e6974cb338056df65cb50e7d64d1cf314e87504837?s=96&d=mm&r=g\",\"contentUrl\":\"https:\/\/secure.gravatar.com\/avatar\/55cb5e37c1efa326397366e6974cb338056df65cb50e7d64d1cf314e87504837?s=96&d=mm&r=g\",\"caption\":\"Arnaldo Botto\"},\"url\":\"https:\/\/www.noticiasradioreflejos.com.ar\/2021\/author\/arnaldo\/\"}]}<\/script>\n<!-- \/ Yoast SEO plugin. -->","yoast_head_json":{"title":"Por segunda vez, desestimaron la demanda del beb\u00e9 del \u00e1lbum de Nirvana - Noticias Radio Reflejos","robots":{"index":"index","follow":"follow","max-snippet":"max-snippet:-1","max-image-preview":"max-image-preview:large","max-video-preview":"max-video-preview:-1"},"canonical":"https:\/\/www.noticiasradioreflejos.com.ar\/2021\/por-segunda-vez-desestimaron-la-demanda-del-bebe-del-album-de-nirvana\/","og_locale":"es_ES","og_type":"article","og_title":"Por segunda vez, desestimaron la demanda del beb\u00e9 del \u00e1lbum de Nirvana - Noticias Radio Reflejos","og_description":"Hab\u00eda sido interpuesta por Spencer Elden, quien siendo un reci\u00e9n nacido apareci\u00f3 en la ic\u00f3nica portada del \u00e1lbum \u00abNevermind\u00bb (1991) y que hab\u00eda acusado de pornograf\u00eda infantil a la banda de rock.","og_url":"https:\/\/www.noticiasradioreflejos.com.ar\/2021\/por-segunda-vez-desestimaron-la-demanda-del-bebe-del-album-de-nirvana\/","og_site_name":"Noticias Radio Reflejos","article_published_time":"2022-09-06T11:07:26+00:00","og_image":[{"url":"https:\/\/www.telam.com.ar\/thumbs\/bluesteel\/advf\/imagenes\/2021\/08\/6126540564506_900.jpg","type":"","width":"","height":""}],"author":"Arnaldo Botto","twitter_card":"summary_large_image","schema":{"@context":"https:\/\/schema.org","@graph":[{"@type":"WebPage","@id":"https:\/\/www.noticiasradioreflejos.com.ar\/2021\/por-segunda-vez-desestimaron-la-demanda-del-bebe-del-album-de-nirvana\/","url":"https:\/\/www.noticiasradioreflejos.com.ar\/2021\/por-segunda-vez-desestimaron-la-demanda-del-bebe-del-album-de-nirvana\/","name":"Por segunda vez, desestimaron la demanda del beb\u00e9 del \u00e1lbum de Nirvana - Noticias Radio Reflejos","isPartOf":{"@id":"https:\/\/www.noticiasradioreflejos.com.ar\/2021\/#website"},"primaryImageOfPage":{"@id":"https:\/\/www.noticiasradioreflejos.com.ar\/2021\/por-segunda-vez-desestimaron-la-demanda-del-bebe-del-album-de-nirvana\/#primaryimage"},"image":{"@id":"https:\/\/www.noticiasradioreflejos.com.ar\/2021\/por-segunda-vez-desestimaron-la-demanda-del-bebe-del-album-de-nirvana\/#primaryimage"},"thumbnailUrl":"https:\/\/www.telam.com.ar\/thumbs\/bluesteel\/advf\/imagenes\/2021\/08\/6126540564506_900.jpg","datePublished":"2022-09-06T11:07:26+00:00","author":{"@id":"https:\/\/www.noticiasradioreflejos.com.ar\/2021\/#\/schema\/person\/ad82545263dcc5ec0996818884fd5fb1"},"breadcrumb":{"@id":"https:\/\/www.noticiasradioreflejos.com.ar\/2021\/por-segunda-vez-desestimaron-la-demanda-del-bebe-del-album-de-nirvana\/#breadcrumb"},"inLanguage":"es","potentialAction":[{"@type":"ReadAction","target":["https:\/\/www.noticiasradioreflejos.com.ar\/2021\/por-segunda-vez-desestimaron-la-demanda-del-bebe-del-album-de-nirvana\/"]}]},{"@type":"ImageObject","inLanguage":"es","@id":"https:\/\/www.noticiasradioreflejos.com.ar\/2021\/por-segunda-vez-desestimaron-la-demanda-del-bebe-del-album-de-nirvana\/#primaryimage","url":"https:\/\/www.telam.com.ar\/thumbs\/bluesteel\/advf\/imagenes\/2021\/08\/6126540564506_900.jpg","contentUrl":"https:\/\/www.telam.com.ar\/thumbs\/bluesteel\/advf\/imagenes\/2021\/08\/6126540564506_900.jpg"},{"@type":"BreadcrumbList","@id":"https:\/\/www.noticiasradioreflejos.com.ar\/2021\/por-segunda-vez-desestimaron-la-demanda-del-bebe-del-album-de-nirvana\/#breadcrumb","itemListElement":[{"@type":"ListItem","position":1,"name":"Portada","item":"https:\/\/www.noticiasradioreflejos.com.ar\/2021\/"},{"@type":"ListItem","position":2,"name":"Por segunda vez, desestimaron la demanda del beb\u00e9 del \u00e1lbum de Nirvana"}]},{"@type":"WebSite","@id":"https:\/\/www.noticiasradioreflejos.com.ar\/2021\/#website","url":"https:\/\/www.noticiasradioreflejos.com.ar\/2021\/","name":"Noticias Radio Reflejos","description":"Las noticias de mi comarca","potentialAction":[{"@type":"SearchAction","target":{"@type":"EntryPoint","urlTemplate":"https:\/\/www.noticiasradioreflejos.com.ar\/2021\/?s={search_term_string}"},"query-input":{"@type":"PropertyValueSpecification","valueRequired":true,"valueName":"search_term_string"}}],"inLanguage":"es"},{"@type":"Person","@id":"https:\/\/www.noticiasradioreflejos.com.ar\/2021\/#\/schema\/person\/ad82545263dcc5ec0996818884fd5fb1","name":"Arnaldo Botto","image":{"@type":"ImageObject","inLanguage":"es","@id":"https:\/\/www.noticiasradioreflejos.com.ar\/2021\/#\/schema\/person\/image\/","url":"https:\/\/secure.gravatar.com\/avatar\/55cb5e37c1efa326397366e6974cb338056df65cb50e7d64d1cf314e87504837?s=96&d=mm&r=g","contentUrl":"https:\/\/secure.gravatar.com\/avatar\/55cb5e37c1efa326397366e6974cb338056df65cb50e7d64d1cf314e87504837?s=96&d=mm&r=g","caption":"Arnaldo Botto"},"url":"https:\/\/www.noticiasradioreflejos.com.ar\/2021\/author\/arnaldo\/"}]}},"_links":{"self":[{"href":"https:\/\/www.noticiasradioreflejos.com.ar\/2021\/wp-json\/wp\/v2\/posts\/77252","targetHints":{"allow":["GET"]}}],"collection":[{"href":"https:\/\/www.noticiasradioreflejos.com.ar\/2021\/wp-json\/wp\/v2\/posts"}],"about":[{"href":"https:\/\/www.noticiasradioreflejos.com.ar\/2021\/wp-json\/wp\/v2\/types\/post"}],"author":[{"embeddable":true,"href":"https:\/\/www.noticiasradioreflejos.com.ar\/2021\/wp-json\/wp\/v2\/users\/3"}],"replies":[{"embeddable":true,"href":"https:\/\/www.noticiasradioreflejos.com.ar\/2021\/wp-json\/wp\/v2\/comments?post=77252"}],"version-history":[{"count":1,"href":"https:\/\/www.noticiasradioreflejos.com.ar\/2021\/wp-json\/wp\/v2\/posts\/77252\/revisions"}],"predecessor-version":[{"id":77254,"href":"https:\/\/www.noticiasradioreflejos.com.ar\/2021\/wp-json\/wp\/v2\/posts\/77252\/revisions\/77254"}],"wp:attachment":[{"href":"https:\/\/www.noticiasradioreflejos.com.ar\/2021\/wp-json\/wp\/v2\/media?parent=77252"}],"wp:term":[{"taxonomy":"category","embeddable":true,"href":"https:\/\/www.noticiasradioreflejos.com.ar\/2021\/wp-json\/wp\/v2\/categories?post=77252"},{"taxonomy":"post_tag","embeddable":true,"href":"https:\/\/www.noticiasradioreflejos.com.ar\/2021\/wp-json\/wp\/v2\/tags?post=77252"}],"curies":[{"name":"wp","href":"https:\/\/api.w.org\/{rel}","templated":true}]}}