{"id":77223,"date":"2022-09-05T17:55:26","date_gmt":"2022-09-05T17:55:26","guid":{"rendered":"http:\/\/www.noticiasradioreflejos.com.ar\/2021\/?p=77223"},"modified":"2022-09-05T17:55:26","modified_gmt":"2022-09-05T17:55:26","slug":"primer-encuentro-de-las-mesas-de-articulacion-territorial-de-la-region-sexta","status":"publish","type":"post","link":"https:\/\/www.noticiasradioreflejos.com.ar\/2021\/primer-encuentro-de-las-mesas-de-articulacion-territorial-de-la-region-sexta\/","title":{"rendered":"Primer encuentro de las Mesas de Articulaci\u00f3n Territorial de la Regi\u00f3n Sexta"},"content":{"rendered":"<p>El pasado jueves, inici\u00f3 la primera Mesa de Articulaci\u00f3n Territorial con Concejalas\/es y referentes de la Sexta regi\u00f3n. <!--more--><\/p>\n<p>Estuvieron a cargo de la presentaci\u00f3n y moderaci\u00f3n del encuentro, Jazm\u00edn Ocampo, Marianela Garc\u00eda y Julia Di Jorgi, de la Direcci\u00f3n de Mujeres, G\u00e9neros y Diversidades de la presidencia del Senado Provincial.<br \/>\nAcompa\u00f1aron el encuentro, el intendente de Monte Hermoso, Marcos Fern\u00e1ndez, la Senadora Ayelen Dur\u00e1n, la concejala Natalia Abraham, y la Directora regional del Ministerio de las Mujeres, Pol\u00edticas de g\u00e9nero y Diversidad Sexual de la Provincia, Silvia Zaballa.<br \/>\nMas de 50 participantes de Bah\u00eda Blanca, Laprida, Gonz\u00e1lez Chaves, Villarino, Pu\u00e1n, Saavedra, Patagones, La Madrid, Daireaux, Tornquist, Coronel Su\u00e1rez, Salliquel\u00f3, Dorrego, Benito Ju\u00e1rez, Rosales, y Monte Hermoso , reflexionaron, debatieron sobre su rol pol\u00edtico, formaci\u00f3n y fuerza legislativa. <\/p>\n","protected":false},"excerpt":{"rendered":"<p>El pasado jueves, inici\u00f3 la primera Mesa de Articulaci\u00f3n Territorial con Concejalas\/es y referentes de la Sexta regi\u00f3n.<\/p>\n","protected":false},"author":3,"featured_media":0,"comment_status":"closed","ping_status":"closed","sticky":false,"template":"","format":"standard","meta":{"footnotes":""},"categories":[26],"tags":[],"class_list":["post-77223","post","type-post","status-publish","format-standard","hentry","category-sociedad"],"yoast_head":"<!-- This site is optimized with the Yoast SEO plugin v25.9 - https:\/\/yoast.com\/wordpress\/plugins\/seo\/ -->\n<title>Primer encuentro de las Mesas de Articulaci\u00f3n Territorial de la Regi\u00f3n Sexta - Noticias Radio Reflejos<\/title>\n<meta name=\"robots\" content=\"index, follow, max-snippet:-1, max-image-preview:large, max-video-preview:-1\" \/>\n<link rel=\"canonical\" href=\"https:\/\/www.noticiasradioreflejos.com.ar\/2021\/primer-encuentro-de-las-mesas-de-articulacion-territorial-de-la-region-sexta\/\" \/>\n<meta property=\"og:locale\" content=\"es_ES\" \/>\n<meta property=\"og:type\" content=\"article\" \/>\n<meta property=\"og:title\" content=\"Primer encuentro de las Mesas de Articulaci\u00f3n Territorial de la Regi\u00f3n Sexta - Noticias Radio Reflejos\" \/>\n<meta property=\"og:description\" content=\"El pasado jueves, inici\u00f3 la primera Mesa de Articulaci\u00f3n Territorial con Concejalas\/es y referentes de la Sexta regi\u00f3n.\" \/>\n<meta property=\"og:url\" content=\"https:\/\/www.noticiasradioreflejos.com.ar\/2021\/primer-encuentro-de-las-mesas-de-articulacion-territorial-de-la-region-sexta\/\" \/>\n<meta property=\"og:site_name\" content=\"Noticias Radio Reflejos\" \/>\n<meta property=\"article:published_time\" content=\"2022-09-05T17:55:26+00:00\" \/>\n<meta property=\"og:image\" content=\"https:\/\/www.noticiasradioreflejos.com.ar\/2021\/wp-content\/uploads\/2021\/07\/logosol300x200.png\" \/>\n\t<meta property=\"og:image:width\" content=\"300\" \/>\n\t<meta property=\"og:image:height\" content=\"200\" \/>\n\t<meta property=\"og:image:type\" content=\"image\/png\" \/>\n<meta name=\"author\" content=\"Arnaldo Botto\" \/>\n<meta name=\"twitter:card\" content=\"summary_large_image\" \/>\n<script type=\"application\/ld+json\" class=\"yoast-schema-graph\">{\"@context\":\"https:\/\/schema.org\",\"@graph\":[{\"@type\":\"WebPage\",\"@id\":\"https:\/\/www.noticiasradioreflejos.com.ar\/2021\/primer-encuentro-de-las-mesas-de-articulacion-territorial-de-la-region-sexta\/\",\"url\":\"https:\/\/www.noticiasradioreflejos.com.ar\/2021\/primer-encuentro-de-las-mesas-de-articulacion-territorial-de-la-region-sexta\/\",\"name\":\"Primer encuentro de las Mesas de Articulaci\u00f3n Territorial de la Regi\u00f3n Sexta - Noticias Radio Reflejos\",\"isPartOf\":{\"@id\":\"https:\/\/www.noticiasradioreflejos.com.ar\/2021\/#website\"},\"datePublished\":\"2022-09-05T17:55:26+00:00\",\"author\":{\"@id\":\"https:\/\/www.noticiasradioreflejos.com.ar\/2021\/#\/schema\/person\/ad82545263dcc5ec0996818884fd5fb1\"},\"breadcrumb\":{\"@id\":\"https:\/\/www.noticiasradioreflejos.com.ar\/2021\/primer-encuentro-de-las-mesas-de-articulacion-territorial-de-la-region-sexta\/#breadcrumb\"},\"inLanguage\":\"es\",\"potentialAction\":[{\"@type\":\"ReadAction\",\"target\":[\"https:\/\/www.noticiasradioreflejos.com.ar\/2021\/primer-encuentro-de-las-mesas-de-articulacion-territorial-de-la-region-sexta\/\"]}]},{\"@type\":\"BreadcrumbList\",\"@id\":\"https:\/\/www.noticiasradioreflejos.com.ar\/2021\/primer-encuentro-de-las-mesas-de-articulacion-territorial-de-la-region-sexta\/#breadcrumb\",\"itemListElement\":[{\"@type\":\"ListItem\",\"position\":1,\"name\":\"Portada\",\"item\":\"https:\/\/www.noticiasradioreflejos.com.ar\/2021\/\"},{\"@type\":\"ListItem\",\"position\":2,\"name\":\"Primer encuentro de las Mesas de Articulaci\u00f3n Territorial de la Regi\u00f3n Sexta\"}]},{\"@type\":\"WebSite\",\"@id\":\"https:\/\/www.noticiasradioreflejos.com.ar\/2021\/#website\",\"url\":\"https:\/\/www.noticiasradioreflejos.com.ar\/2021\/\",\"name\":\"Noticias Radio Reflejos\",\"description\":\"Las noticias de mi comarca\",\"potentialAction\":[{\"@type\":\"SearchAction\",\"target\":{\"@type\":\"EntryPoint\",\"urlTemplate\":\"https:\/\/www.noticiasradioreflejos.com.ar\/2021\/?s={search_term_string}\"},\"query-input\":{\"@type\":\"PropertyValueSpecification\",\"valueRequired\":true,\"valueName\":\"search_term_string\"}}],\"inLanguage\":\"es\"},{\"@type\":\"Person\",\"@id\":\"https:\/\/www.noticiasradioreflejos.com.ar\/2021\/#\/schema\/person\/ad82545263dcc5ec0996818884fd5fb1\",\"name\":\"Arnaldo Botto\",\"image\":{\"@type\":\"ImageObject\",\"inLanguage\":\"es\",\"@id\":\"https:\/\/www.noticiasradioreflejos.com.ar\/2021\/#\/schema\/person\/image\/\",\"url\":\"https:\/\/secure.gravatar.com\/avatar\/55cb5e37c1efa326397366e6974cb338056df65cb50e7d64d1cf314e87504837?s=96&d=mm&r=g\",\"contentUrl\":\"https:\/\/secure.gravatar.com\/avatar\/55cb5e37c1efa326397366e6974cb338056df65cb50e7d64d1cf314e87504837?s=96&d=mm&r=g\",\"caption\":\"Arnaldo Botto\"},\"url\":\"https:\/\/www.noticiasradioreflejos.com.ar\/2021\/author\/arnaldo\/\"}]}<\/script>\n<!-- \/ Yoast SEO plugin. -->","yoast_head_json":{"title":"Primer encuentro de las Mesas de Articulaci\u00f3n Territorial de la Regi\u00f3n Sexta - Noticias Radio Reflejos","robots":{"index":"index","follow":"follow","max-snippet":"max-snippet:-1","max-image-preview":"max-image-preview:large","max-video-preview":"max-video-preview:-1"},"canonical":"https:\/\/www.noticiasradioreflejos.com.ar\/2021\/primer-encuentro-de-las-mesas-de-articulacion-territorial-de-la-region-sexta\/","og_locale":"es_ES","og_type":"article","og_title":"Primer encuentro de las Mesas de Articulaci\u00f3n Territorial de la Regi\u00f3n Sexta - Noticias Radio Reflejos","og_description":"El pasado jueves, inici\u00f3 la primera Mesa de Articulaci\u00f3n Territorial con Concejalas\/es y referentes de la Sexta regi\u00f3n.","og_url":"https:\/\/www.noticiasradioreflejos.com.ar\/2021\/primer-encuentro-de-las-mesas-de-articulacion-territorial-de-la-region-sexta\/","og_site_name":"Noticias Radio Reflejos","article_published_time":"2022-09-05T17:55:26+00:00","og_image":[{"width":300,"height":200,"url":"https:\/\/www.noticiasradioreflejos.com.ar\/2021\/wp-content\/uploads\/2021\/07\/logosol300x200.png","type":"image\/png"}],"author":"Arnaldo Botto","twitter_card":"summary_large_image","schema":{"@context":"https:\/\/schema.org","@graph":[{"@type":"WebPage","@id":"https:\/\/www.noticiasradioreflejos.com.ar\/2021\/primer-encuentro-de-las-mesas-de-articulacion-territorial-de-la-region-sexta\/","url":"https:\/\/www.noticiasradioreflejos.com.ar\/2021\/primer-encuentro-de-las-mesas-de-articulacion-territorial-de-la-region-sexta\/","name":"Primer encuentro de las Mesas de Articulaci\u00f3n Territorial de la Regi\u00f3n Sexta - Noticias Radio Reflejos","isPartOf":{"@id":"https:\/\/www.noticiasradioreflejos.com.ar\/2021\/#website"},"datePublished":"2022-09-05T17:55:26+00:00","author":{"@id":"https:\/\/www.noticiasradioreflejos.com.ar\/2021\/#\/schema\/person\/ad82545263dcc5ec0996818884fd5fb1"},"breadcrumb":{"@id":"https:\/\/www.noticiasradioreflejos.com.ar\/2021\/primer-encuentro-de-las-mesas-de-articulacion-territorial-de-la-region-sexta\/#breadcrumb"},"inLanguage":"es","potentialAction":[{"@type":"ReadAction","target":["https:\/\/www.noticiasradioreflejos.com.ar\/2021\/primer-encuentro-de-las-mesas-de-articulacion-territorial-de-la-region-sexta\/"]}]},{"@type":"BreadcrumbList","@id":"https:\/\/www.noticiasradioreflejos.com.ar\/2021\/primer-encuentro-de-las-mesas-de-articulacion-territorial-de-la-region-sexta\/#breadcrumb","itemListElement":[{"@type":"ListItem","position":1,"name":"Portada","item":"https:\/\/www.noticiasradioreflejos.com.ar\/2021\/"},{"@type":"ListItem","position":2,"name":"Primer encuentro de las Mesas de Articulaci\u00f3n Territorial de la Regi\u00f3n Sexta"}]},{"@type":"WebSite","@id":"https:\/\/www.noticiasradioreflejos.com.ar\/2021\/#website","url":"https:\/\/www.noticiasradioreflejos.com.ar\/2021\/","name":"Noticias Radio Reflejos","description":"Las noticias de mi comarca","potentialAction":[{"@type":"SearchAction","target":{"@type":"EntryPoint","urlTemplate":"https:\/\/www.noticiasradioreflejos.com.ar\/2021\/?s={search_term_string}"},"query-input":{"@type":"PropertyValueSpecification","valueRequired":true,"valueName":"search_term_string"}}],"inLanguage":"es"},{"@type":"Person","@id":"https:\/\/www.noticiasradioreflejos.com.ar\/2021\/#\/schema\/person\/ad82545263dcc5ec0996818884fd5fb1","name":"Arnaldo Botto","image":{"@type":"ImageObject","inLanguage":"es","@id":"https:\/\/www.noticiasradioreflejos.com.ar\/2021\/#\/schema\/person\/image\/","url":"https:\/\/secure.gravatar.com\/avatar\/55cb5e37c1efa326397366e6974cb338056df65cb50e7d64d1cf314e87504837?s=96&d=mm&r=g","contentUrl":"https:\/\/secure.gravatar.com\/avatar\/55cb5e37c1efa326397366e6974cb338056df65cb50e7d64d1cf314e87504837?s=96&d=mm&r=g","caption":"Arnaldo Botto"},"url":"https:\/\/www.noticiasradioreflejos.com.ar\/2021\/author\/arnaldo\/"}]}},"_links":{"self":[{"href":"https:\/\/www.noticiasradioreflejos.com.ar\/2021\/wp-json\/wp\/v2\/posts\/77223","targetHints":{"allow":["GET"]}}],"collection":[{"href":"https:\/\/www.noticiasradioreflejos.com.ar\/2021\/wp-json\/wp\/v2\/posts"}],"about":[{"href":"https:\/\/www.noticiasradioreflejos.com.ar\/2021\/wp-json\/wp\/v2\/types\/post"}],"author":[{"embeddable":true,"href":"https:\/\/www.noticiasradioreflejos.com.ar\/2021\/wp-json\/wp\/v2\/users\/3"}],"replies":[{"embeddable":true,"href":"https:\/\/www.noticiasradioreflejos.com.ar\/2021\/wp-json\/wp\/v2\/comments?post=77223"}],"version-history":[{"count":1,"href":"https:\/\/www.noticiasradioreflejos.com.ar\/2021\/wp-json\/wp\/v2\/posts\/77223\/revisions"}],"predecessor-version":[{"id":77228,"href":"https:\/\/www.noticiasradioreflejos.com.ar\/2021\/wp-json\/wp\/v2\/posts\/77223\/revisions\/77228"}],"wp:attachment":[{"href":"https:\/\/www.noticiasradioreflejos.com.ar\/2021\/wp-json\/wp\/v2\/media?parent=77223"}],"wp:term":[{"taxonomy":"category","embeddable":true,"href":"https:\/\/www.noticiasradioreflejos.com.ar\/2021\/wp-json\/wp\/v2\/categories?post=77223"},{"taxonomy":"post_tag","embeddable":true,"href":"https:\/\/www.noticiasradioreflejos.com.ar\/2021\/wp-json\/wp\/v2\/tags?post=77223"}],"curies":[{"name":"wp","href":"https:\/\/api.w.org\/{rel}","templated":true}]}}