{"id":77211,"date":"2022-09-05T17:45:37","date_gmt":"2022-09-05T17:45:37","guid":{"rendered":"http:\/\/www.noticiasradioreflejos.com.ar\/2021\/?p=77211"},"modified":"2022-09-05T17:50:07","modified_gmt":"2022-09-05T17:50:07","slug":"docentes-piden-paritarias-estanos-convencidos-que-nos-deben-llamar-de-forma-urgente","status":"publish","type":"post","link":"https:\/\/www.noticiasradioreflejos.com.ar\/2021\/docentes-piden-paritarias-estanos-convencidos-que-nos-deben-llamar-de-forma-urgente\/","title":{"rendered":"Docentes piden paritarias: \u201cEstanos convencidos que nos deben llamar de forma urgente\u201d"},"content":{"rendered":"<p>Las autoridades de la Federaci\u00f3n de Educadores Bonaerenses se encuentran expectantes por lo que consideran un tema que \u201cno se puede dilatar m\u00e1s\u201d.<!--more--><\/p>\n<p>En su recorrida por el interior profundo de la provincia, las autoridades de la Federaci\u00f3n de Educadores Bonaerenses (FEB) dejaron t\u00edtulos muy importantes, pensando en el bolsillo de los afiliados.<\/p>\n<p>Al respecto, Liliana Olivera (Suipacha) y Ezequiel Majul (Jos\u00e9 C. Paz) aseguraron en la nota realizada por <strong>Claudio Masson<\/strong> que \u201cllevamos apenas tres meses de gesti\u00f3n. Un compromiso que ten\u00edamos era recorrer cada rinconcito de la provincia, para estar cerca del docente, de los referentes gremiales en cada localidad\u2026 vivir los problemas, escucharlos, ver lo que hace d\u00eda a d\u00eda el docente para llevar adelante su labor\u201d.<\/p>\n<p>En ese sentido aseguraron que \u201clo vemos como un requisito. Es todo la cercan\u00eda. Tenemos que estar al lado de cada docente. Tenemos profesionales en toda la provincia y por eso tenemos que estar. Con Liliana tenemos la decisi\u00f3n de estar cerca de todos\u201d.<\/p>\n<p>Sobre los temas a resolver de manera inmediata, no tuvieron dudas en afirmar que \u201clo primero es el tema salarial. Nosotros estamos solicitando que el nuevo ministro nos reciba para que se cumpla con lo que se dice en el acuerdo paritario. Ah\u00ed dice que si la inflaci\u00f3n supera el salario, debemos sentarnos a revisar, monitorear y modificar para no perder poder adquisitivo. Estanos convencidos que nos deben llamar de forma urgente. No se puede dilatar m\u00e1s\u201d.<\/p>\n<p><a title=\"WhatsApp Image 2022-09-05 at 11.53.15\" href=\"https:\/\/www.flickr.com\/photos\/182279889@N02\/52335514717\/in\/dateposted-public\/\" data-flickr-embed=\"true\"><img loading=\"lazy\" decoding=\"async\" class=\"alignleft\" src=\"https:\/\/live.staticflickr.com\/65535\/52335514717_48962451e1_w.jpg\" alt=\"WhatsApp Image 2022-09-05 at 11.53.15\" width=\"400\" height=\"395\" \/><\/a>En esa l\u00ednea tambi\u00e9n confiaron de que \u201cal margen de esto hay otros temas que atraviesan y se arrastran de gestiones anteriores, como lo es la infraestructura. Crear nuevas escuelas y cubrir los cargos vacantes. Si bien se crearon 3600 cargos de equipos de orientaci\u00f3n escolar, son insuficientes para toda la provincia\u201d.<\/p>\n<p>Repasando lo ocurrido con la anterior gobernaci\u00f3n, concluyeron en que \u201cfuimos denostados, atacados\u2026 creemos gratuitamente. Nosotros como Sindicato, con m\u00e1s de 60 a\u00f1os de trayectoria, siempre fuimos por el camino correcto, por la defensa del derecho docente, de la educaci\u00f3n\u2026 en ning\u00fan momento hemos dado otra batalla m\u00e1s que la defensa de los derechos laborales\u201d.<\/p>\n<p>Resaltando adem\u00e1s de que \u201chay un di\u00e1logo diferente. Esto nos invita a hacer un ejercicio de memoria, sobre cuestiones puntuales que no deben pasar m\u00e1s. Hay otro tipo de relaci\u00f3n. Son cuestiones diferentes. En todas las gestiones hay cosas a mejorar\u201d.<\/p>\n<p>&nbsp;<\/p>\n<p><iframe loading=\"lazy\" src=\"https:\/\/w.soundcloud.com\/player\/?url=https%3A\/\/api.soundcloud.com\/tracks\/1338074371&amp;color=%23ff5500&amp;auto_play=false&amp;hide_related=false&amp;show_comments=true&amp;show_user=true&amp;show_reposts=false&amp;show_teaser=true\" width=\"100%\" height=\"166\" frameborder=\"no\" scrolling=\"no\"><\/iframe><\/p>\n<div style=\"font-size: 10px; color: #cccccc; line-break: anywhere; word-break: normal; overflow: hidden; white-space: nowrap; text-overflow: ellipsis; font-family: Interstate,Lucida Grande,Lucida Sans Unicode,Lucida Sans,Garuda,Verdana,Tahoma,sans-serif; font-weight: 100;\"><a style=\"color: #cccccc; text-decoration: none;\" title=\"fmreflejos 103.7\" href=\"https:\/\/soundcloud.com\/fmreflejos-103-7\" target=\"_blank\" rel=\"noopener\">fmreflejos 103.7<\/a> \u00b7 <a style=\"color: #cccccc; text-decoration: none;\" title=\"Nota FEB\" href=\"https:\/\/soundcloud.com\/fmreflejos-103-7\/nota-feb\" target=\"_blank\" rel=\"noopener\">Nota FEB<\/a><\/div>\n","protected":false},"excerpt":{"rendered":"<p>Las autoridades de la Federaci\u00f3n de Educadores Bonaerenses se encuentran expectantes por lo que consideran un tema que \u201cno se puede dilatar m\u00e1s\u201d.<\/p>\n","protected":false},"author":3,"featured_media":0,"comment_status":"closed","ping_status":"closed","sticky":false,"template":"","format":"standard","meta":{"footnotes":""},"categories":[34,24,26],"tags":[48],"class_list":["post-77211","post","type-post","status-publish","format-standard","hentry","category-educacion","category-politica","category-sociedad","tag-destacada"],"yoast_head":"<!-- This site is optimized with the Yoast SEO plugin v25.9 - https:\/\/yoast.com\/wordpress\/plugins\/seo\/ -->\n<title>Docentes piden paritarias: \u201cEstanos convencidos que nos deben llamar de forma urgente\u201d - Noticias Radio Reflejos<\/title>\n<meta name=\"robots\" content=\"index, follow, max-snippet:-1, max-image-preview:large, max-video-preview:-1\" \/>\n<link rel=\"canonical\" href=\"https:\/\/www.noticiasradioreflejos.com.ar\/2021\/docentes-piden-paritarias-estanos-convencidos-que-nos-deben-llamar-de-forma-urgente\/\" \/>\n<meta property=\"og:locale\" content=\"es_ES\" \/>\n<meta property=\"og:type\" content=\"article\" \/>\n<meta property=\"og:title\" content=\"Docentes piden paritarias: \u201cEstanos convencidos que nos deben llamar de forma urgente\u201d - Noticias Radio Reflejos\" \/>\n<meta property=\"og:description\" content=\"Las autoridades de la Federaci\u00f3n de Educadores Bonaerenses se encuentran expectantes por lo que consideran un tema que \u201cno se puede dilatar m\u00e1s\u201d.\" \/>\n<meta property=\"og:url\" content=\"https:\/\/www.noticiasradioreflejos.com.ar\/2021\/docentes-piden-paritarias-estanos-convencidos-que-nos-deben-llamar-de-forma-urgente\/\" \/>\n<meta property=\"og:site_name\" content=\"Noticias Radio Reflejos\" \/>\n<meta property=\"article:published_time\" content=\"2022-09-05T17:45:37+00:00\" \/>\n<meta property=\"article:modified_time\" content=\"2022-09-05T17:50:07+00:00\" \/>\n<meta property=\"og:image\" content=\"https:\/\/live.staticflickr.com\/65535\/52335514717_48962451e1_w.jpg\" \/>\n<meta name=\"author\" content=\"Arnaldo Botto\" \/>\n<meta name=\"twitter:card\" content=\"summary_large_image\" \/>\n<script type=\"application\/ld+json\" class=\"yoast-schema-graph\">{\"@context\":\"https:\/\/schema.org\",\"@graph\":[{\"@type\":\"WebPage\",\"@id\":\"https:\/\/www.noticiasradioreflejos.com.ar\/2021\/docentes-piden-paritarias-estanos-convencidos-que-nos-deben-llamar-de-forma-urgente\/\",\"url\":\"https:\/\/www.noticiasradioreflejos.com.ar\/2021\/docentes-piden-paritarias-estanos-convencidos-que-nos-deben-llamar-de-forma-urgente\/\",\"name\":\"Docentes piden paritarias: \u201cEstanos convencidos que nos deben llamar de forma urgente\u201d - Noticias Radio Reflejos\",\"isPartOf\":{\"@id\":\"https:\/\/www.noticiasradioreflejos.com.ar\/2021\/#website\"},\"primaryImageOfPage\":{\"@id\":\"https:\/\/www.noticiasradioreflejos.com.ar\/2021\/docentes-piden-paritarias-estanos-convencidos-que-nos-deben-llamar-de-forma-urgente\/#primaryimage\"},\"image\":{\"@id\":\"https:\/\/www.noticiasradioreflejos.com.ar\/2021\/docentes-piden-paritarias-estanos-convencidos-que-nos-deben-llamar-de-forma-urgente\/#primaryimage\"},\"thumbnailUrl\":\"https:\/\/live.staticflickr.com\/65535\/52335514717_48962451e1_w.jpg\",\"datePublished\":\"2022-09-05T17:45:37+00:00\",\"dateModified\":\"2022-09-05T17:50:07+00:00\",\"author\":{\"@id\":\"https:\/\/www.noticiasradioreflejos.com.ar\/2021\/#\/schema\/person\/ad82545263dcc5ec0996818884fd5fb1\"},\"breadcrumb\":{\"@id\":\"https:\/\/www.noticiasradioreflejos.com.ar\/2021\/docentes-piden-paritarias-estanos-convencidos-que-nos-deben-llamar-de-forma-urgente\/#breadcrumb\"},\"inLanguage\":\"es\",\"potentialAction\":[{\"@type\":\"ReadAction\",\"target\":[\"https:\/\/www.noticiasradioreflejos.com.ar\/2021\/docentes-piden-paritarias-estanos-convencidos-que-nos-deben-llamar-de-forma-urgente\/\"]}]},{\"@type\":\"ImageObject\",\"inLanguage\":\"es\",\"@id\":\"https:\/\/www.noticiasradioreflejos.com.ar\/2021\/docentes-piden-paritarias-estanos-convencidos-que-nos-deben-llamar-de-forma-urgente\/#primaryimage\",\"url\":\"https:\/\/live.staticflickr.com\/65535\/52335514717_48962451e1_w.jpg\",\"contentUrl\":\"https:\/\/live.staticflickr.com\/65535\/52335514717_48962451e1_w.jpg\"},{\"@type\":\"BreadcrumbList\",\"@id\":\"https:\/\/www.noticiasradioreflejos.com.ar\/2021\/docentes-piden-paritarias-estanos-convencidos-que-nos-deben-llamar-de-forma-urgente\/#breadcrumb\",\"itemListElement\":[{\"@type\":\"ListItem\",\"position\":1,\"name\":\"Portada\",\"item\":\"https:\/\/www.noticiasradioreflejos.com.ar\/2021\/\"},{\"@type\":\"ListItem\",\"position\":2,\"name\":\"Docentes piden paritarias: \u201cEstanos convencidos que nos deben llamar de forma urgente\u201d\"}]},{\"@type\":\"WebSite\",\"@id\":\"https:\/\/www.noticiasradioreflejos.com.ar\/2021\/#website\",\"url\":\"https:\/\/www.noticiasradioreflejos.com.ar\/2021\/\",\"name\":\"Noticias Radio Reflejos\",\"description\":\"Las noticias de mi comarca\",\"potentialAction\":[{\"@type\":\"SearchAction\",\"target\":{\"@type\":\"EntryPoint\",\"urlTemplate\":\"https:\/\/www.noticiasradioreflejos.com.ar\/2021\/?s={search_term_string}\"},\"query-input\":{\"@type\":\"PropertyValueSpecification\",\"valueRequired\":true,\"valueName\":\"search_term_string\"}}],\"inLanguage\":\"es\"},{\"@type\":\"Person\",\"@id\":\"https:\/\/www.noticiasradioreflejos.com.ar\/2021\/#\/schema\/person\/ad82545263dcc5ec0996818884fd5fb1\",\"name\":\"Arnaldo Botto\",\"image\":{\"@type\":\"ImageObject\",\"inLanguage\":\"es\",\"@id\":\"https:\/\/www.noticiasradioreflejos.com.ar\/2021\/#\/schema\/person\/image\/\",\"url\":\"https:\/\/secure.gravatar.com\/avatar\/55cb5e37c1efa326397366e6974cb338056df65cb50e7d64d1cf314e87504837?s=96&d=mm&r=g\",\"contentUrl\":\"https:\/\/secure.gravatar.com\/avatar\/55cb5e37c1efa326397366e6974cb338056df65cb50e7d64d1cf314e87504837?s=96&d=mm&r=g\",\"caption\":\"Arnaldo Botto\"},\"url\":\"https:\/\/www.noticiasradioreflejos.com.ar\/2021\/author\/arnaldo\/\"}]}<\/script>\n<!-- \/ Yoast SEO plugin. -->","yoast_head_json":{"title":"Docentes piden paritarias: \u201cEstanos convencidos que nos deben llamar de forma urgente\u201d - Noticias Radio Reflejos","robots":{"index":"index","follow":"follow","max-snippet":"max-snippet:-1","max-image-preview":"max-image-preview:large","max-video-preview":"max-video-preview:-1"},"canonical":"https:\/\/www.noticiasradioreflejos.com.ar\/2021\/docentes-piden-paritarias-estanos-convencidos-que-nos-deben-llamar-de-forma-urgente\/","og_locale":"es_ES","og_type":"article","og_title":"Docentes piden paritarias: \u201cEstanos convencidos que nos deben llamar de forma urgente\u201d - Noticias Radio Reflejos","og_description":"Las autoridades de la Federaci\u00f3n de Educadores Bonaerenses se encuentran expectantes por lo que consideran un tema que \u201cno se puede dilatar m\u00e1s\u201d.","og_url":"https:\/\/www.noticiasradioreflejos.com.ar\/2021\/docentes-piden-paritarias-estanos-convencidos-que-nos-deben-llamar-de-forma-urgente\/","og_site_name":"Noticias Radio Reflejos","article_published_time":"2022-09-05T17:45:37+00:00","article_modified_time":"2022-09-05T17:50:07+00:00","og_image":[{"url":"https:\/\/live.staticflickr.com\/65535\/52335514717_48962451e1_w.jpg","type":"","width":"","height":""}],"author":"Arnaldo Botto","twitter_card":"summary_large_image","schema":{"@context":"https:\/\/schema.org","@graph":[{"@type":"WebPage","@id":"https:\/\/www.noticiasradioreflejos.com.ar\/2021\/docentes-piden-paritarias-estanos-convencidos-que-nos-deben-llamar-de-forma-urgente\/","url":"https:\/\/www.noticiasradioreflejos.com.ar\/2021\/docentes-piden-paritarias-estanos-convencidos-que-nos-deben-llamar-de-forma-urgente\/","name":"Docentes piden paritarias: \u201cEstanos convencidos que nos deben llamar de forma urgente\u201d - Noticias Radio Reflejos","isPartOf":{"@id":"https:\/\/www.noticiasradioreflejos.com.ar\/2021\/#website"},"primaryImageOfPage":{"@id":"https:\/\/www.noticiasradioreflejos.com.ar\/2021\/docentes-piden-paritarias-estanos-convencidos-que-nos-deben-llamar-de-forma-urgente\/#primaryimage"},"image":{"@id":"https:\/\/www.noticiasradioreflejos.com.ar\/2021\/docentes-piden-paritarias-estanos-convencidos-que-nos-deben-llamar-de-forma-urgente\/#primaryimage"},"thumbnailUrl":"https:\/\/live.staticflickr.com\/65535\/52335514717_48962451e1_w.jpg","datePublished":"2022-09-05T17:45:37+00:00","dateModified":"2022-09-05T17:50:07+00:00","author":{"@id":"https:\/\/www.noticiasradioreflejos.com.ar\/2021\/#\/schema\/person\/ad82545263dcc5ec0996818884fd5fb1"},"breadcrumb":{"@id":"https:\/\/www.noticiasradioreflejos.com.ar\/2021\/docentes-piden-paritarias-estanos-convencidos-que-nos-deben-llamar-de-forma-urgente\/#breadcrumb"},"inLanguage":"es","potentialAction":[{"@type":"ReadAction","target":["https:\/\/www.noticiasradioreflejos.com.ar\/2021\/docentes-piden-paritarias-estanos-convencidos-que-nos-deben-llamar-de-forma-urgente\/"]}]},{"@type":"ImageObject","inLanguage":"es","@id":"https:\/\/www.noticiasradioreflejos.com.ar\/2021\/docentes-piden-paritarias-estanos-convencidos-que-nos-deben-llamar-de-forma-urgente\/#primaryimage","url":"https:\/\/live.staticflickr.com\/65535\/52335514717_48962451e1_w.jpg","contentUrl":"https:\/\/live.staticflickr.com\/65535\/52335514717_48962451e1_w.jpg"},{"@type":"BreadcrumbList","@id":"https:\/\/www.noticiasradioreflejos.com.ar\/2021\/docentes-piden-paritarias-estanos-convencidos-que-nos-deben-llamar-de-forma-urgente\/#breadcrumb","itemListElement":[{"@type":"ListItem","position":1,"name":"Portada","item":"https:\/\/www.noticiasradioreflejos.com.ar\/2021\/"},{"@type":"ListItem","position":2,"name":"Docentes piden paritarias: \u201cEstanos convencidos que nos deben llamar de forma urgente\u201d"}]},{"@type":"WebSite","@id":"https:\/\/www.noticiasradioreflejos.com.ar\/2021\/#website","url":"https:\/\/www.noticiasradioreflejos.com.ar\/2021\/","name":"Noticias Radio Reflejos","description":"Las noticias de mi comarca","potentialAction":[{"@type":"SearchAction","target":{"@type":"EntryPoint","urlTemplate":"https:\/\/www.noticiasradioreflejos.com.ar\/2021\/?s={search_term_string}"},"query-input":{"@type":"PropertyValueSpecification","valueRequired":true,"valueName":"search_term_string"}}],"inLanguage":"es"},{"@type":"Person","@id":"https:\/\/www.noticiasradioreflejos.com.ar\/2021\/#\/schema\/person\/ad82545263dcc5ec0996818884fd5fb1","name":"Arnaldo Botto","image":{"@type":"ImageObject","inLanguage":"es","@id":"https:\/\/www.noticiasradioreflejos.com.ar\/2021\/#\/schema\/person\/image\/","url":"https:\/\/secure.gravatar.com\/avatar\/55cb5e37c1efa326397366e6974cb338056df65cb50e7d64d1cf314e87504837?s=96&d=mm&r=g","contentUrl":"https:\/\/secure.gravatar.com\/avatar\/55cb5e37c1efa326397366e6974cb338056df65cb50e7d64d1cf314e87504837?s=96&d=mm&r=g","caption":"Arnaldo Botto"},"url":"https:\/\/www.noticiasradioreflejos.com.ar\/2021\/author\/arnaldo\/"}]}},"_links":{"self":[{"href":"https:\/\/www.noticiasradioreflejos.com.ar\/2021\/wp-json\/wp\/v2\/posts\/77211","targetHints":{"allow":["GET"]}}],"collection":[{"href":"https:\/\/www.noticiasradioreflejos.com.ar\/2021\/wp-json\/wp\/v2\/posts"}],"about":[{"href":"https:\/\/www.noticiasradioreflejos.com.ar\/2021\/wp-json\/wp\/v2\/types\/post"}],"author":[{"embeddable":true,"href":"https:\/\/www.noticiasradioreflejos.com.ar\/2021\/wp-json\/wp\/v2\/users\/3"}],"replies":[{"embeddable":true,"href":"https:\/\/www.noticiasradioreflejos.com.ar\/2021\/wp-json\/wp\/v2\/comments?post=77211"}],"version-history":[{"count":2,"href":"https:\/\/www.noticiasradioreflejos.com.ar\/2021\/wp-json\/wp\/v2\/posts\/77211\/revisions"}],"predecessor-version":[{"id":77219,"href":"https:\/\/www.noticiasradioreflejos.com.ar\/2021\/wp-json\/wp\/v2\/posts\/77211\/revisions\/77219"}],"wp:attachment":[{"href":"https:\/\/www.noticiasradioreflejos.com.ar\/2021\/wp-json\/wp\/v2\/media?parent=77211"}],"wp:term":[{"taxonomy":"category","embeddable":true,"href":"https:\/\/www.noticiasradioreflejos.com.ar\/2021\/wp-json\/wp\/v2\/categories?post=77211"},{"taxonomy":"post_tag","embeddable":true,"href":"https:\/\/www.noticiasradioreflejos.com.ar\/2021\/wp-json\/wp\/v2\/tags?post=77211"}],"curies":[{"name":"wp","href":"https:\/\/api.w.org\/{rel}","templated":true}]}}