{"id":77209,"date":"2022-09-05T17:46:34","date_gmt":"2022-09-05T17:46:34","guid":{"rendered":"http:\/\/www.noticiasradioreflejos.com.ar\/2021\/?p=77209"},"modified":"2022-09-05T17:46:34","modified_gmt":"2022-09-05T17:46:34","slug":"festejos-de-aniversario-fue-todo-muy-lindo-como-saldungaray-nos-tiene-acostumbrados","status":"publish","type":"post","link":"https:\/\/www.noticiasradioreflejos.com.ar\/2021\/festejos-de-aniversario-fue-todo-muy-lindo-como-saldungaray-nos-tiene-acostumbrados\/","title":{"rendered":"Festejos de aniversario: \u201cFue todo muy lindo como Saldungaray nos tiene acostumbrados\u201d"},"content":{"rendered":"<p>El delegado municipal de la localidad, Gerardo Rohlmann, se mostr\u00f3 muy conforme respecto a la seguidilla de eventos que se llevaron adelante, con motivo de los 122 a\u00f1os de la creaci\u00f3n de la ciudad.<!--more--><\/p>\n<p><a title=\"122 aniv Saldungaray (4)\" href=\"https:\/\/www.flickr.com\/photos\/182279889@N02\/52336758574\/in\/dateposted-public\/\" data-flickr-embed=\"true\"><img loading=\"lazy\" decoding=\"async\" src=\"https:\/\/live.staticflickr.com\/65535\/52336758574_a02ba54fea_c.jpg\" alt=\"122 aniv Saldungaray (4)\" width=\"800\" height=\"534\" \/><\/a><\/p>\n<p>&nbsp;<\/p>\n<p>Cansado, conforme, feliz y al mismo tiempo, ya pensando lo que se har\u00e1 el a\u00f1o que viene. As\u00ed se encuentra por estas horas Gerardo Rohlmann, delegado municipal de Saldungaray, tras las celebraciones por los 122 a\u00f1os de vida de la localidad.<\/p>\n<p>Haciendo un repaso, comenz\u00f3 diciendo que el \u201c29 fue el acto protocolar. Tuvimos la presencia y participaci\u00f3n de veteranos de Malvinas. Aprovechamos a que se cumplieron 40 a\u00f1os para brindarles un peque\u00f1o homenaje. Inauguramos el paseo que lleva el nombre H\u00e9roes de Malvinas, el cual estaba aprobado\u201d.<\/p>\n<p>Siguiendo con los detalles mencion\u00f3 que \u201cel s\u00e1bado tuvimos la imposici\u00f3n de nombre en la Oficina de Turismo. Chichita fue una persona que trabaj\u00f3 much\u00edsimo por el pueblo, por el turismo\u2026 tambi\u00e9n fue muy emocionante. Tanto Lita como Mar\u00eda, que est\u00e1n en la oficina, dan todo su coraz\u00f3n para ofrecer su mejor trabajo. Lita dio el discurso, que fue muy emocionante\u201d.<\/p>\n<p><a title=\"122 aniv Saldungaray (3)\" href=\"https:\/\/www.flickr.com\/photos\/182279889@N02\/52335502422\/in\/dateposted-public\/\" data-flickr-embed=\"true\"><img loading=\"lazy\" decoding=\"async\" src=\"https:\/\/live.staticflickr.com\/65535\/52335502422_fa0e6c1810_c.jpg\" alt=\"122 aniv Saldungaray (3)\" width=\"800\" height=\"534\" \/><\/a><\/p>\n<p>&nbsp;<\/p>\n<p>Englobando esto, asegur\u00f3 que \u201cfueron d\u00edas muy lindos para Saldungaray, para la fiesta y el aniversario. Ya parecemos un cumplea\u00f1os \u00e1rabe, que dura una semana. Y ayer se culmin\u00f3 con una fiesta abierta a todo p\u00fablico, que surgi\u00f3 el a\u00f1o pasado despu\u00e9s de la pandemia, que tiene una llegada diferente\u201d.<\/p>\n<p>Resumiendo, cont\u00f3 que \u201chubo bandas, espect\u00e1culos, artesanos, el desfile\u2026 fue muy lindo. Estuvo el intendente con todo el equipo. El trabajo desde la comisi\u00f3n de festejo, que son todos muy j\u00f3venes, fue muy bueno, donde dejaron todo para que salga bien. Obviamente que siempre hay cosas por mejorar, pero fue todo muy lindo, como Saldungaray nos tiene a todos acostumbrados\u201d.<\/p>\n<p>De igual forma, y siempre queriendo elevar el nivel de compromiso, confirm\u00f3 que \u201cayer quisimos hacer una fiesta para el disfrute y el goce de la gente, pero siempre hay alguno que arma alg\u00fan disturbio. Ayer nos reunimos con el comisario y analizando un poco, haremos una reuni\u00f3n con comisi\u00f3n de festejos, con instituciones, la parte policial y municipal y analizaremos en qu\u00e9 podemos mejorar, donde aportar, si hay que hacer mea culpa\u201d.<\/p>\n<p>En otro pasaje de la charla, y pensando en el d\u00eda a d\u00eda de los vecinos, Rohlmann asegur\u00f3 que \u201cestamos trabajando sobre algo que ser\u00e1 muy positivo, sobre la plazoleta de Calpisqui, que est\u00e1 relacionado con pueblos originarios. Esta semana me estar\u00e9 reuniendo, ya que la idea es que para octubre, poder ponerla en valor\u201d.<\/p>\n<p>Mientras que \u201cla idea tambi\u00e9n es aprovechar y proyectar las obras de Salamone, para que a trav\u00e9s del turismo lleguemos a difundir el pueblo. Dejar de ser un atractivo lateral, que no sea solo cementerio y vi\u00f1edo, sino que aprovechen nuestro patrimonio hist\u00f3rico todo\u201d.<\/p>\n<p><iframe loading=\"lazy\" src=\"https:\/\/w.soundcloud.com\/player\/?url=https%3A\/\/api.soundcloud.com\/tracks\/1338073351&amp;color=%23ff5500&amp;auto_play=false&amp;hide_related=false&amp;show_comments=true&amp;show_user=true&amp;show_reposts=false&amp;show_teaser=true\" width=\"100%\" height=\"166\" frameborder=\"no\" scrolling=\"no\"><\/iframe><\/p>\n<div style=\"font-size: 10px; color: #cccccc; line-break: anywhere; word-break: normal; overflow: hidden; white-space: nowrap; text-overflow: ellipsis; font-family: Interstate,Lucida Grande,Lucida Sans Unicode,Lucida Sans,Garuda,Verdana,Tahoma,sans-serif; font-weight: 100;\"><a style=\"color: #cccccc; text-decoration: none;\" title=\"fmreflejos 103.7\" href=\"https:\/\/soundcloud.com\/fmreflejos-103-7\" target=\"_blank\" rel=\"noopener\">fmreflejos 103.7<\/a> \u00b7 <a style=\"color: #cccccc; text-decoration: none;\" title=\"Gerardo Rohlmann\" href=\"https:\/\/soundcloud.com\/fmreflejos-103-7\/gerardo-rohlmann-3\" target=\"_blank\" rel=\"noopener\">Gerardo Rohlmann<\/a><\/div>\n<p><a title=\"122 aniv Saldungaray (2)\" href=\"https:\/\/www.flickr.com\/photos\/182279889@N02\/52336885990\/in\/dateposted-public\/\" data-flickr-embed=\"true\"><img loading=\"lazy\" decoding=\"async\" src=\"https:\/\/live.staticflickr.com\/65535\/52336885990_aa45bd336b_c.jpg\" alt=\"122 aniv Saldungaray (2)\" width=\"800\" height=\"534\" \/><\/a><\/p>\n<p>&nbsp;<\/p>\n<p><a title=\"122 aniv Saldungaray (1)\" href=\"https:\/\/www.flickr.com\/photos\/182279889@N02\/52336456371\/in\/dateposted-public\/\" data-flickr-embed=\"true\"><img loading=\"lazy\" decoding=\"async\" src=\"https:\/\/live.staticflickr.com\/65535\/52336456371_e035fbb8c0_c.jpg\" alt=\"122 aniv Saldungaray (1)\" width=\"800\" height=\"534\" \/><\/a><\/p>\n","protected":false},"excerpt":{"rendered":"<p>El delegado municipal de la localidad, Gerardo Rohlmann, se mostr\u00f3 muy conforme respecto a la seguidilla de eventos que se llevaron adelante, con motivo de los 122 a\u00f1os de la creaci\u00f3n de la ciudad.<\/p>\n","protected":false},"author":3,"featured_media":0,"comment_status":"closed","ping_status":"closed","sticky":false,"template":"","format":"standard","meta":{"footnotes":""},"categories":[26],"tags":[48],"class_list":["post-77209","post","type-post","status-publish","format-standard","hentry","category-sociedad","tag-destacada"],"yoast_head":"<!-- This site is optimized with the Yoast SEO plugin v25.9 - https:\/\/yoast.com\/wordpress\/plugins\/seo\/ -->\n<title>Festejos de aniversario: \u201cFue todo muy lindo como Saldungaray nos tiene acostumbrados\u201d - Noticias Radio Reflejos<\/title>\n<meta name=\"robots\" content=\"index, follow, max-snippet:-1, max-image-preview:large, max-video-preview:-1\" \/>\n<link rel=\"canonical\" href=\"https:\/\/www.noticiasradioreflejos.com.ar\/2021\/festejos-de-aniversario-fue-todo-muy-lindo-como-saldungaray-nos-tiene-acostumbrados\/\" \/>\n<meta property=\"og:locale\" content=\"es_ES\" \/>\n<meta property=\"og:type\" content=\"article\" \/>\n<meta property=\"og:title\" content=\"Festejos de aniversario: \u201cFue todo muy lindo como Saldungaray nos tiene acostumbrados\u201d - Noticias Radio Reflejos\" \/>\n<meta property=\"og:description\" content=\"El delegado municipal de la localidad, Gerardo Rohlmann, se mostr\u00f3 muy conforme respecto a la seguidilla de eventos que se llevaron adelante, con motivo de los 122 a\u00f1os de la creaci\u00f3n de la ciudad.\" \/>\n<meta property=\"og:url\" content=\"https:\/\/www.noticiasradioreflejos.com.ar\/2021\/festejos-de-aniversario-fue-todo-muy-lindo-como-saldungaray-nos-tiene-acostumbrados\/\" \/>\n<meta property=\"og:site_name\" content=\"Noticias Radio Reflejos\" \/>\n<meta property=\"article:published_time\" content=\"2022-09-05T17:46:34+00:00\" \/>\n<meta property=\"og:image\" content=\"https:\/\/live.staticflickr.com\/65535\/52336758574_a02ba54fea_c.jpg\" \/>\n<meta name=\"author\" content=\"Arnaldo Botto\" \/>\n<meta name=\"twitter:card\" content=\"summary_large_image\" \/>\n<script type=\"application\/ld+json\" class=\"yoast-schema-graph\">{\"@context\":\"https:\/\/schema.org\",\"@graph\":[{\"@type\":\"WebPage\",\"@id\":\"https:\/\/www.noticiasradioreflejos.com.ar\/2021\/festejos-de-aniversario-fue-todo-muy-lindo-como-saldungaray-nos-tiene-acostumbrados\/\",\"url\":\"https:\/\/www.noticiasradioreflejos.com.ar\/2021\/festejos-de-aniversario-fue-todo-muy-lindo-como-saldungaray-nos-tiene-acostumbrados\/\",\"name\":\"Festejos de aniversario: \u201cFue todo muy lindo como Saldungaray nos tiene acostumbrados\u201d - Noticias Radio Reflejos\",\"isPartOf\":{\"@id\":\"https:\/\/www.noticiasradioreflejos.com.ar\/2021\/#website\"},\"primaryImageOfPage\":{\"@id\":\"https:\/\/www.noticiasradioreflejos.com.ar\/2021\/festejos-de-aniversario-fue-todo-muy-lindo-como-saldungaray-nos-tiene-acostumbrados\/#primaryimage\"},\"image\":{\"@id\":\"https:\/\/www.noticiasradioreflejos.com.ar\/2021\/festejos-de-aniversario-fue-todo-muy-lindo-como-saldungaray-nos-tiene-acostumbrados\/#primaryimage\"},\"thumbnailUrl\":\"https:\/\/live.staticflickr.com\/65535\/52336758574_a02ba54fea_c.jpg\",\"datePublished\":\"2022-09-05T17:46:34+00:00\",\"author\":{\"@id\":\"https:\/\/www.noticiasradioreflejos.com.ar\/2021\/#\/schema\/person\/ad82545263dcc5ec0996818884fd5fb1\"},\"breadcrumb\":{\"@id\":\"https:\/\/www.noticiasradioreflejos.com.ar\/2021\/festejos-de-aniversario-fue-todo-muy-lindo-como-saldungaray-nos-tiene-acostumbrados\/#breadcrumb\"},\"inLanguage\":\"es\",\"potentialAction\":[{\"@type\":\"ReadAction\",\"target\":[\"https:\/\/www.noticiasradioreflejos.com.ar\/2021\/festejos-de-aniversario-fue-todo-muy-lindo-como-saldungaray-nos-tiene-acostumbrados\/\"]}]},{\"@type\":\"ImageObject\",\"inLanguage\":\"es\",\"@id\":\"https:\/\/www.noticiasradioreflejos.com.ar\/2021\/festejos-de-aniversario-fue-todo-muy-lindo-como-saldungaray-nos-tiene-acostumbrados\/#primaryimage\",\"url\":\"https:\/\/live.staticflickr.com\/65535\/52336758574_a02ba54fea_c.jpg\",\"contentUrl\":\"https:\/\/live.staticflickr.com\/65535\/52336758574_a02ba54fea_c.jpg\"},{\"@type\":\"BreadcrumbList\",\"@id\":\"https:\/\/www.noticiasradioreflejos.com.ar\/2021\/festejos-de-aniversario-fue-todo-muy-lindo-como-saldungaray-nos-tiene-acostumbrados\/#breadcrumb\",\"itemListElement\":[{\"@type\":\"ListItem\",\"position\":1,\"name\":\"Portada\",\"item\":\"https:\/\/www.noticiasradioreflejos.com.ar\/2021\/\"},{\"@type\":\"ListItem\",\"position\":2,\"name\":\"Festejos de aniversario: \u201cFue todo muy lindo como Saldungaray nos tiene acostumbrados\u201d\"}]},{\"@type\":\"WebSite\",\"@id\":\"https:\/\/www.noticiasradioreflejos.com.ar\/2021\/#website\",\"url\":\"https:\/\/www.noticiasradioreflejos.com.ar\/2021\/\",\"name\":\"Noticias Radio Reflejos\",\"description\":\"Las noticias de mi comarca\",\"potentialAction\":[{\"@type\":\"SearchAction\",\"target\":{\"@type\":\"EntryPoint\",\"urlTemplate\":\"https:\/\/www.noticiasradioreflejos.com.ar\/2021\/?s={search_term_string}\"},\"query-input\":{\"@type\":\"PropertyValueSpecification\",\"valueRequired\":true,\"valueName\":\"search_term_string\"}}],\"inLanguage\":\"es\"},{\"@type\":\"Person\",\"@id\":\"https:\/\/www.noticiasradioreflejos.com.ar\/2021\/#\/schema\/person\/ad82545263dcc5ec0996818884fd5fb1\",\"name\":\"Arnaldo Botto\",\"image\":{\"@type\":\"ImageObject\",\"inLanguage\":\"es\",\"@id\":\"https:\/\/www.noticiasradioreflejos.com.ar\/2021\/#\/schema\/person\/image\/\",\"url\":\"https:\/\/secure.gravatar.com\/avatar\/55cb5e37c1efa326397366e6974cb338056df65cb50e7d64d1cf314e87504837?s=96&d=mm&r=g\",\"contentUrl\":\"https:\/\/secure.gravatar.com\/avatar\/55cb5e37c1efa326397366e6974cb338056df65cb50e7d64d1cf314e87504837?s=96&d=mm&r=g\",\"caption\":\"Arnaldo Botto\"},\"url\":\"https:\/\/www.noticiasradioreflejos.com.ar\/2021\/author\/arnaldo\/\"}]}<\/script>\n<!-- \/ Yoast SEO plugin. -->","yoast_head_json":{"title":"Festejos de aniversario: \u201cFue todo muy lindo como Saldungaray nos tiene acostumbrados\u201d - Noticias Radio Reflejos","robots":{"index":"index","follow":"follow","max-snippet":"max-snippet:-1","max-image-preview":"max-image-preview:large","max-video-preview":"max-video-preview:-1"},"canonical":"https:\/\/www.noticiasradioreflejos.com.ar\/2021\/festejos-de-aniversario-fue-todo-muy-lindo-como-saldungaray-nos-tiene-acostumbrados\/","og_locale":"es_ES","og_type":"article","og_title":"Festejos de aniversario: \u201cFue todo muy lindo como Saldungaray nos tiene acostumbrados\u201d - Noticias Radio Reflejos","og_description":"El delegado municipal de la localidad, Gerardo Rohlmann, se mostr\u00f3 muy conforme respecto a la seguidilla de eventos que se llevaron adelante, con motivo de los 122 a\u00f1os de la creaci\u00f3n de la ciudad.","og_url":"https:\/\/www.noticiasradioreflejos.com.ar\/2021\/festejos-de-aniversario-fue-todo-muy-lindo-como-saldungaray-nos-tiene-acostumbrados\/","og_site_name":"Noticias Radio Reflejos","article_published_time":"2022-09-05T17:46:34+00:00","og_image":[{"url":"https:\/\/live.staticflickr.com\/65535\/52336758574_a02ba54fea_c.jpg","type":"","width":"","height":""}],"author":"Arnaldo Botto","twitter_card":"summary_large_image","schema":{"@context":"https:\/\/schema.org","@graph":[{"@type":"WebPage","@id":"https:\/\/www.noticiasradioreflejos.com.ar\/2021\/festejos-de-aniversario-fue-todo-muy-lindo-como-saldungaray-nos-tiene-acostumbrados\/","url":"https:\/\/www.noticiasradioreflejos.com.ar\/2021\/festejos-de-aniversario-fue-todo-muy-lindo-como-saldungaray-nos-tiene-acostumbrados\/","name":"Festejos de aniversario: \u201cFue todo muy lindo como Saldungaray nos tiene acostumbrados\u201d - Noticias Radio Reflejos","isPartOf":{"@id":"https:\/\/www.noticiasradioreflejos.com.ar\/2021\/#website"},"primaryImageOfPage":{"@id":"https:\/\/www.noticiasradioreflejos.com.ar\/2021\/festejos-de-aniversario-fue-todo-muy-lindo-como-saldungaray-nos-tiene-acostumbrados\/#primaryimage"},"image":{"@id":"https:\/\/www.noticiasradioreflejos.com.ar\/2021\/festejos-de-aniversario-fue-todo-muy-lindo-como-saldungaray-nos-tiene-acostumbrados\/#primaryimage"},"thumbnailUrl":"https:\/\/live.staticflickr.com\/65535\/52336758574_a02ba54fea_c.jpg","datePublished":"2022-09-05T17:46:34+00:00","author":{"@id":"https:\/\/www.noticiasradioreflejos.com.ar\/2021\/#\/schema\/person\/ad82545263dcc5ec0996818884fd5fb1"},"breadcrumb":{"@id":"https:\/\/www.noticiasradioreflejos.com.ar\/2021\/festejos-de-aniversario-fue-todo-muy-lindo-como-saldungaray-nos-tiene-acostumbrados\/#breadcrumb"},"inLanguage":"es","potentialAction":[{"@type":"ReadAction","target":["https:\/\/www.noticiasradioreflejos.com.ar\/2021\/festejos-de-aniversario-fue-todo-muy-lindo-como-saldungaray-nos-tiene-acostumbrados\/"]}]},{"@type":"ImageObject","inLanguage":"es","@id":"https:\/\/www.noticiasradioreflejos.com.ar\/2021\/festejos-de-aniversario-fue-todo-muy-lindo-como-saldungaray-nos-tiene-acostumbrados\/#primaryimage","url":"https:\/\/live.staticflickr.com\/65535\/52336758574_a02ba54fea_c.jpg","contentUrl":"https:\/\/live.staticflickr.com\/65535\/52336758574_a02ba54fea_c.jpg"},{"@type":"BreadcrumbList","@id":"https:\/\/www.noticiasradioreflejos.com.ar\/2021\/festejos-de-aniversario-fue-todo-muy-lindo-como-saldungaray-nos-tiene-acostumbrados\/#breadcrumb","itemListElement":[{"@type":"ListItem","position":1,"name":"Portada","item":"https:\/\/www.noticiasradioreflejos.com.ar\/2021\/"},{"@type":"ListItem","position":2,"name":"Festejos de aniversario: \u201cFue todo muy lindo como Saldungaray nos tiene acostumbrados\u201d"}]},{"@type":"WebSite","@id":"https:\/\/www.noticiasradioreflejos.com.ar\/2021\/#website","url":"https:\/\/www.noticiasradioreflejos.com.ar\/2021\/","name":"Noticias Radio Reflejos","description":"Las noticias de mi comarca","potentialAction":[{"@type":"SearchAction","target":{"@type":"EntryPoint","urlTemplate":"https:\/\/www.noticiasradioreflejos.com.ar\/2021\/?s={search_term_string}"},"query-input":{"@type":"PropertyValueSpecification","valueRequired":true,"valueName":"search_term_string"}}],"inLanguage":"es"},{"@type":"Person","@id":"https:\/\/www.noticiasradioreflejos.com.ar\/2021\/#\/schema\/person\/ad82545263dcc5ec0996818884fd5fb1","name":"Arnaldo Botto","image":{"@type":"ImageObject","inLanguage":"es","@id":"https:\/\/www.noticiasradioreflejos.com.ar\/2021\/#\/schema\/person\/image\/","url":"https:\/\/secure.gravatar.com\/avatar\/55cb5e37c1efa326397366e6974cb338056df65cb50e7d64d1cf314e87504837?s=96&d=mm&r=g","contentUrl":"https:\/\/secure.gravatar.com\/avatar\/55cb5e37c1efa326397366e6974cb338056df65cb50e7d64d1cf314e87504837?s=96&d=mm&r=g","caption":"Arnaldo Botto"},"url":"https:\/\/www.noticiasradioreflejos.com.ar\/2021\/author\/arnaldo\/"}]}},"_links":{"self":[{"href":"https:\/\/www.noticiasradioreflejos.com.ar\/2021\/wp-json\/wp\/v2\/posts\/77209","targetHints":{"allow":["GET"]}}],"collection":[{"href":"https:\/\/www.noticiasradioreflejos.com.ar\/2021\/wp-json\/wp\/v2\/posts"}],"about":[{"href":"https:\/\/www.noticiasradioreflejos.com.ar\/2021\/wp-json\/wp\/v2\/types\/post"}],"author":[{"embeddable":true,"href":"https:\/\/www.noticiasradioreflejos.com.ar\/2021\/wp-json\/wp\/v2\/users\/3"}],"replies":[{"embeddable":true,"href":"https:\/\/www.noticiasradioreflejos.com.ar\/2021\/wp-json\/wp\/v2\/comments?post=77209"}],"version-history":[{"count":2,"href":"https:\/\/www.noticiasradioreflejos.com.ar\/2021\/wp-json\/wp\/v2\/posts\/77209\/revisions"}],"predecessor-version":[{"id":77217,"href":"https:\/\/www.noticiasradioreflejos.com.ar\/2021\/wp-json\/wp\/v2\/posts\/77209\/revisions\/77217"}],"wp:attachment":[{"href":"https:\/\/www.noticiasradioreflejos.com.ar\/2021\/wp-json\/wp\/v2\/media?parent=77209"}],"wp:term":[{"taxonomy":"category","embeddable":true,"href":"https:\/\/www.noticiasradioreflejos.com.ar\/2021\/wp-json\/wp\/v2\/categories?post=77209"},{"taxonomy":"post_tag","embeddable":true,"href":"https:\/\/www.noticiasradioreflejos.com.ar\/2021\/wp-json\/wp\/v2\/tags?post=77209"}],"curies":[{"name":"wp","href":"https:\/\/api.w.org\/{rel}","templated":true}]}}