{"id":77200,"date":"2022-09-05T11:32:10","date_gmt":"2022-09-05T11:32:10","guid":{"rendered":"http:\/\/www.noticiasradioreflejos.com.ar\/2021\/?p=77200"},"modified":"2022-09-05T11:32:10","modified_gmt":"2022-09-05T11:32:10","slug":"obra-publica-comienzan-los-alegatos-de-las-defensas-tras-el-atentado-a-cristina-kirchner","status":"publish","type":"post","link":"https:\/\/www.noticiasradioreflejos.com.ar\/2021\/obra-publica-comienzan-los-alegatos-de-las-defensas-tras-el-atentado-a-cristina-kirchner\/","title":{"rendered":"Obra P\u00fablica: comienzan los alegatos de las defensas tras el atentado a Cristina Kirchner"},"content":{"rendered":"<p>Seg\u00fan informaron a T\u00e9lam fuentes judiciales, el Tribunal Oral Federal 2 prev\u00e9 comenzar la audiencia el lunes 5 a las 9.30 como estaba previsto desde la \u00faltima jornada llevada a cabo el 22 de agosto, para dar inicio a la etapa de alegatos defensistas.<!--more--><br \/>\nEl juicio por supuestos delitos con la obra p\u00fablica en Santa Cruz se reanudar\u00e1 este lunes, con el inicio de los alegatos de las defensas y tras la acusaci\u00f3n fiscal que incluy\u00f3 un pedido de 12 a\u00f1os de prisi\u00f3n para la vicepresidenta Cristina Fern\u00e1ndez de Kirchner, v\u00edctima de un intento de asesinato el jueves \u00faltimo.<br \/>\nSeg\u00fan informaron a T\u00e9lam fuentes judiciales, el Tribunal Oral Federal 2 prev\u00e9 comenzar la audiencia el lunes 5 a las 9.30 como estaba previsto desde la \u00faltima jornada llevada a cabo el 22 de agosto, para dar inicio a la etapa de alegatos defensistas.El primero de ellos estar\u00e1 a cargo del abogado\u00a0<strong>Mariano Fragueiro Fr\u00edas en representaci\u00f3n del expresidente de la Administraci\u00f3n General de Vialidad de Santa Cruz H\u00e9ctor Ren\u00e9 Garro<\/strong>, a quien la fiscal\u00eda pidi\u00f3 condenar a tres a\u00f1os de prisi\u00f3n en suspenso.<\/p>\n<p>Fragueiro Fr\u00edas pidi\u00f3 concurrir en persona junto a Garro a la sala de audiencias de la planta baja de Comodoro Py 2002 donde los jueces llevan adelante las audiencias de manera semipresencial, modalidad adoptada a ra\u00edz de la pandemia de Covid-19.<\/p>\n<p>Los magistrados asisten a los tribunales mientras que el resto de las partes, fiscal\u00eda, abogados, querellas y los 13 acusados se conectan a trav\u00e9s de la plataforma virtual Zoom.<\/p>\n<p>Pero para la etapa de alegatos se dej\u00f3 abierta la posibilidad de que\u00a0<strong>cada imputado y su defensa puedan pedir hablar en persona ante los jueces Jorge Gorini, Andr\u00e9s Basso y Rodrigo Gim\u00e9nez Uriburu<\/strong>.<\/p>\n<p>Esto es lo que ocurrir\u00e1 el lunes en el alegato defensor de Garro, que se extender\u00e1 una jornada y se anticipa terminar\u00e1 con un reclamo de absoluci\u00f3n debido a que \u00abel exfuncionario estuvo s\u00f3lo cinco meses en su cargo y no hay peritajes, documentos ni nada\u00bb que hayan demostrado que cometi\u00f3 alg\u00fan delito, explicaron fuentes de su defensa.<\/p>\n<p>El abogado pidi\u00f3 adem\u00e1s al TOF2 que en la sala de audiencias est\u00e9n tambi\u00e9n presentes los fiscales Diego Luciani y Sergio Mola.<\/p>\n<p><strong>El juicio se reanudar\u00e1 tras el intento de homicidio<\/strong>\u00a0que sufri\u00f3 la vicepresidenta el jueves \u00faltimo por la noche, cuando regresaba a su domicilio en el barrio porte\u00f1o de Recoleta y un hombre le gatill\u00f3 un arma a cent\u00edmetros de su cara.<\/p>\n<p>El ataque ocurri\u00f3 en medio de una de las manifestaciones de apoyo a la expresidenta que se repiten en adyacencias de su casa desde que fue acusada en este juicio por los fiscales como supuesta organizadora de asociaci\u00f3n il\u00edcita agravada y defraudaci\u00f3n fraudulenta.<\/p>\n<p>En el juicio se debaten las supuestas maniobras para beneficiar al empresario, y tambi\u00e9n acusado, L\u00e1zaro B\u00e1ez con adjudicaciones de obra p\u00fablica nacional y otras irregularidades en Santa Cruz entre 2003 y 2015 a trav\u00e9s de la firma \u00abAustral Construcciones\u00bb y otras que adquiri\u00f3 en ese per\u00edodo.<\/p>\n<p>El inicio de los alegatos de las defensas con esta opci\u00f3n de presencialidad se da en un momento en que la C\u00e1mara Federal de Casaci\u00f3n pidi\u00f3 al Ministerio de Seguridad de un refuerzo en la seguridad del edificio, donde tambi\u00e9n se investiga el atentado a la Vicepresidenta.<\/p>\n<p>De hecho el viernes tanto la jueza federal Mar\u00eda Eugenia Capuchetti como el fiscal Carlos R\u00edvolo, a cargo de esta causa, resolvieron por cuestiones de seguridad ir ellos a tomar declaraci\u00f3n como testigo a la vicepresidenta a su domicilio.<\/p>\n<p>A la hora de tomar declaraci\u00f3n indagatoria al hasta ahora \u00fanico acusado por la tentativa de homicidio tambi\u00e9n optaron por evitar un traslado a la sede judicial y se dirigieron a sede de la Polic\u00eda Federal donde permanece detenido.<\/p>\n<p>Los alegatos en el juicio se realizar\u00e1n por orden alfab\u00e9tico y<strong>\u00a0el Tribunal dio un m\u00e1ximo de tres d\u00edas a cada defensa, aunque algunas de ellas ya anunciaron que hablar\u00e1n por menos tiempo<\/strong>.<\/p>\n<p>La defensa de la Vicepresidenta figura en sexto lugar y se prev\u00e9 que llegue su turno entre finales de septiembre y principios de octubre.<\/p>\n<p>Al igual que los restantes acusados, tanto la Vicepresidenta como sus abogados Carlos Beraldi y Ary Llernovoy podr\u00edan hacer uso del derecho de pedir ir en persona a la sala de audiencias de Comodoro Py.<\/p>\n<p>En esta etapa de los alegatos, la expresidenta tambi\u00e9n tiene la posibilidad de dirigirse de manera directa al Tribunal en caso de desearlo.<\/p>\n<p><strong>El Tribunal rechaz\u00f3 en agosto un pedido de la defensa para que la vicepresidenta ampl\u00ede su declaraci\u00f3n indagatoria<\/strong>.<\/p>\n<p><strong>El martes 6 ser\u00e1 el turno del alegato del tambi\u00e9n ex funcionario de Vialidad de Santa Cruz y responsable del llamado \u00abdistrito 23\u00bb en esa provincia, Mauricio Collareda, a quien la fiscal\u00eda pidi\u00f3 6 a\u00f1os de c\u00e1rcel.<\/strong><\/p>\n<p>A la hora de pedir penas, Luciani y Mola reclamaron condenar tambi\u00e9n a 12 a\u00f1os de prisi\u00f3n a B\u00e1ez y diez a\u00f1os para el exministro de Planificaci\u00f3n Federal Julio De Vido, el exsecretario de Obras P\u00fablicas de la Naci\u00f3n Jos\u00e9 L\u00f3pez y el extitular de Vialidad Nacional Nelson Periotti, entre otros.<\/p>\n<p>&nbsp;<\/p>\n<div class=\"image\"><img decoding=\"async\" src=\"https:\/\/www.telam.com.ar\/assets\/img\/not_image.png\" alt=\"Por Karina Poritzker\" width=\"450\" height=\"100%\" \/><\/div>\n<div class=\"info\">\n<div class=\"name\">POR KARINA PORITZKER<\/div>\n<\/div>\n","protected":false},"excerpt":{"rendered":"<p>Seg\u00fan informaron a T\u00e9lam fuentes judiciales, el Tribunal Oral Federal 2 prev\u00e9 comenzar la audiencia el lunes 5 a las 9.30 como estaba previsto desde la \u00faltima jornada llevada a cabo el 22 de agosto, para dar inicio a la etapa de alegatos defensistas.<\/p>\n","protected":false},"author":3,"featured_media":0,"comment_status":"closed","ping_status":"closed","sticky":false,"template":"","format":"standard","meta":{"footnotes":""},"categories":[57,24],"tags":[],"class_list":["post-77200","post","type-post","status-publish","format-standard","hentry","category-judiciales","category-politica"],"yoast_head":"<!-- This site is optimized with the Yoast SEO plugin v25.9 - https:\/\/yoast.com\/wordpress\/plugins\/seo\/ -->\n<title>Obra P\u00fablica: comienzan los alegatos de las defensas tras el atentado a Cristina Kirchner - Noticias Radio Reflejos<\/title>\n<meta name=\"robots\" content=\"index, follow, max-snippet:-1, max-image-preview:large, max-video-preview:-1\" \/>\n<link rel=\"canonical\" href=\"https:\/\/www.noticiasradioreflejos.com.ar\/2021\/obra-publica-comienzan-los-alegatos-de-las-defensas-tras-el-atentado-a-cristina-kirchner\/\" \/>\n<meta property=\"og:locale\" content=\"es_ES\" \/>\n<meta property=\"og:type\" content=\"article\" \/>\n<meta property=\"og:title\" content=\"Obra P\u00fablica: comienzan los alegatos de las defensas tras el atentado a Cristina Kirchner - Noticias Radio Reflejos\" \/>\n<meta property=\"og:description\" content=\"Seg\u00fan informaron a T\u00e9lam fuentes judiciales, el Tribunal Oral Federal 2 prev\u00e9 comenzar la audiencia el lunes 5 a las 9.30 como estaba previsto desde la \u00faltima jornada llevada a cabo el 22 de agosto, para dar inicio a la etapa de alegatos defensistas.\" \/>\n<meta property=\"og:url\" content=\"https:\/\/www.noticiasradioreflejos.com.ar\/2021\/obra-publica-comienzan-los-alegatos-de-las-defensas-tras-el-atentado-a-cristina-kirchner\/\" \/>\n<meta property=\"og:site_name\" content=\"Noticias Radio Reflejos\" \/>\n<meta property=\"article:published_time\" content=\"2022-09-05T11:32:10+00:00\" \/>\n<meta property=\"og:image\" content=\"https:\/\/www.telam.com.ar\/assets\/img\/not_image.png\" \/>\n<meta name=\"author\" content=\"Arnaldo Botto\" \/>\n<meta name=\"twitter:card\" content=\"summary_large_image\" \/>\n<script type=\"application\/ld+json\" class=\"yoast-schema-graph\">{\"@context\":\"https:\/\/schema.org\",\"@graph\":[{\"@type\":\"WebPage\",\"@id\":\"https:\/\/www.noticiasradioreflejos.com.ar\/2021\/obra-publica-comienzan-los-alegatos-de-las-defensas-tras-el-atentado-a-cristina-kirchner\/\",\"url\":\"https:\/\/www.noticiasradioreflejos.com.ar\/2021\/obra-publica-comienzan-los-alegatos-de-las-defensas-tras-el-atentado-a-cristina-kirchner\/\",\"name\":\"Obra P\u00fablica: comienzan los alegatos de las defensas tras el atentado a Cristina Kirchner - Noticias Radio Reflejos\",\"isPartOf\":{\"@id\":\"https:\/\/www.noticiasradioreflejos.com.ar\/2021\/#website\"},\"primaryImageOfPage\":{\"@id\":\"https:\/\/www.noticiasradioreflejos.com.ar\/2021\/obra-publica-comienzan-los-alegatos-de-las-defensas-tras-el-atentado-a-cristina-kirchner\/#primaryimage\"},\"image\":{\"@id\":\"https:\/\/www.noticiasradioreflejos.com.ar\/2021\/obra-publica-comienzan-los-alegatos-de-las-defensas-tras-el-atentado-a-cristina-kirchner\/#primaryimage\"},\"thumbnailUrl\":\"https:\/\/www.telam.com.ar\/assets\/img\/not_image.png\",\"datePublished\":\"2022-09-05T11:32:10+00:00\",\"author\":{\"@id\":\"https:\/\/www.noticiasradioreflejos.com.ar\/2021\/#\/schema\/person\/ad82545263dcc5ec0996818884fd5fb1\"},\"breadcrumb\":{\"@id\":\"https:\/\/www.noticiasradioreflejos.com.ar\/2021\/obra-publica-comienzan-los-alegatos-de-las-defensas-tras-el-atentado-a-cristina-kirchner\/#breadcrumb\"},\"inLanguage\":\"es\",\"potentialAction\":[{\"@type\":\"ReadAction\",\"target\":[\"https:\/\/www.noticiasradioreflejos.com.ar\/2021\/obra-publica-comienzan-los-alegatos-de-las-defensas-tras-el-atentado-a-cristina-kirchner\/\"]}]},{\"@type\":\"ImageObject\",\"inLanguage\":\"es\",\"@id\":\"https:\/\/www.noticiasradioreflejos.com.ar\/2021\/obra-publica-comienzan-los-alegatos-de-las-defensas-tras-el-atentado-a-cristina-kirchner\/#primaryimage\",\"url\":\"https:\/\/www.telam.com.ar\/assets\/img\/not_image.png\",\"contentUrl\":\"https:\/\/www.telam.com.ar\/assets\/img\/not_image.png\"},{\"@type\":\"BreadcrumbList\",\"@id\":\"https:\/\/www.noticiasradioreflejos.com.ar\/2021\/obra-publica-comienzan-los-alegatos-de-las-defensas-tras-el-atentado-a-cristina-kirchner\/#breadcrumb\",\"itemListElement\":[{\"@type\":\"ListItem\",\"position\":1,\"name\":\"Portada\",\"item\":\"https:\/\/www.noticiasradioreflejos.com.ar\/2021\/\"},{\"@type\":\"ListItem\",\"position\":2,\"name\":\"Obra P\u00fablica: comienzan los alegatos de las defensas tras el atentado a Cristina Kirchner\"}]},{\"@type\":\"WebSite\",\"@id\":\"https:\/\/www.noticiasradioreflejos.com.ar\/2021\/#website\",\"url\":\"https:\/\/www.noticiasradioreflejos.com.ar\/2021\/\",\"name\":\"Noticias Radio Reflejos\",\"description\":\"Las noticias de mi comarca\",\"potentialAction\":[{\"@type\":\"SearchAction\",\"target\":{\"@type\":\"EntryPoint\",\"urlTemplate\":\"https:\/\/www.noticiasradioreflejos.com.ar\/2021\/?s={search_term_string}\"},\"query-input\":{\"@type\":\"PropertyValueSpecification\",\"valueRequired\":true,\"valueName\":\"search_term_string\"}}],\"inLanguage\":\"es\"},{\"@type\":\"Person\",\"@id\":\"https:\/\/www.noticiasradioreflejos.com.ar\/2021\/#\/schema\/person\/ad82545263dcc5ec0996818884fd5fb1\",\"name\":\"Arnaldo Botto\",\"image\":{\"@type\":\"ImageObject\",\"inLanguage\":\"es\",\"@id\":\"https:\/\/www.noticiasradioreflejos.com.ar\/2021\/#\/schema\/person\/image\/\",\"url\":\"https:\/\/secure.gravatar.com\/avatar\/55cb5e37c1efa326397366e6974cb338056df65cb50e7d64d1cf314e87504837?s=96&d=mm&r=g\",\"contentUrl\":\"https:\/\/secure.gravatar.com\/avatar\/55cb5e37c1efa326397366e6974cb338056df65cb50e7d64d1cf314e87504837?s=96&d=mm&r=g\",\"caption\":\"Arnaldo Botto\"},\"url\":\"https:\/\/www.noticiasradioreflejos.com.ar\/2021\/author\/arnaldo\/\"}]}<\/script>\n<!-- \/ Yoast SEO plugin. -->","yoast_head_json":{"title":"Obra P\u00fablica: comienzan los alegatos de las defensas tras el atentado a Cristina Kirchner - Noticias Radio Reflejos","robots":{"index":"index","follow":"follow","max-snippet":"max-snippet:-1","max-image-preview":"max-image-preview:large","max-video-preview":"max-video-preview:-1"},"canonical":"https:\/\/www.noticiasradioreflejos.com.ar\/2021\/obra-publica-comienzan-los-alegatos-de-las-defensas-tras-el-atentado-a-cristina-kirchner\/","og_locale":"es_ES","og_type":"article","og_title":"Obra P\u00fablica: comienzan los alegatos de las defensas tras el atentado a Cristina Kirchner - Noticias Radio Reflejos","og_description":"Seg\u00fan informaron a T\u00e9lam fuentes judiciales, el Tribunal Oral Federal 2 prev\u00e9 comenzar la audiencia el lunes 5 a las 9.30 como estaba previsto desde la \u00faltima jornada llevada a cabo el 22 de agosto, para dar inicio a la etapa de alegatos defensistas.","og_url":"https:\/\/www.noticiasradioreflejos.com.ar\/2021\/obra-publica-comienzan-los-alegatos-de-las-defensas-tras-el-atentado-a-cristina-kirchner\/","og_site_name":"Noticias Radio Reflejos","article_published_time":"2022-09-05T11:32:10+00:00","og_image":[{"url":"https:\/\/www.telam.com.ar\/assets\/img\/not_image.png","type":"","width":"","height":""}],"author":"Arnaldo Botto","twitter_card":"summary_large_image","schema":{"@context":"https:\/\/schema.org","@graph":[{"@type":"WebPage","@id":"https:\/\/www.noticiasradioreflejos.com.ar\/2021\/obra-publica-comienzan-los-alegatos-de-las-defensas-tras-el-atentado-a-cristina-kirchner\/","url":"https:\/\/www.noticiasradioreflejos.com.ar\/2021\/obra-publica-comienzan-los-alegatos-de-las-defensas-tras-el-atentado-a-cristina-kirchner\/","name":"Obra P\u00fablica: comienzan los alegatos de las defensas tras el atentado a Cristina Kirchner - Noticias Radio Reflejos","isPartOf":{"@id":"https:\/\/www.noticiasradioreflejos.com.ar\/2021\/#website"},"primaryImageOfPage":{"@id":"https:\/\/www.noticiasradioreflejos.com.ar\/2021\/obra-publica-comienzan-los-alegatos-de-las-defensas-tras-el-atentado-a-cristina-kirchner\/#primaryimage"},"image":{"@id":"https:\/\/www.noticiasradioreflejos.com.ar\/2021\/obra-publica-comienzan-los-alegatos-de-las-defensas-tras-el-atentado-a-cristina-kirchner\/#primaryimage"},"thumbnailUrl":"https:\/\/www.telam.com.ar\/assets\/img\/not_image.png","datePublished":"2022-09-05T11:32:10+00:00","author":{"@id":"https:\/\/www.noticiasradioreflejos.com.ar\/2021\/#\/schema\/person\/ad82545263dcc5ec0996818884fd5fb1"},"breadcrumb":{"@id":"https:\/\/www.noticiasradioreflejos.com.ar\/2021\/obra-publica-comienzan-los-alegatos-de-las-defensas-tras-el-atentado-a-cristina-kirchner\/#breadcrumb"},"inLanguage":"es","potentialAction":[{"@type":"ReadAction","target":["https:\/\/www.noticiasradioreflejos.com.ar\/2021\/obra-publica-comienzan-los-alegatos-de-las-defensas-tras-el-atentado-a-cristina-kirchner\/"]}]},{"@type":"ImageObject","inLanguage":"es","@id":"https:\/\/www.noticiasradioreflejos.com.ar\/2021\/obra-publica-comienzan-los-alegatos-de-las-defensas-tras-el-atentado-a-cristina-kirchner\/#primaryimage","url":"https:\/\/www.telam.com.ar\/assets\/img\/not_image.png","contentUrl":"https:\/\/www.telam.com.ar\/assets\/img\/not_image.png"},{"@type":"BreadcrumbList","@id":"https:\/\/www.noticiasradioreflejos.com.ar\/2021\/obra-publica-comienzan-los-alegatos-de-las-defensas-tras-el-atentado-a-cristina-kirchner\/#breadcrumb","itemListElement":[{"@type":"ListItem","position":1,"name":"Portada","item":"https:\/\/www.noticiasradioreflejos.com.ar\/2021\/"},{"@type":"ListItem","position":2,"name":"Obra P\u00fablica: comienzan los alegatos de las defensas tras el atentado a Cristina Kirchner"}]},{"@type":"WebSite","@id":"https:\/\/www.noticiasradioreflejos.com.ar\/2021\/#website","url":"https:\/\/www.noticiasradioreflejos.com.ar\/2021\/","name":"Noticias Radio Reflejos","description":"Las noticias de mi comarca","potentialAction":[{"@type":"SearchAction","target":{"@type":"EntryPoint","urlTemplate":"https:\/\/www.noticiasradioreflejos.com.ar\/2021\/?s={search_term_string}"},"query-input":{"@type":"PropertyValueSpecification","valueRequired":true,"valueName":"search_term_string"}}],"inLanguage":"es"},{"@type":"Person","@id":"https:\/\/www.noticiasradioreflejos.com.ar\/2021\/#\/schema\/person\/ad82545263dcc5ec0996818884fd5fb1","name":"Arnaldo Botto","image":{"@type":"ImageObject","inLanguage":"es","@id":"https:\/\/www.noticiasradioreflejos.com.ar\/2021\/#\/schema\/person\/image\/","url":"https:\/\/secure.gravatar.com\/avatar\/55cb5e37c1efa326397366e6974cb338056df65cb50e7d64d1cf314e87504837?s=96&d=mm&r=g","contentUrl":"https:\/\/secure.gravatar.com\/avatar\/55cb5e37c1efa326397366e6974cb338056df65cb50e7d64d1cf314e87504837?s=96&d=mm&r=g","caption":"Arnaldo Botto"},"url":"https:\/\/www.noticiasradioreflejos.com.ar\/2021\/author\/arnaldo\/"}]}},"_links":{"self":[{"href":"https:\/\/www.noticiasradioreflejos.com.ar\/2021\/wp-json\/wp\/v2\/posts\/77200","targetHints":{"allow":["GET"]}}],"collection":[{"href":"https:\/\/www.noticiasradioreflejos.com.ar\/2021\/wp-json\/wp\/v2\/posts"}],"about":[{"href":"https:\/\/www.noticiasradioreflejos.com.ar\/2021\/wp-json\/wp\/v2\/types\/post"}],"author":[{"embeddable":true,"href":"https:\/\/www.noticiasradioreflejos.com.ar\/2021\/wp-json\/wp\/v2\/users\/3"}],"replies":[{"embeddable":true,"href":"https:\/\/www.noticiasradioreflejos.com.ar\/2021\/wp-json\/wp\/v2\/comments?post=77200"}],"version-history":[{"count":1,"href":"https:\/\/www.noticiasradioreflejos.com.ar\/2021\/wp-json\/wp\/v2\/posts\/77200\/revisions"}],"predecessor-version":[{"id":77202,"href":"https:\/\/www.noticiasradioreflejos.com.ar\/2021\/wp-json\/wp\/v2\/posts\/77200\/revisions\/77202"}],"wp:attachment":[{"href":"https:\/\/www.noticiasradioreflejos.com.ar\/2021\/wp-json\/wp\/v2\/media?parent=77200"}],"wp:term":[{"taxonomy":"category","embeddable":true,"href":"https:\/\/www.noticiasradioreflejos.com.ar\/2021\/wp-json\/wp\/v2\/categories?post=77200"},{"taxonomy":"post_tag","embeddable":true,"href":"https:\/\/www.noticiasradioreflejos.com.ar\/2021\/wp-json\/wp\/v2\/tags?post=77200"}],"curies":[{"name":"wp","href":"https:\/\/api.w.org\/{rel}","templated":true}]}}