{"id":77184,"date":"2022-09-04T23:43:08","date_gmt":"2022-09-04T23:43:08","guid":{"rendered":"http:\/\/www.noticiasradioreflejos.com.ar\/2021\/?p=77184"},"modified":"2022-09-04T23:43:08","modified_gmt":"2022-09-04T23:43:08","slug":"massa-anuncio-un-dolar-a-200-pesos-para-las-exportaciones-de-granos","status":"publish","type":"post","link":"https:\/\/www.noticiasradioreflejos.com.ar\/2021\/massa-anuncio-un-dolar-a-200-pesos-para-las-exportaciones-de-granos\/","title":{"rendered":"Massa anunci\u00f3 un d\u00f3lar a 200 pesos para las exportaciones de granos"},"content":{"rendered":"<p>En una conferencia de prensa, el ministro de Econom\u00eda admiti\u00f3 que \u00abpodr\u00edan ingresar unos 5.000 millones de d\u00f3lares, durante septiembre, por el nuevo esquema de liquidaci\u00f3n de soja y 1.000 millones de d\u00f3lares, en las primeras 72 horas\u00bb.<!--more--><\/p>\n<figure class=\"mb-3\"><img decoding=\"async\" src=\"https:\/\/www.telam.com.ar\/thumbs\/bluesteel\/advf\/imagenes\/2022\/08\/6301083853a4b_900.jpg\" alt=\"La medida fue anunciada tras reuniones con miembros de la Mesa de Enlace Foto archivo Victoria Gesualdi\" width=\"100%\" height=\"100%\" \/><\/p>\n<div class=\"media-icons\"><\/div><figcaption>La medida fue anunciada tras reuniones con miembros de la Mesa de Enlace (Foto archivo: Victoria Gesualdi).<\/figcaption><\/figure>\n<p>El ministro de Econom\u00eda, Sergio Massa, anunci\u00f3 este domingo que se pagar\u00e1<strong>\u00a0\u00abun d\u00f3lar a 200 pesos para la liquidaci\u00f3n de exportaciones de granos, en un mecanismo simple y transparente\u00bb<\/strong><\/p>\n<p>En una conferencia de prensa, el ministro expres\u00f3 que \u00abdesde ma\u00f1ana hasta el 30 de septiembre se pone en marcha este programa de liquidaci\u00f3n de divisas voluntario, de manera simple y sencilla para los productores\u00bb.<\/p>\n<p>Adem\u00e1s, afirm\u00f3 que<strong>\u00a0\u00abel esfuerzo fiscal del nuevo sistema de liquidaci\u00f3n de exportaciones ronda los 600.000 millones de pesos\u00bb y se\u00f1al\u00f3 que \u00abel sector agroindustrial es un sector clave que tiene desde el lugar de la exportaci\u00f3n un lugar fundamental que nos sirva para construir valor y sinergia\u00bb<\/strong>.<\/p>\n<p>Massa, en conferencia de prensa, puntualiz\u00f3 que \u00abel 93,8% es exportaci\u00f3n y no influya la cadena local y la soja tiene un 33% de retenciones y la cuenta le da retenciones cero, a la hora de hacer la cuenta matem\u00e1tica\u00bb.<\/p>\n<p>Remarc\u00f3 que \u00aba partir de octubre se vuelve al viejo sistema de liquidaci\u00f3n de exportaciones\u00bb, al tiempo que enfatiz\u00f3 que \u00abel sector exportador vino con una propuesta muy agresiva para el complejo soja para el mes de septiembre\u00bb.Y sostuvo que \u00abtenemos la obligaci\u00f3n de cuidar los d\u00f3lares de las exportaciones\u00bb.<\/p>\n<p>En tanto, eestim\u00f3 que \u00abpodr\u00edan ingresar unos 5.000 millones de d\u00f3lares, durante septiembre, por el nuevo esquema de liquidaci\u00f3n de soja y 1.000 millones de d\u00f3lares, en las primeras 72 horas\u00bb.<\/p>\n<p>En conferencia de prensa, Massa sostuvo que \u00aba partir de ma\u00f1ana (el lunes), el precio de soja en pizarra ser\u00e1 de 70.000 pesos por tonelada\u00bb.<\/p>\n","protected":false},"excerpt":{"rendered":"<p>En una conferencia de prensa, el ministro de Econom\u00eda admiti\u00f3 que \u00abpodr\u00edan ingresar unos 5.000 millones de d\u00f3lares, durante septiembre, por el nuevo esquema de liquidaci\u00f3n de soja y 1.000 millones de d\u00f3lares, en las primeras 72 horas\u00bb.<\/p>\n","protected":false},"author":3,"featured_media":0,"comment_status":"closed","ping_status":"closed","sticky":false,"template":"","format":"standard","meta":{"footnotes":""},"categories":[36,58],"tags":[],"class_list":["post-77184","post","type-post","status-publish","format-standard","hentry","category-economia","category-gobierno"],"yoast_head":"<!-- This site is optimized with the Yoast SEO plugin v25.9 - https:\/\/yoast.com\/wordpress\/plugins\/seo\/ -->\n<title>Massa anunci\u00f3 un d\u00f3lar a 200 pesos para las exportaciones de granos - Noticias Radio Reflejos<\/title>\n<meta name=\"robots\" content=\"index, follow, max-snippet:-1, max-image-preview:large, max-video-preview:-1\" \/>\n<link rel=\"canonical\" href=\"https:\/\/www.noticiasradioreflejos.com.ar\/2021\/massa-anuncio-un-dolar-a-200-pesos-para-las-exportaciones-de-granos\/\" \/>\n<meta property=\"og:locale\" content=\"es_ES\" \/>\n<meta property=\"og:type\" content=\"article\" \/>\n<meta property=\"og:title\" content=\"Massa anunci\u00f3 un d\u00f3lar a 200 pesos para las exportaciones de granos - Noticias Radio Reflejos\" \/>\n<meta property=\"og:description\" content=\"En una conferencia de prensa, el ministro de Econom\u00eda admiti\u00f3 que \u00abpodr\u00edan ingresar unos 5.000 millones de d\u00f3lares, durante septiembre, por el nuevo esquema de liquidaci\u00f3n de soja y 1.000 millones de d\u00f3lares, en las primeras 72 horas\u00bb.\" \/>\n<meta property=\"og:url\" content=\"https:\/\/www.noticiasradioreflejos.com.ar\/2021\/massa-anuncio-un-dolar-a-200-pesos-para-las-exportaciones-de-granos\/\" \/>\n<meta property=\"og:site_name\" content=\"Noticias Radio Reflejos\" \/>\n<meta property=\"article:published_time\" content=\"2022-09-04T23:43:08+00:00\" \/>\n<meta property=\"og:image\" content=\"https:\/\/www.telam.com.ar\/thumbs\/bluesteel\/advf\/imagenes\/2022\/08\/6301083853a4b_900.jpg\" \/>\n<meta name=\"author\" content=\"Arnaldo Botto\" \/>\n<meta name=\"twitter:card\" content=\"summary_large_image\" \/>\n<script type=\"application\/ld+json\" class=\"yoast-schema-graph\">{\"@context\":\"https:\/\/schema.org\",\"@graph\":[{\"@type\":\"WebPage\",\"@id\":\"https:\/\/www.noticiasradioreflejos.com.ar\/2021\/massa-anuncio-un-dolar-a-200-pesos-para-las-exportaciones-de-granos\/\",\"url\":\"https:\/\/www.noticiasradioreflejos.com.ar\/2021\/massa-anuncio-un-dolar-a-200-pesos-para-las-exportaciones-de-granos\/\",\"name\":\"Massa anunci\u00f3 un d\u00f3lar a 200 pesos para las exportaciones de granos - Noticias Radio Reflejos\",\"isPartOf\":{\"@id\":\"https:\/\/www.noticiasradioreflejos.com.ar\/2021\/#website\"},\"primaryImageOfPage\":{\"@id\":\"https:\/\/www.noticiasradioreflejos.com.ar\/2021\/massa-anuncio-un-dolar-a-200-pesos-para-las-exportaciones-de-granos\/#primaryimage\"},\"image\":{\"@id\":\"https:\/\/www.noticiasradioreflejos.com.ar\/2021\/massa-anuncio-un-dolar-a-200-pesos-para-las-exportaciones-de-granos\/#primaryimage\"},\"thumbnailUrl\":\"https:\/\/www.telam.com.ar\/thumbs\/bluesteel\/advf\/imagenes\/2022\/08\/6301083853a4b_900.jpg\",\"datePublished\":\"2022-09-04T23:43:08+00:00\",\"author\":{\"@id\":\"https:\/\/www.noticiasradioreflejos.com.ar\/2021\/#\/schema\/person\/ad82545263dcc5ec0996818884fd5fb1\"},\"breadcrumb\":{\"@id\":\"https:\/\/www.noticiasradioreflejos.com.ar\/2021\/massa-anuncio-un-dolar-a-200-pesos-para-las-exportaciones-de-granos\/#breadcrumb\"},\"inLanguage\":\"es\",\"potentialAction\":[{\"@type\":\"ReadAction\",\"target\":[\"https:\/\/www.noticiasradioreflejos.com.ar\/2021\/massa-anuncio-un-dolar-a-200-pesos-para-las-exportaciones-de-granos\/\"]}]},{\"@type\":\"ImageObject\",\"inLanguage\":\"es\",\"@id\":\"https:\/\/www.noticiasradioreflejos.com.ar\/2021\/massa-anuncio-un-dolar-a-200-pesos-para-las-exportaciones-de-granos\/#primaryimage\",\"url\":\"https:\/\/www.telam.com.ar\/thumbs\/bluesteel\/advf\/imagenes\/2022\/08\/6301083853a4b_900.jpg\",\"contentUrl\":\"https:\/\/www.telam.com.ar\/thumbs\/bluesteel\/advf\/imagenes\/2022\/08\/6301083853a4b_900.jpg\"},{\"@type\":\"BreadcrumbList\",\"@id\":\"https:\/\/www.noticiasradioreflejos.com.ar\/2021\/massa-anuncio-un-dolar-a-200-pesos-para-las-exportaciones-de-granos\/#breadcrumb\",\"itemListElement\":[{\"@type\":\"ListItem\",\"position\":1,\"name\":\"Portada\",\"item\":\"https:\/\/www.noticiasradioreflejos.com.ar\/2021\/\"},{\"@type\":\"ListItem\",\"position\":2,\"name\":\"Massa anunci\u00f3 un d\u00f3lar a 200 pesos para las exportaciones de granos\"}]},{\"@type\":\"WebSite\",\"@id\":\"https:\/\/www.noticiasradioreflejos.com.ar\/2021\/#website\",\"url\":\"https:\/\/www.noticiasradioreflejos.com.ar\/2021\/\",\"name\":\"Noticias Radio Reflejos\",\"description\":\"Las noticias de mi comarca\",\"potentialAction\":[{\"@type\":\"SearchAction\",\"target\":{\"@type\":\"EntryPoint\",\"urlTemplate\":\"https:\/\/www.noticiasradioreflejos.com.ar\/2021\/?s={search_term_string}\"},\"query-input\":{\"@type\":\"PropertyValueSpecification\",\"valueRequired\":true,\"valueName\":\"search_term_string\"}}],\"inLanguage\":\"es\"},{\"@type\":\"Person\",\"@id\":\"https:\/\/www.noticiasradioreflejos.com.ar\/2021\/#\/schema\/person\/ad82545263dcc5ec0996818884fd5fb1\",\"name\":\"Arnaldo Botto\",\"image\":{\"@type\":\"ImageObject\",\"inLanguage\":\"es\",\"@id\":\"https:\/\/www.noticiasradioreflejos.com.ar\/2021\/#\/schema\/person\/image\/\",\"url\":\"https:\/\/secure.gravatar.com\/avatar\/55cb5e37c1efa326397366e6974cb338056df65cb50e7d64d1cf314e87504837?s=96&d=mm&r=g\",\"contentUrl\":\"https:\/\/secure.gravatar.com\/avatar\/55cb5e37c1efa326397366e6974cb338056df65cb50e7d64d1cf314e87504837?s=96&d=mm&r=g\",\"caption\":\"Arnaldo Botto\"},\"url\":\"https:\/\/www.noticiasradioreflejos.com.ar\/2021\/author\/arnaldo\/\"}]}<\/script>\n<!-- \/ Yoast SEO plugin. -->","yoast_head_json":{"title":"Massa anunci\u00f3 un d\u00f3lar a 200 pesos para las exportaciones de granos - Noticias Radio Reflejos","robots":{"index":"index","follow":"follow","max-snippet":"max-snippet:-1","max-image-preview":"max-image-preview:large","max-video-preview":"max-video-preview:-1"},"canonical":"https:\/\/www.noticiasradioreflejos.com.ar\/2021\/massa-anuncio-un-dolar-a-200-pesos-para-las-exportaciones-de-granos\/","og_locale":"es_ES","og_type":"article","og_title":"Massa anunci\u00f3 un d\u00f3lar a 200 pesos para las exportaciones de granos - Noticias Radio Reflejos","og_description":"En una conferencia de prensa, el ministro de Econom\u00eda admiti\u00f3 que \u00abpodr\u00edan ingresar unos 5.000 millones de d\u00f3lares, durante septiembre, por el nuevo esquema de liquidaci\u00f3n de soja y 1.000 millones de d\u00f3lares, en las primeras 72 horas\u00bb.","og_url":"https:\/\/www.noticiasradioreflejos.com.ar\/2021\/massa-anuncio-un-dolar-a-200-pesos-para-las-exportaciones-de-granos\/","og_site_name":"Noticias Radio Reflejos","article_published_time":"2022-09-04T23:43:08+00:00","og_image":[{"url":"https:\/\/www.telam.com.ar\/thumbs\/bluesteel\/advf\/imagenes\/2022\/08\/6301083853a4b_900.jpg","type":"","width":"","height":""}],"author":"Arnaldo Botto","twitter_card":"summary_large_image","schema":{"@context":"https:\/\/schema.org","@graph":[{"@type":"WebPage","@id":"https:\/\/www.noticiasradioreflejos.com.ar\/2021\/massa-anuncio-un-dolar-a-200-pesos-para-las-exportaciones-de-granos\/","url":"https:\/\/www.noticiasradioreflejos.com.ar\/2021\/massa-anuncio-un-dolar-a-200-pesos-para-las-exportaciones-de-granos\/","name":"Massa anunci\u00f3 un d\u00f3lar a 200 pesos para las exportaciones de granos - Noticias Radio Reflejos","isPartOf":{"@id":"https:\/\/www.noticiasradioreflejos.com.ar\/2021\/#website"},"primaryImageOfPage":{"@id":"https:\/\/www.noticiasradioreflejos.com.ar\/2021\/massa-anuncio-un-dolar-a-200-pesos-para-las-exportaciones-de-granos\/#primaryimage"},"image":{"@id":"https:\/\/www.noticiasradioreflejos.com.ar\/2021\/massa-anuncio-un-dolar-a-200-pesos-para-las-exportaciones-de-granos\/#primaryimage"},"thumbnailUrl":"https:\/\/www.telam.com.ar\/thumbs\/bluesteel\/advf\/imagenes\/2022\/08\/6301083853a4b_900.jpg","datePublished":"2022-09-04T23:43:08+00:00","author":{"@id":"https:\/\/www.noticiasradioreflejos.com.ar\/2021\/#\/schema\/person\/ad82545263dcc5ec0996818884fd5fb1"},"breadcrumb":{"@id":"https:\/\/www.noticiasradioreflejos.com.ar\/2021\/massa-anuncio-un-dolar-a-200-pesos-para-las-exportaciones-de-granos\/#breadcrumb"},"inLanguage":"es","potentialAction":[{"@type":"ReadAction","target":["https:\/\/www.noticiasradioreflejos.com.ar\/2021\/massa-anuncio-un-dolar-a-200-pesos-para-las-exportaciones-de-granos\/"]}]},{"@type":"ImageObject","inLanguage":"es","@id":"https:\/\/www.noticiasradioreflejos.com.ar\/2021\/massa-anuncio-un-dolar-a-200-pesos-para-las-exportaciones-de-granos\/#primaryimage","url":"https:\/\/www.telam.com.ar\/thumbs\/bluesteel\/advf\/imagenes\/2022\/08\/6301083853a4b_900.jpg","contentUrl":"https:\/\/www.telam.com.ar\/thumbs\/bluesteel\/advf\/imagenes\/2022\/08\/6301083853a4b_900.jpg"},{"@type":"BreadcrumbList","@id":"https:\/\/www.noticiasradioreflejos.com.ar\/2021\/massa-anuncio-un-dolar-a-200-pesos-para-las-exportaciones-de-granos\/#breadcrumb","itemListElement":[{"@type":"ListItem","position":1,"name":"Portada","item":"https:\/\/www.noticiasradioreflejos.com.ar\/2021\/"},{"@type":"ListItem","position":2,"name":"Massa anunci\u00f3 un d\u00f3lar a 200 pesos para las exportaciones de granos"}]},{"@type":"WebSite","@id":"https:\/\/www.noticiasradioreflejos.com.ar\/2021\/#website","url":"https:\/\/www.noticiasradioreflejos.com.ar\/2021\/","name":"Noticias Radio Reflejos","description":"Las noticias de mi comarca","potentialAction":[{"@type":"SearchAction","target":{"@type":"EntryPoint","urlTemplate":"https:\/\/www.noticiasradioreflejos.com.ar\/2021\/?s={search_term_string}"},"query-input":{"@type":"PropertyValueSpecification","valueRequired":true,"valueName":"search_term_string"}}],"inLanguage":"es"},{"@type":"Person","@id":"https:\/\/www.noticiasradioreflejos.com.ar\/2021\/#\/schema\/person\/ad82545263dcc5ec0996818884fd5fb1","name":"Arnaldo Botto","image":{"@type":"ImageObject","inLanguage":"es","@id":"https:\/\/www.noticiasradioreflejos.com.ar\/2021\/#\/schema\/person\/image\/","url":"https:\/\/secure.gravatar.com\/avatar\/55cb5e37c1efa326397366e6974cb338056df65cb50e7d64d1cf314e87504837?s=96&d=mm&r=g","contentUrl":"https:\/\/secure.gravatar.com\/avatar\/55cb5e37c1efa326397366e6974cb338056df65cb50e7d64d1cf314e87504837?s=96&d=mm&r=g","caption":"Arnaldo Botto"},"url":"https:\/\/www.noticiasradioreflejos.com.ar\/2021\/author\/arnaldo\/"}]}},"_links":{"self":[{"href":"https:\/\/www.noticiasradioreflejos.com.ar\/2021\/wp-json\/wp\/v2\/posts\/77184","targetHints":{"allow":["GET"]}}],"collection":[{"href":"https:\/\/www.noticiasradioreflejos.com.ar\/2021\/wp-json\/wp\/v2\/posts"}],"about":[{"href":"https:\/\/www.noticiasradioreflejos.com.ar\/2021\/wp-json\/wp\/v2\/types\/post"}],"author":[{"embeddable":true,"href":"https:\/\/www.noticiasradioreflejos.com.ar\/2021\/wp-json\/wp\/v2\/users\/3"}],"replies":[{"embeddable":true,"href":"https:\/\/www.noticiasradioreflejos.com.ar\/2021\/wp-json\/wp\/v2\/comments?post=77184"}],"version-history":[{"count":1,"href":"https:\/\/www.noticiasradioreflejos.com.ar\/2021\/wp-json\/wp\/v2\/posts\/77184\/revisions"}],"predecessor-version":[{"id":77185,"href":"https:\/\/www.noticiasradioreflejos.com.ar\/2021\/wp-json\/wp\/v2\/posts\/77184\/revisions\/77185"}],"wp:attachment":[{"href":"https:\/\/www.noticiasradioreflejos.com.ar\/2021\/wp-json\/wp\/v2\/media?parent=77184"}],"wp:term":[{"taxonomy":"category","embeddable":true,"href":"https:\/\/www.noticiasradioreflejos.com.ar\/2021\/wp-json\/wp\/v2\/categories?post=77184"},{"taxonomy":"post_tag","embeddable":true,"href":"https:\/\/www.noticiasradioreflejos.com.ar\/2021\/wp-json\/wp\/v2\/tags?post=77184"}],"curies":[{"name":"wp","href":"https:\/\/api.w.org\/{rel}","templated":true}]}}