{"id":77181,"date":"2022-09-04T23:28:19","date_gmt":"2022-09-04T23:28:19","guid":{"rendered":"http:\/\/www.noticiasradioreflejos.com.ar\/2021\/?p=77181"},"modified":"2022-09-04T23:28:19","modified_gmt":"2022-09-04T23:28:19","slug":"dispusieron-secreto-de-sumario-y-un-amigo-del-acusado-declaro-creerlo-capaz-de-matar","status":"publish","type":"post","link":"https:\/\/www.noticiasradioreflejos.com.ar\/2021\/dispusieron-secreto-de-sumario-y-un-amigo-del-acusado-declaro-creerlo-capaz-de-matar\/","title":{"rendered":"Dispusieron secreto de sumario y un amigo del acusado declar\u00f3 creerlo \u00abcapaz\u00bb de matar"},"content":{"rendered":"<p>La jueza federal Mar\u00eda Eugenia Capuchetti impuso esa medida en la investigaci\u00f3n del atentado contra la vicepresidenta Cristina Fern\u00e1ndez de Kirchner, en la jornada en la que declar\u00f3 su amigo Mario Bongarelli, quien bajo juremento declar\u00f3 que Sabag Montiel pod\u00eda ser \u00abcapaz de cometer el hecho\u00bb.<!--more--><\/p>\n<figure class=\"mb-3\"><img decoding=\"async\" src=\"https:\/\/www.telam.com.ar\/thumbs\/bluesteel\/advf\/imagenes\/2022\/09\/63115fdc0ddfc_900.jpg\" alt=\"Sabag Montiel entre la gente en Recoleta instantes posteriores al hecho\" width=\"100%\" height=\"100%\" \/><\/p>\n<div class=\"media-icons\"><\/div><figcaption>Sabag Montiel entre la gente en Recoleta, instantes posteriores al hecho.<\/figcaption><\/figure>\n<p>La jueza federal Mar\u00eda Eugenia Capuchetti impuso este domingo\u00a0<strong>el secreto de sumario en la investigaci\u00f3n del atentado contra la vicepresidenta Cristina Fern\u00e1ndez de Kirchner,<\/strong>\u00a0en la cual este domingo declar\u00f3 Mario Bongarelli, quien\u00a0<strong>dijo ser \u00abconocido\u00bb del acusado, Fernando Andr\u00e9 Sabag Montiel, y asegur\u00f3 bajo juramento de verdad creerlo \u00abcapaz de cometer el hecho\u00bb, informaron fuentes judiciales.<\/strong><\/p>\n<p>El testigo entreg\u00f3 de manera voluntaria su tel\u00e9fono celular para que sea peritado, en presencia del fiscal Carlos Rivolo y del defensor oficial de detenido, Juan Hermida.<\/p>\n<p>Antes de declarar en la Justicia, Bongarelli hab\u00eda dado una nota en televisi\u00f3n donde se present\u00f3 como \u00abamigo\u00bb de Sabag Montiel.<\/p>\n<p>La magistrada recibi\u00f3 adem\u00e1s durante toda la jornada en los tribunales federales de Retiro declaraci\u00f3n a los peritos inform\u00e1ticos que\u00a0<a href=\"https:\/\/www.telam.com.ar\/notas\/202209\/603811-ataque-cristina-celular-bloqueado-pericia.html\" target=\"_blank\" rel=\"noopener\">explicaron las razones por las cuales el celular del detenido Sabag Montiel hizo un \u00abreseteo\u00bb y volvi\u00f3 a \u00abestado de f\u00e1brica\u00bb,<\/a>\u00a0informaron fuentes judiciales.<\/p>\n<p>La magistrada tom\u00f3 declaraci\u00f3n desde la ma\u00f1ana a los peritos inform\u00e1ticos de la Polic\u00eda Federal y de la Polic\u00eda de Seguridad Aeroportuaria (PSA), quienes explicaron lo que hicieron con el celular del acusado, su tarjeta SIM y el chip.<\/p>\n<p>En el caso de estos dos \u00faltimos se extrajo el contenido que \u00abse encuentra bajo an\u00e1lisis\u00bb.<\/p>\n<figure class=\"mb-3\"><img decoding=\"async\" src=\"https:\/\/www.telam.com.ar\/thumbs\/bluesteel\/advf\/imagenes\/2022\/09\/6314cf5faf124_900.jpg\" alt=\"Mario Bongarelli supuesto amigo de Sabag Montiel\" width=\"100%\" height=\"100%\" \/><\/p>\n<div class=\"media-icons\"><\/div><figcaption>Mario Bongarelli, supuesto amigo de Sabag Montiel.<\/figcaption><\/figure>\n<p>En relaci\u00f3n al reseteo del celular al estado de f\u00e1brica, los peritos detallaron los motivos por los cuales pudo ocurrir esto y no descartaron que pudiera haberse activado de manera remota o bien por alg\u00fan error al intentar acceder al dispositivo. En su caso, no se logr\u00f3 la extracci\u00f3n de informaci\u00f3n.<\/p>\n<p>En tanto termin\u00f3 el peritaje sobre la computadora laptop HP que se secuestr\u00f3 en el domicilio del acusado y se orden\u00f3 analizar el material obtenido.<\/p>\n<p>El tel\u00e9fono celular que portaba Sabag Montiel, el agresor detenido por el atentado contra la vicepresidenta Cristina Fern\u00e1ndez de Kirchner, sufri\u00f3 un reseteo en los momentos en que la Justicia intentaba extraer informaci\u00f3n, por lo que esa prueba fundamental para la investigaci\u00f3n corre riesgo de perderse.<\/p>\n<p>El hecho gener\u00f3 criticas en el oficialismo y la oposici\u00f3n, que reclamaron \u00abrespuestas\u00bb a la Justicia en medio de versiones encontradas entre el juzgado a cargo de la causa y las fuerzas de seguridad, fundamentalmente la Polic\u00eda de Seguridad Aeroportuaria (PSA).<\/p>\n<figure class=\"mb-3\"><img decoding=\"async\" src=\"https:\/\/www.telam.com.ar\/thumbs\/bluesteel\/advf\/imagenes\/2022\/09\/63135a4da9f64_900.jpg\" alt=\"El juzgado del barrio porteo de Palermo donde permanece detenido Sabag Montiel Foto Pepe Mateos\" width=\"100%\" height=\"100%\" \/><\/p>\n<div class=\"media-icons\"><\/div><figcaption>El juzgado del barrio porte\u00f1o de Palermo, donde permanece detenido Sabag Montiel (Foto: Pepe Mateos).<\/figcaption><\/figure>\n<p>Para explicar ese evento t\u00e9cnico declararon desde las 9 de este domingo los dos t\u00e9cnicos de la PSA a los que les apareci\u00f3 la leyenda que daba cuenta de un posible formateo del tel\u00e9fono y luego lo hicieron los polic\u00edas federales que manipularon el aparato.<\/p>\n<p>El reseteo fue detectado cuando el equipo lleg\u00f3 a manos de la PSA el viernes por la noche, en el marco de la causa por el atentado sufrido por la Vicepresidenta el jueves \u00faltimo.<\/p>\n<p><strong>Esa fuerza de seguridad recibi\u00f3 el dispositivo de manos de la custodia personal de la jueza Mar\u00eda Eugenia Capuchetti: estaba encendido, dentro de un sobre abierto y no est\u00e1 confirmado que hubiera sido acompa\u00f1ado por alg\u00fan tipo de documentaci\u00f3n<\/strong>.<\/p>\n<p>La PSA recibi\u00f3 el celular en su sede de Ezeiza, durante la noche del viernes, horas despu\u00e9s de que el aparato hubiera sido manipulado por t\u00e9cnicos de la Polic\u00eda Federal Argentina (PFA), que fue la primera fuerza en intentar extraer informaci\u00f3n en presencia de secretarios del juzgado, la fiscal\u00eda y la defensa oficial, seg\u00fan aseguraron en desde el juzgado.<\/p>\n<p><strong>El tel\u00e9fono viaj\u00f3 desde los tribunales federales de Comodoro Py hasta la sede de la PSA en el auto de la custodia personal de la magistrada<\/strong>, en el mismo sobre que en el que hab\u00eda llegado horas antes al juzgado y que, por supuesto, ya hab\u00eda sido formalmente abierto.<\/p>\n<p>Durante una parte del trayecto que une el barrio de Retiro con la localidad de Ezeiza tambi\u00e9n viaj\u00f3 en el auto un secretario del juzgado que se baj\u00f3 en el camino.<\/p>\n<p>A pesar del inconveniente, desde el juzgado aseguran contar con toda la prueba documental que da cuenta de la cadena de custodia del dispositivo electr\u00f3nico; algo que otras fuentes del caso ponen en duda.<\/p>\n<p>El tel\u00e9fono hab\u00eda sido secuestrado cuando detuvieron a Sabag Montiel en la noche del jueves, tras el ataque a Fern\u00e1ndez de Kirchner cuando llegaba a su domicilio en el barrio porte\u00f1o de Recoleta: el agresor lo llevaba en el bolsillo de su campera.<\/p>\n<p>El juzgado, por estas horas, eval\u00faaba solicitar a Estados Unidos colaboraci\u00f3n tecnol\u00f3gica para avanzar con el peritaje del celular.<\/p>\n<p>Las medidas de prueba apuntan, entre otras cosas, a saber si la acci\u00f3n fue planificada o, cuanto menos, comentada previamente por el agresor con su entorno.<\/p>\n<p>En tanto,<a href=\"https:\/\/www.telam.com.ar\/notas\/202209\/603837-dalbon-cristina-querellante.html\" target=\"_blank\" rel=\"noopener\">\u00a0el abogado Gregorio Dalb\u00f3n, uno de los letrados que representa a la vicepresidenta Cristina Fern\u00e1ndez de Kirchner, confirm\u00f3 que ya \u00abest\u00e1 lista\u00bb la solicitud de la exmandataria para sumarse a la querella en la causa que investiga el intento de magnicidio<\/a>, y asegur\u00f3 que, en caso de que se comprueben irregularidades en el proceso de manipulaci\u00f3n del tel\u00e9fono celular del imputado, se acusar\u00e1 a los responsables de \u00abnegligencia y encubrimiento agravado\u00bb.<\/p>\n<p>En di\u00e1logo con T\u00e9lam, Dalb\u00f3n explic\u00f3 los pasos que seguir\u00e1 a partir del lunes y dijo que<strong>\u00a0\u00abla querella ya est\u00e1 lista para la firma de la Vicepresidenta, que se har\u00e1 el d\u00eda lunes\u00bb.<\/strong><\/p>\n<figure class=\"mb-3\"><img decoding=\"async\" src=\"https:\/\/www.telam.com.ar\/thumbs\/bluesteel\/advf\/imagenes\/2022\/02\/6213c5a4cc5b7_900.jpg\" alt=\"En caso que se reconozca por parte del juzgado la negligencia de una prueba tan importante se iniciar una causa penal contra todos los responsables expres Dalbn\" width=\"100%\" height=\"100%\" \/><\/p>\n<div class=\"media-icons\"><\/div><figcaption>\u00abEn caso que se reconozca por parte del juzgado la negligencia de una prueba tan importante, se iniciar\u00e1 una causa penal contra todos los responsables\u00bb, expres\u00f3 Dalb\u00f3n.<\/figcaption><\/figure>\n<p>\u00abUna vez que firme me trasladar\u00e9 a Tribunales de Comodoro Py para interponerla y pedir hablar con la jueza y el fiscal para que me brinden explicaci\u00f3n de la negligencia y\/o lo que consideren que haya sucedido en la relaci\u00f3n a la p\u00e9rdida de datos del celular del imputado\u00bb, continu\u00f3.<\/p>\n<p>Para Dalb\u00f3n,<strong>\u00a0\u00aben caso de que se reconozca por parte del juzgado la negligencia de una prueba tan importante, se iniciar\u00e1 una causa penal contra todos los responsables de la investigaci\u00f3n incluyendo a la jueza Capuchetti y al fiscal Carlos R\u00edvolo, la Polic\u00eda Federal, Polic\u00eda Aeron\u00e1utica, personal del juzgado, y todos los que tuvieron acceso a la custodia del tel\u00e9fono del imputado\u00bb<\/strong>, apunt\u00f3 Dalb\u00f3n, que aclar\u00f3 que en su opini\u00f3n se tratar\u00eda de \u00abnegligencia y encubrimiento agravado\u00bb.<\/p>\n<p>Funcionarios del Gobierno y legisladores del oficialismo exigieron \u00abrespuestas\u00bb a la Justicia ante las versiones de que las pericias t\u00e9cnicas de las fuerzas de seguridad habr\u00edan fallado en la tarea de recuperar la informaci\u00f3n del celular.<\/p>\n<h2 class=\"\">Repercusiones y cuestionamientos<\/h2>\n<p><strong>\u00abSi realmente pas\u00f3 esto, parece que nos est\u00e1 cargando el Poder Judicial. Una causa que es conmoci\u00f3n mundial y pasan estas cosas\u00bb<\/strong>, sostuvo el secretario de Derechos Humanos, Horacio Pietragalla, del mismo modo que el diputado del Frente de Todos (FdT) Rodolfo Tailhade expres\u00f3: \u00ab\u00bfAlguna duda de que la jueza Capuchetti y el fiscal R\u00edvolo est\u00e1n trabajando para encubrir el intento de magnicidio contra Cristina?\u00bb.<\/p>\n<p>Su compa\u00f1ero de bloque Leopoldo Moreau se expres\u00f3 en el mismo sentido.\u00a0<strong>\u00ab\u00bfC\u00f3mo es posible que el celular haya sido entregado por el juzgado a la PSA en un sobre abierto y sin cadena de custodia? M\u00e1s que preguntarle a los peritos por su actuaci\u00f3n habr\u00eda que preguntarse c\u00f3mo el aparato sali\u00f3 del juzgado en esas condiciones\u00bb<\/strong>.<\/p>\n<p>El presidente del bloque de Diputados de la UCR, Mario Negri, sostuvo desde Twitter que ese partido reclam\u00f3 el s\u00e1bado en la sesi\u00f3n del Congreso que \u00abse llegue a la verdad y las \u00faltimas consecuencias\u00bb en el caso, aunque alert\u00f3 que \u00abla p\u00e9rdida de informaci\u00f3n del tel\u00e9fono del agresor de Cristina, que est\u00e1 en poder de las fuerzas de seguridad federales, es una p\u00e9sima noticia\u00bb.<\/p>\n<p>La diputada del Frente de Izquierda Myriam Bregman tambi\u00e9n mostr\u00f3 su repudio: \u00ab<strong>Lo del celular es inadmisible. Cuando asesinaron al genocida H\u00e9ctor Febres, su computadora qued\u00f3 en custodia en la Federal. Apareci\u00f3 borrada y no se pudo recuperar nada a pesar de los intentos que hicimos los querellantes; la enviamos a expertos en Francia y tampoco pudieron<\/strong>\u00ab, record\u00f3.<\/p>\n","protected":false},"excerpt":{"rendered":"<p>La jueza federal Mar\u00eda Eugenia Capuchetti impuso esa medida en la investigaci\u00f3n del atentado contra la vicepresidenta Cristina Fern\u00e1ndez de Kirchner, en la jornada en la que declar\u00f3 su amigo Mario Bongarelli, quien bajo juremento declar\u00f3 que Sabag Montiel pod\u00eda ser \u00abcapaz de cometer el hecho\u00bb.<\/p>\n","protected":false},"author":3,"featured_media":0,"comment_status":"closed","ping_status":"closed","sticky":false,"template":"","format":"standard","meta":{"footnotes":""},"categories":[57,24],"tags":[48],"class_list":["post-77181","post","type-post","status-publish","format-standard","hentry","category-judiciales","category-politica","tag-destacada"],"yoast_head":"<!-- This site is optimized with the Yoast SEO plugin v25.9 - https:\/\/yoast.com\/wordpress\/plugins\/seo\/ -->\n<title>Dispusieron secreto de sumario y un amigo del acusado declar\u00f3 creerlo &quot;capaz&quot; de matar - Noticias Radio Reflejos<\/title>\n<meta name=\"robots\" content=\"index, follow, max-snippet:-1, max-image-preview:large, max-video-preview:-1\" \/>\n<link rel=\"canonical\" href=\"https:\/\/www.noticiasradioreflejos.com.ar\/2021\/dispusieron-secreto-de-sumario-y-un-amigo-del-acusado-declaro-creerlo-capaz-de-matar\/\" \/>\n<meta property=\"og:locale\" content=\"es_ES\" \/>\n<meta property=\"og:type\" content=\"article\" \/>\n<meta property=\"og:title\" content=\"Dispusieron secreto de sumario y un amigo del acusado declar\u00f3 creerlo &quot;capaz&quot; de matar - Noticias Radio Reflejos\" \/>\n<meta property=\"og:description\" content=\"La jueza federal Mar\u00eda Eugenia Capuchetti impuso esa medida en la investigaci\u00f3n del atentado contra la vicepresidenta Cristina Fern\u00e1ndez de Kirchner, en la jornada en la que declar\u00f3 su amigo Mario Bongarelli, quien bajo juremento declar\u00f3 que Sabag Montiel pod\u00eda ser \u00abcapaz de cometer el hecho\u00bb.\" \/>\n<meta property=\"og:url\" content=\"https:\/\/www.noticiasradioreflejos.com.ar\/2021\/dispusieron-secreto-de-sumario-y-un-amigo-del-acusado-declaro-creerlo-capaz-de-matar\/\" \/>\n<meta property=\"og:site_name\" content=\"Noticias Radio Reflejos\" \/>\n<meta property=\"article:published_time\" content=\"2022-09-04T23:28:19+00:00\" \/>\n<meta property=\"og:image\" content=\"https:\/\/www.telam.com.ar\/thumbs\/bluesteel\/advf\/imagenes\/2022\/09\/63115fdc0ddfc_900.jpg\" \/>\n<meta name=\"author\" content=\"Arnaldo Botto\" \/>\n<meta name=\"twitter:card\" content=\"summary_large_image\" \/>\n<script type=\"application\/ld+json\" class=\"yoast-schema-graph\">{\"@context\":\"https:\/\/schema.org\",\"@graph\":[{\"@type\":\"WebPage\",\"@id\":\"https:\/\/www.noticiasradioreflejos.com.ar\/2021\/dispusieron-secreto-de-sumario-y-un-amigo-del-acusado-declaro-creerlo-capaz-de-matar\/\",\"url\":\"https:\/\/www.noticiasradioreflejos.com.ar\/2021\/dispusieron-secreto-de-sumario-y-un-amigo-del-acusado-declaro-creerlo-capaz-de-matar\/\",\"name\":\"Dispusieron secreto de sumario y un amigo del acusado declar\u00f3 creerlo \\\"capaz\\\" de matar - Noticias Radio Reflejos\",\"isPartOf\":{\"@id\":\"https:\/\/www.noticiasradioreflejos.com.ar\/2021\/#website\"},\"primaryImageOfPage\":{\"@id\":\"https:\/\/www.noticiasradioreflejos.com.ar\/2021\/dispusieron-secreto-de-sumario-y-un-amigo-del-acusado-declaro-creerlo-capaz-de-matar\/#primaryimage\"},\"image\":{\"@id\":\"https:\/\/www.noticiasradioreflejos.com.ar\/2021\/dispusieron-secreto-de-sumario-y-un-amigo-del-acusado-declaro-creerlo-capaz-de-matar\/#primaryimage\"},\"thumbnailUrl\":\"https:\/\/www.telam.com.ar\/thumbs\/bluesteel\/advf\/imagenes\/2022\/09\/63115fdc0ddfc_900.jpg\",\"datePublished\":\"2022-09-04T23:28:19+00:00\",\"author\":{\"@id\":\"https:\/\/www.noticiasradioreflejos.com.ar\/2021\/#\/schema\/person\/ad82545263dcc5ec0996818884fd5fb1\"},\"breadcrumb\":{\"@id\":\"https:\/\/www.noticiasradioreflejos.com.ar\/2021\/dispusieron-secreto-de-sumario-y-un-amigo-del-acusado-declaro-creerlo-capaz-de-matar\/#breadcrumb\"},\"inLanguage\":\"es\",\"potentialAction\":[{\"@type\":\"ReadAction\",\"target\":[\"https:\/\/www.noticiasradioreflejos.com.ar\/2021\/dispusieron-secreto-de-sumario-y-un-amigo-del-acusado-declaro-creerlo-capaz-de-matar\/\"]}]},{\"@type\":\"ImageObject\",\"inLanguage\":\"es\",\"@id\":\"https:\/\/www.noticiasradioreflejos.com.ar\/2021\/dispusieron-secreto-de-sumario-y-un-amigo-del-acusado-declaro-creerlo-capaz-de-matar\/#primaryimage\",\"url\":\"https:\/\/www.telam.com.ar\/thumbs\/bluesteel\/advf\/imagenes\/2022\/09\/63115fdc0ddfc_900.jpg\",\"contentUrl\":\"https:\/\/www.telam.com.ar\/thumbs\/bluesteel\/advf\/imagenes\/2022\/09\/63115fdc0ddfc_900.jpg\"},{\"@type\":\"BreadcrumbList\",\"@id\":\"https:\/\/www.noticiasradioreflejos.com.ar\/2021\/dispusieron-secreto-de-sumario-y-un-amigo-del-acusado-declaro-creerlo-capaz-de-matar\/#breadcrumb\",\"itemListElement\":[{\"@type\":\"ListItem\",\"position\":1,\"name\":\"Portada\",\"item\":\"https:\/\/www.noticiasradioreflejos.com.ar\/2021\/\"},{\"@type\":\"ListItem\",\"position\":2,\"name\":\"Dispusieron secreto de sumario y un amigo del acusado declar\u00f3 creerlo \u00abcapaz\u00bb de matar\"}]},{\"@type\":\"WebSite\",\"@id\":\"https:\/\/www.noticiasradioreflejos.com.ar\/2021\/#website\",\"url\":\"https:\/\/www.noticiasradioreflejos.com.ar\/2021\/\",\"name\":\"Noticias Radio Reflejos\",\"description\":\"Las noticias de mi comarca\",\"potentialAction\":[{\"@type\":\"SearchAction\",\"target\":{\"@type\":\"EntryPoint\",\"urlTemplate\":\"https:\/\/www.noticiasradioreflejos.com.ar\/2021\/?s={search_term_string}\"},\"query-input\":{\"@type\":\"PropertyValueSpecification\",\"valueRequired\":true,\"valueName\":\"search_term_string\"}}],\"inLanguage\":\"es\"},{\"@type\":\"Person\",\"@id\":\"https:\/\/www.noticiasradioreflejos.com.ar\/2021\/#\/schema\/person\/ad82545263dcc5ec0996818884fd5fb1\",\"name\":\"Arnaldo Botto\",\"image\":{\"@type\":\"ImageObject\",\"inLanguage\":\"es\",\"@id\":\"https:\/\/www.noticiasradioreflejos.com.ar\/2021\/#\/schema\/person\/image\/\",\"url\":\"https:\/\/secure.gravatar.com\/avatar\/55cb5e37c1efa326397366e6974cb338056df65cb50e7d64d1cf314e87504837?s=96&d=mm&r=g\",\"contentUrl\":\"https:\/\/secure.gravatar.com\/avatar\/55cb5e37c1efa326397366e6974cb338056df65cb50e7d64d1cf314e87504837?s=96&d=mm&r=g\",\"caption\":\"Arnaldo Botto\"},\"url\":\"https:\/\/www.noticiasradioreflejos.com.ar\/2021\/author\/arnaldo\/\"}]}<\/script>\n<!-- \/ Yoast SEO plugin. -->","yoast_head_json":{"title":"Dispusieron secreto de sumario y un amigo del acusado declar\u00f3 creerlo \"capaz\" de matar - Noticias Radio Reflejos","robots":{"index":"index","follow":"follow","max-snippet":"max-snippet:-1","max-image-preview":"max-image-preview:large","max-video-preview":"max-video-preview:-1"},"canonical":"https:\/\/www.noticiasradioreflejos.com.ar\/2021\/dispusieron-secreto-de-sumario-y-un-amigo-del-acusado-declaro-creerlo-capaz-de-matar\/","og_locale":"es_ES","og_type":"article","og_title":"Dispusieron secreto de sumario y un amigo del acusado declar\u00f3 creerlo \"capaz\" de matar - Noticias Radio Reflejos","og_description":"La jueza federal Mar\u00eda Eugenia Capuchetti impuso esa medida en la investigaci\u00f3n del atentado contra la vicepresidenta Cristina Fern\u00e1ndez de Kirchner, en la jornada en la que declar\u00f3 su amigo Mario Bongarelli, quien bajo juremento declar\u00f3 que Sabag Montiel pod\u00eda ser \u00abcapaz de cometer el hecho\u00bb.","og_url":"https:\/\/www.noticiasradioreflejos.com.ar\/2021\/dispusieron-secreto-de-sumario-y-un-amigo-del-acusado-declaro-creerlo-capaz-de-matar\/","og_site_name":"Noticias Radio Reflejos","article_published_time":"2022-09-04T23:28:19+00:00","og_image":[{"url":"https:\/\/www.telam.com.ar\/thumbs\/bluesteel\/advf\/imagenes\/2022\/09\/63115fdc0ddfc_900.jpg","type":"","width":"","height":""}],"author":"Arnaldo Botto","twitter_card":"summary_large_image","schema":{"@context":"https:\/\/schema.org","@graph":[{"@type":"WebPage","@id":"https:\/\/www.noticiasradioreflejos.com.ar\/2021\/dispusieron-secreto-de-sumario-y-un-amigo-del-acusado-declaro-creerlo-capaz-de-matar\/","url":"https:\/\/www.noticiasradioreflejos.com.ar\/2021\/dispusieron-secreto-de-sumario-y-un-amigo-del-acusado-declaro-creerlo-capaz-de-matar\/","name":"Dispusieron secreto de sumario y un amigo del acusado declar\u00f3 creerlo \"capaz\" de matar - Noticias Radio Reflejos","isPartOf":{"@id":"https:\/\/www.noticiasradioreflejos.com.ar\/2021\/#website"},"primaryImageOfPage":{"@id":"https:\/\/www.noticiasradioreflejos.com.ar\/2021\/dispusieron-secreto-de-sumario-y-un-amigo-del-acusado-declaro-creerlo-capaz-de-matar\/#primaryimage"},"image":{"@id":"https:\/\/www.noticiasradioreflejos.com.ar\/2021\/dispusieron-secreto-de-sumario-y-un-amigo-del-acusado-declaro-creerlo-capaz-de-matar\/#primaryimage"},"thumbnailUrl":"https:\/\/www.telam.com.ar\/thumbs\/bluesteel\/advf\/imagenes\/2022\/09\/63115fdc0ddfc_900.jpg","datePublished":"2022-09-04T23:28:19+00:00","author":{"@id":"https:\/\/www.noticiasradioreflejos.com.ar\/2021\/#\/schema\/person\/ad82545263dcc5ec0996818884fd5fb1"},"breadcrumb":{"@id":"https:\/\/www.noticiasradioreflejos.com.ar\/2021\/dispusieron-secreto-de-sumario-y-un-amigo-del-acusado-declaro-creerlo-capaz-de-matar\/#breadcrumb"},"inLanguage":"es","potentialAction":[{"@type":"ReadAction","target":["https:\/\/www.noticiasradioreflejos.com.ar\/2021\/dispusieron-secreto-de-sumario-y-un-amigo-del-acusado-declaro-creerlo-capaz-de-matar\/"]}]},{"@type":"ImageObject","inLanguage":"es","@id":"https:\/\/www.noticiasradioreflejos.com.ar\/2021\/dispusieron-secreto-de-sumario-y-un-amigo-del-acusado-declaro-creerlo-capaz-de-matar\/#primaryimage","url":"https:\/\/www.telam.com.ar\/thumbs\/bluesteel\/advf\/imagenes\/2022\/09\/63115fdc0ddfc_900.jpg","contentUrl":"https:\/\/www.telam.com.ar\/thumbs\/bluesteel\/advf\/imagenes\/2022\/09\/63115fdc0ddfc_900.jpg"},{"@type":"BreadcrumbList","@id":"https:\/\/www.noticiasradioreflejos.com.ar\/2021\/dispusieron-secreto-de-sumario-y-un-amigo-del-acusado-declaro-creerlo-capaz-de-matar\/#breadcrumb","itemListElement":[{"@type":"ListItem","position":1,"name":"Portada","item":"https:\/\/www.noticiasradioreflejos.com.ar\/2021\/"},{"@type":"ListItem","position":2,"name":"Dispusieron secreto de sumario y un amigo del acusado declar\u00f3 creerlo \u00abcapaz\u00bb de matar"}]},{"@type":"WebSite","@id":"https:\/\/www.noticiasradioreflejos.com.ar\/2021\/#website","url":"https:\/\/www.noticiasradioreflejos.com.ar\/2021\/","name":"Noticias Radio Reflejos","description":"Las noticias de mi comarca","potentialAction":[{"@type":"SearchAction","target":{"@type":"EntryPoint","urlTemplate":"https:\/\/www.noticiasradioreflejos.com.ar\/2021\/?s={search_term_string}"},"query-input":{"@type":"PropertyValueSpecification","valueRequired":true,"valueName":"search_term_string"}}],"inLanguage":"es"},{"@type":"Person","@id":"https:\/\/www.noticiasradioreflejos.com.ar\/2021\/#\/schema\/person\/ad82545263dcc5ec0996818884fd5fb1","name":"Arnaldo Botto","image":{"@type":"ImageObject","inLanguage":"es","@id":"https:\/\/www.noticiasradioreflejos.com.ar\/2021\/#\/schema\/person\/image\/","url":"https:\/\/secure.gravatar.com\/avatar\/55cb5e37c1efa326397366e6974cb338056df65cb50e7d64d1cf314e87504837?s=96&d=mm&r=g","contentUrl":"https:\/\/secure.gravatar.com\/avatar\/55cb5e37c1efa326397366e6974cb338056df65cb50e7d64d1cf314e87504837?s=96&d=mm&r=g","caption":"Arnaldo Botto"},"url":"https:\/\/www.noticiasradioreflejos.com.ar\/2021\/author\/arnaldo\/"}]}},"_links":{"self":[{"href":"https:\/\/www.noticiasradioreflejos.com.ar\/2021\/wp-json\/wp\/v2\/posts\/77181","targetHints":{"allow":["GET"]}}],"collection":[{"href":"https:\/\/www.noticiasradioreflejos.com.ar\/2021\/wp-json\/wp\/v2\/posts"}],"about":[{"href":"https:\/\/www.noticiasradioreflejos.com.ar\/2021\/wp-json\/wp\/v2\/types\/post"}],"author":[{"embeddable":true,"href":"https:\/\/www.noticiasradioreflejos.com.ar\/2021\/wp-json\/wp\/v2\/users\/3"}],"replies":[{"embeddable":true,"href":"https:\/\/www.noticiasradioreflejos.com.ar\/2021\/wp-json\/wp\/v2\/comments?post=77181"}],"version-history":[{"count":1,"href":"https:\/\/www.noticiasradioreflejos.com.ar\/2021\/wp-json\/wp\/v2\/posts\/77181\/revisions"}],"predecessor-version":[{"id":77183,"href":"https:\/\/www.noticiasradioreflejos.com.ar\/2021\/wp-json\/wp\/v2\/posts\/77181\/revisions\/77183"}],"wp:attachment":[{"href":"https:\/\/www.noticiasradioreflejos.com.ar\/2021\/wp-json\/wp\/v2\/media?parent=77181"}],"wp:term":[{"taxonomy":"category","embeddable":true,"href":"https:\/\/www.noticiasradioreflejos.com.ar\/2021\/wp-json\/wp\/v2\/categories?post=77181"},{"taxonomy":"post_tag","embeddable":true,"href":"https:\/\/www.noticiasradioreflejos.com.ar\/2021\/wp-json\/wp\/v2\/tags?post=77181"}],"curies":[{"name":"wp","href":"https:\/\/api.w.org\/{rel}","templated":true}]}}