{"id":77166,"date":"2022-09-03T23:03:19","date_gmt":"2022-09-03T23:03:19","guid":{"rendered":"http:\/\/www.noticiasradioreflejos.com.ar\/2021\/?p=77166"},"modified":"2022-10-28T11:47:45","modified_gmt":"2022-10-28T11:47:45","slug":"la-oficina-de-turismo-de-saldungaray-ya-lleva-el-nombre-de-maria-clotilde-chichita-torelli","status":"publish","type":"post","link":"https:\/\/www.noticiasradioreflejos.com.ar\/2021\/la-oficina-de-turismo-de-saldungaray-ya-lleva-el-nombre-de-maria-clotilde-chichita-torelli\/","title":{"rendered":"La Oficina de Turismo de Saldungaray ya lleva el nombre de Mar\u00eda Clotilde \u2018Chichita\u2019 Torelli"},"content":{"rendered":"<p>En el marco de los festejos por el 122\u00b0 aniversario de la fundaci\u00f3n de Saldungaray, que se llevan a cabo este fin de semana, se concret\u00f3 la imposici\u00f3n del nombre Mar\u00eda Clotilde \u2018Chichita\u2019 Torelli a la Oficina de Turismo de la localidad.<!--more--><\/p>\n<p><a title=\"Homenaje Oficina Turismo Saldungaray (7)\" href=\"https:\/\/www.flickr.com\/photos\/182279889@N02\/52335063445\/in\/dateposted-public\/\" data-flickr-embed=\"true\"><img loading=\"lazy\" decoding=\"async\" class=\"aligncenter\" src=\"https:\/\/live.staticflickr.com\/65535\/52335063445_5181b24500_z.jpg\" alt=\"Homenaje Oficina Turismo Saldungaray (7)\" width=\"640\" height=\"427\" \/><\/a><\/p>\n<p>La emotiva jornada cont\u00f3 con la presencia de autoridades municipales, concejales, familiares, excompa\u00f1eras y exalumnos de \u2018Chichita\u2019 (fallecida en noviembre de 2021), quien fue precursora del turismo en Saldungaray, con un enorme sentido de pertenencia por su comunidad, por la que trabaj\u00f3 inalcanzablemente y logr\u00f3 que la localidad fuera nombrada como Pueblo Tur\u00edstico de la Provincia de Buenos Aires.<\/p>\n<p>\u201c\u2019Chichita\u2019 ten\u00eda una visi\u00f3n para el turismo en la comarca en su momento que, a la actualidad, era impensada. Ella no solamente quer\u00eda mostrar el sentido de pertenencia por la localidad, a trav\u00e9s de las visitas por el Fort\u00edn Pav\u00f3n y todas las actividades dentro de Saldungaray, sino tambi\u00e9n hacer conocer todos los atractivos que tenemos en la comarca. Gracias a personas como ella, hoy tenemos una actualidad muy importante como destino tur\u00edstico\u201d, expres\u00f3 durante el acto el Secretario de Turismo, Gustavo Sandobal.<\/p>\n<p>&nbsp;<\/p>\n<p><a title=\"Homenaje Oficina Turismo Saldungaray (12)\" href=\"https:\/\/www.flickr.com\/photos\/182279889@N02\/52334932684\/in\/dateposted-public\/\" data-flickr-embed=\"true\"><img loading=\"lazy\" decoding=\"async\" src=\"https:\/\/live.staticflickr.com\/65535\/52334932684_7ea4fe26fa_z.jpg\" alt=\"Homenaje Oficina Turismo Saldungaray (12)\" width=\"640\" height=\"426\" \/><\/a><\/p>\n<p>\u201cNos sentimos obligados de seguir trabajando por el desarrollo tur\u00edstico del partido de Tornquist y, sobre todas las cosas, como lo dec\u00eda \u2018Chichita\u2019, trabajar en conjunto\u201d, a\u00f1adi\u00f3 el funcionario.<\/p>\n<p>A su turno, el delegado local Gerardo Rohlmann, remarc\u00f3 que \u201ceste 122 aniversario de Saldungaray va a quedar en el recuerdo de todos. Todo Saldungaray la recuerda con un gran afecto y un gran amor. Que esta oficina lleve el nombre de ella, a todos los habitantes nos enorgullece y no hay ninguna persona que diga que no es merecedora de este homenaje\u201d.<\/p>\n<p>Tambi\u00e9n hicieron uso de la palabra Lita G\u00f3mez, amiga de Chichita y actual agente de la Oficina de Turismo (OT); Facundo Marzialetti, ex integrante de la Patrulla Blanca, una iniciativa de la homenajeada que ten\u00eda como objetivo generar conciencia tur\u00edstica; Mercedes Wilech y Nilda Canale, en representaci\u00f3n de su familia y allegados; la concejal Roc\u00edo V\u00e1zuqez, autora del proyecto de imposici\u00f3n del nombre a la oficina; y Enzo Frattini, autor del retrato de Mar\u00eda Clotilde que se luce en la OT.<\/p>\n<p><a title=\"Homenaje Oficina Turismo Saldungaray (5)\" href=\"https:\/\/www.flickr.com\/photos\/182279889@N02\/52335063500\/in\/dateposted-public\/\" data-flickr-embed=\"true\"><img loading=\"lazy\" decoding=\"async\" class=\"aligncenter\" src=\"https:\/\/live.staticflickr.com\/65535\/52335063500_dd13b90c40_z.jpg\" alt=\"Homenaje Oficina Turismo Saldungaray (5)\" width=\"640\" height=\"427\" \/><\/a><\/p>\n<p>Los festejos por el aniversario de Saldungaray continuaron este s\u00e1bado en el predio de la OT, con paseo de artesanos, patio de comidas y la presentaci\u00f3n de diferentes artistas locales. A la noche, se realizar\u00e1 la fiesta por el 59\u00b0 aniversario de la Pe\u00f1a Huinca Malal y, el domingo, la celebraci\u00f3n seguir\u00e1 en la Plaza Independencia con el siguiente cronograma:<\/p>\n<p>9.30 hs: Acto Protocolar;<\/p>\n<p>11.30 hs: Desfile de instituciones;<\/p>\n<p>13.30 hs: Presentaci\u00f3n de artistas.<\/p>\n<p><a title=\"Homenaje Oficina Turismo Saldungaray (3)\" href=\"https:\/\/www.flickr.com\/photos\/182279889@N02\/52334874388\/in\/dateposted-public\/\" data-flickr-embed=\"true\"><img loading=\"lazy\" decoding=\"async\" src=\"https:\/\/live.staticflickr.com\/65535\/52334874388_5e9df86d45_z.jpg\" alt=\"Homenaje Oficina Turismo Saldungaray (3)\" width=\"640\" height=\"427\" \/><\/a><script async src=\"\/\/embedr.flickr.com\/assets\/client-code.js\" charset=\"utf-8\"><\/script><\/p>\n","protected":false},"excerpt":{"rendered":"<p>En el marco de los festejos por el 122\u00b0 aniversario de la fundaci\u00f3n de Saldungaray, que se llevan a cabo este fin de semana, se concret\u00f3 la imposici\u00f3n del nombre Mar\u00eda Clotilde \u2018Chichita\u2019 Torelli a la Oficina de Turismo de la localidad.<\/p>\n","protected":false},"author":3,"featured_media":0,"comment_status":"closed","ping_status":"closed","sticky":false,"template":"","format":"standard","meta":{"footnotes":""},"categories":[28,33],"tags":[48],"class_list":["post-77166","post","type-post","status-publish","format-standard","hentry","category-municipales","category-turismo","tag-destacada"],"yoast_head":"<!-- This site is optimized with the Yoast SEO plugin v25.9 - https:\/\/yoast.com\/wordpress\/plugins\/seo\/ -->\n<title>La Oficina de Turismo de Saldungaray ya lleva el nombre de Mar\u00eda Clotilde \u2018Chichita\u2019 Torelli - Noticias Radio Reflejos<\/title>\n<meta name=\"robots\" content=\"index, follow, max-snippet:-1, max-image-preview:large, max-video-preview:-1\" \/>\n<link rel=\"canonical\" href=\"https:\/\/www.noticiasradioreflejos.com.ar\/2021\/la-oficina-de-turismo-de-saldungaray-ya-lleva-el-nombre-de-maria-clotilde-chichita-torelli\/\" \/>\n<meta property=\"og:locale\" content=\"es_ES\" \/>\n<meta property=\"og:type\" content=\"article\" \/>\n<meta property=\"og:title\" content=\"La Oficina de Turismo de Saldungaray ya lleva el nombre de Mar\u00eda Clotilde \u2018Chichita\u2019 Torelli - Noticias Radio Reflejos\" \/>\n<meta property=\"og:description\" content=\"En el marco de los festejos por el 122\u00b0 aniversario de la fundaci\u00f3n de Saldungaray, que se llevan a cabo este fin de semana, se concret\u00f3 la imposici\u00f3n del nombre Mar\u00eda Clotilde \u2018Chichita\u2019 Torelli a la Oficina de Turismo de la localidad.\" \/>\n<meta property=\"og:url\" content=\"https:\/\/www.noticiasradioreflejos.com.ar\/2021\/la-oficina-de-turismo-de-saldungaray-ya-lleva-el-nombre-de-maria-clotilde-chichita-torelli\/\" \/>\n<meta property=\"og:site_name\" content=\"Noticias Radio Reflejos\" \/>\n<meta property=\"article:published_time\" content=\"2022-09-03T23:03:19+00:00\" \/>\n<meta property=\"article:modified_time\" content=\"2022-10-28T11:47:45+00:00\" \/>\n<meta property=\"og:image\" content=\"https:\/\/live.staticflickr.com\/65535\/52335063445_5181b24500_z.jpg\" \/>\n<meta name=\"author\" content=\"Arnaldo Botto\" \/>\n<meta name=\"twitter:card\" content=\"summary_large_image\" \/>\n<script type=\"application\/ld+json\" class=\"yoast-schema-graph\">{\"@context\":\"https:\/\/schema.org\",\"@graph\":[{\"@type\":\"WebPage\",\"@id\":\"https:\/\/www.noticiasradioreflejos.com.ar\/2021\/la-oficina-de-turismo-de-saldungaray-ya-lleva-el-nombre-de-maria-clotilde-chichita-torelli\/\",\"url\":\"https:\/\/www.noticiasradioreflejos.com.ar\/2021\/la-oficina-de-turismo-de-saldungaray-ya-lleva-el-nombre-de-maria-clotilde-chichita-torelli\/\",\"name\":\"La Oficina de Turismo de Saldungaray ya lleva el nombre de Mar\u00eda Clotilde \u2018Chichita\u2019 Torelli - Noticias Radio Reflejos\",\"isPartOf\":{\"@id\":\"https:\/\/www.noticiasradioreflejos.com.ar\/2021\/#website\"},\"primaryImageOfPage\":{\"@id\":\"https:\/\/www.noticiasradioreflejos.com.ar\/2021\/la-oficina-de-turismo-de-saldungaray-ya-lleva-el-nombre-de-maria-clotilde-chichita-torelli\/#primaryimage\"},\"image\":{\"@id\":\"https:\/\/www.noticiasradioreflejos.com.ar\/2021\/la-oficina-de-turismo-de-saldungaray-ya-lleva-el-nombre-de-maria-clotilde-chichita-torelli\/#primaryimage\"},\"thumbnailUrl\":\"https:\/\/live.staticflickr.com\/65535\/52335063445_5181b24500_z.jpg\",\"datePublished\":\"2022-09-03T23:03:19+00:00\",\"dateModified\":\"2022-10-28T11:47:45+00:00\",\"author\":{\"@id\":\"https:\/\/www.noticiasradioreflejos.com.ar\/2021\/#\/schema\/person\/ad82545263dcc5ec0996818884fd5fb1\"},\"breadcrumb\":{\"@id\":\"https:\/\/www.noticiasradioreflejos.com.ar\/2021\/la-oficina-de-turismo-de-saldungaray-ya-lleva-el-nombre-de-maria-clotilde-chichita-torelli\/#breadcrumb\"},\"inLanguage\":\"es\",\"potentialAction\":[{\"@type\":\"ReadAction\",\"target\":[\"https:\/\/www.noticiasradioreflejos.com.ar\/2021\/la-oficina-de-turismo-de-saldungaray-ya-lleva-el-nombre-de-maria-clotilde-chichita-torelli\/\"]}]},{\"@type\":\"ImageObject\",\"inLanguage\":\"es\",\"@id\":\"https:\/\/www.noticiasradioreflejos.com.ar\/2021\/la-oficina-de-turismo-de-saldungaray-ya-lleva-el-nombre-de-maria-clotilde-chichita-torelli\/#primaryimage\",\"url\":\"https:\/\/live.staticflickr.com\/65535\/52335063445_5181b24500_z.jpg\",\"contentUrl\":\"https:\/\/live.staticflickr.com\/65535\/52335063445_5181b24500_z.jpg\"},{\"@type\":\"BreadcrumbList\",\"@id\":\"https:\/\/www.noticiasradioreflejos.com.ar\/2021\/la-oficina-de-turismo-de-saldungaray-ya-lleva-el-nombre-de-maria-clotilde-chichita-torelli\/#breadcrumb\",\"itemListElement\":[{\"@type\":\"ListItem\",\"position\":1,\"name\":\"Portada\",\"item\":\"https:\/\/www.noticiasradioreflejos.com.ar\/2021\/\"},{\"@type\":\"ListItem\",\"position\":2,\"name\":\"La Oficina de Turismo de Saldungaray ya lleva el nombre de Mar\u00eda Clotilde \u2018Chichita\u2019 Torelli\"}]},{\"@type\":\"WebSite\",\"@id\":\"https:\/\/www.noticiasradioreflejos.com.ar\/2021\/#website\",\"url\":\"https:\/\/www.noticiasradioreflejos.com.ar\/2021\/\",\"name\":\"Noticias Radio Reflejos\",\"description\":\"Las noticias de mi comarca\",\"potentialAction\":[{\"@type\":\"SearchAction\",\"target\":{\"@type\":\"EntryPoint\",\"urlTemplate\":\"https:\/\/www.noticiasradioreflejos.com.ar\/2021\/?s={search_term_string}\"},\"query-input\":{\"@type\":\"PropertyValueSpecification\",\"valueRequired\":true,\"valueName\":\"search_term_string\"}}],\"inLanguage\":\"es\"},{\"@type\":\"Person\",\"@id\":\"https:\/\/www.noticiasradioreflejos.com.ar\/2021\/#\/schema\/person\/ad82545263dcc5ec0996818884fd5fb1\",\"name\":\"Arnaldo Botto\",\"image\":{\"@type\":\"ImageObject\",\"inLanguage\":\"es\",\"@id\":\"https:\/\/www.noticiasradioreflejos.com.ar\/2021\/#\/schema\/person\/image\/\",\"url\":\"https:\/\/secure.gravatar.com\/avatar\/55cb5e37c1efa326397366e6974cb338056df65cb50e7d64d1cf314e87504837?s=96&d=mm&r=g\",\"contentUrl\":\"https:\/\/secure.gravatar.com\/avatar\/55cb5e37c1efa326397366e6974cb338056df65cb50e7d64d1cf314e87504837?s=96&d=mm&r=g\",\"caption\":\"Arnaldo Botto\"},\"url\":\"https:\/\/www.noticiasradioreflejos.com.ar\/2021\/author\/arnaldo\/\"}]}<\/script>\n<!-- \/ Yoast SEO plugin. -->","yoast_head_json":{"title":"La Oficina de Turismo de Saldungaray ya lleva el nombre de Mar\u00eda Clotilde \u2018Chichita\u2019 Torelli - Noticias Radio Reflejos","robots":{"index":"index","follow":"follow","max-snippet":"max-snippet:-1","max-image-preview":"max-image-preview:large","max-video-preview":"max-video-preview:-1"},"canonical":"https:\/\/www.noticiasradioreflejos.com.ar\/2021\/la-oficina-de-turismo-de-saldungaray-ya-lleva-el-nombre-de-maria-clotilde-chichita-torelli\/","og_locale":"es_ES","og_type":"article","og_title":"La Oficina de Turismo de Saldungaray ya lleva el nombre de Mar\u00eda Clotilde \u2018Chichita\u2019 Torelli - Noticias Radio Reflejos","og_description":"En el marco de los festejos por el 122\u00b0 aniversario de la fundaci\u00f3n de Saldungaray, que se llevan a cabo este fin de semana, se concret\u00f3 la imposici\u00f3n del nombre Mar\u00eda Clotilde \u2018Chichita\u2019 Torelli a la Oficina de Turismo de la localidad.","og_url":"https:\/\/www.noticiasradioreflejos.com.ar\/2021\/la-oficina-de-turismo-de-saldungaray-ya-lleva-el-nombre-de-maria-clotilde-chichita-torelli\/","og_site_name":"Noticias Radio Reflejos","article_published_time":"2022-09-03T23:03:19+00:00","article_modified_time":"2022-10-28T11:47:45+00:00","og_image":[{"url":"https:\/\/live.staticflickr.com\/65535\/52335063445_5181b24500_z.jpg","type":"","width":"","height":""}],"author":"Arnaldo Botto","twitter_card":"summary_large_image","schema":{"@context":"https:\/\/schema.org","@graph":[{"@type":"WebPage","@id":"https:\/\/www.noticiasradioreflejos.com.ar\/2021\/la-oficina-de-turismo-de-saldungaray-ya-lleva-el-nombre-de-maria-clotilde-chichita-torelli\/","url":"https:\/\/www.noticiasradioreflejos.com.ar\/2021\/la-oficina-de-turismo-de-saldungaray-ya-lleva-el-nombre-de-maria-clotilde-chichita-torelli\/","name":"La Oficina de Turismo de Saldungaray ya lleva el nombre de Mar\u00eda Clotilde \u2018Chichita\u2019 Torelli - Noticias Radio Reflejos","isPartOf":{"@id":"https:\/\/www.noticiasradioreflejos.com.ar\/2021\/#website"},"primaryImageOfPage":{"@id":"https:\/\/www.noticiasradioreflejos.com.ar\/2021\/la-oficina-de-turismo-de-saldungaray-ya-lleva-el-nombre-de-maria-clotilde-chichita-torelli\/#primaryimage"},"image":{"@id":"https:\/\/www.noticiasradioreflejos.com.ar\/2021\/la-oficina-de-turismo-de-saldungaray-ya-lleva-el-nombre-de-maria-clotilde-chichita-torelli\/#primaryimage"},"thumbnailUrl":"https:\/\/live.staticflickr.com\/65535\/52335063445_5181b24500_z.jpg","datePublished":"2022-09-03T23:03:19+00:00","dateModified":"2022-10-28T11:47:45+00:00","author":{"@id":"https:\/\/www.noticiasradioreflejos.com.ar\/2021\/#\/schema\/person\/ad82545263dcc5ec0996818884fd5fb1"},"breadcrumb":{"@id":"https:\/\/www.noticiasradioreflejos.com.ar\/2021\/la-oficina-de-turismo-de-saldungaray-ya-lleva-el-nombre-de-maria-clotilde-chichita-torelli\/#breadcrumb"},"inLanguage":"es","potentialAction":[{"@type":"ReadAction","target":["https:\/\/www.noticiasradioreflejos.com.ar\/2021\/la-oficina-de-turismo-de-saldungaray-ya-lleva-el-nombre-de-maria-clotilde-chichita-torelli\/"]}]},{"@type":"ImageObject","inLanguage":"es","@id":"https:\/\/www.noticiasradioreflejos.com.ar\/2021\/la-oficina-de-turismo-de-saldungaray-ya-lleva-el-nombre-de-maria-clotilde-chichita-torelli\/#primaryimage","url":"https:\/\/live.staticflickr.com\/65535\/52335063445_5181b24500_z.jpg","contentUrl":"https:\/\/live.staticflickr.com\/65535\/52335063445_5181b24500_z.jpg"},{"@type":"BreadcrumbList","@id":"https:\/\/www.noticiasradioreflejos.com.ar\/2021\/la-oficina-de-turismo-de-saldungaray-ya-lleva-el-nombre-de-maria-clotilde-chichita-torelli\/#breadcrumb","itemListElement":[{"@type":"ListItem","position":1,"name":"Portada","item":"https:\/\/www.noticiasradioreflejos.com.ar\/2021\/"},{"@type":"ListItem","position":2,"name":"La Oficina de Turismo de Saldungaray ya lleva el nombre de Mar\u00eda Clotilde \u2018Chichita\u2019 Torelli"}]},{"@type":"WebSite","@id":"https:\/\/www.noticiasradioreflejos.com.ar\/2021\/#website","url":"https:\/\/www.noticiasradioreflejos.com.ar\/2021\/","name":"Noticias Radio Reflejos","description":"Las noticias de mi comarca","potentialAction":[{"@type":"SearchAction","target":{"@type":"EntryPoint","urlTemplate":"https:\/\/www.noticiasradioreflejos.com.ar\/2021\/?s={search_term_string}"},"query-input":{"@type":"PropertyValueSpecification","valueRequired":true,"valueName":"search_term_string"}}],"inLanguage":"es"},{"@type":"Person","@id":"https:\/\/www.noticiasradioreflejos.com.ar\/2021\/#\/schema\/person\/ad82545263dcc5ec0996818884fd5fb1","name":"Arnaldo Botto","image":{"@type":"ImageObject","inLanguage":"es","@id":"https:\/\/www.noticiasradioreflejos.com.ar\/2021\/#\/schema\/person\/image\/","url":"https:\/\/secure.gravatar.com\/avatar\/55cb5e37c1efa326397366e6974cb338056df65cb50e7d64d1cf314e87504837?s=96&d=mm&r=g","contentUrl":"https:\/\/secure.gravatar.com\/avatar\/55cb5e37c1efa326397366e6974cb338056df65cb50e7d64d1cf314e87504837?s=96&d=mm&r=g","caption":"Arnaldo Botto"},"url":"https:\/\/www.noticiasradioreflejos.com.ar\/2021\/author\/arnaldo\/"}]}},"_links":{"self":[{"href":"https:\/\/www.noticiasradioreflejos.com.ar\/2021\/wp-json\/wp\/v2\/posts\/77166","targetHints":{"allow":["GET"]}}],"collection":[{"href":"https:\/\/www.noticiasradioreflejos.com.ar\/2021\/wp-json\/wp\/v2\/posts"}],"about":[{"href":"https:\/\/www.noticiasradioreflejos.com.ar\/2021\/wp-json\/wp\/v2\/types\/post"}],"author":[{"embeddable":true,"href":"https:\/\/www.noticiasradioreflejos.com.ar\/2021\/wp-json\/wp\/v2\/users\/3"}],"replies":[{"embeddable":true,"href":"https:\/\/www.noticiasradioreflejos.com.ar\/2021\/wp-json\/wp\/v2\/comments?post=77166"}],"version-history":[{"count":2,"href":"https:\/\/www.noticiasradioreflejos.com.ar\/2021\/wp-json\/wp\/v2\/posts\/77166\/revisions"}],"predecessor-version":[{"id":79518,"href":"https:\/\/www.noticiasradioreflejos.com.ar\/2021\/wp-json\/wp\/v2\/posts\/77166\/revisions\/79518"}],"wp:attachment":[{"href":"https:\/\/www.noticiasradioreflejos.com.ar\/2021\/wp-json\/wp\/v2\/media?parent=77166"}],"wp:term":[{"taxonomy":"category","embeddable":true,"href":"https:\/\/www.noticiasradioreflejos.com.ar\/2021\/wp-json\/wp\/v2\/categories?post=77166"},{"taxonomy":"post_tag","embeddable":true,"href":"https:\/\/www.noticiasradioreflejos.com.ar\/2021\/wp-json\/wp\/v2\/tags?post=77166"}],"curies":[{"name":"wp","href":"https:\/\/api.w.org\/{rel}","templated":true}]}}