{"id":77140,"date":"2022-09-02T12:14:57","date_gmt":"2022-09-02T12:14:57","guid":{"rendered":"http:\/\/www.noticiasradioreflejos.com.ar\/2021\/?p=77140"},"modified":"2022-09-02T12:14:57","modified_gmt":"2022-09-02T12:14:57","slug":"comenzaron-las-declaraciones-de-testigos-en-el-juzgado-de-capuchetti","status":"publish","type":"post","link":"https:\/\/www.noticiasradioreflejos.com.ar\/2021\/comenzaron-las-declaraciones-de-testigos-en-el-juzgado-de-capuchetti\/","title":{"rendered":"Comenzaron las declaraciones de testigos en el juzgado de Capuchetti"},"content":{"rendered":"<p>La magistrada, junto con los fiscales Carlos R\u00edvolo y Eduardo Taiano realizaron adem\u00e1s una inspecci\u00f3n ocular a la zona donde ocurri\u00f3 el atentado a la Vicepresidenta. se est\u00e1 analizando en Comodoro Py el tel\u00e9fono del detenido&lt;<!--more--><\/p>\n<figure class=\"mb-3\"><img decoding=\"async\" src=\"https:\/\/www.telam.com.ar\/thumbs\/bluesteel\/advf\/imagenes\/2022\/09\/6311ebb93c58d_900.jpg\" alt=\"Foto Victoria Egurza\" width=\"100%\" height=\"100%\" \/><\/p>\n<div class=\"media-icons\"><\/div><figcaption>Foto: Victoria Egurza.<\/figcaption><\/figure>\n<p>La jueza federal Mar\u00eda Eugenia Capuchetti y los fiscales Carlos R\u00edvolo y Eduardo Taiano comenzaron la ma\u00f1ana de este viernes a tomar declaraciones a los testigos del\u00a0<a href=\"https:\/\/www.telam.com.ar\/notas\/202209\/603562-persona-armada-casa-cristina-fernandez-kirchner.html\" target=\"_blank\" rel=\"noopener\">ataque ocurrido el jueves contra la vicepresidenta Cristina Fern\u00e1ndez de Kirchner<\/a>.<\/p>\n<figure class=\"mb-3\"><img decoding=\"async\" src=\"https:\/\/www.telam.com.ar\/thumbs\/bluesteel\/advf\/imagenes\/2022\/09\/6311ebb928b6e_900.jpg\" alt=\"Foto Victoria Egurza\" width=\"100%\" height=\"100%\" \/><\/p>\n<div class=\"media-icons\"><\/div><figcaption>Foto: Victoria Egurza.<\/figcaption><\/figure>\n<h2 class=\"\">Las declaraciones de los testigos<\/h2>\n<p>Uno de los testigos del hecho -llamado Javier- declar\u00f3 que el hombre detenido &#8211;<a href=\"https:\/\/www.telam.com.ar\/notas\/202209\/603573-detenido-atacante-cristina-fernandez-de-kirchner.html\" target=\"_blank\" rel=\"noopener\">Fernando Andr\u00e9 Sabag Montiel<\/a>, un ciudadano brasile\u00f1o de 35 a\u00f1os- lleg\u00f3 a \u00abgatillar dos veces\u00bb a escasos cent\u00edmetros de la cabeza de la Vicepresidenta.<\/p>\n<p>En declaraciones a la prensa en Tribunales luego de declarar, el testigo cont\u00f3 que \u201cestaba formando parte del cord\u00f3n\u201d de militantes.<\/p>\n<p>\u201cCristina viene hacia a m\u00ed, me acaricia y por la altura de arriba de mi hombro, veo que se asoma un brazo con un arma. Veo la figura del arma, pero no logro ver qu\u00e9 arma era. Retrocede y ah\u00ed yo me doy vuelta y lo agarro\u201d, relat\u00f3.<\/p>\n<p>Al ser consulado sobre si el detenido le dijo alguna frase a la Vicepresidenta, contest\u00f3: \u00abNo escuch\u00e9 nada. Pero s\u00ed se escuch\u00f3 que gatill\u00f3.\u00a0<strong>Para m\u00ed, gatill\u00f3 dos veces<\/strong>\u00ab.<\/p>\n<p>Y luego relat\u00f3: \u00abNo s\u00e9 si Cristina se dio cuenta porque justo me doy vuelta porque veo el arma, giro hacia la derecha y lo agarro junto a otra gente. Varias personas se sumaron para agarrarlo porque en la vereda hab\u00eda varios.\u00a0<strong>Lo agarramos y le decimos: \u2018vos tenes un arma\u2019 y \u00e9l dec\u00eda \u2018no, no\u2019; entonces lo tanteamos un poco y se le cay\u00f3 el arma<\/strong>\u201d.<\/p>\n<p>\u201cApenas vemos que cae el arma, parte de los organizadores \u2013del operativo militante de protecci\u00f3n de la Vicepresidenta- se lo llevan mientras un hombre pisa el arma y la retiene all\u00ed\u201d, explic\u00f3.<\/p>\n<figure class=\"mb-3\"><img decoding=\"async\" src=\"https:\/\/www.telam.com.ar\/thumbs\/bluesteel\/advf\/imagenes\/2022\/09\/6311ebb913db3_900.jpg\" alt=\"Foto Victoria Egurza\" width=\"100%\" height=\"100%\" \/><\/p>\n<div class=\"media-icons\"><\/div><figcaption>Foto: Victoria Egurza.<\/figcaption><\/figure>\n<p>En tanto, en la sede de los tribunales esperaban para declarar otros testigos que presenciaron la noche del jueves el operativo de detenci\u00f3n. Tambi\u00e9n se encuentran en el lugar custodios de la Vicepresidenta, que podr\u00edan prestar declaraci\u00f3n en la misma calidad testigos.<\/p>\n<p>Asimismo, se est\u00e1 analizando en\u00a0<strong>Comodoro Py<\/strong>\u00a0el tel\u00e9fono del detenido: ya se logr\u00f3 ingresar al mismo y se est\u00e1n analizando todo sus mensajes, seg\u00fan consignaron fuentes judiciales.<\/p>\n<figure class=\"mb-3\"><img decoding=\"async\" src=\"https:\/\/www.telam.com.ar\/thumbs\/bluesteel\/advf\/imagenes\/2022\/09\/6311860ac53d0_900.jpg\" alt=\"Foto Vctor Carreira\" width=\"100%\" height=\"100%\" \/><\/p>\n<div class=\"media-icons\"><\/div><figcaption>Foto: V\u00edctor Carreira.<\/figcaption><\/figure>\n<h2 class=\"\">Inspecci\u00f3n ocular<\/h2>\n<p>La magistrada y los fiscales realizaron este viernes una inspecci\u00f3n ocular a la zona donde ocurri\u00f3 el atentado a la vicepresidenta Cristina Kirchner y, poco despu\u00e9s de las 7.30, regresaron a los tribunales de Retiro, donde permanecen reunidos en el despacho de la magistrada en el tercer piso del edificio.<\/p>\n<p>Fuentes judiciales informaron a T\u00e9lam que aguardan la llegada de la totalidad de los elementos de prueba pedidos antes de concretar la declaraci\u00f3n indagatoria del detenido, quien pas\u00f3 la noche alojado en una dependencia de la Polic\u00eda Federal ubicada en la calle Cavia 3350, del barrio porte\u00f1o de Palermo.<\/p>\n<p>La jueza orden\u00f3 esta madrugada\u00a0<strong>allanamientos<\/strong>,\u00a0<strong>cruces de llamados<\/strong>\u00a0entre la l\u00ednea telef\u00f3nica del detenido y otros, adem\u00e1s de la pericia sobre su tel\u00e9fono.<\/p>\n<p>En el marco de las actuaciones, tambi\u00e9n fue allanado el domicilio del detenido, ubicado en el barrio porte\u00f1o de Villa del Parque, en la calle Terrada al 2300.<\/p>\n<figure class=\"mb-3\"><img decoding=\"async\" src=\"https:\/\/www.telam.com.ar\/thumbs\/bluesteel\/advf\/imagenes\/2022\/09\/6311e1369341f_900.jpg\" alt=\"Foto Gustavo Amarelle\" width=\"100%\" height=\"100%\" \/><\/p>\n<div class=\"media-icons\"><\/div><figcaption>Foto: Gustavo Amarelle.<\/figcaption><\/figure>\n","protected":false},"excerpt":{"rendered":"<p>La magistrada, junto con los fiscales Carlos R\u00edvolo y Eduardo Taiano realizaron adem\u00e1s una inspecci\u00f3n ocular a la zona donde ocurri\u00f3 el atentado a la Vicepresidenta. se est\u00e1 analizando en Comodoro Py el tel\u00e9fono del detenido&lt;<\/p>\n","protected":false},"author":3,"featured_media":0,"comment_status":"closed","ping_status":"closed","sticky":false,"template":"","format":"standard","meta":{"footnotes":""},"categories":[57],"tags":[],"class_list":["post-77140","post","type-post","status-publish","format-standard","hentry","category-judiciales"],"yoast_head":"<!-- This site is optimized with the Yoast SEO plugin v25.9 - https:\/\/yoast.com\/wordpress\/plugins\/seo\/ -->\n<title>Comenzaron las declaraciones de testigos en el juzgado de Capuchetti - Noticias Radio Reflejos<\/title>\n<meta name=\"robots\" content=\"index, follow, max-snippet:-1, max-image-preview:large, max-video-preview:-1\" \/>\n<link rel=\"canonical\" href=\"https:\/\/www.noticiasradioreflejos.com.ar\/2021\/comenzaron-las-declaraciones-de-testigos-en-el-juzgado-de-capuchetti\/\" \/>\n<meta property=\"og:locale\" content=\"es_ES\" \/>\n<meta property=\"og:type\" content=\"article\" \/>\n<meta property=\"og:title\" content=\"Comenzaron las declaraciones de testigos en el juzgado de Capuchetti - Noticias Radio Reflejos\" \/>\n<meta property=\"og:description\" content=\"La magistrada, junto con los fiscales Carlos R\u00edvolo y Eduardo Taiano realizaron adem\u00e1s una inspecci\u00f3n ocular a la zona donde ocurri\u00f3 el atentado a la Vicepresidenta. se est\u00e1 analizando en Comodoro Py el tel\u00e9fono del detenido&lt;\" \/>\n<meta property=\"og:url\" content=\"https:\/\/www.noticiasradioreflejos.com.ar\/2021\/comenzaron-las-declaraciones-de-testigos-en-el-juzgado-de-capuchetti\/\" \/>\n<meta property=\"og:site_name\" content=\"Noticias Radio Reflejos\" \/>\n<meta property=\"article:published_time\" content=\"2022-09-02T12:14:57+00:00\" \/>\n<meta property=\"og:image\" content=\"https:\/\/www.telam.com.ar\/thumbs\/bluesteel\/advf\/imagenes\/2022\/09\/6311ebb93c58d_900.jpg\" \/>\n<meta name=\"author\" content=\"Arnaldo Botto\" \/>\n<meta name=\"twitter:card\" content=\"summary_large_image\" \/>\n<script type=\"application\/ld+json\" class=\"yoast-schema-graph\">{\"@context\":\"https:\/\/schema.org\",\"@graph\":[{\"@type\":\"WebPage\",\"@id\":\"https:\/\/www.noticiasradioreflejos.com.ar\/2021\/comenzaron-las-declaraciones-de-testigos-en-el-juzgado-de-capuchetti\/\",\"url\":\"https:\/\/www.noticiasradioreflejos.com.ar\/2021\/comenzaron-las-declaraciones-de-testigos-en-el-juzgado-de-capuchetti\/\",\"name\":\"Comenzaron las declaraciones de testigos en el juzgado de Capuchetti - Noticias Radio Reflejos\",\"isPartOf\":{\"@id\":\"https:\/\/www.noticiasradioreflejos.com.ar\/2021\/#website\"},\"primaryImageOfPage\":{\"@id\":\"https:\/\/www.noticiasradioreflejos.com.ar\/2021\/comenzaron-las-declaraciones-de-testigos-en-el-juzgado-de-capuchetti\/#primaryimage\"},\"image\":{\"@id\":\"https:\/\/www.noticiasradioreflejos.com.ar\/2021\/comenzaron-las-declaraciones-de-testigos-en-el-juzgado-de-capuchetti\/#primaryimage\"},\"thumbnailUrl\":\"https:\/\/www.telam.com.ar\/thumbs\/bluesteel\/advf\/imagenes\/2022\/09\/6311ebb93c58d_900.jpg\",\"datePublished\":\"2022-09-02T12:14:57+00:00\",\"author\":{\"@id\":\"https:\/\/www.noticiasradioreflejos.com.ar\/2021\/#\/schema\/person\/ad82545263dcc5ec0996818884fd5fb1\"},\"breadcrumb\":{\"@id\":\"https:\/\/www.noticiasradioreflejos.com.ar\/2021\/comenzaron-las-declaraciones-de-testigos-en-el-juzgado-de-capuchetti\/#breadcrumb\"},\"inLanguage\":\"es\",\"potentialAction\":[{\"@type\":\"ReadAction\",\"target\":[\"https:\/\/www.noticiasradioreflejos.com.ar\/2021\/comenzaron-las-declaraciones-de-testigos-en-el-juzgado-de-capuchetti\/\"]}]},{\"@type\":\"ImageObject\",\"inLanguage\":\"es\",\"@id\":\"https:\/\/www.noticiasradioreflejos.com.ar\/2021\/comenzaron-las-declaraciones-de-testigos-en-el-juzgado-de-capuchetti\/#primaryimage\",\"url\":\"https:\/\/www.telam.com.ar\/thumbs\/bluesteel\/advf\/imagenes\/2022\/09\/6311ebb93c58d_900.jpg\",\"contentUrl\":\"https:\/\/www.telam.com.ar\/thumbs\/bluesteel\/advf\/imagenes\/2022\/09\/6311ebb93c58d_900.jpg\"},{\"@type\":\"BreadcrumbList\",\"@id\":\"https:\/\/www.noticiasradioreflejos.com.ar\/2021\/comenzaron-las-declaraciones-de-testigos-en-el-juzgado-de-capuchetti\/#breadcrumb\",\"itemListElement\":[{\"@type\":\"ListItem\",\"position\":1,\"name\":\"Portada\",\"item\":\"https:\/\/www.noticiasradioreflejos.com.ar\/2021\/\"},{\"@type\":\"ListItem\",\"position\":2,\"name\":\"Comenzaron las declaraciones de testigos en el juzgado de Capuchetti\"}]},{\"@type\":\"WebSite\",\"@id\":\"https:\/\/www.noticiasradioreflejos.com.ar\/2021\/#website\",\"url\":\"https:\/\/www.noticiasradioreflejos.com.ar\/2021\/\",\"name\":\"Noticias Radio Reflejos\",\"description\":\"Las noticias de mi comarca\",\"potentialAction\":[{\"@type\":\"SearchAction\",\"target\":{\"@type\":\"EntryPoint\",\"urlTemplate\":\"https:\/\/www.noticiasradioreflejos.com.ar\/2021\/?s={search_term_string}\"},\"query-input\":{\"@type\":\"PropertyValueSpecification\",\"valueRequired\":true,\"valueName\":\"search_term_string\"}}],\"inLanguage\":\"es\"},{\"@type\":\"Person\",\"@id\":\"https:\/\/www.noticiasradioreflejos.com.ar\/2021\/#\/schema\/person\/ad82545263dcc5ec0996818884fd5fb1\",\"name\":\"Arnaldo Botto\",\"image\":{\"@type\":\"ImageObject\",\"inLanguage\":\"es\",\"@id\":\"https:\/\/www.noticiasradioreflejos.com.ar\/2021\/#\/schema\/person\/image\/\",\"url\":\"https:\/\/secure.gravatar.com\/avatar\/55cb5e37c1efa326397366e6974cb338056df65cb50e7d64d1cf314e87504837?s=96&d=mm&r=g\",\"contentUrl\":\"https:\/\/secure.gravatar.com\/avatar\/55cb5e37c1efa326397366e6974cb338056df65cb50e7d64d1cf314e87504837?s=96&d=mm&r=g\",\"caption\":\"Arnaldo Botto\"},\"url\":\"https:\/\/www.noticiasradioreflejos.com.ar\/2021\/author\/arnaldo\/\"}]}<\/script>\n<!-- \/ Yoast SEO plugin. -->","yoast_head_json":{"title":"Comenzaron las declaraciones de testigos en el juzgado de Capuchetti - Noticias Radio Reflejos","robots":{"index":"index","follow":"follow","max-snippet":"max-snippet:-1","max-image-preview":"max-image-preview:large","max-video-preview":"max-video-preview:-1"},"canonical":"https:\/\/www.noticiasradioreflejos.com.ar\/2021\/comenzaron-las-declaraciones-de-testigos-en-el-juzgado-de-capuchetti\/","og_locale":"es_ES","og_type":"article","og_title":"Comenzaron las declaraciones de testigos en el juzgado de Capuchetti - Noticias Radio Reflejos","og_description":"La magistrada, junto con los fiscales Carlos R\u00edvolo y Eduardo Taiano realizaron adem\u00e1s una inspecci\u00f3n ocular a la zona donde ocurri\u00f3 el atentado a la Vicepresidenta. se est\u00e1 analizando en Comodoro Py el tel\u00e9fono del detenido&lt;","og_url":"https:\/\/www.noticiasradioreflejos.com.ar\/2021\/comenzaron-las-declaraciones-de-testigos-en-el-juzgado-de-capuchetti\/","og_site_name":"Noticias Radio Reflejos","article_published_time":"2022-09-02T12:14:57+00:00","og_image":[{"url":"https:\/\/www.telam.com.ar\/thumbs\/bluesteel\/advf\/imagenes\/2022\/09\/6311ebb93c58d_900.jpg","type":"","width":"","height":""}],"author":"Arnaldo Botto","twitter_card":"summary_large_image","schema":{"@context":"https:\/\/schema.org","@graph":[{"@type":"WebPage","@id":"https:\/\/www.noticiasradioreflejos.com.ar\/2021\/comenzaron-las-declaraciones-de-testigos-en-el-juzgado-de-capuchetti\/","url":"https:\/\/www.noticiasradioreflejos.com.ar\/2021\/comenzaron-las-declaraciones-de-testigos-en-el-juzgado-de-capuchetti\/","name":"Comenzaron las declaraciones de testigos en el juzgado de Capuchetti - Noticias Radio Reflejos","isPartOf":{"@id":"https:\/\/www.noticiasradioreflejos.com.ar\/2021\/#website"},"primaryImageOfPage":{"@id":"https:\/\/www.noticiasradioreflejos.com.ar\/2021\/comenzaron-las-declaraciones-de-testigos-en-el-juzgado-de-capuchetti\/#primaryimage"},"image":{"@id":"https:\/\/www.noticiasradioreflejos.com.ar\/2021\/comenzaron-las-declaraciones-de-testigos-en-el-juzgado-de-capuchetti\/#primaryimage"},"thumbnailUrl":"https:\/\/www.telam.com.ar\/thumbs\/bluesteel\/advf\/imagenes\/2022\/09\/6311ebb93c58d_900.jpg","datePublished":"2022-09-02T12:14:57+00:00","author":{"@id":"https:\/\/www.noticiasradioreflejos.com.ar\/2021\/#\/schema\/person\/ad82545263dcc5ec0996818884fd5fb1"},"breadcrumb":{"@id":"https:\/\/www.noticiasradioreflejos.com.ar\/2021\/comenzaron-las-declaraciones-de-testigos-en-el-juzgado-de-capuchetti\/#breadcrumb"},"inLanguage":"es","potentialAction":[{"@type":"ReadAction","target":["https:\/\/www.noticiasradioreflejos.com.ar\/2021\/comenzaron-las-declaraciones-de-testigos-en-el-juzgado-de-capuchetti\/"]}]},{"@type":"ImageObject","inLanguage":"es","@id":"https:\/\/www.noticiasradioreflejos.com.ar\/2021\/comenzaron-las-declaraciones-de-testigos-en-el-juzgado-de-capuchetti\/#primaryimage","url":"https:\/\/www.telam.com.ar\/thumbs\/bluesteel\/advf\/imagenes\/2022\/09\/6311ebb93c58d_900.jpg","contentUrl":"https:\/\/www.telam.com.ar\/thumbs\/bluesteel\/advf\/imagenes\/2022\/09\/6311ebb93c58d_900.jpg"},{"@type":"BreadcrumbList","@id":"https:\/\/www.noticiasradioreflejos.com.ar\/2021\/comenzaron-las-declaraciones-de-testigos-en-el-juzgado-de-capuchetti\/#breadcrumb","itemListElement":[{"@type":"ListItem","position":1,"name":"Portada","item":"https:\/\/www.noticiasradioreflejos.com.ar\/2021\/"},{"@type":"ListItem","position":2,"name":"Comenzaron las declaraciones de testigos en el juzgado de Capuchetti"}]},{"@type":"WebSite","@id":"https:\/\/www.noticiasradioreflejos.com.ar\/2021\/#website","url":"https:\/\/www.noticiasradioreflejos.com.ar\/2021\/","name":"Noticias Radio Reflejos","description":"Las noticias de mi comarca","potentialAction":[{"@type":"SearchAction","target":{"@type":"EntryPoint","urlTemplate":"https:\/\/www.noticiasradioreflejos.com.ar\/2021\/?s={search_term_string}"},"query-input":{"@type":"PropertyValueSpecification","valueRequired":true,"valueName":"search_term_string"}}],"inLanguage":"es"},{"@type":"Person","@id":"https:\/\/www.noticiasradioreflejos.com.ar\/2021\/#\/schema\/person\/ad82545263dcc5ec0996818884fd5fb1","name":"Arnaldo Botto","image":{"@type":"ImageObject","inLanguage":"es","@id":"https:\/\/www.noticiasradioreflejos.com.ar\/2021\/#\/schema\/person\/image\/","url":"https:\/\/secure.gravatar.com\/avatar\/55cb5e37c1efa326397366e6974cb338056df65cb50e7d64d1cf314e87504837?s=96&d=mm&r=g","contentUrl":"https:\/\/secure.gravatar.com\/avatar\/55cb5e37c1efa326397366e6974cb338056df65cb50e7d64d1cf314e87504837?s=96&d=mm&r=g","caption":"Arnaldo Botto"},"url":"https:\/\/www.noticiasradioreflejos.com.ar\/2021\/author\/arnaldo\/"}]}},"_links":{"self":[{"href":"https:\/\/www.noticiasradioreflejos.com.ar\/2021\/wp-json\/wp\/v2\/posts\/77140","targetHints":{"allow":["GET"]}}],"collection":[{"href":"https:\/\/www.noticiasradioreflejos.com.ar\/2021\/wp-json\/wp\/v2\/posts"}],"about":[{"href":"https:\/\/www.noticiasradioreflejos.com.ar\/2021\/wp-json\/wp\/v2\/types\/post"}],"author":[{"embeddable":true,"href":"https:\/\/www.noticiasradioreflejos.com.ar\/2021\/wp-json\/wp\/v2\/users\/3"}],"replies":[{"embeddable":true,"href":"https:\/\/www.noticiasradioreflejos.com.ar\/2021\/wp-json\/wp\/v2\/comments?post=77140"}],"version-history":[{"count":1,"href":"https:\/\/www.noticiasradioreflejos.com.ar\/2021\/wp-json\/wp\/v2\/posts\/77140\/revisions"}],"predecessor-version":[{"id":77142,"href":"https:\/\/www.noticiasradioreflejos.com.ar\/2021\/wp-json\/wp\/v2\/posts\/77140\/revisions\/77142"}],"wp:attachment":[{"href":"https:\/\/www.noticiasradioreflejos.com.ar\/2021\/wp-json\/wp\/v2\/media?parent=77140"}],"wp:term":[{"taxonomy":"category","embeddable":true,"href":"https:\/\/www.noticiasradioreflejos.com.ar\/2021\/wp-json\/wp\/v2\/categories?post=77140"},{"taxonomy":"post_tag","embeddable":true,"href":"https:\/\/www.noticiasradioreflejos.com.ar\/2021\/wp-json\/wp\/v2\/tags?post=77140"}],"curies":[{"name":"wp","href":"https:\/\/api.w.org\/{rel}","templated":true}]}}