{"id":77114,"date":"2022-09-02T03:37:01","date_gmt":"2022-09-02T03:37:01","guid":{"rendered":"http:\/\/www.noticiasradioreflejos.com.ar\/2021\/?p=77114"},"modified":"2022-09-02T03:37:01","modified_gmt":"2022-09-02T03:37:01","slug":"los-senadores-del-oficialismo-y-la-oposicion-hicieron-una-declaracion-conjunta-en-repudio-al-atentado-contra-la-vicepresidenta","status":"publish","type":"post","link":"https:\/\/www.noticiasradioreflejos.com.ar\/2021\/los-senadores-del-oficialismo-y-la-oposicion-hicieron-una-declaracion-conjunta-en-repudio-al-atentado-contra-la-vicepresidenta\/","title":{"rendered":"Los senadores del oficialismo y la oposici\u00f3n hicieron una declaraci\u00f3n conjunta en repudio al atentado contra la Vicepresidenta"},"content":{"rendered":"<header class=\"article-header-wrapper\">\n<div class=\"article-header\">\n<p class=\"article-subheadline\">Los legisladores volvieron al Congreso, luego de la sesi\u00f3n de m\u00e1s temprano, para dar un mensaje conjunto. Tambi\u00e9n participaron diputados y anunciaron que van a convocar a una sesi\u00f3n de repudio<\/p>\n<\/div>\n<div class=\"nd-buttons-container\">\n<div class=\"Sms social-share\"><\/div>\n<\/div>\n<\/header>\n<p><!--more--><\/p>\n<article class=\"article\">\n<div class=\"nd-body-article\">\n<div class=\"visual__image\"><img loading=\"lazy\" decoding=\"async\" class=\"\" src=\"https:\/\/cloudfront-us-east-1.images.arcpublishing.com\/infobae\/R53M37W7EJDR3NVPMOTXUWS6PE.jfif\" sizes=\"auto, (min-width: 800px) 50vw, 90vw\" srcset=\"https:\/\/www.infobae.com\/new-resizer\/TnoKxQE5d5QJEB-uWAY0EkrX82s=\/420x236\/filters:format(webp):quality(85)\/cloudfront-us-east-1.images.arcpublishing.com\/infobae\/R53M37W7EJDR3NVPMOTXUWS6PE.jfif 420w,https:\/\/www.infobae.com\/new-resizer\/K9VQsptMt3itiECAtj6txRxiRIE=\/768x432\/filters:format(webp):quality(85)\/cloudfront-us-east-1.images.arcpublishing.com\/infobae\/R53M37W7EJDR3NVPMOTXUWS6PE.jfif 768w,https:\/\/www.infobae.com\/new-resizer\/pmaDmdkvy3ad8YOK0X0tjDG0fKE=\/992x558\/filters:format(webp):quality(85)\/cloudfront-us-east-1.images.arcpublishing.com\/infobae\/R53M37W7EJDR3NVPMOTXUWS6PE.jfif 992w,https:\/\/www.infobae.com\/new-resizer\/LKpzttRmcHQ_2MDr2pDU683Eanw=\/1200x675\/filters:format(webp):quality(85)\/cloudfront-us-east-1.images.arcpublishing.com\/infobae\/R53M37W7EJDR3NVPMOTXUWS6PE.jfif 1200w,https:\/\/www.infobae.com\/new-resizer\/6HyKD-AkAgxpGW-FKi2Gm5GAino=\/1440x810\/filters:format(webp):quality(85)\/cloudfront-us-east-1.images.arcpublishing.com\/infobae\/R53M37W7EJDR3NVPMOTXUWS6PE.jfif 1440w\" alt=\"\" width=\"1600\" height=\"900\" \/><\/div>\n<p class=\"paragraph\">Casi\u00a0<b>50 senadores de la Naci\u00f3n del Frente de Todos y de Juntos por el Cambio acordaron dar una respuesta institucional\u00a0<\/b>frente al\u00a0<b>atentado<\/b>\u00a0que sufri\u00f3 la vicepresidenta de la Naci\u00f3n y presidenta del Senado,\u00a0<b>Cristina Fern\u00e1ndez de Kirchner.<\/b><\/p>\n<p class=\"paragraph\">Pasadas las 23 y luego de varios llamados entre las presidencias de los bloques y acordaron un\u00a0<b>mensaje conjunto\u00a0<\/b>que fue le\u00eddo por el ex senador Marcelo Fuentes.<\/p>\n<p class=\"paragraph\">El comunicado del Senado se\u00f1ala que\u00a0<b>\u201cLos bloques e interbloques del Senado\u00a0<\/b>de la Naci\u00f3n\u00a0<b>expresan su en\u00e9rgico repudio al intento de magnicidio\u00a0<\/b>contra la vicepresidenta Cristina Fern\u00e1ndez de Kirchner, ocurrido esta noche en las puertas de su domicilio\u201d.<\/p>\n<p class=\"paragraph\">\u201cAdem\u00e1s,\u00a0<b>manifestamos nuestra absoluta solidaridad con la se\u00f1ora vicepresidenta y su familia<\/b>. Y exigimos el pronto y completo esclarecimiento de este hecho lamentable, que empa\u00f1a la vida en democracia. Exhortamos a la dirigencia toda y a la poblaci\u00f3n a buscar todos los caminos que conduzcan a la paz social.<\/p>\n<div class=\"visual__image\"><img loading=\"lazy\" decoding=\"async\" class=\"\" src=\"https:\/\/cloudfront-us-east-1.images.arcpublishing.com\/infobae\/6ML2RAGN3NAV5N4ZCT4VTPTL6I.jpeg\" sizes=\"auto, (min-width: 800px) 50vw, 90vw\" srcset=\"https:\/\/www.infobae.com\/new-resizer\/nz908CFMj4r7E0ZUiJca-JJu_rM=\/420x315\/filters:format(webp):quality(85)\/cloudfront-us-east-1.images.arcpublishing.com\/infobae\/6ML2RAGN3NAV5N4ZCT4VTPTL6I.jpeg 420w,https:\/\/www.infobae.com\/new-resizer\/aa44GaCV_po_fN1vY7Y6pW8hiGg=\/768x576\/filters:format(webp):quality(85)\/cloudfront-us-east-1.images.arcpublishing.com\/infobae\/6ML2RAGN3NAV5N4ZCT4VTPTL6I.jpeg 768w,https:\/\/www.infobae.com\/new-resizer\/JWktflOpqA8Xzdjsl1RuAaWhQi0=\/992x744\/filters:format(webp):quality(85)\/cloudfront-us-east-1.images.arcpublishing.com\/infobae\/6ML2RAGN3NAV5N4ZCT4VTPTL6I.jpeg 992w,https:\/\/www.infobae.com\/new-resizer\/-Psla7v6drJpoI1xRJzb2d9-C8Q=\/1200x900\/filters:format(webp):quality(85)\/cloudfront-us-east-1.images.arcpublishing.com\/infobae\/6ML2RAGN3NAV5N4ZCT4VTPTL6I.jpeg 1200w,https:\/\/www.infobae.com\/new-resizer\/Mt-haN9I9eQk9n3Q88QCm3xsuRY=\/1440x1080\/filters:format(webp):quality(85)\/cloudfront-us-east-1.images.arcpublishing.com\/infobae\/6ML2RAGN3NAV5N4ZCT4VTPTL6I.jpeg 1440w\" alt=\"\" width=\"1600\" height=\"1200\" \/><\/div>\n<p class=\"paragraph\">Una de las primeras en tomar la palabra fue la presidenta de la C\u00e1mara de Diputados,\u00a0<b>Cecilia Moreau<\/b>, quien se\u00f1al\u00f3 que \u201ces una noche dif\u00edcil,\u00a0<b>estamos ac\u00e1 para abrazar a Cristina y a su familia<\/b>. Esta noche el bloque va a\u00a0<b>convocar una comisi\u00f3n bicameral para investigar el atentado\u00a0<\/b>y a una sesi\u00f3n de repudio, lo van a hacer las dos c\u00e1maras y vamos a pedir que se haga lo mismo en todas las legislaturas y concejos deliberantes\u201d.<\/p>\n<p class=\"paragraph\">El jefe del interbloque del Frente de Todos en el Senado,\u00a0<b>Jos\u00e9 Mayans<\/b>, y uno de los que gestion\u00f3 con sus pares del oficialismo y de la oposici\u00f3n para que los legisladores que estuvieron sesionando hasta las 21 volvieran al Palacio Legislativo, dijo que estaban para\u00a0<b>\u201crepudiar este hecho lamentable, penoso, que consterna a toda la sociedad.\u00a0<\/b>Queremos expresarle a Cristina Fern\u00e1ndez de Kirchner nuestra solidaridad, a ella y a su familia. Esperamos el pronto esclarecimiento.\u00a0<b>Nuestra preocupaci\u00f3n es que se esclarezca de forma inmediata e instamos a todos a trabajar por la paz social\u201d<\/b><\/p>\n<p class=\"paragraph\"><b>Mayans agradeci\u00f3 \u201cla visita de los senadores de la oposici\u00f3n. valoramos el hecho\u201d\u00a0<\/b>y dijo que \u201cno la matan por que Dios es grande. Ella sinti\u00f3 que la apuntaron. Se toma de la cabeza pensando que le pas\u00f3 algo.\u00a0<b>Gracias a Dios la tenemos con nostros\u201d.<\/b><\/p>\n<div class=\"visual__image\"><img loading=\"lazy\" decoding=\"async\" class=\"\" src=\"https:\/\/cloudfront-us-east-1.images.arcpublishing.com\/infobae\/7XN2E3JHDFCYLGFX4VTVNQEFOU.jpg\" sizes=\"auto, (min-width: 800px) 50vw, 90vw\" srcset=\"https:\/\/www.infobae.com\/new-resizer\/B882OVkGjU9rqvhfgAQJdTZOFrU=\/420x236\/filters:format(webp):quality(85)\/cloudfront-us-east-1.images.arcpublishing.com\/infobae\/7XN2E3JHDFCYLGFX4VTVNQEFOU.jpg 420w,https:\/\/www.infobae.com\/new-resizer\/vsHFjE0l0iXcgCSTLdpqvwOx6zM=\/768x432\/filters:format(webp):quality(85)\/cloudfront-us-east-1.images.arcpublishing.com\/infobae\/7XN2E3JHDFCYLGFX4VTVNQEFOU.jpg 768w,https:\/\/www.infobae.com\/new-resizer\/028f1xv749EvN_Meu2vOu4gtYJo=\/992x558\/filters:format(webp):quality(85)\/cloudfront-us-east-1.images.arcpublishing.com\/infobae\/7XN2E3JHDFCYLGFX4VTVNQEFOU.jpg 992w,https:\/\/www.infobae.com\/new-resizer\/SLbaHjh6l2hh2FEl2p9MSgBAHX8=\/1200x675\/filters:format(webp):quality(85)\/cloudfront-us-east-1.images.arcpublishing.com\/infobae\/7XN2E3JHDFCYLGFX4VTVNQEFOU.jpg 1200w,https:\/\/www.infobae.com\/new-resizer\/Mv7_RDj5wX32_mN1W7nFhn8tEug=\/1440x810\/filters:format(webp):quality(85)\/cloudfront-us-east-1.images.arcpublishing.com\/infobae\/7XN2E3JHDFCYLGFX4VTVNQEFOU.jpg 1440w\" alt=\"Legisladores del Frente de Todos convocaron a una sesi\u00f3n de urgencia tras el atentado a Cristina Kirchner (captura Youtube)\" width=\"1212\" height=\"636\" \/>Legisladores del Frente de Todos convocaron a una sesi\u00f3n de urgencia tras el atentado a Cristina Kirchner (captura Youtube)<\/div>\n<p class=\"paragraph\">El senador formose\u00f1o dijo que hab\u00edan hablado con la vicepresidenta y que, aunque asegura que \u201ces de un gran esp\u00edritu\u201d\u00a0<b>la vicepresidenta \u201cno esperaba eso de la gente que va a esperarla a su domicilio\u201d.<\/b><\/p>\n<p class=\"paragraph\">Luego tom\u00f3 la palabra el diputado y titular de La Bancaria,\u00a0<b>Sergio Palazzo<\/b>, quien dijo que la\u00a0<b>Vicepresidenta y su familia \u201cvienen sufriendo agresiones\u201d\u00a0<\/b>y que a partir de esto dijo que convocaban \u201ca los medios y estamentos de la sociedad para que traigan paz y no odio, porque las consecuencias son lo que acaba de pasar\u201d.<\/p>\n<p class=\"paragraph\">Previo a la cadena nacional en la que el presidente\u00a0<b>Alberto Fern\u00e1ndez\u00a0<\/b>anunci\u00f3 para el d\u00eda de hoy un\u00a0<b>feriado nacional<\/b>,\u00a0<b>Palazzo\u00a0<\/b>adelant\u00f3 que le hab\u00edan pedido al\u00a0<b>consejo directivo de la CGT\u00a0<\/b>-que se va a reunir hoy a las 10 de la ma\u00f1ana- que se\u00a0<b>arbitren medidas con un cese de actividades y una gran movilizaci\u00f3n\u00a0<\/b>en repudio\u201d.<\/p>\n<p class=\"paragraph\">En la misma l\u00ednea se pronunci\u00f3 otro de los diputados de extracci\u00f3n sindical, Hugo Yasky, quien tambi\u00e9n particip\u00f3 de la foto en el Senado y al igual que su colega diputado y sindicalista adelant\u00f3 que se iba a pedir un paro nacional con movilizaci\u00f3n.<\/p>\n<\/div>\n<\/article>\n<p>&nbsp;<\/p>\n<div class=\"author-image\"><img loading=\"lazy\" decoding=\"async\" class=\"\" src=\"https:\/\/s3.amazonaws.com\/arc-authors\/infobae\/2a73d324-d57f-474f-ba9b-7de0a6cbe4ef.png\" alt=\"David Cay\u00f3n\" width=\"60\" height=\"60\" \/><\/div>\n<div class=\"byline-text-wrapper\">\n<div class=\"authors-name-ctn\">\n<p>Por <a class=\"author-name\" href=\"https:\/\/www.infobae.com\/autor\/david-cayon\" aria-label=\"David Cay\u00f3n\">David Cay\u00f3n<\/a><\/p>\n<\/div>\n<\/div>\n","protected":false},"excerpt":{"rendered":"<p>Los legisladores volvieron al Congreso, luego de la sesi\u00f3n de m\u00e1s temprano, para dar un mensaje conjunto. Tambi\u00e9n participaron diputados y anunciaron que van a convocar a una sesi\u00f3n de repudio<\/p>\n","protected":false},"author":3,"featured_media":0,"comment_status":"closed","ping_status":"closed","sticky":false,"template":"","format":"standard","meta":{"footnotes":""},"categories":[24],"tags":[],"class_list":["post-77114","post","type-post","status-publish","format-standard","hentry","category-politica"],"yoast_head":"<!-- This site is optimized with the Yoast SEO plugin v25.9 - https:\/\/yoast.com\/wordpress\/plugins\/seo\/ -->\n<title>Los senadores del oficialismo y la oposici\u00f3n hicieron una declaraci\u00f3n conjunta en repudio al atentado contra la Vicepresidenta - Noticias Radio Reflejos<\/title>\n<meta name=\"robots\" content=\"index, follow, max-snippet:-1, max-image-preview:large, max-video-preview:-1\" \/>\n<link rel=\"canonical\" href=\"https:\/\/www.noticiasradioreflejos.com.ar\/2021\/los-senadores-del-oficialismo-y-la-oposicion-hicieron-una-declaracion-conjunta-en-repudio-al-atentado-contra-la-vicepresidenta\/\" \/>\n<meta property=\"og:locale\" content=\"es_ES\" \/>\n<meta property=\"og:type\" content=\"article\" \/>\n<meta property=\"og:title\" content=\"Los senadores del oficialismo y la oposici\u00f3n hicieron una declaraci\u00f3n conjunta en repudio al atentado contra la Vicepresidenta - Noticias Radio Reflejos\" \/>\n<meta property=\"og:description\" content=\"Los legisladores volvieron al Congreso, luego de la sesi\u00f3n de m\u00e1s temprano, para dar un mensaje conjunto. Tambi\u00e9n participaron diputados y anunciaron que van a convocar a una sesi\u00f3n de repudio\" \/>\n<meta property=\"og:url\" content=\"https:\/\/www.noticiasradioreflejos.com.ar\/2021\/los-senadores-del-oficialismo-y-la-oposicion-hicieron-una-declaracion-conjunta-en-repudio-al-atentado-contra-la-vicepresidenta\/\" \/>\n<meta property=\"og:site_name\" content=\"Noticias Radio Reflejos\" \/>\n<meta property=\"article:published_time\" content=\"2022-09-02T03:37:01+00:00\" \/>\n<meta property=\"og:image\" content=\"https:\/\/cloudfront-us-east-1.images.arcpublishing.com\/infobae\/R53M37W7EJDR3NVPMOTXUWS6PE.jfif\" \/>\n<meta name=\"author\" content=\"Arnaldo Botto\" \/>\n<meta name=\"twitter:card\" content=\"summary_large_image\" \/>\n<script type=\"application\/ld+json\" class=\"yoast-schema-graph\">{\"@context\":\"https:\/\/schema.org\",\"@graph\":[{\"@type\":\"WebPage\",\"@id\":\"https:\/\/www.noticiasradioreflejos.com.ar\/2021\/los-senadores-del-oficialismo-y-la-oposicion-hicieron-una-declaracion-conjunta-en-repudio-al-atentado-contra-la-vicepresidenta\/\",\"url\":\"https:\/\/www.noticiasradioreflejos.com.ar\/2021\/los-senadores-del-oficialismo-y-la-oposicion-hicieron-una-declaracion-conjunta-en-repudio-al-atentado-contra-la-vicepresidenta\/\",\"name\":\"Los senadores del oficialismo y la oposici\u00f3n hicieron una declaraci\u00f3n conjunta en repudio al atentado contra la Vicepresidenta - Noticias Radio Reflejos\",\"isPartOf\":{\"@id\":\"https:\/\/www.noticiasradioreflejos.com.ar\/2021\/#website\"},\"primaryImageOfPage\":{\"@id\":\"https:\/\/www.noticiasradioreflejos.com.ar\/2021\/los-senadores-del-oficialismo-y-la-oposicion-hicieron-una-declaracion-conjunta-en-repudio-al-atentado-contra-la-vicepresidenta\/#primaryimage\"},\"image\":{\"@id\":\"https:\/\/www.noticiasradioreflejos.com.ar\/2021\/los-senadores-del-oficialismo-y-la-oposicion-hicieron-una-declaracion-conjunta-en-repudio-al-atentado-contra-la-vicepresidenta\/#primaryimage\"},\"thumbnailUrl\":\"https:\/\/cloudfront-us-east-1.images.arcpublishing.com\/infobae\/R53M37W7EJDR3NVPMOTXUWS6PE.jfif\",\"datePublished\":\"2022-09-02T03:37:01+00:00\",\"author\":{\"@id\":\"https:\/\/www.noticiasradioreflejos.com.ar\/2021\/#\/schema\/person\/ad82545263dcc5ec0996818884fd5fb1\"},\"breadcrumb\":{\"@id\":\"https:\/\/www.noticiasradioreflejos.com.ar\/2021\/los-senadores-del-oficialismo-y-la-oposicion-hicieron-una-declaracion-conjunta-en-repudio-al-atentado-contra-la-vicepresidenta\/#breadcrumb\"},\"inLanguage\":\"es\",\"potentialAction\":[{\"@type\":\"ReadAction\",\"target\":[\"https:\/\/www.noticiasradioreflejos.com.ar\/2021\/los-senadores-del-oficialismo-y-la-oposicion-hicieron-una-declaracion-conjunta-en-repudio-al-atentado-contra-la-vicepresidenta\/\"]}]},{\"@type\":\"ImageObject\",\"inLanguage\":\"es\",\"@id\":\"https:\/\/www.noticiasradioreflejos.com.ar\/2021\/los-senadores-del-oficialismo-y-la-oposicion-hicieron-una-declaracion-conjunta-en-repudio-al-atentado-contra-la-vicepresidenta\/#primaryimage\",\"url\":\"https:\/\/cloudfront-us-east-1.images.arcpublishing.com\/infobae\/R53M37W7EJDR3NVPMOTXUWS6PE.jfif\",\"contentUrl\":\"https:\/\/cloudfront-us-east-1.images.arcpublishing.com\/infobae\/R53M37W7EJDR3NVPMOTXUWS6PE.jfif\"},{\"@type\":\"BreadcrumbList\",\"@id\":\"https:\/\/www.noticiasradioreflejos.com.ar\/2021\/los-senadores-del-oficialismo-y-la-oposicion-hicieron-una-declaracion-conjunta-en-repudio-al-atentado-contra-la-vicepresidenta\/#breadcrumb\",\"itemListElement\":[{\"@type\":\"ListItem\",\"position\":1,\"name\":\"Portada\",\"item\":\"https:\/\/www.noticiasradioreflejos.com.ar\/2021\/\"},{\"@type\":\"ListItem\",\"position\":2,\"name\":\"Los senadores del oficialismo y la oposici\u00f3n hicieron una declaraci\u00f3n conjunta en repudio al atentado contra la Vicepresidenta\"}]},{\"@type\":\"WebSite\",\"@id\":\"https:\/\/www.noticiasradioreflejos.com.ar\/2021\/#website\",\"url\":\"https:\/\/www.noticiasradioreflejos.com.ar\/2021\/\",\"name\":\"Noticias Radio Reflejos\",\"description\":\"Las noticias de mi comarca\",\"potentialAction\":[{\"@type\":\"SearchAction\",\"target\":{\"@type\":\"EntryPoint\",\"urlTemplate\":\"https:\/\/www.noticiasradioreflejos.com.ar\/2021\/?s={search_term_string}\"},\"query-input\":{\"@type\":\"PropertyValueSpecification\",\"valueRequired\":true,\"valueName\":\"search_term_string\"}}],\"inLanguage\":\"es\"},{\"@type\":\"Person\",\"@id\":\"https:\/\/www.noticiasradioreflejos.com.ar\/2021\/#\/schema\/person\/ad82545263dcc5ec0996818884fd5fb1\",\"name\":\"Arnaldo Botto\",\"image\":{\"@type\":\"ImageObject\",\"inLanguage\":\"es\",\"@id\":\"https:\/\/www.noticiasradioreflejos.com.ar\/2021\/#\/schema\/person\/image\/\",\"url\":\"https:\/\/secure.gravatar.com\/avatar\/55cb5e37c1efa326397366e6974cb338056df65cb50e7d64d1cf314e87504837?s=96&d=mm&r=g\",\"contentUrl\":\"https:\/\/secure.gravatar.com\/avatar\/55cb5e37c1efa326397366e6974cb338056df65cb50e7d64d1cf314e87504837?s=96&d=mm&r=g\",\"caption\":\"Arnaldo Botto\"},\"url\":\"https:\/\/www.noticiasradioreflejos.com.ar\/2021\/author\/arnaldo\/\"}]}<\/script>\n<!-- \/ Yoast SEO plugin. -->","yoast_head_json":{"title":"Los senadores del oficialismo y la oposici\u00f3n hicieron una declaraci\u00f3n conjunta en repudio al atentado contra la Vicepresidenta - Noticias Radio Reflejos","robots":{"index":"index","follow":"follow","max-snippet":"max-snippet:-1","max-image-preview":"max-image-preview:large","max-video-preview":"max-video-preview:-1"},"canonical":"https:\/\/www.noticiasradioreflejos.com.ar\/2021\/los-senadores-del-oficialismo-y-la-oposicion-hicieron-una-declaracion-conjunta-en-repudio-al-atentado-contra-la-vicepresidenta\/","og_locale":"es_ES","og_type":"article","og_title":"Los senadores del oficialismo y la oposici\u00f3n hicieron una declaraci\u00f3n conjunta en repudio al atentado contra la Vicepresidenta - Noticias Radio Reflejos","og_description":"Los legisladores volvieron al Congreso, luego de la sesi\u00f3n de m\u00e1s temprano, para dar un mensaje conjunto. Tambi\u00e9n participaron diputados y anunciaron que van a convocar a una sesi\u00f3n de repudio","og_url":"https:\/\/www.noticiasradioreflejos.com.ar\/2021\/los-senadores-del-oficialismo-y-la-oposicion-hicieron-una-declaracion-conjunta-en-repudio-al-atentado-contra-la-vicepresidenta\/","og_site_name":"Noticias Radio Reflejos","article_published_time":"2022-09-02T03:37:01+00:00","og_image":[{"url":"https:\/\/cloudfront-us-east-1.images.arcpublishing.com\/infobae\/R53M37W7EJDR3NVPMOTXUWS6PE.jfif","type":"","width":"","height":""}],"author":"Arnaldo Botto","twitter_card":"summary_large_image","schema":{"@context":"https:\/\/schema.org","@graph":[{"@type":"WebPage","@id":"https:\/\/www.noticiasradioreflejos.com.ar\/2021\/los-senadores-del-oficialismo-y-la-oposicion-hicieron-una-declaracion-conjunta-en-repudio-al-atentado-contra-la-vicepresidenta\/","url":"https:\/\/www.noticiasradioreflejos.com.ar\/2021\/los-senadores-del-oficialismo-y-la-oposicion-hicieron-una-declaracion-conjunta-en-repudio-al-atentado-contra-la-vicepresidenta\/","name":"Los senadores del oficialismo y la oposici\u00f3n hicieron una declaraci\u00f3n conjunta en repudio al atentado contra la Vicepresidenta - Noticias Radio Reflejos","isPartOf":{"@id":"https:\/\/www.noticiasradioreflejos.com.ar\/2021\/#website"},"primaryImageOfPage":{"@id":"https:\/\/www.noticiasradioreflejos.com.ar\/2021\/los-senadores-del-oficialismo-y-la-oposicion-hicieron-una-declaracion-conjunta-en-repudio-al-atentado-contra-la-vicepresidenta\/#primaryimage"},"image":{"@id":"https:\/\/www.noticiasradioreflejos.com.ar\/2021\/los-senadores-del-oficialismo-y-la-oposicion-hicieron-una-declaracion-conjunta-en-repudio-al-atentado-contra-la-vicepresidenta\/#primaryimage"},"thumbnailUrl":"https:\/\/cloudfront-us-east-1.images.arcpublishing.com\/infobae\/R53M37W7EJDR3NVPMOTXUWS6PE.jfif","datePublished":"2022-09-02T03:37:01+00:00","author":{"@id":"https:\/\/www.noticiasradioreflejos.com.ar\/2021\/#\/schema\/person\/ad82545263dcc5ec0996818884fd5fb1"},"breadcrumb":{"@id":"https:\/\/www.noticiasradioreflejos.com.ar\/2021\/los-senadores-del-oficialismo-y-la-oposicion-hicieron-una-declaracion-conjunta-en-repudio-al-atentado-contra-la-vicepresidenta\/#breadcrumb"},"inLanguage":"es","potentialAction":[{"@type":"ReadAction","target":["https:\/\/www.noticiasradioreflejos.com.ar\/2021\/los-senadores-del-oficialismo-y-la-oposicion-hicieron-una-declaracion-conjunta-en-repudio-al-atentado-contra-la-vicepresidenta\/"]}]},{"@type":"ImageObject","inLanguage":"es","@id":"https:\/\/www.noticiasradioreflejos.com.ar\/2021\/los-senadores-del-oficialismo-y-la-oposicion-hicieron-una-declaracion-conjunta-en-repudio-al-atentado-contra-la-vicepresidenta\/#primaryimage","url":"https:\/\/cloudfront-us-east-1.images.arcpublishing.com\/infobae\/R53M37W7EJDR3NVPMOTXUWS6PE.jfif","contentUrl":"https:\/\/cloudfront-us-east-1.images.arcpublishing.com\/infobae\/R53M37W7EJDR3NVPMOTXUWS6PE.jfif"},{"@type":"BreadcrumbList","@id":"https:\/\/www.noticiasradioreflejos.com.ar\/2021\/los-senadores-del-oficialismo-y-la-oposicion-hicieron-una-declaracion-conjunta-en-repudio-al-atentado-contra-la-vicepresidenta\/#breadcrumb","itemListElement":[{"@type":"ListItem","position":1,"name":"Portada","item":"https:\/\/www.noticiasradioreflejos.com.ar\/2021\/"},{"@type":"ListItem","position":2,"name":"Los senadores del oficialismo y la oposici\u00f3n hicieron una declaraci\u00f3n conjunta en repudio al atentado contra la Vicepresidenta"}]},{"@type":"WebSite","@id":"https:\/\/www.noticiasradioreflejos.com.ar\/2021\/#website","url":"https:\/\/www.noticiasradioreflejos.com.ar\/2021\/","name":"Noticias Radio Reflejos","description":"Las noticias de mi comarca","potentialAction":[{"@type":"SearchAction","target":{"@type":"EntryPoint","urlTemplate":"https:\/\/www.noticiasradioreflejos.com.ar\/2021\/?s={search_term_string}"},"query-input":{"@type":"PropertyValueSpecification","valueRequired":true,"valueName":"search_term_string"}}],"inLanguage":"es"},{"@type":"Person","@id":"https:\/\/www.noticiasradioreflejos.com.ar\/2021\/#\/schema\/person\/ad82545263dcc5ec0996818884fd5fb1","name":"Arnaldo Botto","image":{"@type":"ImageObject","inLanguage":"es","@id":"https:\/\/www.noticiasradioreflejos.com.ar\/2021\/#\/schema\/person\/image\/","url":"https:\/\/secure.gravatar.com\/avatar\/55cb5e37c1efa326397366e6974cb338056df65cb50e7d64d1cf314e87504837?s=96&d=mm&r=g","contentUrl":"https:\/\/secure.gravatar.com\/avatar\/55cb5e37c1efa326397366e6974cb338056df65cb50e7d64d1cf314e87504837?s=96&d=mm&r=g","caption":"Arnaldo Botto"},"url":"https:\/\/www.noticiasradioreflejos.com.ar\/2021\/author\/arnaldo\/"}]}},"_links":{"self":[{"href":"https:\/\/www.noticiasradioreflejos.com.ar\/2021\/wp-json\/wp\/v2\/posts\/77114","targetHints":{"allow":["GET"]}}],"collection":[{"href":"https:\/\/www.noticiasradioreflejos.com.ar\/2021\/wp-json\/wp\/v2\/posts"}],"about":[{"href":"https:\/\/www.noticiasradioreflejos.com.ar\/2021\/wp-json\/wp\/v2\/types\/post"}],"author":[{"embeddable":true,"href":"https:\/\/www.noticiasradioreflejos.com.ar\/2021\/wp-json\/wp\/v2\/users\/3"}],"replies":[{"embeddable":true,"href":"https:\/\/www.noticiasradioreflejos.com.ar\/2021\/wp-json\/wp\/v2\/comments?post=77114"}],"version-history":[{"count":1,"href":"https:\/\/www.noticiasradioreflejos.com.ar\/2021\/wp-json\/wp\/v2\/posts\/77114\/revisions"}],"predecessor-version":[{"id":77116,"href":"https:\/\/www.noticiasradioreflejos.com.ar\/2021\/wp-json\/wp\/v2\/posts\/77114\/revisions\/77116"}],"wp:attachment":[{"href":"https:\/\/www.noticiasradioreflejos.com.ar\/2021\/wp-json\/wp\/v2\/media?parent=77114"}],"wp:term":[{"taxonomy":"category","embeddable":true,"href":"https:\/\/www.noticiasradioreflejos.com.ar\/2021\/wp-json\/wp\/v2\/categories?post=77114"},{"taxonomy":"post_tag","embeddable":true,"href":"https:\/\/www.noticiasradioreflejos.com.ar\/2021\/wp-json\/wp\/v2\/tags?post=77114"}],"curies":[{"name":"wp","href":"https:\/\/api.w.org\/{rel}","templated":true}]}}