{"id":77082,"date":"2022-09-01T21:21:54","date_gmt":"2022-09-01T21:21:54","guid":{"rendered":"http:\/\/www.noticiasradioreflejos.com.ar\/2021\/?p=77082"},"modified":"2022-09-01T21:21:54","modified_gmt":"2022-09-01T21:21:54","slug":"denunciaron-a-nueve-jueces-por-proteger-a-las-empresas-de-macri","status":"publish","type":"post","link":"https:\/\/www.noticiasradioreflejos.com.ar\/2021\/denunciaron-a-nueve-jueces-por-proteger-a-las-empresas-de-macri\/","title":{"rendered":"Denunciaron a nueve jueces por proteger a las empresas de Macri"},"content":{"rendered":"<p>La presentaci\u00f3n, realizada por el titular de la IGJ, Ricardo Nissen, recae sobre magistrados del fuero Comercial por haber obstaculizado investigaciones a firmas vinculadas al expresidente y a directivos del Grupo Clar\u00edn, entre otras.<!--more--><\/p>\n<figure class=\"mb-3\"><img decoding=\"async\" src=\"https:\/\/www.telam.com.ar\/thumbs\/bluesteel\/advf\/imagenes\/2022\/07\/62d2daab04b00_900.jpg\" alt=\"La IGJ acus a varios jueces por beneficiar con sus fallos a las empresas del expresidente Foto Pepe Mateos\" width=\"100%\" height=\"100%\" \/><\/p>\n<div class=\"media-icons\"><\/div><figcaption>La IGJ acus\u00f3 a varios jueces por beneficiar con sus fallos a las empresas del expresidente \/ Foto: Pepe Mateos.<\/figcaption><\/figure>\n<p>El titular de la Inspecci\u00f3n General de Justicia (IGJ), Ricardo Nissen, denunci\u00f3 ante la Justicia nacional a nueve jueces del fuero Comercial a los que acus\u00f3 de haber obstaculizado investigaciones a empresas vinculadas al expresidente Mauricio Macri y a directivos del Grupo Clar\u00edn, entre otras.<\/p>\n<p>Los jueces fueron acusados de defender y, en ocasiones, asesorar a ciertos integrantes de grupos de poder y\/o econ\u00f3micos, entre los que se encontrar\u00edan\u00a0<strong>Jos\u00e9 Antonio Aranda<\/strong>\u00a0(Grupo Clar\u00edn),\u00a0<strong>Alejandro Jaime Braun Pe\u00f1a<\/strong>\u00a0(pariente del exjefe de Gabinete de Macri, Marcos Pe\u00f1a Braun),\u00a0<strong>Juliana Awada<\/strong>\u00a0(esposa del expresidente),\u00a0<strong>Pablo Clusellas<\/strong>\u00a0(exsecretario Legal T\u00e9cnico de Macri) y el propio\u00a0<strong>Mauricio Macri<\/strong>.<\/p>\n<p>La denuncia penal es contra nueve magistrados de la C\u00e1mara Nacional de Apelaciones en lo Comercial a los que les imput\u00f3 los delitos de\u00a0<strong>\u201cabuso de autoridad; incumplimiento de los deberes de funcionario p\u00fablico; prevaricato; usurpaci\u00f3n de funciones y retardo de justicia\u201d<\/strong>, indicaron a T\u00e9lam fuentes judiciales.<\/p>\n<p>En la denuncia se indic\u00f3 que los jueces denunciados utilizaron el poder jurisdiccional que les fuera conferido en forma contraria al mandato que los alcanza, al\u00a0<strong>boicotear investigaciones promovidas por la IGJ<\/strong>\u00a0que tiene entre sus funciones la de fiscalizamos a las sociedades comerciales con domicilio en la Ciudad de Buenos Aires.<\/p>\n<figure class=\"mb-3\"><img decoding=\"async\" src=\"https:\/\/www.telam.com.ar\/thumbs\/bluesteel\/advf\/imagenes\/2016\/09\/57e2a2e9c251f_900.jpg\" alt=\"La exprimera dama Juliana Awada tambin figura entre los beneficiarios del accionar judicial Foto Archivo\" width=\"100%\" height=\"100%\" \/><\/p>\n<div class=\"media-icons\"><\/div><figcaption>La exprimera dama Juliana Awada tambi\u00e9n figura entre los beneficiarios del accionar judicial \/ Foto: Archivo.<\/figcaption><\/figure>\n<p>La IGJ tambi\u00e9n se dedica a fiscalizar el funcionamiento de las asociaciones civiles, fundaciones, sociedades por acciones y sociedades extranjeras que act\u00faan en suelo porte\u00f1o, control que, en algunos casos, se extiende a todo el pa\u00eds, como en el caso de las sociedades de capitalizaci\u00f3n y ahorro, sobre las cuales la competencia del organismo tiene car\u00e1cter federal.<\/p>\n<p>En la denuncia se se\u00f1alan una serie de\u00a0<strong>maniobras tendientes a lograr que siempre intervengan los mismos jueces de alzada<\/strong>\u00a0quienes, a la postre, adoptan resoluciones siempre favorables a las empresas y grupos econ\u00f3micos fiscalizados por la IGJ.<\/p>\n<p>Se trata de los jueces\u00a0<strong>H\u00e9ctor Chomer, Maria Elsa Uzal, Alfredo Kolliker Frers, Julia Villanueva, Eduardo Mach\u00edn, Pablo Heredia, Miguel Bargallo, \u00c1ngel Sala y Hern\u00e1n Moncla<\/strong>, seg\u00fan detallaron a T\u00e9lam fuentes al tanto de la presentaci\u00f3n judicial.<\/p>\n<p>Los jueces denunciados buscaron siempre limitar la actuaci\u00f3n de IGJ como organismo de control, neutralizar el poder de polic\u00eda de ese organismo, revocar cada una de sus resoluciones y permitir la actuaci\u00f3n de empresas off shore, se\u00f1alaron las fuentes consultadas por esta agencia.<\/p>\n<p>\u201cLejos de actuar como garantes de la legalidad -y de la vigencia de la Constituci\u00f3n Nacional-, la han avasallado, usurpando funciones que no les fueron asignadas, para terminar dictando decisiones que se basan exclusivamente en su mera voluntad, voluntad que est\u00e1 movida por una determinada ideolog\u00eda pol\u00edtica y tal vez otros motivos, igual de mezquinos y todo tipo de subterfugios\u201d, se\u00f1alaron.<\/p>\n","protected":false},"excerpt":{"rendered":"<p>La presentaci\u00f3n, realizada por el titular de la IGJ, Ricardo Nissen, recae sobre magistrados del fuero Comercial por haber obstaculizado investigaciones a firmas vinculadas al expresidente y a directivos del Grupo Clar\u00edn, entre otras.<\/p>\n","protected":false},"author":3,"featured_media":0,"comment_status":"closed","ping_status":"closed","sticky":false,"template":"","format":"standard","meta":{"footnotes":""},"categories":[57,24],"tags":[],"class_list":["post-77082","post","type-post","status-publish","format-standard","hentry","category-judiciales","category-politica"],"yoast_head":"<!-- This site is optimized with the Yoast SEO plugin v25.9 - https:\/\/yoast.com\/wordpress\/plugins\/seo\/ -->\n<title>Denunciaron a nueve jueces por proteger a las empresas de Macri - Noticias Radio Reflejos<\/title>\n<meta name=\"robots\" content=\"index, follow, max-snippet:-1, max-image-preview:large, max-video-preview:-1\" \/>\n<link rel=\"canonical\" href=\"https:\/\/www.noticiasradioreflejos.com.ar\/2021\/denunciaron-a-nueve-jueces-por-proteger-a-las-empresas-de-macri\/\" \/>\n<meta property=\"og:locale\" content=\"es_ES\" \/>\n<meta property=\"og:type\" content=\"article\" \/>\n<meta property=\"og:title\" content=\"Denunciaron a nueve jueces por proteger a las empresas de Macri - Noticias Radio Reflejos\" \/>\n<meta property=\"og:description\" content=\"La presentaci\u00f3n, realizada por el titular de la IGJ, Ricardo Nissen, recae sobre magistrados del fuero Comercial por haber obstaculizado investigaciones a firmas vinculadas al expresidente y a directivos del Grupo Clar\u00edn, entre otras.\" \/>\n<meta property=\"og:url\" content=\"https:\/\/www.noticiasradioreflejos.com.ar\/2021\/denunciaron-a-nueve-jueces-por-proteger-a-las-empresas-de-macri\/\" \/>\n<meta property=\"og:site_name\" content=\"Noticias Radio Reflejos\" \/>\n<meta property=\"article:published_time\" content=\"2022-09-01T21:21:54+00:00\" \/>\n<meta property=\"og:image\" content=\"https:\/\/www.telam.com.ar\/thumbs\/bluesteel\/advf\/imagenes\/2022\/07\/62d2daab04b00_900.jpg\" \/>\n<meta name=\"author\" content=\"Arnaldo Botto\" \/>\n<meta name=\"twitter:card\" content=\"summary_large_image\" \/>\n<script type=\"application\/ld+json\" class=\"yoast-schema-graph\">{\"@context\":\"https:\/\/schema.org\",\"@graph\":[{\"@type\":\"WebPage\",\"@id\":\"https:\/\/www.noticiasradioreflejos.com.ar\/2021\/denunciaron-a-nueve-jueces-por-proteger-a-las-empresas-de-macri\/\",\"url\":\"https:\/\/www.noticiasradioreflejos.com.ar\/2021\/denunciaron-a-nueve-jueces-por-proteger-a-las-empresas-de-macri\/\",\"name\":\"Denunciaron a nueve jueces por proteger a las empresas de Macri - Noticias Radio Reflejos\",\"isPartOf\":{\"@id\":\"https:\/\/www.noticiasradioreflejos.com.ar\/2021\/#website\"},\"primaryImageOfPage\":{\"@id\":\"https:\/\/www.noticiasradioreflejos.com.ar\/2021\/denunciaron-a-nueve-jueces-por-proteger-a-las-empresas-de-macri\/#primaryimage\"},\"image\":{\"@id\":\"https:\/\/www.noticiasradioreflejos.com.ar\/2021\/denunciaron-a-nueve-jueces-por-proteger-a-las-empresas-de-macri\/#primaryimage\"},\"thumbnailUrl\":\"https:\/\/www.telam.com.ar\/thumbs\/bluesteel\/advf\/imagenes\/2022\/07\/62d2daab04b00_900.jpg\",\"datePublished\":\"2022-09-01T21:21:54+00:00\",\"author\":{\"@id\":\"https:\/\/www.noticiasradioreflejos.com.ar\/2021\/#\/schema\/person\/ad82545263dcc5ec0996818884fd5fb1\"},\"breadcrumb\":{\"@id\":\"https:\/\/www.noticiasradioreflejos.com.ar\/2021\/denunciaron-a-nueve-jueces-por-proteger-a-las-empresas-de-macri\/#breadcrumb\"},\"inLanguage\":\"es\",\"potentialAction\":[{\"@type\":\"ReadAction\",\"target\":[\"https:\/\/www.noticiasradioreflejos.com.ar\/2021\/denunciaron-a-nueve-jueces-por-proteger-a-las-empresas-de-macri\/\"]}]},{\"@type\":\"ImageObject\",\"inLanguage\":\"es\",\"@id\":\"https:\/\/www.noticiasradioreflejos.com.ar\/2021\/denunciaron-a-nueve-jueces-por-proteger-a-las-empresas-de-macri\/#primaryimage\",\"url\":\"https:\/\/www.telam.com.ar\/thumbs\/bluesteel\/advf\/imagenes\/2022\/07\/62d2daab04b00_900.jpg\",\"contentUrl\":\"https:\/\/www.telam.com.ar\/thumbs\/bluesteel\/advf\/imagenes\/2022\/07\/62d2daab04b00_900.jpg\"},{\"@type\":\"BreadcrumbList\",\"@id\":\"https:\/\/www.noticiasradioreflejos.com.ar\/2021\/denunciaron-a-nueve-jueces-por-proteger-a-las-empresas-de-macri\/#breadcrumb\",\"itemListElement\":[{\"@type\":\"ListItem\",\"position\":1,\"name\":\"Portada\",\"item\":\"https:\/\/www.noticiasradioreflejos.com.ar\/2021\/\"},{\"@type\":\"ListItem\",\"position\":2,\"name\":\"Denunciaron a nueve jueces por proteger a las empresas de Macri\"}]},{\"@type\":\"WebSite\",\"@id\":\"https:\/\/www.noticiasradioreflejos.com.ar\/2021\/#website\",\"url\":\"https:\/\/www.noticiasradioreflejos.com.ar\/2021\/\",\"name\":\"Noticias Radio Reflejos\",\"description\":\"Las noticias de mi comarca\",\"potentialAction\":[{\"@type\":\"SearchAction\",\"target\":{\"@type\":\"EntryPoint\",\"urlTemplate\":\"https:\/\/www.noticiasradioreflejos.com.ar\/2021\/?s={search_term_string}\"},\"query-input\":{\"@type\":\"PropertyValueSpecification\",\"valueRequired\":true,\"valueName\":\"search_term_string\"}}],\"inLanguage\":\"es\"},{\"@type\":\"Person\",\"@id\":\"https:\/\/www.noticiasradioreflejos.com.ar\/2021\/#\/schema\/person\/ad82545263dcc5ec0996818884fd5fb1\",\"name\":\"Arnaldo Botto\",\"image\":{\"@type\":\"ImageObject\",\"inLanguage\":\"es\",\"@id\":\"https:\/\/www.noticiasradioreflejos.com.ar\/2021\/#\/schema\/person\/image\/\",\"url\":\"https:\/\/secure.gravatar.com\/avatar\/55cb5e37c1efa326397366e6974cb338056df65cb50e7d64d1cf314e87504837?s=96&d=mm&r=g\",\"contentUrl\":\"https:\/\/secure.gravatar.com\/avatar\/55cb5e37c1efa326397366e6974cb338056df65cb50e7d64d1cf314e87504837?s=96&d=mm&r=g\",\"caption\":\"Arnaldo Botto\"},\"url\":\"https:\/\/www.noticiasradioreflejos.com.ar\/2021\/author\/arnaldo\/\"}]}<\/script>\n<!-- \/ Yoast SEO plugin. -->","yoast_head_json":{"title":"Denunciaron a nueve jueces por proteger a las empresas de Macri - Noticias Radio Reflejos","robots":{"index":"index","follow":"follow","max-snippet":"max-snippet:-1","max-image-preview":"max-image-preview:large","max-video-preview":"max-video-preview:-1"},"canonical":"https:\/\/www.noticiasradioreflejos.com.ar\/2021\/denunciaron-a-nueve-jueces-por-proteger-a-las-empresas-de-macri\/","og_locale":"es_ES","og_type":"article","og_title":"Denunciaron a nueve jueces por proteger a las empresas de Macri - Noticias Radio Reflejos","og_description":"La presentaci\u00f3n, realizada por el titular de la IGJ, Ricardo Nissen, recae sobre magistrados del fuero Comercial por haber obstaculizado investigaciones a firmas vinculadas al expresidente y a directivos del Grupo Clar\u00edn, entre otras.","og_url":"https:\/\/www.noticiasradioreflejos.com.ar\/2021\/denunciaron-a-nueve-jueces-por-proteger-a-las-empresas-de-macri\/","og_site_name":"Noticias Radio Reflejos","article_published_time":"2022-09-01T21:21:54+00:00","og_image":[{"url":"https:\/\/www.telam.com.ar\/thumbs\/bluesteel\/advf\/imagenes\/2022\/07\/62d2daab04b00_900.jpg","type":"","width":"","height":""}],"author":"Arnaldo Botto","twitter_card":"summary_large_image","schema":{"@context":"https:\/\/schema.org","@graph":[{"@type":"WebPage","@id":"https:\/\/www.noticiasradioreflejos.com.ar\/2021\/denunciaron-a-nueve-jueces-por-proteger-a-las-empresas-de-macri\/","url":"https:\/\/www.noticiasradioreflejos.com.ar\/2021\/denunciaron-a-nueve-jueces-por-proteger-a-las-empresas-de-macri\/","name":"Denunciaron a nueve jueces por proteger a las empresas de Macri - Noticias Radio Reflejos","isPartOf":{"@id":"https:\/\/www.noticiasradioreflejos.com.ar\/2021\/#website"},"primaryImageOfPage":{"@id":"https:\/\/www.noticiasradioreflejos.com.ar\/2021\/denunciaron-a-nueve-jueces-por-proteger-a-las-empresas-de-macri\/#primaryimage"},"image":{"@id":"https:\/\/www.noticiasradioreflejos.com.ar\/2021\/denunciaron-a-nueve-jueces-por-proteger-a-las-empresas-de-macri\/#primaryimage"},"thumbnailUrl":"https:\/\/www.telam.com.ar\/thumbs\/bluesteel\/advf\/imagenes\/2022\/07\/62d2daab04b00_900.jpg","datePublished":"2022-09-01T21:21:54+00:00","author":{"@id":"https:\/\/www.noticiasradioreflejos.com.ar\/2021\/#\/schema\/person\/ad82545263dcc5ec0996818884fd5fb1"},"breadcrumb":{"@id":"https:\/\/www.noticiasradioreflejos.com.ar\/2021\/denunciaron-a-nueve-jueces-por-proteger-a-las-empresas-de-macri\/#breadcrumb"},"inLanguage":"es","potentialAction":[{"@type":"ReadAction","target":["https:\/\/www.noticiasradioreflejos.com.ar\/2021\/denunciaron-a-nueve-jueces-por-proteger-a-las-empresas-de-macri\/"]}]},{"@type":"ImageObject","inLanguage":"es","@id":"https:\/\/www.noticiasradioreflejos.com.ar\/2021\/denunciaron-a-nueve-jueces-por-proteger-a-las-empresas-de-macri\/#primaryimage","url":"https:\/\/www.telam.com.ar\/thumbs\/bluesteel\/advf\/imagenes\/2022\/07\/62d2daab04b00_900.jpg","contentUrl":"https:\/\/www.telam.com.ar\/thumbs\/bluesteel\/advf\/imagenes\/2022\/07\/62d2daab04b00_900.jpg"},{"@type":"BreadcrumbList","@id":"https:\/\/www.noticiasradioreflejos.com.ar\/2021\/denunciaron-a-nueve-jueces-por-proteger-a-las-empresas-de-macri\/#breadcrumb","itemListElement":[{"@type":"ListItem","position":1,"name":"Portada","item":"https:\/\/www.noticiasradioreflejos.com.ar\/2021\/"},{"@type":"ListItem","position":2,"name":"Denunciaron a nueve jueces por proteger a las empresas de Macri"}]},{"@type":"WebSite","@id":"https:\/\/www.noticiasradioreflejos.com.ar\/2021\/#website","url":"https:\/\/www.noticiasradioreflejos.com.ar\/2021\/","name":"Noticias Radio Reflejos","description":"Las noticias de mi comarca","potentialAction":[{"@type":"SearchAction","target":{"@type":"EntryPoint","urlTemplate":"https:\/\/www.noticiasradioreflejos.com.ar\/2021\/?s={search_term_string}"},"query-input":{"@type":"PropertyValueSpecification","valueRequired":true,"valueName":"search_term_string"}}],"inLanguage":"es"},{"@type":"Person","@id":"https:\/\/www.noticiasradioreflejos.com.ar\/2021\/#\/schema\/person\/ad82545263dcc5ec0996818884fd5fb1","name":"Arnaldo Botto","image":{"@type":"ImageObject","inLanguage":"es","@id":"https:\/\/www.noticiasradioreflejos.com.ar\/2021\/#\/schema\/person\/image\/","url":"https:\/\/secure.gravatar.com\/avatar\/55cb5e37c1efa326397366e6974cb338056df65cb50e7d64d1cf314e87504837?s=96&d=mm&r=g","contentUrl":"https:\/\/secure.gravatar.com\/avatar\/55cb5e37c1efa326397366e6974cb338056df65cb50e7d64d1cf314e87504837?s=96&d=mm&r=g","caption":"Arnaldo Botto"},"url":"https:\/\/www.noticiasradioreflejos.com.ar\/2021\/author\/arnaldo\/"}]}},"_links":{"self":[{"href":"https:\/\/www.noticiasradioreflejos.com.ar\/2021\/wp-json\/wp\/v2\/posts\/77082","targetHints":{"allow":["GET"]}}],"collection":[{"href":"https:\/\/www.noticiasradioreflejos.com.ar\/2021\/wp-json\/wp\/v2\/posts"}],"about":[{"href":"https:\/\/www.noticiasradioreflejos.com.ar\/2021\/wp-json\/wp\/v2\/types\/post"}],"author":[{"embeddable":true,"href":"https:\/\/www.noticiasradioreflejos.com.ar\/2021\/wp-json\/wp\/v2\/users\/3"}],"replies":[{"embeddable":true,"href":"https:\/\/www.noticiasradioreflejos.com.ar\/2021\/wp-json\/wp\/v2\/comments?post=77082"}],"version-history":[{"count":1,"href":"https:\/\/www.noticiasradioreflejos.com.ar\/2021\/wp-json\/wp\/v2\/posts\/77082\/revisions"}],"predecessor-version":[{"id":77083,"href":"https:\/\/www.noticiasradioreflejos.com.ar\/2021\/wp-json\/wp\/v2\/posts\/77082\/revisions\/77083"}],"wp:attachment":[{"href":"https:\/\/www.noticiasradioreflejos.com.ar\/2021\/wp-json\/wp\/v2\/media?parent=77082"}],"wp:term":[{"taxonomy":"category","embeddable":true,"href":"https:\/\/www.noticiasradioreflejos.com.ar\/2021\/wp-json\/wp\/v2\/categories?post=77082"},{"taxonomy":"post_tag","embeddable":true,"href":"https:\/\/www.noticiasradioreflejos.com.ar\/2021\/wp-json\/wp\/v2\/tags?post=77082"}],"curies":[{"name":"wp","href":"https:\/\/api.w.org\/{rel}","templated":true}]}}