{"id":77068,"date":"2022-09-01T17:43:39","date_gmt":"2022-09-01T17:43:39","guid":{"rendered":"http:\/\/www.noticiasradioreflejos.com.ar\/2021\/?p=77068"},"modified":"2022-09-01T17:43:39","modified_gmt":"2022-09-01T17:43:39","slug":"informe-estadistico-enero-agosto-2022-sobre-situaciones-de-violencia-por-razones-de-genero","status":"publish","type":"post","link":"https:\/\/www.noticiasradioreflejos.com.ar\/2021\/informe-estadistico-enero-agosto-2022-sobre-situaciones-de-violencia-por-razones-de-genero\/","title":{"rendered":"Informe estad\u00edstico enero \u2013 agosto 2022 sobre situaciones de Violencia por Razones de G\u00e9nero"},"content":{"rendered":"<p>El \u00e1rea municipal de Violencia por Razones de G\u00e9nero (VPRG), da a conocer los datos estad\u00edsticos del periodo comprendido entre enero y agosto de 2022 del distrito de Tornquist.<!--more--><\/p>\n<p>Durante ese lapso de tiempo, ingresaron 64 situaciones de violencia por razones de g\u00e9nero, que fueron registradas en las dos oficinas que posee el \u00e1rea: Tornquist y Sierra de la Ventana.<\/p>\n<p>Actualmente, hay m\u00e1s de 100 mujeres que est\u00e1n siendo acompa\u00f1adas por los equipos interdisciplinarios, tanto de situaciones de VPRG del presente a\u00f1o como del 2021, desde cuando funciona el \u00e1rea.<\/p>\n<p><a data-flickr-embed=\"true\" href=\"https:\/\/www.flickr.com\/photos\/182279889@N02\/52327515204\/in\/dateposted-public\/\" title=\"Informe Genero 2022 (4)\"><img loading=\"lazy\" decoding=\"async\" src=\"https:\/\/live.staticflickr.com\/65535\/52327515204_cd0b6b7742_c.jpg\" width=\"800\" height=\"800\" alt=\"Informe Genero 2022 (4)\"><\/a><script async src=\"\/\/embedr.flickr.com\/assets\/client-code.js\" charset=\"utf-8\"><\/script><\/p>\n<p>Si bien la cantidad de casos que van ingresando est\u00e1 directamente relacionada a la densidad poblacional de cada localidad, las ciudades que presentaron nuevos casos fueron Tornquist, Villa Ventana, Sierra de la Ventana y Saldungaray.<\/p>\n<p><a data-flickr-embed=\"true\" href=\"https:\/\/www.flickr.com\/photos\/182279889@N02\/52327640055\/in\/dateposted-public\/\" title=\"Informe Genero 2022 (1)\"><img loading=\"lazy\" decoding=\"async\" src=\"https:\/\/live.staticflickr.com\/65535\/52327640055_3662e0120e_c.jpg\" width=\"800\" height=\"800\" alt=\"Informe Genero 2022 (1)\"><\/a><script async src=\"\/\/embedr.flickr.com\/assets\/client-code.js\" charset=\"utf-8\"><\/script><\/p>\n<p>Con respecto al tipo de violencias ejercidas, la psicol\u00f3gica es la principal, seguida por la f\u00edsica y la sexual. Estas, son las m\u00e1s mencionadas por las v\u00edctimas al momento de exponer situaciones de VPRG. Tambi\u00e9n se registraron situaciones de violencia ambiental, espacial, digital, econ\u00f3mica y simb\u00f3lica.<\/p>\n<p><a data-flickr-embed=\"true\" href=\"https:\/\/www.flickr.com\/photos\/182279889@N02\/52326265472\/in\/dateposted-public\/\" title=\"Informe Genero 2022 (3)\"><img loading=\"lazy\" decoding=\"async\" src=\"https:\/\/live.staticflickr.com\/65535\/52326265472_b827d91389_c.jpg\" width=\"800\" height=\"800\" alt=\"Informe Genero 2022 (3)\"><\/a><script async src=\"\/\/embedr.flickr.com\/assets\/client-code.js\" charset=\"utf-8\"><\/script><\/p>\n<p>Las violencias registradas tomaron lugar, mayormente, en el \u00e1mbito dom\u00e9stico. Por lo que, el lugar m\u00e1s inseguro para una mujer contin\u00faa siendo su propio hogar. Tambi\u00e9n, se registraron situaciones de VPRG en el \u00e1mbito laboral, en los medios de comunicaci\u00f3n y en los espacios p\u00fablicos, donde cada vez son m\u00e1s las mujeres que denuncian acoso callejero.<\/p>\n<p><a data-flickr-embed=\"true\" href=\"https:\/\/www.flickr.com\/photos\/182279889@N02\/52327221106\/in\/dateposted-public\/\" title=\"Informe Genero 2022 (2)\"><img loading=\"lazy\" decoding=\"async\" src=\"https:\/\/live.staticflickr.com\/65535\/52327221106_85d1f7bf80_c.jpg\" width=\"800\" height=\"800\" alt=\"Informe Genero 2022 (2)\"><\/a><script async src=\"\/\/embedr.flickr.com\/assets\/client-code.js\" charset=\"utf-8\"><\/script><\/p>\n<p>El mayor porcentaje de Personas que Ejercen Agresi\u00f3n (PEA) est\u00e1 ocupado por la ex pareja y la pareja actual. Sin embargo, puede considerarse PEA a cualquier persona que, en una relaci\u00f3n desigual de poder, ejerce violencia hacia una mujer o una persona LGBTIQ+ por motivos de g\u00e9nero en cualquier \u00e1mbito.<\/p>\n<p>Si sufris violencia por razones de g\u00e9nero o conoces a alguna persona que est\u00e9 en esta situaci\u00f3n, podes comunicarte con nuestro equipo para que te asesoremos sobre qu\u00e9 pod\u00e9s hacer.<br \/>\nTornquist y todo el distrito: 2915759320<br \/>\nSierra de la Ventana y Saldungaray: 2915759315<\/p>\n","protected":false},"excerpt":{"rendered":"<p>El \u00e1rea municipal de Violencia por Razones de G\u00e9nero (VPRG), da a conocer los datos estad\u00edsticos del periodo comprendido entre enero y agosto de 2022 del distrito de Tornquist.<\/p>\n","protected":false},"author":3,"featured_media":28607,"comment_status":"closed","ping_status":"closed","sticky":false,"template":"","format":"standard","meta":{"footnotes":""},"categories":[28],"tags":[],"class_list":["post-77068","post","type-post","status-publish","format-standard","has-post-thumbnail","hentry","category-municipales"],"yoast_head":"<!-- This site is optimized with the Yoast SEO plugin v25.9 - https:\/\/yoast.com\/wordpress\/plugins\/seo\/ -->\n<title>Informe estad\u00edstico enero \u2013 agosto 2022 sobre situaciones de Violencia por Razones de G\u00e9nero - Noticias Radio Reflejos<\/title>\n<meta name=\"robots\" content=\"index, follow, max-snippet:-1, max-image-preview:large, max-video-preview:-1\" \/>\n<link rel=\"canonical\" href=\"https:\/\/www.noticiasradioreflejos.com.ar\/2021\/informe-estadistico-enero-agosto-2022-sobre-situaciones-de-violencia-por-razones-de-genero\/\" \/>\n<meta property=\"og:locale\" content=\"es_ES\" \/>\n<meta property=\"og:type\" content=\"article\" \/>\n<meta property=\"og:title\" content=\"Informe estad\u00edstico enero \u2013 agosto 2022 sobre situaciones de Violencia por Razones de G\u00e9nero - Noticias Radio Reflejos\" \/>\n<meta property=\"og:description\" content=\"El \u00e1rea municipal de Violencia por Razones de G\u00e9nero (VPRG), da a conocer los datos estad\u00edsticos del periodo comprendido entre enero y agosto de 2022 del distrito de Tornquist.\" \/>\n<meta property=\"og:url\" content=\"https:\/\/www.noticiasradioreflejos.com.ar\/2021\/informe-estadistico-enero-agosto-2022-sobre-situaciones-de-violencia-por-razones-de-genero\/\" \/>\n<meta property=\"og:site_name\" content=\"Noticias Radio Reflejos\" \/>\n<meta property=\"article:published_time\" content=\"2022-09-01T17:43:39+00:00\" \/>\n<meta property=\"og:image\" content=\"https:\/\/www.noticiasradioreflejos.com.ar\/2021\/wp-content\/uploads\/2019\/02\/violencia-de-genero.png\" \/>\n\t<meta property=\"og:image:width\" content=\"596\" \/>\n\t<meta property=\"og:image:height\" content=\"321\" \/>\n\t<meta property=\"og:image:type\" content=\"image\/png\" \/>\n<meta name=\"author\" content=\"Arnaldo Botto\" \/>\n<meta name=\"twitter:card\" content=\"summary_large_image\" \/>\n<script type=\"application\/ld+json\" class=\"yoast-schema-graph\">{\"@context\":\"https:\/\/schema.org\",\"@graph\":[{\"@type\":\"WebPage\",\"@id\":\"https:\/\/www.noticiasradioreflejos.com.ar\/2021\/informe-estadistico-enero-agosto-2022-sobre-situaciones-de-violencia-por-razones-de-genero\/\",\"url\":\"https:\/\/www.noticiasradioreflejos.com.ar\/2021\/informe-estadistico-enero-agosto-2022-sobre-situaciones-de-violencia-por-razones-de-genero\/\",\"name\":\"Informe estad\u00edstico enero \u2013 agosto 2022 sobre situaciones de Violencia por Razones de G\u00e9nero - Noticias Radio Reflejos\",\"isPartOf\":{\"@id\":\"https:\/\/www.noticiasradioreflejos.com.ar\/2021\/#website\"},\"primaryImageOfPage\":{\"@id\":\"https:\/\/www.noticiasradioreflejos.com.ar\/2021\/informe-estadistico-enero-agosto-2022-sobre-situaciones-de-violencia-por-razones-de-genero\/#primaryimage\"},\"image\":{\"@id\":\"https:\/\/www.noticiasradioreflejos.com.ar\/2021\/informe-estadistico-enero-agosto-2022-sobre-situaciones-de-violencia-por-razones-de-genero\/#primaryimage\"},\"thumbnailUrl\":\"https:\/\/www.noticiasradioreflejos.com.ar\/2021\/wp-content\/uploads\/2019\/02\/violencia-de-genero.png\",\"datePublished\":\"2022-09-01T17:43:39+00:00\",\"author\":{\"@id\":\"https:\/\/www.noticiasradioreflejos.com.ar\/2021\/#\/schema\/person\/ad82545263dcc5ec0996818884fd5fb1\"},\"breadcrumb\":{\"@id\":\"https:\/\/www.noticiasradioreflejos.com.ar\/2021\/informe-estadistico-enero-agosto-2022-sobre-situaciones-de-violencia-por-razones-de-genero\/#breadcrumb\"},\"inLanguage\":\"es\",\"potentialAction\":[{\"@type\":\"ReadAction\",\"target\":[\"https:\/\/www.noticiasradioreflejos.com.ar\/2021\/informe-estadistico-enero-agosto-2022-sobre-situaciones-de-violencia-por-razones-de-genero\/\"]}]},{\"@type\":\"ImageObject\",\"inLanguage\":\"es\",\"@id\":\"https:\/\/www.noticiasradioreflejos.com.ar\/2021\/informe-estadistico-enero-agosto-2022-sobre-situaciones-de-violencia-por-razones-de-genero\/#primaryimage\",\"url\":\"https:\/\/www.noticiasradioreflejos.com.ar\/2021\/wp-content\/uploads\/2019\/02\/violencia-de-genero.png\",\"contentUrl\":\"https:\/\/www.noticiasradioreflejos.com.ar\/2021\/wp-content\/uploads\/2019\/02\/violencia-de-genero.png\",\"width\":596,\"height\":321},{\"@type\":\"BreadcrumbList\",\"@id\":\"https:\/\/www.noticiasradioreflejos.com.ar\/2021\/informe-estadistico-enero-agosto-2022-sobre-situaciones-de-violencia-por-razones-de-genero\/#breadcrumb\",\"itemListElement\":[{\"@type\":\"ListItem\",\"position\":1,\"name\":\"Portada\",\"item\":\"https:\/\/www.noticiasradioreflejos.com.ar\/2021\/\"},{\"@type\":\"ListItem\",\"position\":2,\"name\":\"Informe estad\u00edstico enero \u2013 agosto 2022 sobre situaciones de Violencia por Razones de G\u00e9nero\"}]},{\"@type\":\"WebSite\",\"@id\":\"https:\/\/www.noticiasradioreflejos.com.ar\/2021\/#website\",\"url\":\"https:\/\/www.noticiasradioreflejos.com.ar\/2021\/\",\"name\":\"Noticias Radio Reflejos\",\"description\":\"Las noticias de mi comarca\",\"potentialAction\":[{\"@type\":\"SearchAction\",\"target\":{\"@type\":\"EntryPoint\",\"urlTemplate\":\"https:\/\/www.noticiasradioreflejos.com.ar\/2021\/?s={search_term_string}\"},\"query-input\":{\"@type\":\"PropertyValueSpecification\",\"valueRequired\":true,\"valueName\":\"search_term_string\"}}],\"inLanguage\":\"es\"},{\"@type\":\"Person\",\"@id\":\"https:\/\/www.noticiasradioreflejos.com.ar\/2021\/#\/schema\/person\/ad82545263dcc5ec0996818884fd5fb1\",\"name\":\"Arnaldo Botto\",\"image\":{\"@type\":\"ImageObject\",\"inLanguage\":\"es\",\"@id\":\"https:\/\/www.noticiasradioreflejos.com.ar\/2021\/#\/schema\/person\/image\/\",\"url\":\"https:\/\/secure.gravatar.com\/avatar\/55cb5e37c1efa326397366e6974cb338056df65cb50e7d64d1cf314e87504837?s=96&d=mm&r=g\",\"contentUrl\":\"https:\/\/secure.gravatar.com\/avatar\/55cb5e37c1efa326397366e6974cb338056df65cb50e7d64d1cf314e87504837?s=96&d=mm&r=g\",\"caption\":\"Arnaldo Botto\"},\"url\":\"https:\/\/www.noticiasradioreflejos.com.ar\/2021\/author\/arnaldo\/\"}]}<\/script>\n<!-- \/ Yoast SEO plugin. -->","yoast_head_json":{"title":"Informe estad\u00edstico enero \u2013 agosto 2022 sobre situaciones de Violencia por Razones de G\u00e9nero - Noticias Radio Reflejos","robots":{"index":"index","follow":"follow","max-snippet":"max-snippet:-1","max-image-preview":"max-image-preview:large","max-video-preview":"max-video-preview:-1"},"canonical":"https:\/\/www.noticiasradioreflejos.com.ar\/2021\/informe-estadistico-enero-agosto-2022-sobre-situaciones-de-violencia-por-razones-de-genero\/","og_locale":"es_ES","og_type":"article","og_title":"Informe estad\u00edstico enero \u2013 agosto 2022 sobre situaciones de Violencia por Razones de G\u00e9nero - Noticias Radio Reflejos","og_description":"El \u00e1rea municipal de Violencia por Razones de G\u00e9nero (VPRG), da a conocer los datos estad\u00edsticos del periodo comprendido entre enero y agosto de 2022 del distrito de Tornquist.","og_url":"https:\/\/www.noticiasradioreflejos.com.ar\/2021\/informe-estadistico-enero-agosto-2022-sobre-situaciones-de-violencia-por-razones-de-genero\/","og_site_name":"Noticias Radio Reflejos","article_published_time":"2022-09-01T17:43:39+00:00","og_image":[{"width":596,"height":321,"url":"https:\/\/www.noticiasradioreflejos.com.ar\/2021\/wp-content\/uploads\/2019\/02\/violencia-de-genero.png","type":"image\/png"}],"author":"Arnaldo Botto","twitter_card":"summary_large_image","schema":{"@context":"https:\/\/schema.org","@graph":[{"@type":"WebPage","@id":"https:\/\/www.noticiasradioreflejos.com.ar\/2021\/informe-estadistico-enero-agosto-2022-sobre-situaciones-de-violencia-por-razones-de-genero\/","url":"https:\/\/www.noticiasradioreflejos.com.ar\/2021\/informe-estadistico-enero-agosto-2022-sobre-situaciones-de-violencia-por-razones-de-genero\/","name":"Informe estad\u00edstico enero \u2013 agosto 2022 sobre situaciones de Violencia por Razones de G\u00e9nero - Noticias Radio Reflejos","isPartOf":{"@id":"https:\/\/www.noticiasradioreflejos.com.ar\/2021\/#website"},"primaryImageOfPage":{"@id":"https:\/\/www.noticiasradioreflejos.com.ar\/2021\/informe-estadistico-enero-agosto-2022-sobre-situaciones-de-violencia-por-razones-de-genero\/#primaryimage"},"image":{"@id":"https:\/\/www.noticiasradioreflejos.com.ar\/2021\/informe-estadistico-enero-agosto-2022-sobre-situaciones-de-violencia-por-razones-de-genero\/#primaryimage"},"thumbnailUrl":"https:\/\/www.noticiasradioreflejos.com.ar\/2021\/wp-content\/uploads\/2019\/02\/violencia-de-genero.png","datePublished":"2022-09-01T17:43:39+00:00","author":{"@id":"https:\/\/www.noticiasradioreflejos.com.ar\/2021\/#\/schema\/person\/ad82545263dcc5ec0996818884fd5fb1"},"breadcrumb":{"@id":"https:\/\/www.noticiasradioreflejos.com.ar\/2021\/informe-estadistico-enero-agosto-2022-sobre-situaciones-de-violencia-por-razones-de-genero\/#breadcrumb"},"inLanguage":"es","potentialAction":[{"@type":"ReadAction","target":["https:\/\/www.noticiasradioreflejos.com.ar\/2021\/informe-estadistico-enero-agosto-2022-sobre-situaciones-de-violencia-por-razones-de-genero\/"]}]},{"@type":"ImageObject","inLanguage":"es","@id":"https:\/\/www.noticiasradioreflejos.com.ar\/2021\/informe-estadistico-enero-agosto-2022-sobre-situaciones-de-violencia-por-razones-de-genero\/#primaryimage","url":"https:\/\/www.noticiasradioreflejos.com.ar\/2021\/wp-content\/uploads\/2019\/02\/violencia-de-genero.png","contentUrl":"https:\/\/www.noticiasradioreflejos.com.ar\/2021\/wp-content\/uploads\/2019\/02\/violencia-de-genero.png","width":596,"height":321},{"@type":"BreadcrumbList","@id":"https:\/\/www.noticiasradioreflejos.com.ar\/2021\/informe-estadistico-enero-agosto-2022-sobre-situaciones-de-violencia-por-razones-de-genero\/#breadcrumb","itemListElement":[{"@type":"ListItem","position":1,"name":"Portada","item":"https:\/\/www.noticiasradioreflejos.com.ar\/2021\/"},{"@type":"ListItem","position":2,"name":"Informe estad\u00edstico enero \u2013 agosto 2022 sobre situaciones de Violencia por Razones de G\u00e9nero"}]},{"@type":"WebSite","@id":"https:\/\/www.noticiasradioreflejos.com.ar\/2021\/#website","url":"https:\/\/www.noticiasradioreflejos.com.ar\/2021\/","name":"Noticias Radio Reflejos","description":"Las noticias de mi comarca","potentialAction":[{"@type":"SearchAction","target":{"@type":"EntryPoint","urlTemplate":"https:\/\/www.noticiasradioreflejos.com.ar\/2021\/?s={search_term_string}"},"query-input":{"@type":"PropertyValueSpecification","valueRequired":true,"valueName":"search_term_string"}}],"inLanguage":"es"},{"@type":"Person","@id":"https:\/\/www.noticiasradioreflejos.com.ar\/2021\/#\/schema\/person\/ad82545263dcc5ec0996818884fd5fb1","name":"Arnaldo Botto","image":{"@type":"ImageObject","inLanguage":"es","@id":"https:\/\/www.noticiasradioreflejos.com.ar\/2021\/#\/schema\/person\/image\/","url":"https:\/\/secure.gravatar.com\/avatar\/55cb5e37c1efa326397366e6974cb338056df65cb50e7d64d1cf314e87504837?s=96&d=mm&r=g","contentUrl":"https:\/\/secure.gravatar.com\/avatar\/55cb5e37c1efa326397366e6974cb338056df65cb50e7d64d1cf314e87504837?s=96&d=mm&r=g","caption":"Arnaldo Botto"},"url":"https:\/\/www.noticiasradioreflejos.com.ar\/2021\/author\/arnaldo\/"}]}},"_links":{"self":[{"href":"https:\/\/www.noticiasradioreflejos.com.ar\/2021\/wp-json\/wp\/v2\/posts\/77068","targetHints":{"allow":["GET"]}}],"collection":[{"href":"https:\/\/www.noticiasradioreflejos.com.ar\/2021\/wp-json\/wp\/v2\/posts"}],"about":[{"href":"https:\/\/www.noticiasradioreflejos.com.ar\/2021\/wp-json\/wp\/v2\/types\/post"}],"author":[{"embeddable":true,"href":"https:\/\/www.noticiasradioreflejos.com.ar\/2021\/wp-json\/wp\/v2\/users\/3"}],"replies":[{"embeddable":true,"href":"https:\/\/www.noticiasradioreflejos.com.ar\/2021\/wp-json\/wp\/v2\/comments?post=77068"}],"version-history":[{"count":1,"href":"https:\/\/www.noticiasradioreflejos.com.ar\/2021\/wp-json\/wp\/v2\/posts\/77068\/revisions"}],"predecessor-version":[{"id":77069,"href":"https:\/\/www.noticiasradioreflejos.com.ar\/2021\/wp-json\/wp\/v2\/posts\/77068\/revisions\/77069"}],"wp:featuredmedia":[{"embeddable":true,"href":"https:\/\/www.noticiasradioreflejos.com.ar\/2021\/wp-json\/wp\/v2\/media\/28607"}],"wp:attachment":[{"href":"https:\/\/www.noticiasradioreflejos.com.ar\/2021\/wp-json\/wp\/v2\/media?parent=77068"}],"wp:term":[{"taxonomy":"category","embeddable":true,"href":"https:\/\/www.noticiasradioreflejos.com.ar\/2021\/wp-json\/wp\/v2\/categories?post=77068"},{"taxonomy":"post_tag","embeddable":true,"href":"https:\/\/www.noticiasradioreflejos.com.ar\/2021\/wp-json\/wp\/v2\/tags?post=77068"}],"curies":[{"name":"wp","href":"https:\/\/api.w.org\/{rel}","templated":true}]}}