{"id":77065,"date":"2022-09-01T17:40:17","date_gmt":"2022-09-01T17:40:17","guid":{"rendered":"http:\/\/www.noticiasradioreflejos.com.ar\/2021\/?p=77065"},"modified":"2022-09-01T17:40:17","modified_gmt":"2022-09-01T17:40:17","slug":"el-municipio-incorporo-una-digitalizadora-de-rayos-para-el-caps-de-saldungaray","status":"publish","type":"post","link":"https:\/\/www.noticiasradioreflejos.com.ar\/2021\/el-municipio-incorporo-una-digitalizadora-de-rayos-para-el-caps-de-saldungaray\/","title":{"rendered":"El municipio incorpor\u00f3 una digitalizadora de rayos para el CAPS de Saldungaray"},"content":{"rendered":"<p>En los \u00faltimos d\u00edas fue puesta en funcionamiento una digitalizadora de Rayos X en el Centro de Atenci\u00f3n Primaria de la Salud (CAPS) \u201cDr. Luis Agote\u201d de Saldungaray.<!--more--><\/p>\n<p><a data-flickr-embed=\"true\" href=\"https:\/\/www.flickr.com\/photos\/182279889@N02\/52327635320\/in\/dateposted-public\/\" title=\"Rayos X Saldungaray (2)\"><img loading=\"lazy\" decoding=\"async\" src=\"https:\/\/live.staticflickr.com\/65535\/52327635320_6cfc8d453d_c.jpg\" width=\"800\" height=\"594\" alt=\"Rayos X Saldungaray (2)\"><\/a><script async src=\"\/\/embedr.flickr.com\/assets\/client-code.js\" charset=\"utf-8\"><\/script><\/p>\n<p>Se trata de una importante incorporaci\u00f3n que permite, entre otros beneficios, mayor eficiencia para el servicio de radiolog\u00eda, mejor nitidez de la imagen y m\u00e1s velocidad del procesamiento y al momento de brindar el diagn\u00f3stico.<\/p>\n<p>Adem\u00e1s, reduce el impacto ecol\u00f3gico, ya que evita los residuos que generan los l\u00edquidos radiol\u00f3gicos, y el econ\u00f3mico, por el ahorro del alto costo de las pel\u00edculas y l\u00edquidos que ya no se utilizar\u00e1n.<\/p>\n<p><a data-flickr-embed=\"true\" href=\"https:\/\/www.flickr.com\/photos\/182279889@N02\/52327635355\/in\/dateposted-public\/\" title=\"Rayos X Saldungaray (3)\"><img loading=\"lazy\" decoding=\"async\" src=\"https:\/\/live.staticflickr.com\/65535\/52327635355_e2487795c8_c.jpg\" width=\"733\" height=\"676\" alt=\"Rayos X Saldungaray (3)\"><\/a><script async src=\"\/\/embedr.flickr.com\/assets\/client-code.js\" charset=\"utf-8\"><\/script><\/p>\n<p>La digitalizadora fue sumada junto a una impresora, el sistema operativo correspondiente y el equipamiento acorde. <\/p>\n<p>Eso permitir\u00e1, adem\u00e1s, contar con los datos en forma en forma digital, como otro paso en el programa Salud Digital Bonaerense, al que el municipio se encuentra adherido.<\/p>\n","protected":false},"excerpt":{"rendered":"<p>En los \u00faltimos d\u00edas fue puesta en funcionamiento una digitalizadora de Rayos X en el Centro de Atenci\u00f3n Primaria de la Salud (CAPS) \u201cDr. Luis Agote\u201d de Saldungaray.<\/p>\n","protected":false},"author":3,"featured_media":0,"comment_status":"closed","ping_status":"closed","sticky":false,"template":"","format":"standard","meta":{"footnotes":""},"categories":[28],"tags":[],"class_list":["post-77065","post","type-post","status-publish","format-standard","hentry","category-municipales"],"yoast_head":"<!-- This site is optimized with the Yoast SEO plugin v25.9 - https:\/\/yoast.com\/wordpress\/plugins\/seo\/ -->\n<title>El municipio incorpor\u00f3 una digitalizadora de rayos para el CAPS de Saldungaray - Noticias Radio Reflejos<\/title>\n<meta name=\"robots\" content=\"index, follow, max-snippet:-1, max-image-preview:large, max-video-preview:-1\" \/>\n<link rel=\"canonical\" href=\"https:\/\/www.noticiasradioreflejos.com.ar\/2021\/el-municipio-incorporo-una-digitalizadora-de-rayos-para-el-caps-de-saldungaray\/\" \/>\n<meta property=\"og:locale\" content=\"es_ES\" \/>\n<meta property=\"og:type\" content=\"article\" \/>\n<meta property=\"og:title\" content=\"El municipio incorpor\u00f3 una digitalizadora de rayos para el CAPS de Saldungaray - Noticias Radio Reflejos\" \/>\n<meta property=\"og:description\" content=\"En los \u00faltimos d\u00edas fue puesta en funcionamiento una digitalizadora de Rayos X en el Centro de Atenci\u00f3n Primaria de la Salud (CAPS) \u201cDr. Luis Agote\u201d de Saldungaray.\" \/>\n<meta property=\"og:url\" content=\"https:\/\/www.noticiasradioreflejos.com.ar\/2021\/el-municipio-incorporo-una-digitalizadora-de-rayos-para-el-caps-de-saldungaray\/\" \/>\n<meta property=\"og:site_name\" content=\"Noticias Radio Reflejos\" \/>\n<meta property=\"article:published_time\" content=\"2022-09-01T17:40:17+00:00\" \/>\n<meta property=\"og:image\" content=\"https:\/\/live.staticflickr.com\/65535\/52327635320_6cfc8d453d_c.jpg\" \/>\n<meta name=\"author\" content=\"Arnaldo Botto\" \/>\n<meta name=\"twitter:card\" content=\"summary_large_image\" \/>\n<script type=\"application\/ld+json\" class=\"yoast-schema-graph\">{\"@context\":\"https:\/\/schema.org\",\"@graph\":[{\"@type\":\"WebPage\",\"@id\":\"https:\/\/www.noticiasradioreflejos.com.ar\/2021\/el-municipio-incorporo-una-digitalizadora-de-rayos-para-el-caps-de-saldungaray\/\",\"url\":\"https:\/\/www.noticiasradioreflejos.com.ar\/2021\/el-municipio-incorporo-una-digitalizadora-de-rayos-para-el-caps-de-saldungaray\/\",\"name\":\"El municipio incorpor\u00f3 una digitalizadora de rayos para el CAPS de Saldungaray - Noticias Radio Reflejos\",\"isPartOf\":{\"@id\":\"https:\/\/www.noticiasradioreflejos.com.ar\/2021\/#website\"},\"primaryImageOfPage\":{\"@id\":\"https:\/\/www.noticiasradioreflejos.com.ar\/2021\/el-municipio-incorporo-una-digitalizadora-de-rayos-para-el-caps-de-saldungaray\/#primaryimage\"},\"image\":{\"@id\":\"https:\/\/www.noticiasradioreflejos.com.ar\/2021\/el-municipio-incorporo-una-digitalizadora-de-rayos-para-el-caps-de-saldungaray\/#primaryimage\"},\"thumbnailUrl\":\"https:\/\/live.staticflickr.com\/65535\/52327635320_6cfc8d453d_c.jpg\",\"datePublished\":\"2022-09-01T17:40:17+00:00\",\"author\":{\"@id\":\"https:\/\/www.noticiasradioreflejos.com.ar\/2021\/#\/schema\/person\/ad82545263dcc5ec0996818884fd5fb1\"},\"breadcrumb\":{\"@id\":\"https:\/\/www.noticiasradioreflejos.com.ar\/2021\/el-municipio-incorporo-una-digitalizadora-de-rayos-para-el-caps-de-saldungaray\/#breadcrumb\"},\"inLanguage\":\"es\",\"potentialAction\":[{\"@type\":\"ReadAction\",\"target\":[\"https:\/\/www.noticiasradioreflejos.com.ar\/2021\/el-municipio-incorporo-una-digitalizadora-de-rayos-para-el-caps-de-saldungaray\/\"]}]},{\"@type\":\"ImageObject\",\"inLanguage\":\"es\",\"@id\":\"https:\/\/www.noticiasradioreflejos.com.ar\/2021\/el-municipio-incorporo-una-digitalizadora-de-rayos-para-el-caps-de-saldungaray\/#primaryimage\",\"url\":\"https:\/\/live.staticflickr.com\/65535\/52327635320_6cfc8d453d_c.jpg\",\"contentUrl\":\"https:\/\/live.staticflickr.com\/65535\/52327635320_6cfc8d453d_c.jpg\"},{\"@type\":\"BreadcrumbList\",\"@id\":\"https:\/\/www.noticiasradioreflejos.com.ar\/2021\/el-municipio-incorporo-una-digitalizadora-de-rayos-para-el-caps-de-saldungaray\/#breadcrumb\",\"itemListElement\":[{\"@type\":\"ListItem\",\"position\":1,\"name\":\"Portada\",\"item\":\"https:\/\/www.noticiasradioreflejos.com.ar\/2021\/\"},{\"@type\":\"ListItem\",\"position\":2,\"name\":\"El municipio incorpor\u00f3 una digitalizadora de rayos para el CAPS de Saldungaray\"}]},{\"@type\":\"WebSite\",\"@id\":\"https:\/\/www.noticiasradioreflejos.com.ar\/2021\/#website\",\"url\":\"https:\/\/www.noticiasradioreflejos.com.ar\/2021\/\",\"name\":\"Noticias Radio Reflejos\",\"description\":\"Las noticias de mi comarca\",\"potentialAction\":[{\"@type\":\"SearchAction\",\"target\":{\"@type\":\"EntryPoint\",\"urlTemplate\":\"https:\/\/www.noticiasradioreflejos.com.ar\/2021\/?s={search_term_string}\"},\"query-input\":{\"@type\":\"PropertyValueSpecification\",\"valueRequired\":true,\"valueName\":\"search_term_string\"}}],\"inLanguage\":\"es\"},{\"@type\":\"Person\",\"@id\":\"https:\/\/www.noticiasradioreflejos.com.ar\/2021\/#\/schema\/person\/ad82545263dcc5ec0996818884fd5fb1\",\"name\":\"Arnaldo Botto\",\"image\":{\"@type\":\"ImageObject\",\"inLanguage\":\"es\",\"@id\":\"https:\/\/www.noticiasradioreflejos.com.ar\/2021\/#\/schema\/person\/image\/\",\"url\":\"https:\/\/secure.gravatar.com\/avatar\/55cb5e37c1efa326397366e6974cb338056df65cb50e7d64d1cf314e87504837?s=96&d=mm&r=g\",\"contentUrl\":\"https:\/\/secure.gravatar.com\/avatar\/55cb5e37c1efa326397366e6974cb338056df65cb50e7d64d1cf314e87504837?s=96&d=mm&r=g\",\"caption\":\"Arnaldo Botto\"},\"url\":\"https:\/\/www.noticiasradioreflejos.com.ar\/2021\/author\/arnaldo\/\"}]}<\/script>\n<!-- \/ Yoast SEO plugin. -->","yoast_head_json":{"title":"El municipio incorpor\u00f3 una digitalizadora de rayos para el CAPS de Saldungaray - Noticias Radio Reflejos","robots":{"index":"index","follow":"follow","max-snippet":"max-snippet:-1","max-image-preview":"max-image-preview:large","max-video-preview":"max-video-preview:-1"},"canonical":"https:\/\/www.noticiasradioreflejos.com.ar\/2021\/el-municipio-incorporo-una-digitalizadora-de-rayos-para-el-caps-de-saldungaray\/","og_locale":"es_ES","og_type":"article","og_title":"El municipio incorpor\u00f3 una digitalizadora de rayos para el CAPS de Saldungaray - Noticias Radio Reflejos","og_description":"En los \u00faltimos d\u00edas fue puesta en funcionamiento una digitalizadora de Rayos X en el Centro de Atenci\u00f3n Primaria de la Salud (CAPS) \u201cDr. Luis Agote\u201d de Saldungaray.","og_url":"https:\/\/www.noticiasradioreflejos.com.ar\/2021\/el-municipio-incorporo-una-digitalizadora-de-rayos-para-el-caps-de-saldungaray\/","og_site_name":"Noticias Radio Reflejos","article_published_time":"2022-09-01T17:40:17+00:00","og_image":[{"url":"https:\/\/live.staticflickr.com\/65535\/52327635320_6cfc8d453d_c.jpg","type":"","width":"","height":""}],"author":"Arnaldo Botto","twitter_card":"summary_large_image","schema":{"@context":"https:\/\/schema.org","@graph":[{"@type":"WebPage","@id":"https:\/\/www.noticiasradioreflejos.com.ar\/2021\/el-municipio-incorporo-una-digitalizadora-de-rayos-para-el-caps-de-saldungaray\/","url":"https:\/\/www.noticiasradioreflejos.com.ar\/2021\/el-municipio-incorporo-una-digitalizadora-de-rayos-para-el-caps-de-saldungaray\/","name":"El municipio incorpor\u00f3 una digitalizadora de rayos para el CAPS de Saldungaray - Noticias Radio Reflejos","isPartOf":{"@id":"https:\/\/www.noticiasradioreflejos.com.ar\/2021\/#website"},"primaryImageOfPage":{"@id":"https:\/\/www.noticiasradioreflejos.com.ar\/2021\/el-municipio-incorporo-una-digitalizadora-de-rayos-para-el-caps-de-saldungaray\/#primaryimage"},"image":{"@id":"https:\/\/www.noticiasradioreflejos.com.ar\/2021\/el-municipio-incorporo-una-digitalizadora-de-rayos-para-el-caps-de-saldungaray\/#primaryimage"},"thumbnailUrl":"https:\/\/live.staticflickr.com\/65535\/52327635320_6cfc8d453d_c.jpg","datePublished":"2022-09-01T17:40:17+00:00","author":{"@id":"https:\/\/www.noticiasradioreflejos.com.ar\/2021\/#\/schema\/person\/ad82545263dcc5ec0996818884fd5fb1"},"breadcrumb":{"@id":"https:\/\/www.noticiasradioreflejos.com.ar\/2021\/el-municipio-incorporo-una-digitalizadora-de-rayos-para-el-caps-de-saldungaray\/#breadcrumb"},"inLanguage":"es","potentialAction":[{"@type":"ReadAction","target":["https:\/\/www.noticiasradioreflejos.com.ar\/2021\/el-municipio-incorporo-una-digitalizadora-de-rayos-para-el-caps-de-saldungaray\/"]}]},{"@type":"ImageObject","inLanguage":"es","@id":"https:\/\/www.noticiasradioreflejos.com.ar\/2021\/el-municipio-incorporo-una-digitalizadora-de-rayos-para-el-caps-de-saldungaray\/#primaryimage","url":"https:\/\/live.staticflickr.com\/65535\/52327635320_6cfc8d453d_c.jpg","contentUrl":"https:\/\/live.staticflickr.com\/65535\/52327635320_6cfc8d453d_c.jpg"},{"@type":"BreadcrumbList","@id":"https:\/\/www.noticiasradioreflejos.com.ar\/2021\/el-municipio-incorporo-una-digitalizadora-de-rayos-para-el-caps-de-saldungaray\/#breadcrumb","itemListElement":[{"@type":"ListItem","position":1,"name":"Portada","item":"https:\/\/www.noticiasradioreflejos.com.ar\/2021\/"},{"@type":"ListItem","position":2,"name":"El municipio incorpor\u00f3 una digitalizadora de rayos para el CAPS de Saldungaray"}]},{"@type":"WebSite","@id":"https:\/\/www.noticiasradioreflejos.com.ar\/2021\/#website","url":"https:\/\/www.noticiasradioreflejos.com.ar\/2021\/","name":"Noticias Radio Reflejos","description":"Las noticias de mi comarca","potentialAction":[{"@type":"SearchAction","target":{"@type":"EntryPoint","urlTemplate":"https:\/\/www.noticiasradioreflejos.com.ar\/2021\/?s={search_term_string}"},"query-input":{"@type":"PropertyValueSpecification","valueRequired":true,"valueName":"search_term_string"}}],"inLanguage":"es"},{"@type":"Person","@id":"https:\/\/www.noticiasradioreflejos.com.ar\/2021\/#\/schema\/person\/ad82545263dcc5ec0996818884fd5fb1","name":"Arnaldo Botto","image":{"@type":"ImageObject","inLanguage":"es","@id":"https:\/\/www.noticiasradioreflejos.com.ar\/2021\/#\/schema\/person\/image\/","url":"https:\/\/secure.gravatar.com\/avatar\/55cb5e37c1efa326397366e6974cb338056df65cb50e7d64d1cf314e87504837?s=96&d=mm&r=g","contentUrl":"https:\/\/secure.gravatar.com\/avatar\/55cb5e37c1efa326397366e6974cb338056df65cb50e7d64d1cf314e87504837?s=96&d=mm&r=g","caption":"Arnaldo Botto"},"url":"https:\/\/www.noticiasradioreflejos.com.ar\/2021\/author\/arnaldo\/"}]}},"_links":{"self":[{"href":"https:\/\/www.noticiasradioreflejos.com.ar\/2021\/wp-json\/wp\/v2\/posts\/77065","targetHints":{"allow":["GET"]}}],"collection":[{"href":"https:\/\/www.noticiasradioreflejos.com.ar\/2021\/wp-json\/wp\/v2\/posts"}],"about":[{"href":"https:\/\/www.noticiasradioreflejos.com.ar\/2021\/wp-json\/wp\/v2\/types\/post"}],"author":[{"embeddable":true,"href":"https:\/\/www.noticiasradioreflejos.com.ar\/2021\/wp-json\/wp\/v2\/users\/3"}],"replies":[{"embeddable":true,"href":"https:\/\/www.noticiasradioreflejos.com.ar\/2021\/wp-json\/wp\/v2\/comments?post=77065"}],"version-history":[{"count":1,"href":"https:\/\/www.noticiasradioreflejos.com.ar\/2021\/wp-json\/wp\/v2\/posts\/77065\/revisions"}],"predecessor-version":[{"id":77067,"href":"https:\/\/www.noticiasradioreflejos.com.ar\/2021\/wp-json\/wp\/v2\/posts\/77065\/revisions\/77067"}],"wp:attachment":[{"href":"https:\/\/www.noticiasradioreflejos.com.ar\/2021\/wp-json\/wp\/v2\/media?parent=77065"}],"wp:term":[{"taxonomy":"category","embeddable":true,"href":"https:\/\/www.noticiasradioreflejos.com.ar\/2021\/wp-json\/wp\/v2\/categories?post=77065"},{"taxonomy":"post_tag","embeddable":true,"href":"https:\/\/www.noticiasradioreflejos.com.ar\/2021\/wp-json\/wp\/v2\/tags?post=77065"}],"curies":[{"name":"wp","href":"https:\/\/api.w.org\/{rel}","templated":true}]}}