{"id":77059,"date":"2022-09-01T11:41:37","date_gmt":"2022-09-01T11:41:37","guid":{"rendered":"http:\/\/www.noticiasradioreflejos.com.ar\/2021\/?p=77059"},"modified":"2022-09-01T11:41:37","modified_gmt":"2022-09-01T11:41:37","slug":"avanza-un-proyecto-para-eximir-de-impuestos-a-los-autos-electricos","status":"publish","type":"post","link":"https:\/\/www.noticiasradioreflejos.com.ar\/2021\/avanza-un-proyecto-para-eximir-de-impuestos-a-los-autos-electricos\/","title":{"rendered":"Avanza un proyecto para eximir de impuestos a los autos el\u00e9ctricos"},"content":{"rendered":"<div class=\"hnoti\">La comisi\u00f3n de Ambiente y Desarrollo Sostenible de la C\u00e1mara de Diputados bonaerense aprob\u00f3 una iniciativa al respecto.<\/div>\n<p><!--more--><\/p>\n<div class=\"text\">\n<p>La comisi\u00f3n de Ambiente y Desarrollo Sostenible de la C\u00e1mara de Diputados bonaerense se reuni\u00f3 este martes en una sesi\u00f3n express para despachar una decena de proyectos de ley, de benepl\u00e1cito y declaraci\u00f3n. Entre el pelot\u00f3n de iniciativas se aprob\u00f3 una que busca eximir de impuestos a los autos el\u00e9ctricos.<\/p>\n<p>Se trata de una propuesta del diputado platense mandato cumplido Diego Rovella que incorpora un inciso al C\u00f3digo Fiscal de la provincia de Buenos Aires para eximir de impuestos a \u201clos veh\u00edculos livianos y pesados autopropulsados por sistemas h\u00edbridos-el\u00e9ctricos\u201d con caracter\u00edsticas originales.<\/p>\n<p>El proyecto para que los autos el\u00e9ctricos no paguen impuestos fue aprobado por unanimidad en el cuerpo parlamentario, sin mayor debate. \u201cEs necesario que existiendo alternativas amigables con el ambiente y el entorno humano, ciudadanos, funcionarios y presentantes del pueblo hagamos el esfuerzo de que cada vez m\u00e1s personas puedan acceder a estas alternativas de consumo energ\u00e9tico\u201d, expresa la iniciativa en sus considerando.<\/p>\n<p>En rigor, la eximici\u00f3n de impuestos para autos el\u00e9ctricos en la provincia de Buenos Aires es una medida que viene esperando el sector. Hasta el momento, hay ocho distritos argentinos (Mendoza, San Luis, Chubut y Santa Fe, la Ciudad de Buenos Aires, la Ciudad de Neuqu\u00e9n, R\u00edo Grande y Ushuaia) en los que rigen ventajas impositivas para los rodados sustentables.<\/p>\n<p>\u201cEs una primer medida, seguramente insuficiente, pero es un primer paso, con el que se demuestra que el Estado est\u00e1 apoyando el desarrollo de estas fuentes alternativas de combustible y de que incentiva el uso de estos veh\u00edculos el\u00e9ctricos\u201d, a\u00f1ade el proyecto de ley.<\/p>\n<p>Otra de las iniciativas que cosech\u00f3 dictamen favorable en la comisi\u00f3n de Ambiente y Desarrollo Sostenible de la C\u00e1mara de Diputados bonaerense es de autor\u00eda del legislador Mart\u00edn Dom\u00ednguez Yelpo, que instituye la semana provincial del medioambiente entre el d\u00eda 1 a 7 de julio de cada a\u00f1o.<\/p>\n<p>El proyecto establece que durante la semana provincial del medioambiente se llevar\u00e1n a cabo acciones para visibilizar y fomentar el cuidado del ambiente en el territorio de la provincia de Buenos Aires, apoy\u00e1ndose en el d\u00eda mundial del medioambiente decretado por la Organizaci\u00f3n de las Naciones Unidas (ONU) en 1972.<\/p>\n<p>Fuente: Diputados Bonaerenses<\/p>\n<\/div>\n<div><img decoding=\"async\" src=\"https:\/\/www.noticiastornquist.com.ar\/imagen.php?imagen=2022-08\/autoselectricosdiputados1068x527.jpg\" \/><\/div>\n","protected":false},"excerpt":{"rendered":"<p>La comisi\u00f3n de Ambiente y Desarrollo Sostenible de la C\u00e1mara de Diputados bonaerense aprob\u00f3 una iniciativa al respecto.<\/p>\n","protected":false},"author":3,"featured_media":0,"comment_status":"closed","ping_status":"closed","sticky":false,"template":"","format":"standard","meta":{"footnotes":""},"categories":[36,58,24],"tags":[],"class_list":["post-77059","post","type-post","status-publish","format-standard","hentry","category-economia","category-gobierno","category-politica"],"yoast_head":"<!-- This site is optimized with the Yoast SEO plugin v25.9 - https:\/\/yoast.com\/wordpress\/plugins\/seo\/ -->\n<title>Avanza un proyecto para eximir de impuestos a los autos el\u00e9ctricos - Noticias Radio Reflejos<\/title>\n<meta name=\"robots\" content=\"index, follow, max-snippet:-1, max-image-preview:large, max-video-preview:-1\" \/>\n<link rel=\"canonical\" href=\"https:\/\/www.noticiasradioreflejos.com.ar\/2021\/avanza-un-proyecto-para-eximir-de-impuestos-a-los-autos-electricos\/\" \/>\n<meta property=\"og:locale\" content=\"es_ES\" \/>\n<meta property=\"og:type\" content=\"article\" \/>\n<meta property=\"og:title\" content=\"Avanza un proyecto para eximir de impuestos a los autos el\u00e9ctricos - Noticias Radio Reflejos\" \/>\n<meta property=\"og:description\" content=\"La comisi\u00f3n de Ambiente y Desarrollo Sostenible de la C\u00e1mara de Diputados bonaerense aprob\u00f3 una iniciativa al respecto.\" \/>\n<meta property=\"og:url\" content=\"https:\/\/www.noticiasradioreflejos.com.ar\/2021\/avanza-un-proyecto-para-eximir-de-impuestos-a-los-autos-electricos\/\" \/>\n<meta property=\"og:site_name\" content=\"Noticias Radio Reflejos\" \/>\n<meta property=\"article:published_time\" content=\"2022-09-01T11:41:37+00:00\" \/>\n<meta property=\"og:image\" content=\"https:\/\/www.noticiastornquist.com.ar\/imagen.php?imagen=2022-08\/autoselectricosdiputados1068x527.jpg\" \/>\n<meta name=\"author\" content=\"Arnaldo Botto\" \/>\n<meta name=\"twitter:card\" content=\"summary_large_image\" \/>\n<script type=\"application\/ld+json\" class=\"yoast-schema-graph\">{\"@context\":\"https:\/\/schema.org\",\"@graph\":[{\"@type\":\"WebPage\",\"@id\":\"https:\/\/www.noticiasradioreflejos.com.ar\/2021\/avanza-un-proyecto-para-eximir-de-impuestos-a-los-autos-electricos\/\",\"url\":\"https:\/\/www.noticiasradioreflejos.com.ar\/2021\/avanza-un-proyecto-para-eximir-de-impuestos-a-los-autos-electricos\/\",\"name\":\"Avanza un proyecto para eximir de impuestos a los autos el\u00e9ctricos - Noticias Radio Reflejos\",\"isPartOf\":{\"@id\":\"https:\/\/www.noticiasradioreflejos.com.ar\/2021\/#website\"},\"primaryImageOfPage\":{\"@id\":\"https:\/\/www.noticiasradioreflejos.com.ar\/2021\/avanza-un-proyecto-para-eximir-de-impuestos-a-los-autos-electricos\/#primaryimage\"},\"image\":{\"@id\":\"https:\/\/www.noticiasradioreflejos.com.ar\/2021\/avanza-un-proyecto-para-eximir-de-impuestos-a-los-autos-electricos\/#primaryimage\"},\"thumbnailUrl\":\"https:\/\/www.noticiastornquist.com.ar\/imagen.php?imagen=2022-08\/autoselectricosdiputados1068x527.jpg\",\"datePublished\":\"2022-09-01T11:41:37+00:00\",\"author\":{\"@id\":\"https:\/\/www.noticiasradioreflejos.com.ar\/2021\/#\/schema\/person\/ad82545263dcc5ec0996818884fd5fb1\"},\"breadcrumb\":{\"@id\":\"https:\/\/www.noticiasradioreflejos.com.ar\/2021\/avanza-un-proyecto-para-eximir-de-impuestos-a-los-autos-electricos\/#breadcrumb\"},\"inLanguage\":\"es\",\"potentialAction\":[{\"@type\":\"ReadAction\",\"target\":[\"https:\/\/www.noticiasradioreflejos.com.ar\/2021\/avanza-un-proyecto-para-eximir-de-impuestos-a-los-autos-electricos\/\"]}]},{\"@type\":\"ImageObject\",\"inLanguage\":\"es\",\"@id\":\"https:\/\/www.noticiasradioreflejos.com.ar\/2021\/avanza-un-proyecto-para-eximir-de-impuestos-a-los-autos-electricos\/#primaryimage\",\"url\":\"https:\/\/www.noticiastornquist.com.ar\/imagen.php?imagen=2022-08\/autoselectricosdiputados1068x527.jpg\",\"contentUrl\":\"https:\/\/www.noticiastornquist.com.ar\/imagen.php?imagen=2022-08\/autoselectricosdiputados1068x527.jpg\"},{\"@type\":\"BreadcrumbList\",\"@id\":\"https:\/\/www.noticiasradioreflejos.com.ar\/2021\/avanza-un-proyecto-para-eximir-de-impuestos-a-los-autos-electricos\/#breadcrumb\",\"itemListElement\":[{\"@type\":\"ListItem\",\"position\":1,\"name\":\"Portada\",\"item\":\"https:\/\/www.noticiasradioreflejos.com.ar\/2021\/\"},{\"@type\":\"ListItem\",\"position\":2,\"name\":\"Avanza un proyecto para eximir de impuestos a los autos el\u00e9ctricos\"}]},{\"@type\":\"WebSite\",\"@id\":\"https:\/\/www.noticiasradioreflejos.com.ar\/2021\/#website\",\"url\":\"https:\/\/www.noticiasradioreflejos.com.ar\/2021\/\",\"name\":\"Noticias Radio Reflejos\",\"description\":\"Las noticias de mi comarca\",\"potentialAction\":[{\"@type\":\"SearchAction\",\"target\":{\"@type\":\"EntryPoint\",\"urlTemplate\":\"https:\/\/www.noticiasradioreflejos.com.ar\/2021\/?s={search_term_string}\"},\"query-input\":{\"@type\":\"PropertyValueSpecification\",\"valueRequired\":true,\"valueName\":\"search_term_string\"}}],\"inLanguage\":\"es\"},{\"@type\":\"Person\",\"@id\":\"https:\/\/www.noticiasradioreflejos.com.ar\/2021\/#\/schema\/person\/ad82545263dcc5ec0996818884fd5fb1\",\"name\":\"Arnaldo Botto\",\"image\":{\"@type\":\"ImageObject\",\"inLanguage\":\"es\",\"@id\":\"https:\/\/www.noticiasradioreflejos.com.ar\/2021\/#\/schema\/person\/image\/\",\"url\":\"https:\/\/secure.gravatar.com\/avatar\/55cb5e37c1efa326397366e6974cb338056df65cb50e7d64d1cf314e87504837?s=96&d=mm&r=g\",\"contentUrl\":\"https:\/\/secure.gravatar.com\/avatar\/55cb5e37c1efa326397366e6974cb338056df65cb50e7d64d1cf314e87504837?s=96&d=mm&r=g\",\"caption\":\"Arnaldo Botto\"},\"url\":\"https:\/\/www.noticiasradioreflejos.com.ar\/2021\/author\/arnaldo\/\"}]}<\/script>\n<!-- \/ Yoast SEO plugin. -->","yoast_head_json":{"title":"Avanza un proyecto para eximir de impuestos a los autos el\u00e9ctricos - Noticias Radio Reflejos","robots":{"index":"index","follow":"follow","max-snippet":"max-snippet:-1","max-image-preview":"max-image-preview:large","max-video-preview":"max-video-preview:-1"},"canonical":"https:\/\/www.noticiasradioreflejos.com.ar\/2021\/avanza-un-proyecto-para-eximir-de-impuestos-a-los-autos-electricos\/","og_locale":"es_ES","og_type":"article","og_title":"Avanza un proyecto para eximir de impuestos a los autos el\u00e9ctricos - Noticias Radio Reflejos","og_description":"La comisi\u00f3n de Ambiente y Desarrollo Sostenible de la C\u00e1mara de Diputados bonaerense aprob\u00f3 una iniciativa al respecto.","og_url":"https:\/\/www.noticiasradioreflejos.com.ar\/2021\/avanza-un-proyecto-para-eximir-de-impuestos-a-los-autos-electricos\/","og_site_name":"Noticias Radio Reflejos","article_published_time":"2022-09-01T11:41:37+00:00","og_image":[{"url":"https:\/\/www.noticiastornquist.com.ar\/imagen.php?imagen=2022-08\/autoselectricosdiputados1068x527.jpg","type":"","width":"","height":""}],"author":"Arnaldo Botto","twitter_card":"summary_large_image","schema":{"@context":"https:\/\/schema.org","@graph":[{"@type":"WebPage","@id":"https:\/\/www.noticiasradioreflejos.com.ar\/2021\/avanza-un-proyecto-para-eximir-de-impuestos-a-los-autos-electricos\/","url":"https:\/\/www.noticiasradioreflejos.com.ar\/2021\/avanza-un-proyecto-para-eximir-de-impuestos-a-los-autos-electricos\/","name":"Avanza un proyecto para eximir de impuestos a los autos el\u00e9ctricos - Noticias Radio Reflejos","isPartOf":{"@id":"https:\/\/www.noticiasradioreflejos.com.ar\/2021\/#website"},"primaryImageOfPage":{"@id":"https:\/\/www.noticiasradioreflejos.com.ar\/2021\/avanza-un-proyecto-para-eximir-de-impuestos-a-los-autos-electricos\/#primaryimage"},"image":{"@id":"https:\/\/www.noticiasradioreflejos.com.ar\/2021\/avanza-un-proyecto-para-eximir-de-impuestos-a-los-autos-electricos\/#primaryimage"},"thumbnailUrl":"https:\/\/www.noticiastornquist.com.ar\/imagen.php?imagen=2022-08\/autoselectricosdiputados1068x527.jpg","datePublished":"2022-09-01T11:41:37+00:00","author":{"@id":"https:\/\/www.noticiasradioreflejos.com.ar\/2021\/#\/schema\/person\/ad82545263dcc5ec0996818884fd5fb1"},"breadcrumb":{"@id":"https:\/\/www.noticiasradioreflejos.com.ar\/2021\/avanza-un-proyecto-para-eximir-de-impuestos-a-los-autos-electricos\/#breadcrumb"},"inLanguage":"es","potentialAction":[{"@type":"ReadAction","target":["https:\/\/www.noticiasradioreflejos.com.ar\/2021\/avanza-un-proyecto-para-eximir-de-impuestos-a-los-autos-electricos\/"]}]},{"@type":"ImageObject","inLanguage":"es","@id":"https:\/\/www.noticiasradioreflejos.com.ar\/2021\/avanza-un-proyecto-para-eximir-de-impuestos-a-los-autos-electricos\/#primaryimage","url":"https:\/\/www.noticiastornquist.com.ar\/imagen.php?imagen=2022-08\/autoselectricosdiputados1068x527.jpg","contentUrl":"https:\/\/www.noticiastornquist.com.ar\/imagen.php?imagen=2022-08\/autoselectricosdiputados1068x527.jpg"},{"@type":"BreadcrumbList","@id":"https:\/\/www.noticiasradioreflejos.com.ar\/2021\/avanza-un-proyecto-para-eximir-de-impuestos-a-los-autos-electricos\/#breadcrumb","itemListElement":[{"@type":"ListItem","position":1,"name":"Portada","item":"https:\/\/www.noticiasradioreflejos.com.ar\/2021\/"},{"@type":"ListItem","position":2,"name":"Avanza un proyecto para eximir de impuestos a los autos el\u00e9ctricos"}]},{"@type":"WebSite","@id":"https:\/\/www.noticiasradioreflejos.com.ar\/2021\/#website","url":"https:\/\/www.noticiasradioreflejos.com.ar\/2021\/","name":"Noticias Radio Reflejos","description":"Las noticias de mi comarca","potentialAction":[{"@type":"SearchAction","target":{"@type":"EntryPoint","urlTemplate":"https:\/\/www.noticiasradioreflejos.com.ar\/2021\/?s={search_term_string}"},"query-input":{"@type":"PropertyValueSpecification","valueRequired":true,"valueName":"search_term_string"}}],"inLanguage":"es"},{"@type":"Person","@id":"https:\/\/www.noticiasradioreflejos.com.ar\/2021\/#\/schema\/person\/ad82545263dcc5ec0996818884fd5fb1","name":"Arnaldo Botto","image":{"@type":"ImageObject","inLanguage":"es","@id":"https:\/\/www.noticiasradioreflejos.com.ar\/2021\/#\/schema\/person\/image\/","url":"https:\/\/secure.gravatar.com\/avatar\/55cb5e37c1efa326397366e6974cb338056df65cb50e7d64d1cf314e87504837?s=96&d=mm&r=g","contentUrl":"https:\/\/secure.gravatar.com\/avatar\/55cb5e37c1efa326397366e6974cb338056df65cb50e7d64d1cf314e87504837?s=96&d=mm&r=g","caption":"Arnaldo Botto"},"url":"https:\/\/www.noticiasradioreflejos.com.ar\/2021\/author\/arnaldo\/"}]}},"_links":{"self":[{"href":"https:\/\/www.noticiasradioreflejos.com.ar\/2021\/wp-json\/wp\/v2\/posts\/77059","targetHints":{"allow":["GET"]}}],"collection":[{"href":"https:\/\/www.noticiasradioreflejos.com.ar\/2021\/wp-json\/wp\/v2\/posts"}],"about":[{"href":"https:\/\/www.noticiasradioreflejos.com.ar\/2021\/wp-json\/wp\/v2\/types\/post"}],"author":[{"embeddable":true,"href":"https:\/\/www.noticiasradioreflejos.com.ar\/2021\/wp-json\/wp\/v2\/users\/3"}],"replies":[{"embeddable":true,"href":"https:\/\/www.noticiasradioreflejos.com.ar\/2021\/wp-json\/wp\/v2\/comments?post=77059"}],"version-history":[{"count":1,"href":"https:\/\/www.noticiasradioreflejos.com.ar\/2021\/wp-json\/wp\/v2\/posts\/77059\/revisions"}],"predecessor-version":[{"id":77061,"href":"https:\/\/www.noticiasradioreflejos.com.ar\/2021\/wp-json\/wp\/v2\/posts\/77059\/revisions\/77061"}],"wp:attachment":[{"href":"https:\/\/www.noticiasradioreflejos.com.ar\/2021\/wp-json\/wp\/v2\/media?parent=77059"}],"wp:term":[{"taxonomy":"category","embeddable":true,"href":"https:\/\/www.noticiasradioreflejos.com.ar\/2021\/wp-json\/wp\/v2\/categories?post=77059"},{"taxonomy":"post_tag","embeddable":true,"href":"https:\/\/www.noticiasradioreflejos.com.ar\/2021\/wp-json\/wp\/v2\/tags?post=77059"}],"curies":[{"name":"wp","href":"https:\/\/api.w.org\/{rel}","templated":true}]}}