{"id":77049,"date":"2022-09-01T11:02:58","date_gmt":"2022-09-01T11:02:58","guid":{"rendered":"http:\/\/www.noticiasradioreflejos.com.ar\/2021\/?p=77049"},"modified":"2022-09-01T11:02:58","modified_gmt":"2022-09-01T11:02:58","slug":"la-afip-presento-una-denuncia-contra-susana-gimenez-por-presunta-evasion-fiscal","status":"publish","type":"post","link":"https:\/\/www.noticiasradioreflejos.com.ar\/2021\/la-afip-presento-una-denuncia-contra-susana-gimenez-por-presunta-evasion-fiscal\/","title":{"rendered":"La AFIP present\u00f3 una denuncia contra Susana Gim\u00e9nez por presunta evasi\u00f3n fiscal"},"content":{"rendered":"<p>El titular del organismo, Carlos Castagneto, confirm\u00f3 la presentaci\u00f3n judicial. La AFIP le reclama a la conductora de TV una deuda de 50 millones de pesos, un monto que por multas e intereses podr\u00eda alcanzar los 300 millones de pesos.<!--more--><\/p>\n<figure class=\"mb-3\"><img decoding=\"async\" src=\"https:\/\/www.telam.com.ar\/thumbs\/bluesteel\/advf\/imagenes\/2020\/05\/5ed111ce864ed_900.jpg\" alt=\"Susana Gimnez Archivo\" width=\"100%\" height=\"100%\" \/><\/p>\n<div class=\"media-icons\"><\/div><figcaption>Susana Gim\u00e9nez. (Archivo).<\/figcaption><\/figure>\n<p>El titular de la Administraci\u00f3n Federal de Ingresos P\u00fablicos (AFIP),\u00a0<strong>Carlos Castagneto<\/strong>, afirm\u00f3 que \u201cninguna ley es confiscatoria ni inconstitucional, lo ha dicho la justicia\u201d, en el marco de la\u00a0<strong>denuncia penal por presunta evasi\u00f3n fiscal que la dependencia oficial realiz\u00f3 contra la conductora de televisi\u00f3n<\/strong>\u00a0Susana Gim\u00e9nez por no presentar la Declaraci\u00f3n Jurada de Bienes Personales del a\u00f1o 2019.<\/p>\n<p><strong>La AFIP reclama a la figura de la TV una deuda de 50 millones de pesos<\/strong>, un monto que por multas e intereses\u00a0<strong>podr\u00eda alcanzar los 300 millones de pesos<\/strong>.<\/p>\n<p>Susana Gim\u00e9nez se neg\u00f3 a presentar las declaraciones juradas de Bienes Personales, planteando que la reforma sancionada por el Congreso a fines de 2019 es de car\u00e1cter \u00abconfiscatoria\u00bb.<\/p>\n<p>Desde la AFIP sostienen que en el caso puntual de Susana Gim\u00e9nez\u00a0<strong>se pudo observar durante el proceso de fiscalizaci\u00f3n del periodo fiscal 2019 (Ganancias y Bienes Personales) una intenci\u00f3n de ocultar su patrimonio con el presunto objetivo de no pagar el Aporte Solidario y Extraordinario creado para ayudar a morigerar los efectos de la pandemia a trav\u00e9s de la ley 27.605<\/strong>.<\/p>\n<p>Castagneto, en una nota con el canal de televisi\u00f3n C5N, precis\u00f3 que la denuncia se encuentra en el Juzgado Penal Econ\u00f3mico n\u00famero 5, a cargo del doctor Diego Amarante.<\/p>\n<p>El funcionario explic\u00f3 el procedimiento que se lleva desde el organismo en estos casos: \u201chay tiempo para presentar la declaraci\u00f3n jurada de Bienes Personales y de Ganancias, y, en el caso de no hacerlo, a los 5 d\u00edas, en forma sist\u00e9mica, se invita a todos los contribuyentes a que hagan la presentaci\u00f3n\u201d.<\/p>\n<p>\u201cEn el caso de no tener respuesta, a los 20 d\u00edas de presentada esta notificaci\u00f3n, se empieza internamente por normativa, una orden de intervenci\u00f3n, la investigaci\u00f3n, y la fiscalizaci\u00f3n del mismo, para determinar una renta presunta\u201d, inform\u00f3 Castagneto.<\/p>\n<p>\u201cEn este caso particular, (Susana Gim\u00e9nez) no ha presentado ni Ganancias ni Bienes Personales desde el a\u00f1o 2019; luego, hizo una presentaci\u00f3n de la declaraci\u00f3n jurada de Ganancias, no la de Bienes Personales, se volvi\u00f3 a tener comunicaci\u00f3n como se hace constantemente, porque el organismo tiene que ser justo y equitativo\u201d, sostuvo el funcionario.<\/p>\n<p>En este sentido, dijo que la conductora de televisi\u00f3n \u201cpresent\u00f3 una medida cautelar que le sali\u00f3 desfavorable, hizo una segunda medida cautelar, que nuevamente le sali\u00f3 desfavorable, y en consecuencia el organismo sigue en esta etapa de fiscalizaci\u00f3n, se determina una renta presunta\u201d.<\/p>\n<p><strong>La figura de la televisi\u00f3n present\u00f3 una cautelar en el marco de una acci\u00f3n declarativa de inconstitucionalidad<\/strong>\u00a0(JNCAF 10 &#8211; Expte 2254\/21) por el incremento de la al\u00edcuota de Bienes Personales de 2019, que fue rechazada por el juzgado.<\/p>\n<p>Susana Gim\u00e9nez apel\u00f3 el pronunciamiento y luego solicit\u00f3 el desistimiento del recurso de apelaci\u00f3n cuando se dicta la resoluci\u00f3n de Determinaci\u00f3n de oficio.<\/p>\n<p>De esta manera, Castagneto explic\u00f3 que \u201cen el caso de esta contribuyente, hizo caso omiso, y dijo que era confiscatorio e inconstitucional una ley y nosotros estamos ac\u00e1 para que se respete la ley\u201d.<\/p>\n<p>En consecuencia, dijo que \u201cluego del tiempo transcurrido y no tener respuesta de la contribuyente se ha hecho la correspondiente denuncia penal\u201d y a\u00f1adi\u00f3 que \u201cninguna ley es confiscatoria ni inconstitucional, no lo digo yo como titular del organismo sino que lo ha dicho la justicia\u201d.<\/p>\n","protected":false},"excerpt":{"rendered":"<p>El titular del organismo, Carlos Castagneto, confirm\u00f3 la presentaci\u00f3n judicial. La AFIP le reclama a la conductora de TV una deuda de 50 millones de pesos, un monto que por multas e intereses podr\u00eda alcanzar los 300 millones de pesos.<\/p>\n","protected":false},"author":3,"featured_media":0,"comment_status":"closed","ping_status":"closed","sticky":false,"template":"","format":"standard","meta":{"footnotes":""},"categories":[58,57,26],"tags":[],"class_list":["post-77049","post","type-post","status-publish","format-standard","hentry","category-gobierno","category-judiciales","category-sociedad"],"yoast_head":"<!-- This site is optimized with the Yoast SEO plugin v25.9 - https:\/\/yoast.com\/wordpress\/plugins\/seo\/ -->\n<title>La AFIP present\u00f3 una denuncia contra Susana Gim\u00e9nez por presunta evasi\u00f3n fiscal - Noticias Radio Reflejos<\/title>\n<meta name=\"robots\" content=\"index, follow, max-snippet:-1, max-image-preview:large, max-video-preview:-1\" \/>\n<link rel=\"canonical\" href=\"https:\/\/www.noticiasradioreflejos.com.ar\/2021\/la-afip-presento-una-denuncia-contra-susana-gimenez-por-presunta-evasion-fiscal\/\" \/>\n<meta property=\"og:locale\" content=\"es_ES\" \/>\n<meta property=\"og:type\" content=\"article\" \/>\n<meta property=\"og:title\" content=\"La AFIP present\u00f3 una denuncia contra Susana Gim\u00e9nez por presunta evasi\u00f3n fiscal - Noticias Radio Reflejos\" \/>\n<meta property=\"og:description\" content=\"El titular del organismo, Carlos Castagneto, confirm\u00f3 la presentaci\u00f3n judicial. La AFIP le reclama a la conductora de TV una deuda de 50 millones de pesos, un monto que por multas e intereses podr\u00eda alcanzar los 300 millones de pesos.\" \/>\n<meta property=\"og:url\" content=\"https:\/\/www.noticiasradioreflejos.com.ar\/2021\/la-afip-presento-una-denuncia-contra-susana-gimenez-por-presunta-evasion-fiscal\/\" \/>\n<meta property=\"og:site_name\" content=\"Noticias Radio Reflejos\" \/>\n<meta property=\"article:published_time\" content=\"2022-09-01T11:02:58+00:00\" \/>\n<meta property=\"og:image\" content=\"https:\/\/www.telam.com.ar\/thumbs\/bluesteel\/advf\/imagenes\/2020\/05\/5ed111ce864ed_900.jpg\" \/>\n<meta name=\"author\" content=\"Arnaldo Botto\" \/>\n<meta name=\"twitter:card\" content=\"summary_large_image\" \/>\n<script type=\"application\/ld+json\" class=\"yoast-schema-graph\">{\"@context\":\"https:\/\/schema.org\",\"@graph\":[{\"@type\":\"WebPage\",\"@id\":\"https:\/\/www.noticiasradioreflejos.com.ar\/2021\/la-afip-presento-una-denuncia-contra-susana-gimenez-por-presunta-evasion-fiscal\/\",\"url\":\"https:\/\/www.noticiasradioreflejos.com.ar\/2021\/la-afip-presento-una-denuncia-contra-susana-gimenez-por-presunta-evasion-fiscal\/\",\"name\":\"La AFIP present\u00f3 una denuncia contra Susana Gim\u00e9nez por presunta evasi\u00f3n fiscal - Noticias Radio Reflejos\",\"isPartOf\":{\"@id\":\"https:\/\/www.noticiasradioreflejos.com.ar\/2021\/#website\"},\"primaryImageOfPage\":{\"@id\":\"https:\/\/www.noticiasradioreflejos.com.ar\/2021\/la-afip-presento-una-denuncia-contra-susana-gimenez-por-presunta-evasion-fiscal\/#primaryimage\"},\"image\":{\"@id\":\"https:\/\/www.noticiasradioreflejos.com.ar\/2021\/la-afip-presento-una-denuncia-contra-susana-gimenez-por-presunta-evasion-fiscal\/#primaryimage\"},\"thumbnailUrl\":\"https:\/\/www.telam.com.ar\/thumbs\/bluesteel\/advf\/imagenes\/2020\/05\/5ed111ce864ed_900.jpg\",\"datePublished\":\"2022-09-01T11:02:58+00:00\",\"author\":{\"@id\":\"https:\/\/www.noticiasradioreflejos.com.ar\/2021\/#\/schema\/person\/ad82545263dcc5ec0996818884fd5fb1\"},\"breadcrumb\":{\"@id\":\"https:\/\/www.noticiasradioreflejos.com.ar\/2021\/la-afip-presento-una-denuncia-contra-susana-gimenez-por-presunta-evasion-fiscal\/#breadcrumb\"},\"inLanguage\":\"es\",\"potentialAction\":[{\"@type\":\"ReadAction\",\"target\":[\"https:\/\/www.noticiasradioreflejos.com.ar\/2021\/la-afip-presento-una-denuncia-contra-susana-gimenez-por-presunta-evasion-fiscal\/\"]}]},{\"@type\":\"ImageObject\",\"inLanguage\":\"es\",\"@id\":\"https:\/\/www.noticiasradioreflejos.com.ar\/2021\/la-afip-presento-una-denuncia-contra-susana-gimenez-por-presunta-evasion-fiscal\/#primaryimage\",\"url\":\"https:\/\/www.telam.com.ar\/thumbs\/bluesteel\/advf\/imagenes\/2020\/05\/5ed111ce864ed_900.jpg\",\"contentUrl\":\"https:\/\/www.telam.com.ar\/thumbs\/bluesteel\/advf\/imagenes\/2020\/05\/5ed111ce864ed_900.jpg\"},{\"@type\":\"BreadcrumbList\",\"@id\":\"https:\/\/www.noticiasradioreflejos.com.ar\/2021\/la-afip-presento-una-denuncia-contra-susana-gimenez-por-presunta-evasion-fiscal\/#breadcrumb\",\"itemListElement\":[{\"@type\":\"ListItem\",\"position\":1,\"name\":\"Portada\",\"item\":\"https:\/\/www.noticiasradioreflejos.com.ar\/2021\/\"},{\"@type\":\"ListItem\",\"position\":2,\"name\":\"La AFIP present\u00f3 una denuncia contra Susana Gim\u00e9nez por presunta evasi\u00f3n fiscal\"}]},{\"@type\":\"WebSite\",\"@id\":\"https:\/\/www.noticiasradioreflejos.com.ar\/2021\/#website\",\"url\":\"https:\/\/www.noticiasradioreflejos.com.ar\/2021\/\",\"name\":\"Noticias Radio Reflejos\",\"description\":\"Las noticias de mi comarca\",\"potentialAction\":[{\"@type\":\"SearchAction\",\"target\":{\"@type\":\"EntryPoint\",\"urlTemplate\":\"https:\/\/www.noticiasradioreflejos.com.ar\/2021\/?s={search_term_string}\"},\"query-input\":{\"@type\":\"PropertyValueSpecification\",\"valueRequired\":true,\"valueName\":\"search_term_string\"}}],\"inLanguage\":\"es\"},{\"@type\":\"Person\",\"@id\":\"https:\/\/www.noticiasradioreflejos.com.ar\/2021\/#\/schema\/person\/ad82545263dcc5ec0996818884fd5fb1\",\"name\":\"Arnaldo Botto\",\"image\":{\"@type\":\"ImageObject\",\"inLanguage\":\"es\",\"@id\":\"https:\/\/www.noticiasradioreflejos.com.ar\/2021\/#\/schema\/person\/image\/\",\"url\":\"https:\/\/secure.gravatar.com\/avatar\/55cb5e37c1efa326397366e6974cb338056df65cb50e7d64d1cf314e87504837?s=96&d=mm&r=g\",\"contentUrl\":\"https:\/\/secure.gravatar.com\/avatar\/55cb5e37c1efa326397366e6974cb338056df65cb50e7d64d1cf314e87504837?s=96&d=mm&r=g\",\"caption\":\"Arnaldo Botto\"},\"url\":\"https:\/\/www.noticiasradioreflejos.com.ar\/2021\/author\/arnaldo\/\"}]}<\/script>\n<!-- \/ Yoast SEO plugin. -->","yoast_head_json":{"title":"La AFIP present\u00f3 una denuncia contra Susana Gim\u00e9nez por presunta evasi\u00f3n fiscal - Noticias Radio Reflejos","robots":{"index":"index","follow":"follow","max-snippet":"max-snippet:-1","max-image-preview":"max-image-preview:large","max-video-preview":"max-video-preview:-1"},"canonical":"https:\/\/www.noticiasradioreflejos.com.ar\/2021\/la-afip-presento-una-denuncia-contra-susana-gimenez-por-presunta-evasion-fiscal\/","og_locale":"es_ES","og_type":"article","og_title":"La AFIP present\u00f3 una denuncia contra Susana Gim\u00e9nez por presunta evasi\u00f3n fiscal - Noticias Radio Reflejos","og_description":"El titular del organismo, Carlos Castagneto, confirm\u00f3 la presentaci\u00f3n judicial. La AFIP le reclama a la conductora de TV una deuda de 50 millones de pesos, un monto que por multas e intereses podr\u00eda alcanzar los 300 millones de pesos.","og_url":"https:\/\/www.noticiasradioreflejos.com.ar\/2021\/la-afip-presento-una-denuncia-contra-susana-gimenez-por-presunta-evasion-fiscal\/","og_site_name":"Noticias Radio Reflejos","article_published_time":"2022-09-01T11:02:58+00:00","og_image":[{"url":"https:\/\/www.telam.com.ar\/thumbs\/bluesteel\/advf\/imagenes\/2020\/05\/5ed111ce864ed_900.jpg","type":"","width":"","height":""}],"author":"Arnaldo Botto","twitter_card":"summary_large_image","schema":{"@context":"https:\/\/schema.org","@graph":[{"@type":"WebPage","@id":"https:\/\/www.noticiasradioreflejos.com.ar\/2021\/la-afip-presento-una-denuncia-contra-susana-gimenez-por-presunta-evasion-fiscal\/","url":"https:\/\/www.noticiasradioreflejos.com.ar\/2021\/la-afip-presento-una-denuncia-contra-susana-gimenez-por-presunta-evasion-fiscal\/","name":"La AFIP present\u00f3 una denuncia contra Susana Gim\u00e9nez por presunta evasi\u00f3n fiscal - Noticias Radio Reflejos","isPartOf":{"@id":"https:\/\/www.noticiasradioreflejos.com.ar\/2021\/#website"},"primaryImageOfPage":{"@id":"https:\/\/www.noticiasradioreflejos.com.ar\/2021\/la-afip-presento-una-denuncia-contra-susana-gimenez-por-presunta-evasion-fiscal\/#primaryimage"},"image":{"@id":"https:\/\/www.noticiasradioreflejos.com.ar\/2021\/la-afip-presento-una-denuncia-contra-susana-gimenez-por-presunta-evasion-fiscal\/#primaryimage"},"thumbnailUrl":"https:\/\/www.telam.com.ar\/thumbs\/bluesteel\/advf\/imagenes\/2020\/05\/5ed111ce864ed_900.jpg","datePublished":"2022-09-01T11:02:58+00:00","author":{"@id":"https:\/\/www.noticiasradioreflejos.com.ar\/2021\/#\/schema\/person\/ad82545263dcc5ec0996818884fd5fb1"},"breadcrumb":{"@id":"https:\/\/www.noticiasradioreflejos.com.ar\/2021\/la-afip-presento-una-denuncia-contra-susana-gimenez-por-presunta-evasion-fiscal\/#breadcrumb"},"inLanguage":"es","potentialAction":[{"@type":"ReadAction","target":["https:\/\/www.noticiasradioreflejos.com.ar\/2021\/la-afip-presento-una-denuncia-contra-susana-gimenez-por-presunta-evasion-fiscal\/"]}]},{"@type":"ImageObject","inLanguage":"es","@id":"https:\/\/www.noticiasradioreflejos.com.ar\/2021\/la-afip-presento-una-denuncia-contra-susana-gimenez-por-presunta-evasion-fiscal\/#primaryimage","url":"https:\/\/www.telam.com.ar\/thumbs\/bluesteel\/advf\/imagenes\/2020\/05\/5ed111ce864ed_900.jpg","contentUrl":"https:\/\/www.telam.com.ar\/thumbs\/bluesteel\/advf\/imagenes\/2020\/05\/5ed111ce864ed_900.jpg"},{"@type":"BreadcrumbList","@id":"https:\/\/www.noticiasradioreflejos.com.ar\/2021\/la-afip-presento-una-denuncia-contra-susana-gimenez-por-presunta-evasion-fiscal\/#breadcrumb","itemListElement":[{"@type":"ListItem","position":1,"name":"Portada","item":"https:\/\/www.noticiasradioreflejos.com.ar\/2021\/"},{"@type":"ListItem","position":2,"name":"La AFIP present\u00f3 una denuncia contra Susana Gim\u00e9nez por presunta evasi\u00f3n fiscal"}]},{"@type":"WebSite","@id":"https:\/\/www.noticiasradioreflejos.com.ar\/2021\/#website","url":"https:\/\/www.noticiasradioreflejos.com.ar\/2021\/","name":"Noticias Radio Reflejos","description":"Las noticias de mi comarca","potentialAction":[{"@type":"SearchAction","target":{"@type":"EntryPoint","urlTemplate":"https:\/\/www.noticiasradioreflejos.com.ar\/2021\/?s={search_term_string}"},"query-input":{"@type":"PropertyValueSpecification","valueRequired":true,"valueName":"search_term_string"}}],"inLanguage":"es"},{"@type":"Person","@id":"https:\/\/www.noticiasradioreflejos.com.ar\/2021\/#\/schema\/person\/ad82545263dcc5ec0996818884fd5fb1","name":"Arnaldo Botto","image":{"@type":"ImageObject","inLanguage":"es","@id":"https:\/\/www.noticiasradioreflejos.com.ar\/2021\/#\/schema\/person\/image\/","url":"https:\/\/secure.gravatar.com\/avatar\/55cb5e37c1efa326397366e6974cb338056df65cb50e7d64d1cf314e87504837?s=96&d=mm&r=g","contentUrl":"https:\/\/secure.gravatar.com\/avatar\/55cb5e37c1efa326397366e6974cb338056df65cb50e7d64d1cf314e87504837?s=96&d=mm&r=g","caption":"Arnaldo Botto"},"url":"https:\/\/www.noticiasradioreflejos.com.ar\/2021\/author\/arnaldo\/"}]}},"_links":{"self":[{"href":"https:\/\/www.noticiasradioreflejos.com.ar\/2021\/wp-json\/wp\/v2\/posts\/77049","targetHints":{"allow":["GET"]}}],"collection":[{"href":"https:\/\/www.noticiasradioreflejos.com.ar\/2021\/wp-json\/wp\/v2\/posts"}],"about":[{"href":"https:\/\/www.noticiasradioreflejos.com.ar\/2021\/wp-json\/wp\/v2\/types\/post"}],"author":[{"embeddable":true,"href":"https:\/\/www.noticiasradioreflejos.com.ar\/2021\/wp-json\/wp\/v2\/users\/3"}],"replies":[{"embeddable":true,"href":"https:\/\/www.noticiasradioreflejos.com.ar\/2021\/wp-json\/wp\/v2\/comments?post=77049"}],"version-history":[{"count":1,"href":"https:\/\/www.noticiasradioreflejos.com.ar\/2021\/wp-json\/wp\/v2\/posts\/77049\/revisions"}],"predecessor-version":[{"id":77051,"href":"https:\/\/www.noticiasradioreflejos.com.ar\/2021\/wp-json\/wp\/v2\/posts\/77049\/revisions\/77051"}],"wp:attachment":[{"href":"https:\/\/www.noticiasradioreflejos.com.ar\/2021\/wp-json\/wp\/v2\/media?parent=77049"}],"wp:term":[{"taxonomy":"category","embeddable":true,"href":"https:\/\/www.noticiasradioreflejos.com.ar\/2021\/wp-json\/wp\/v2\/categories?post=77049"},{"taxonomy":"post_tag","embeddable":true,"href":"https:\/\/www.noticiasradioreflejos.com.ar\/2021\/wp-json\/wp\/v2\/tags?post=77049"}],"curies":[{"name":"wp","href":"https:\/\/api.w.org\/{rel}","templated":true}]}}