{"id":77041,"date":"2022-09-01T10:54:54","date_gmt":"2022-09-01T10:54:54","guid":{"rendered":"http:\/\/www.noticiasradioreflejos.com.ar\/2021\/?p=77041"},"modified":"2022-09-01T10:54:54","modified_gmt":"2022-09-01T10:54:54","slug":"consejo-escolar-trabajos-realizados-durante-el-mes-de-agosto","status":"publish","type":"post","link":"https:\/\/www.noticiasradioreflejos.com.ar\/2021\/consejo-escolar-trabajos-realizados-durante-el-mes-de-agosto\/","title":{"rendered":"Consejo Escolar: trabajos realizados durante el mes de agosto."},"content":{"rendered":"<p>El <strong>Consejo Escolar<\/strong> <strong>de Tornquist<\/strong> informa a la comunidad los trabajos realizados durante el mes de agosto. Dichos trabajos son financiados con <strong>Fondos Presupuestario<\/strong>, <strong>Educativo, Compensador<\/strong> y <strong>PEED<\/strong> (Programa de Emergencia Educativa), en los siguientes establecimientos educativos:<!--more--><\/p>\n<p><strong>SUM Tres Picos: <\/strong>Se realiz\u00f3 el recambio de las puertas por puertas antip\u00e1nico, cumpliendo con la normativa vigente. Se coloc\u00f3 el cerco para la nueva ubicaci\u00f3n del zepel\u00edn de las EP N\u00b03 y JI N\u00b0909 por razones de seguridad. (Fondo Educativo)<\/p>\n<p><strong>EP N\u00b06 Sierra de la Ventana: <\/strong>Se restaur\u00f3, por cuestiones de seguridad, el m\u00e1stil principal del establecimiento. (Fondo Compensador)<\/p>\n<p><strong>JI N\u00b0906 Villa Ventana: <\/strong>Se finaliz\u00f3 la pintura del cielorraso, se colocaron los pisos y z\u00f3calos cer\u00e1micos, se realizan los frisos exteriores y se est\u00e1n colocando las bachas del aula nueva. (Fondos PEED)<\/p>\n<p><strong>ES N\u00b02 Sierra de la Ventana: <\/strong>Se contin\u00faa con el armado de las cabreadas de madera pino Paran\u00e1 para la estructura del techo y se est\u00e1n atornillando las planchuelas met\u00e1licas en el SUM. (Fondos PEED). Se cambiaron dos mingitorios (Fondo Presupuestario)<\/p>\n<p><strong>EP N\u00b027 y JI N\u00b0908 Paraje Sauce Chico: <\/strong>Se realiz\u00f3 la poda de 10 \u00e1rboles de eucalipto por razones de seguridad. (Fondo Presupuestario)<\/p>\n<p><strong>Unidad acad\u00e9mica: <\/strong>Se colocaron las babetas en parte del techo de la instituci\u00f3n. (Fondo Educativo)<\/p>\n<p><strong>ESA N\u00b01 Sede Villa Ventana: <\/strong>Se contin\u00faa con la ejecuci\u00f3n de las cabreadas met\u00e1licas para el techo y la ejecuci\u00f3n de mamposter\u00eda de tanque de reserva. (Fondo PEED) Se compr\u00f3 materiales para la construcci\u00f3n para la reparaci\u00f3n del entorno formativo de avicultura (Fondo Compensador)<\/p>\n<p><strong>EP N\u00b05 Estaci\u00f3n Estomba: <\/strong>Se contin\u00faa con la colocaci\u00f3n de carpinter\u00edas e instalaci\u00f3n el\u00e9ctrica. (Fondo PEED)<\/p>\n<p><strong>EP N\u00b010 Estancia Chica: <\/strong>Se gestion\u00f3 con YPF Gas la incorporaci\u00f3n de un nuevo garraf\u00f3n para aumentar la capacidad.<br \/>\n<a data-flickr-embed=\"true\" href=\"https:\/\/www.flickr.com\/photos\/182279889@N02\/52326777150\/in\/dateposted-public\/\" title=\"Unidad Acad\u00e9mica\"><img loading=\"lazy\" decoding=\"async\" src=\"https:\/\/live.staticflickr.com\/65535\/52326777150_87865af3f4_z.jpg\" width=\"480\" height=\"640\" alt=\"Unidad Acad\u00e9mica\"><\/a><script async src=\"\/\/embedr.flickr.com\/assets\/client-code.js\" charset=\"utf-8\"><\/script><\/p>\n<p><a data-flickr-embed=\"true\" href=\"https:\/\/www.flickr.com\/photos\/182279889@N02\/52326651488\/in\/dateposted-public\/\" title=\"T\u00e9cnica\"><img loading=\"lazy\" decoding=\"async\" src=\"https:\/\/live.staticflickr.com\/65535\/52326651488_963bccffbe_z.jpg\" width=\"480\" height=\"640\" alt=\"T\u00e9cnica\"><\/a><script async src=\"\/\/embedr.flickr.com\/assets\/client-code.js\" charset=\"utf-8\"><\/script><\/p>\n<p><a data-flickr-embed=\"true\" href=\"https:\/\/www.flickr.com\/photos\/182279889@N02\/52326760384\/in\/dateposted-public\/\" title=\"SUM Tres Picos\"><img loading=\"lazy\" decoding=\"async\" src=\"https:\/\/live.staticflickr.com\/65535\/52326760384_86530ff471_z.jpg\" width=\"480\" height=\"640\" alt=\"SUM Tres Picos\"><\/a><script async src=\"\/\/embedr.flickr.com\/assets\/client-code.js\" charset=\"utf-8\"><\/script><\/p>\n<p><a data-flickr-embed=\"true\" href=\"https:\/\/www.flickr.com\/photos\/182279889@N02\/52326410076\/in\/dateposted-public\/\" title=\"JI N\u00b0909 y EP N\u00b03\"><img loading=\"lazy\" decoding=\"async\" src=\"https:\/\/live.staticflickr.com\/65535\/52326410076_d7f6e85b60_z.jpg\" width=\"480\" height=\"640\" alt=\"JI N\u00b0909 y EP N\u00b03\"><\/a><script async src=\"\/\/embedr.flickr.com\/assets\/client-code.js\" charset=\"utf-8\"><\/script><\/p>\n<p><a data-flickr-embed=\"true\" href=\"https:\/\/www.flickr.com\/photos\/182279889@N02\/52325454397\/in\/dateposted-public\/\" title=\"JI 906\"><img loading=\"lazy\" decoding=\"async\" src=\"https:\/\/live.staticflickr.com\/65535\/52325454397_a0cb76c508_z.jpg\" width=\"480\" height=\"640\" alt=\"JI 906\"><\/a><script async src=\"\/\/embedr.flickr.com\/assets\/client-code.js\" charset=\"utf-8\"><\/script><\/p>\n<p><a data-flickr-embed=\"true\" href=\"https:\/\/www.flickr.com\/photos\/182279889@N02\/52326410191\/in\/dateposted-public\/\" title=\"ES 2\"><img loading=\"lazy\" decoding=\"async\" src=\"https:\/\/live.staticflickr.com\/65535\/52326410191_c187166998_z.jpg\" width=\"480\" height=\"640\" alt=\"ES 2\"><\/a><script async src=\"\/\/embedr.flickr.com\/assets\/client-code.js\" charset=\"utf-8\"><\/script><\/p>\n","protected":false},"excerpt":{"rendered":"<p>El Consejo Escolar de Tornquist informa a la comunidad los trabajos realizados durante el mes de agosto. Dichos trabajos son financiados con Fondos Presupuestario, Educativo, Compensador y PEED (Programa de Emergencia Educativa), en los siguientes establecimientos educativos:<\/p>\n","protected":false},"author":3,"featured_media":0,"comment_status":"closed","ping_status":"closed","sticky":false,"template":"","format":"standard","meta":{"footnotes":""},"categories":[34,28],"tags":[],"class_list":["post-77041","post","type-post","status-publish","format-standard","hentry","category-educacion","category-municipales"],"yoast_head":"<!-- This site is optimized with the Yoast SEO plugin v25.9 - https:\/\/yoast.com\/wordpress\/plugins\/seo\/ -->\n<title>Consejo Escolar: trabajos realizados durante el mes de agosto. - Noticias Radio Reflejos<\/title>\n<meta name=\"robots\" content=\"index, follow, max-snippet:-1, max-image-preview:large, max-video-preview:-1\" \/>\n<link rel=\"canonical\" href=\"https:\/\/www.noticiasradioreflejos.com.ar\/2021\/consejo-escolar-trabajos-realizados-durante-el-mes-de-agosto\/\" \/>\n<meta property=\"og:locale\" content=\"es_ES\" \/>\n<meta property=\"og:type\" content=\"article\" \/>\n<meta property=\"og:title\" content=\"Consejo Escolar: trabajos realizados durante el mes de agosto. - Noticias Radio Reflejos\" \/>\n<meta property=\"og:description\" content=\"El Consejo Escolar de Tornquist informa a la comunidad los trabajos realizados durante el mes de agosto. Dichos trabajos son financiados con Fondos Presupuestario, Educativo, Compensador y PEED (Programa de Emergencia Educativa), en los siguientes establecimientos educativos:\" \/>\n<meta property=\"og:url\" content=\"https:\/\/www.noticiasradioreflejos.com.ar\/2021\/consejo-escolar-trabajos-realizados-durante-el-mes-de-agosto\/\" \/>\n<meta property=\"og:site_name\" content=\"Noticias Radio Reflejos\" \/>\n<meta property=\"article:published_time\" content=\"2022-09-01T10:54:54+00:00\" \/>\n<meta property=\"og:image\" content=\"https:\/\/live.staticflickr.com\/65535\/52326777150_87865af3f4_z.jpg\" \/>\n<meta name=\"author\" content=\"Arnaldo Botto\" \/>\n<meta name=\"twitter:card\" content=\"summary_large_image\" \/>\n<script type=\"application\/ld+json\" class=\"yoast-schema-graph\">{\"@context\":\"https:\/\/schema.org\",\"@graph\":[{\"@type\":\"WebPage\",\"@id\":\"https:\/\/www.noticiasradioreflejos.com.ar\/2021\/consejo-escolar-trabajos-realizados-durante-el-mes-de-agosto\/\",\"url\":\"https:\/\/www.noticiasradioreflejos.com.ar\/2021\/consejo-escolar-trabajos-realizados-durante-el-mes-de-agosto\/\",\"name\":\"Consejo Escolar: trabajos realizados durante el mes de agosto. - Noticias Radio Reflejos\",\"isPartOf\":{\"@id\":\"https:\/\/www.noticiasradioreflejos.com.ar\/2021\/#website\"},\"primaryImageOfPage\":{\"@id\":\"https:\/\/www.noticiasradioreflejos.com.ar\/2021\/consejo-escolar-trabajos-realizados-durante-el-mes-de-agosto\/#primaryimage\"},\"image\":{\"@id\":\"https:\/\/www.noticiasradioreflejos.com.ar\/2021\/consejo-escolar-trabajos-realizados-durante-el-mes-de-agosto\/#primaryimage\"},\"thumbnailUrl\":\"https:\/\/live.staticflickr.com\/65535\/52326777150_87865af3f4_z.jpg\",\"datePublished\":\"2022-09-01T10:54:54+00:00\",\"author\":{\"@id\":\"https:\/\/www.noticiasradioreflejos.com.ar\/2021\/#\/schema\/person\/ad82545263dcc5ec0996818884fd5fb1\"},\"breadcrumb\":{\"@id\":\"https:\/\/www.noticiasradioreflejos.com.ar\/2021\/consejo-escolar-trabajos-realizados-durante-el-mes-de-agosto\/#breadcrumb\"},\"inLanguage\":\"es\",\"potentialAction\":[{\"@type\":\"ReadAction\",\"target\":[\"https:\/\/www.noticiasradioreflejos.com.ar\/2021\/consejo-escolar-trabajos-realizados-durante-el-mes-de-agosto\/\"]}]},{\"@type\":\"ImageObject\",\"inLanguage\":\"es\",\"@id\":\"https:\/\/www.noticiasradioreflejos.com.ar\/2021\/consejo-escolar-trabajos-realizados-durante-el-mes-de-agosto\/#primaryimage\",\"url\":\"https:\/\/live.staticflickr.com\/65535\/52326777150_87865af3f4_z.jpg\",\"contentUrl\":\"https:\/\/live.staticflickr.com\/65535\/52326777150_87865af3f4_z.jpg\"},{\"@type\":\"BreadcrumbList\",\"@id\":\"https:\/\/www.noticiasradioreflejos.com.ar\/2021\/consejo-escolar-trabajos-realizados-durante-el-mes-de-agosto\/#breadcrumb\",\"itemListElement\":[{\"@type\":\"ListItem\",\"position\":1,\"name\":\"Portada\",\"item\":\"https:\/\/www.noticiasradioreflejos.com.ar\/2021\/\"},{\"@type\":\"ListItem\",\"position\":2,\"name\":\"Consejo Escolar: trabajos realizados durante el mes de agosto.\"}]},{\"@type\":\"WebSite\",\"@id\":\"https:\/\/www.noticiasradioreflejos.com.ar\/2021\/#website\",\"url\":\"https:\/\/www.noticiasradioreflejos.com.ar\/2021\/\",\"name\":\"Noticias Radio Reflejos\",\"description\":\"Las noticias de mi comarca\",\"potentialAction\":[{\"@type\":\"SearchAction\",\"target\":{\"@type\":\"EntryPoint\",\"urlTemplate\":\"https:\/\/www.noticiasradioreflejos.com.ar\/2021\/?s={search_term_string}\"},\"query-input\":{\"@type\":\"PropertyValueSpecification\",\"valueRequired\":true,\"valueName\":\"search_term_string\"}}],\"inLanguage\":\"es\"},{\"@type\":\"Person\",\"@id\":\"https:\/\/www.noticiasradioreflejos.com.ar\/2021\/#\/schema\/person\/ad82545263dcc5ec0996818884fd5fb1\",\"name\":\"Arnaldo Botto\",\"image\":{\"@type\":\"ImageObject\",\"inLanguage\":\"es\",\"@id\":\"https:\/\/www.noticiasradioreflejos.com.ar\/2021\/#\/schema\/person\/image\/\",\"url\":\"https:\/\/secure.gravatar.com\/avatar\/55cb5e37c1efa326397366e6974cb338056df65cb50e7d64d1cf314e87504837?s=96&d=mm&r=g\",\"contentUrl\":\"https:\/\/secure.gravatar.com\/avatar\/55cb5e37c1efa326397366e6974cb338056df65cb50e7d64d1cf314e87504837?s=96&d=mm&r=g\",\"caption\":\"Arnaldo Botto\"},\"url\":\"https:\/\/www.noticiasradioreflejos.com.ar\/2021\/author\/arnaldo\/\"}]}<\/script>\n<!-- \/ Yoast SEO plugin. -->","yoast_head_json":{"title":"Consejo Escolar: trabajos realizados durante el mes de agosto. - Noticias Radio Reflejos","robots":{"index":"index","follow":"follow","max-snippet":"max-snippet:-1","max-image-preview":"max-image-preview:large","max-video-preview":"max-video-preview:-1"},"canonical":"https:\/\/www.noticiasradioreflejos.com.ar\/2021\/consejo-escolar-trabajos-realizados-durante-el-mes-de-agosto\/","og_locale":"es_ES","og_type":"article","og_title":"Consejo Escolar: trabajos realizados durante el mes de agosto. - Noticias Radio Reflejos","og_description":"El Consejo Escolar de Tornquist informa a la comunidad los trabajos realizados durante el mes de agosto. Dichos trabajos son financiados con Fondos Presupuestario, Educativo, Compensador y PEED (Programa de Emergencia Educativa), en los siguientes establecimientos educativos:","og_url":"https:\/\/www.noticiasradioreflejos.com.ar\/2021\/consejo-escolar-trabajos-realizados-durante-el-mes-de-agosto\/","og_site_name":"Noticias Radio Reflejos","article_published_time":"2022-09-01T10:54:54+00:00","og_image":[{"url":"https:\/\/live.staticflickr.com\/65535\/52326777150_87865af3f4_z.jpg","type":"","width":"","height":""}],"author":"Arnaldo Botto","twitter_card":"summary_large_image","schema":{"@context":"https:\/\/schema.org","@graph":[{"@type":"WebPage","@id":"https:\/\/www.noticiasradioreflejos.com.ar\/2021\/consejo-escolar-trabajos-realizados-durante-el-mes-de-agosto\/","url":"https:\/\/www.noticiasradioreflejos.com.ar\/2021\/consejo-escolar-trabajos-realizados-durante-el-mes-de-agosto\/","name":"Consejo Escolar: trabajos realizados durante el mes de agosto. - Noticias Radio Reflejos","isPartOf":{"@id":"https:\/\/www.noticiasradioreflejos.com.ar\/2021\/#website"},"primaryImageOfPage":{"@id":"https:\/\/www.noticiasradioreflejos.com.ar\/2021\/consejo-escolar-trabajos-realizados-durante-el-mes-de-agosto\/#primaryimage"},"image":{"@id":"https:\/\/www.noticiasradioreflejos.com.ar\/2021\/consejo-escolar-trabajos-realizados-durante-el-mes-de-agosto\/#primaryimage"},"thumbnailUrl":"https:\/\/live.staticflickr.com\/65535\/52326777150_87865af3f4_z.jpg","datePublished":"2022-09-01T10:54:54+00:00","author":{"@id":"https:\/\/www.noticiasradioreflejos.com.ar\/2021\/#\/schema\/person\/ad82545263dcc5ec0996818884fd5fb1"},"breadcrumb":{"@id":"https:\/\/www.noticiasradioreflejos.com.ar\/2021\/consejo-escolar-trabajos-realizados-durante-el-mes-de-agosto\/#breadcrumb"},"inLanguage":"es","potentialAction":[{"@type":"ReadAction","target":["https:\/\/www.noticiasradioreflejos.com.ar\/2021\/consejo-escolar-trabajos-realizados-durante-el-mes-de-agosto\/"]}]},{"@type":"ImageObject","inLanguage":"es","@id":"https:\/\/www.noticiasradioreflejos.com.ar\/2021\/consejo-escolar-trabajos-realizados-durante-el-mes-de-agosto\/#primaryimage","url":"https:\/\/live.staticflickr.com\/65535\/52326777150_87865af3f4_z.jpg","contentUrl":"https:\/\/live.staticflickr.com\/65535\/52326777150_87865af3f4_z.jpg"},{"@type":"BreadcrumbList","@id":"https:\/\/www.noticiasradioreflejos.com.ar\/2021\/consejo-escolar-trabajos-realizados-durante-el-mes-de-agosto\/#breadcrumb","itemListElement":[{"@type":"ListItem","position":1,"name":"Portada","item":"https:\/\/www.noticiasradioreflejos.com.ar\/2021\/"},{"@type":"ListItem","position":2,"name":"Consejo Escolar: trabajos realizados durante el mes de agosto."}]},{"@type":"WebSite","@id":"https:\/\/www.noticiasradioreflejos.com.ar\/2021\/#website","url":"https:\/\/www.noticiasradioreflejos.com.ar\/2021\/","name":"Noticias Radio Reflejos","description":"Las noticias de mi comarca","potentialAction":[{"@type":"SearchAction","target":{"@type":"EntryPoint","urlTemplate":"https:\/\/www.noticiasradioreflejos.com.ar\/2021\/?s={search_term_string}"},"query-input":{"@type":"PropertyValueSpecification","valueRequired":true,"valueName":"search_term_string"}}],"inLanguage":"es"},{"@type":"Person","@id":"https:\/\/www.noticiasradioreflejos.com.ar\/2021\/#\/schema\/person\/ad82545263dcc5ec0996818884fd5fb1","name":"Arnaldo Botto","image":{"@type":"ImageObject","inLanguage":"es","@id":"https:\/\/www.noticiasradioreflejos.com.ar\/2021\/#\/schema\/person\/image\/","url":"https:\/\/secure.gravatar.com\/avatar\/55cb5e37c1efa326397366e6974cb338056df65cb50e7d64d1cf314e87504837?s=96&d=mm&r=g","contentUrl":"https:\/\/secure.gravatar.com\/avatar\/55cb5e37c1efa326397366e6974cb338056df65cb50e7d64d1cf314e87504837?s=96&d=mm&r=g","caption":"Arnaldo Botto"},"url":"https:\/\/www.noticiasradioreflejos.com.ar\/2021\/author\/arnaldo\/"}]}},"_links":{"self":[{"href":"https:\/\/www.noticiasradioreflejos.com.ar\/2021\/wp-json\/wp\/v2\/posts\/77041","targetHints":{"allow":["GET"]}}],"collection":[{"href":"https:\/\/www.noticiasradioreflejos.com.ar\/2021\/wp-json\/wp\/v2\/posts"}],"about":[{"href":"https:\/\/www.noticiasradioreflejos.com.ar\/2021\/wp-json\/wp\/v2\/types\/post"}],"author":[{"embeddable":true,"href":"https:\/\/www.noticiasradioreflejos.com.ar\/2021\/wp-json\/wp\/v2\/users\/3"}],"replies":[{"embeddable":true,"href":"https:\/\/www.noticiasradioreflejos.com.ar\/2021\/wp-json\/wp\/v2\/comments?post=77041"}],"version-history":[{"count":1,"href":"https:\/\/www.noticiasradioreflejos.com.ar\/2021\/wp-json\/wp\/v2\/posts\/77041\/revisions"}],"predecessor-version":[{"id":77043,"href":"https:\/\/www.noticiasradioreflejos.com.ar\/2021\/wp-json\/wp\/v2\/posts\/77041\/revisions\/77043"}],"wp:attachment":[{"href":"https:\/\/www.noticiasradioreflejos.com.ar\/2021\/wp-json\/wp\/v2\/media?parent=77041"}],"wp:term":[{"taxonomy":"category","embeddable":true,"href":"https:\/\/www.noticiasradioreflejos.com.ar\/2021\/wp-json\/wp\/v2\/categories?post=77041"},{"taxonomy":"post_tag","embeddable":true,"href":"https:\/\/www.noticiasradioreflejos.com.ar\/2021\/wp-json\/wp\/v2\/tags?post=77041"}],"curies":[{"name":"wp","href":"https:\/\/api.w.org\/{rel}","templated":true}]}}