{"id":77030,"date":"2022-08-31T19:32:34","date_gmt":"2022-08-31T19:32:34","guid":{"rendered":"http:\/\/www.noticiasradioreflejos.com.ar\/2021\/?p=77030"},"modified":"2022-08-31T19:32:34","modified_gmt":"2022-08-31T19:32:34","slug":"sergio-bordoni-gestiono-mas-obras-de-infraestructura-para-el-distrito","status":"publish","type":"post","link":"https:\/\/www.noticiasradioreflejos.com.ar\/2021\/sergio-bordoni-gestiono-mas-obras-de-infraestructura-para-el-distrito\/","title":{"rendered":"Sergio Bordoni gestion\u00f3 m\u00e1s obras de infraestructura para el distrito"},"content":{"rendered":"<p>Con el objetivo de continuar proyectando obras de infraestructura para las distintas localidades del distrito, el intendente municipal Sergio Bordoni, mantuvo una reuni\u00f3n de trabajo en el Ministerio de Obras P\u00fablicas de la Naci\u00f3n.<!--more--><\/p>\n<p>El jefe comunal fue recibido por Tomas Vanrell, Director Nacional de Arquitectura; con quien convers\u00f3 y analiz\u00f3 la factibilidad de distintos proyectos desarrollados por la Secretaria de Obras y Servicios P\u00fablicos municipal.<\/p>\n<p>En tal sentido el funcionario de la naci\u00f3n, dispuso para la comuna, $60.000.000, que ser\u00e1n destinados a pavimento, puesta en valor de espacios p\u00fablicos de la localidad de Tornquist, y el reacondicionamiento de la Plaza Salerno de Villa Ventana. En esta \u00faltima, se plasmar\u00e1 el proyecto dise\u00f1ado y pensado por vecinos de la localidad, presentado en la segunda edici\u00f3n de presupuesto participativo (2017).<\/p>\n<p>El jefe comunal estuvo acompa\u00f1ado por el Secretario de Obras y Servicios P\u00fablicos, Bruno P\u00e1ez; la Subsecretaria de Infraestructura y Urbanismo, Rosario Moroncini y la Secretaria de Hacienda, Estefania Bordoni.<\/p>\n<p>Estos v\u00ednculos permiten fortalecer las propuestas y proyectos que la gesti\u00f3n de gobierno tiene para desarrollar, con el objetivo de avanzar y continuar transformando el distrito con obras que mejoren la calidad de vida de los vecinos y vecinas.<\/p>\n","protected":false},"excerpt":{"rendered":"<p>Con el objetivo de continuar proyectando obras de infraestructura para las distintas localidades del distrito, el intendente municipal Sergio Bordoni, mantuvo una reuni\u00f3n de trabajo en el Ministerio de Obras P\u00fablicas de la Naci\u00f3n.<\/p>\n","protected":false},"author":3,"featured_media":0,"comment_status":"closed","ping_status":"closed","sticky":false,"template":"","format":"standard","meta":{"footnotes":""},"categories":[58,28,24],"tags":[],"class_list":["post-77030","post","type-post","status-publish","format-standard","hentry","category-gobierno","category-municipales","category-politica"],"yoast_head":"<!-- This site is optimized with the Yoast SEO plugin v25.9 - https:\/\/yoast.com\/wordpress\/plugins\/seo\/ -->\n<title>Sergio Bordoni gestion\u00f3 m\u00e1s obras de infraestructura para el distrito - Noticias Radio Reflejos<\/title>\n<meta name=\"robots\" content=\"index, follow, max-snippet:-1, max-image-preview:large, max-video-preview:-1\" \/>\n<link rel=\"canonical\" href=\"https:\/\/www.noticiasradioreflejos.com.ar\/2021\/sergio-bordoni-gestiono-mas-obras-de-infraestructura-para-el-distrito\/\" \/>\n<meta property=\"og:locale\" content=\"es_ES\" \/>\n<meta property=\"og:type\" content=\"article\" \/>\n<meta property=\"og:title\" content=\"Sergio Bordoni gestion\u00f3 m\u00e1s obras de infraestructura para el distrito - Noticias Radio Reflejos\" \/>\n<meta property=\"og:description\" content=\"Con el objetivo de continuar proyectando obras de infraestructura para las distintas localidades del distrito, el intendente municipal Sergio Bordoni, mantuvo una reuni\u00f3n de trabajo en el Ministerio de Obras P\u00fablicas de la Naci\u00f3n.\" \/>\n<meta property=\"og:url\" content=\"https:\/\/www.noticiasradioreflejos.com.ar\/2021\/sergio-bordoni-gestiono-mas-obras-de-infraestructura-para-el-distrito\/\" \/>\n<meta property=\"og:site_name\" content=\"Noticias Radio Reflejos\" \/>\n<meta property=\"article:published_time\" content=\"2022-08-31T19:32:34+00:00\" \/>\n<meta property=\"og:image\" content=\"https:\/\/www.noticiasradioreflejos.com.ar\/2021\/wp-content\/uploads\/2021\/07\/logosol300x200.png\" \/>\n\t<meta property=\"og:image:width\" content=\"300\" \/>\n\t<meta property=\"og:image:height\" content=\"200\" \/>\n\t<meta property=\"og:image:type\" content=\"image\/png\" \/>\n<meta name=\"author\" content=\"Arnaldo Botto\" \/>\n<meta name=\"twitter:card\" content=\"summary_large_image\" \/>\n<script type=\"application\/ld+json\" class=\"yoast-schema-graph\">{\"@context\":\"https:\/\/schema.org\",\"@graph\":[{\"@type\":\"WebPage\",\"@id\":\"https:\/\/www.noticiasradioreflejos.com.ar\/2021\/sergio-bordoni-gestiono-mas-obras-de-infraestructura-para-el-distrito\/\",\"url\":\"https:\/\/www.noticiasradioreflejos.com.ar\/2021\/sergio-bordoni-gestiono-mas-obras-de-infraestructura-para-el-distrito\/\",\"name\":\"Sergio Bordoni gestion\u00f3 m\u00e1s obras de infraestructura para el distrito - Noticias Radio Reflejos\",\"isPartOf\":{\"@id\":\"https:\/\/www.noticiasradioreflejos.com.ar\/2021\/#website\"},\"datePublished\":\"2022-08-31T19:32:34+00:00\",\"author\":{\"@id\":\"https:\/\/www.noticiasradioreflejos.com.ar\/2021\/#\/schema\/person\/ad82545263dcc5ec0996818884fd5fb1\"},\"breadcrumb\":{\"@id\":\"https:\/\/www.noticiasradioreflejos.com.ar\/2021\/sergio-bordoni-gestiono-mas-obras-de-infraestructura-para-el-distrito\/#breadcrumb\"},\"inLanguage\":\"es\",\"potentialAction\":[{\"@type\":\"ReadAction\",\"target\":[\"https:\/\/www.noticiasradioreflejos.com.ar\/2021\/sergio-bordoni-gestiono-mas-obras-de-infraestructura-para-el-distrito\/\"]}]},{\"@type\":\"BreadcrumbList\",\"@id\":\"https:\/\/www.noticiasradioreflejos.com.ar\/2021\/sergio-bordoni-gestiono-mas-obras-de-infraestructura-para-el-distrito\/#breadcrumb\",\"itemListElement\":[{\"@type\":\"ListItem\",\"position\":1,\"name\":\"Portada\",\"item\":\"https:\/\/www.noticiasradioreflejos.com.ar\/2021\/\"},{\"@type\":\"ListItem\",\"position\":2,\"name\":\"Sergio Bordoni gestion\u00f3 m\u00e1s obras de infraestructura para el distrito\"}]},{\"@type\":\"WebSite\",\"@id\":\"https:\/\/www.noticiasradioreflejos.com.ar\/2021\/#website\",\"url\":\"https:\/\/www.noticiasradioreflejos.com.ar\/2021\/\",\"name\":\"Noticias Radio Reflejos\",\"description\":\"Las noticias de mi comarca\",\"potentialAction\":[{\"@type\":\"SearchAction\",\"target\":{\"@type\":\"EntryPoint\",\"urlTemplate\":\"https:\/\/www.noticiasradioreflejos.com.ar\/2021\/?s={search_term_string}\"},\"query-input\":{\"@type\":\"PropertyValueSpecification\",\"valueRequired\":true,\"valueName\":\"search_term_string\"}}],\"inLanguage\":\"es\"},{\"@type\":\"Person\",\"@id\":\"https:\/\/www.noticiasradioreflejos.com.ar\/2021\/#\/schema\/person\/ad82545263dcc5ec0996818884fd5fb1\",\"name\":\"Arnaldo Botto\",\"image\":{\"@type\":\"ImageObject\",\"inLanguage\":\"es\",\"@id\":\"https:\/\/www.noticiasradioreflejos.com.ar\/2021\/#\/schema\/person\/image\/\",\"url\":\"https:\/\/secure.gravatar.com\/avatar\/55cb5e37c1efa326397366e6974cb338056df65cb50e7d64d1cf314e87504837?s=96&d=mm&r=g\",\"contentUrl\":\"https:\/\/secure.gravatar.com\/avatar\/55cb5e37c1efa326397366e6974cb338056df65cb50e7d64d1cf314e87504837?s=96&d=mm&r=g\",\"caption\":\"Arnaldo Botto\"},\"url\":\"https:\/\/www.noticiasradioreflejos.com.ar\/2021\/author\/arnaldo\/\"}]}<\/script>\n<!-- \/ Yoast SEO plugin. -->","yoast_head_json":{"title":"Sergio Bordoni gestion\u00f3 m\u00e1s obras de infraestructura para el distrito - Noticias Radio Reflejos","robots":{"index":"index","follow":"follow","max-snippet":"max-snippet:-1","max-image-preview":"max-image-preview:large","max-video-preview":"max-video-preview:-1"},"canonical":"https:\/\/www.noticiasradioreflejos.com.ar\/2021\/sergio-bordoni-gestiono-mas-obras-de-infraestructura-para-el-distrito\/","og_locale":"es_ES","og_type":"article","og_title":"Sergio Bordoni gestion\u00f3 m\u00e1s obras de infraestructura para el distrito - Noticias Radio Reflejos","og_description":"Con el objetivo de continuar proyectando obras de infraestructura para las distintas localidades del distrito, el intendente municipal Sergio Bordoni, mantuvo una reuni\u00f3n de trabajo en el Ministerio de Obras P\u00fablicas de la Naci\u00f3n.","og_url":"https:\/\/www.noticiasradioreflejos.com.ar\/2021\/sergio-bordoni-gestiono-mas-obras-de-infraestructura-para-el-distrito\/","og_site_name":"Noticias Radio Reflejos","article_published_time":"2022-08-31T19:32:34+00:00","og_image":[{"width":300,"height":200,"url":"https:\/\/www.noticiasradioreflejos.com.ar\/2021\/wp-content\/uploads\/2021\/07\/logosol300x200.png","type":"image\/png"}],"author":"Arnaldo Botto","twitter_card":"summary_large_image","schema":{"@context":"https:\/\/schema.org","@graph":[{"@type":"WebPage","@id":"https:\/\/www.noticiasradioreflejos.com.ar\/2021\/sergio-bordoni-gestiono-mas-obras-de-infraestructura-para-el-distrito\/","url":"https:\/\/www.noticiasradioreflejos.com.ar\/2021\/sergio-bordoni-gestiono-mas-obras-de-infraestructura-para-el-distrito\/","name":"Sergio Bordoni gestion\u00f3 m\u00e1s obras de infraestructura para el distrito - Noticias Radio Reflejos","isPartOf":{"@id":"https:\/\/www.noticiasradioreflejos.com.ar\/2021\/#website"},"datePublished":"2022-08-31T19:32:34+00:00","author":{"@id":"https:\/\/www.noticiasradioreflejos.com.ar\/2021\/#\/schema\/person\/ad82545263dcc5ec0996818884fd5fb1"},"breadcrumb":{"@id":"https:\/\/www.noticiasradioreflejos.com.ar\/2021\/sergio-bordoni-gestiono-mas-obras-de-infraestructura-para-el-distrito\/#breadcrumb"},"inLanguage":"es","potentialAction":[{"@type":"ReadAction","target":["https:\/\/www.noticiasradioreflejos.com.ar\/2021\/sergio-bordoni-gestiono-mas-obras-de-infraestructura-para-el-distrito\/"]}]},{"@type":"BreadcrumbList","@id":"https:\/\/www.noticiasradioreflejos.com.ar\/2021\/sergio-bordoni-gestiono-mas-obras-de-infraestructura-para-el-distrito\/#breadcrumb","itemListElement":[{"@type":"ListItem","position":1,"name":"Portada","item":"https:\/\/www.noticiasradioreflejos.com.ar\/2021\/"},{"@type":"ListItem","position":2,"name":"Sergio Bordoni gestion\u00f3 m\u00e1s obras de infraestructura para el distrito"}]},{"@type":"WebSite","@id":"https:\/\/www.noticiasradioreflejos.com.ar\/2021\/#website","url":"https:\/\/www.noticiasradioreflejos.com.ar\/2021\/","name":"Noticias Radio Reflejos","description":"Las noticias de mi comarca","potentialAction":[{"@type":"SearchAction","target":{"@type":"EntryPoint","urlTemplate":"https:\/\/www.noticiasradioreflejos.com.ar\/2021\/?s={search_term_string}"},"query-input":{"@type":"PropertyValueSpecification","valueRequired":true,"valueName":"search_term_string"}}],"inLanguage":"es"},{"@type":"Person","@id":"https:\/\/www.noticiasradioreflejos.com.ar\/2021\/#\/schema\/person\/ad82545263dcc5ec0996818884fd5fb1","name":"Arnaldo Botto","image":{"@type":"ImageObject","inLanguage":"es","@id":"https:\/\/www.noticiasradioreflejos.com.ar\/2021\/#\/schema\/person\/image\/","url":"https:\/\/secure.gravatar.com\/avatar\/55cb5e37c1efa326397366e6974cb338056df65cb50e7d64d1cf314e87504837?s=96&d=mm&r=g","contentUrl":"https:\/\/secure.gravatar.com\/avatar\/55cb5e37c1efa326397366e6974cb338056df65cb50e7d64d1cf314e87504837?s=96&d=mm&r=g","caption":"Arnaldo Botto"},"url":"https:\/\/www.noticiasradioreflejos.com.ar\/2021\/author\/arnaldo\/"}]}},"_links":{"self":[{"href":"https:\/\/www.noticiasradioreflejos.com.ar\/2021\/wp-json\/wp\/v2\/posts\/77030","targetHints":{"allow":["GET"]}}],"collection":[{"href":"https:\/\/www.noticiasradioreflejos.com.ar\/2021\/wp-json\/wp\/v2\/posts"}],"about":[{"href":"https:\/\/www.noticiasradioreflejos.com.ar\/2021\/wp-json\/wp\/v2\/types\/post"}],"author":[{"embeddable":true,"href":"https:\/\/www.noticiasradioreflejos.com.ar\/2021\/wp-json\/wp\/v2\/users\/3"}],"replies":[{"embeddable":true,"href":"https:\/\/www.noticiasradioreflejos.com.ar\/2021\/wp-json\/wp\/v2\/comments?post=77030"}],"version-history":[{"count":1,"href":"https:\/\/www.noticiasradioreflejos.com.ar\/2021\/wp-json\/wp\/v2\/posts\/77030\/revisions"}],"predecessor-version":[{"id":77032,"href":"https:\/\/www.noticiasradioreflejos.com.ar\/2021\/wp-json\/wp\/v2\/posts\/77030\/revisions\/77032"}],"wp:attachment":[{"href":"https:\/\/www.noticiasradioreflejos.com.ar\/2021\/wp-json\/wp\/v2\/media?parent=77030"}],"wp:term":[{"taxonomy":"category","embeddable":true,"href":"https:\/\/www.noticiasradioreflejos.com.ar\/2021\/wp-json\/wp\/v2\/categories?post=77030"},{"taxonomy":"post_tag","embeddable":true,"href":"https:\/\/www.noticiasradioreflejos.com.ar\/2021\/wp-json\/wp\/v2\/tags?post=77030"}],"curies":[{"name":"wp","href":"https:\/\/api.w.org\/{rel}","templated":true}]}}