{"id":77011,"date":"2022-08-31T16:50:27","date_gmt":"2022-08-31T16:50:27","guid":{"rendered":"http:\/\/www.noticiasradioreflejos.com.ar\/2021\/?p=77011"},"modified":"2022-08-31T16:50:27","modified_gmt":"2022-08-31T16:50:27","slug":"llega-a-sierra-la-obra-en-todos-los-libros-hay-una-mujer-que-no-se-casa","status":"publish","type":"post","link":"https:\/\/www.noticiasradioreflejos.com.ar\/2021\/llega-a-sierra-la-obra-en-todos-los-libros-hay-una-mujer-que-no-se-casa\/","title":{"rendered":"Llega a Sierra la obra \u2018En todos los libros hay una mujer que no se casa\u2019"},"content":{"rendered":"<p>Este viernes 2 de septiembre a partir de las 21 hs, se presentar\u00e1 en el Centro Cultural de Sierra de la Ventana la obra \u2018En todos los libros hay una mujer que no se casa\u2019, escrita por Delfina Oyuela y dirigida por Juan Zorraqu\u00edn.<br \/>\nLas entradas tienen un valor de $800.<!--more--><\/p>\n<p><a data-flickr-embed=\"true\" href=\"https:\/\/www.flickr.com\/photos\/182279889@N02\/52325106744\/in\/dateposted-public\/\" title=\"hip hop kids en el Centro Cultural de Sierra de la ventana (Post de Instagram)\"><img loading=\"lazy\" decoding=\"async\" src=\"https:\/\/live.staticflickr.com\/65535\/52325106744_775def6a1f_c.jpg\" width=\"800\" height=\"800\" alt=\"hip hop kids en el Centro Cultural de Sierra de la ventana (Post de Instagram)\"><\/a><script async src=\"\/\/embedr.flickr.com\/assets\/client-code.js\" charset=\"utf-8\"><\/script><\/p>\n<p>Sinopsis<br \/>\nUna novia fugitiva, una artista del siglo XIX, una pintura impresionista que se rebela y se sale del cuadro. La mujer ya no quiere ser musa, quedarse callada para ser retratada por la mano del genio. La mujer monta su propio espect\u00e1culo y declara la guerra al mundo con una guitarra y su voz como arma. Se adentra en un viaje \u00edntimo y a trav\u00e9s de la m\u00fasica exorciza sus demonios. Un manifiesto, un recital de rock que atraviesa una multiplicidad de voces y estados. La preparaci\u00f3n de un ritual, una protesta y un homenaje.<\/p>\n","protected":false},"excerpt":{"rendered":"<p>Este viernes 2 de septiembre a partir de las 21 hs, se presentar\u00e1 en el Centro Cultural de Sierra de la Ventana la obra \u2018En todos los libros hay una mujer que no se casa\u2019, escrita por Delfina Oyuela y dirigida por Juan Zorraqu\u00edn. Las entradas tienen un valor de $800.<\/p>\n","protected":false},"author":3,"featured_media":57855,"comment_status":"closed","ping_status":"closed","sticky":false,"template":"","format":"standard","meta":{"footnotes":""},"categories":[35],"tags":[],"class_list":["post-77011","post","type-post","status-publish","format-standard","has-post-thumbnail","hentry","category-cultura"],"yoast_head":"<!-- This site is optimized with the Yoast SEO plugin v25.9 - https:\/\/yoast.com\/wordpress\/plugins\/seo\/ -->\n<title>Llega a Sierra la obra \u2018En todos los libros hay una mujer que no se casa\u2019 - Noticias Radio Reflejos<\/title>\n<meta name=\"robots\" content=\"index, follow, max-snippet:-1, max-image-preview:large, max-video-preview:-1\" \/>\n<link rel=\"canonical\" href=\"https:\/\/www.noticiasradioreflejos.com.ar\/2021\/llega-a-sierra-la-obra-en-todos-los-libros-hay-una-mujer-que-no-se-casa\/\" \/>\n<meta property=\"og:locale\" content=\"es_ES\" \/>\n<meta property=\"og:type\" content=\"article\" \/>\n<meta property=\"og:title\" content=\"Llega a Sierra la obra \u2018En todos los libros hay una mujer que no se casa\u2019 - Noticias Radio Reflejos\" \/>\n<meta property=\"og:description\" content=\"Este viernes 2 de septiembre a partir de las 21 hs, se presentar\u00e1 en el Centro Cultural de Sierra de la Ventana la obra \u2018En todos los libros hay una mujer que no se casa\u2019, escrita por Delfina Oyuela y dirigida por Juan Zorraqu\u00edn. Las entradas tienen un valor de $800.\" \/>\n<meta property=\"og:url\" content=\"https:\/\/www.noticiasradioreflejos.com.ar\/2021\/llega-a-sierra-la-obra-en-todos-los-libros-hay-una-mujer-que-no-se-casa\/\" \/>\n<meta property=\"og:site_name\" content=\"Noticias Radio Reflejos\" \/>\n<meta property=\"article:published_time\" content=\"2022-08-31T16:50:27+00:00\" \/>\n<meta property=\"og:image\" content=\"https:\/\/www.noticiasradioreflejos.com.ar\/2021\/wp-content\/uploads\/2021\/06\/Centro-Cultural-2.jpeg\" \/>\n\t<meta property=\"og:image:width\" content=\"1280\" \/>\n\t<meta property=\"og:image:height\" content=\"960\" \/>\n\t<meta property=\"og:image:type\" content=\"image\/jpeg\" \/>\n<meta name=\"author\" content=\"Arnaldo Botto\" \/>\n<meta name=\"twitter:card\" content=\"summary_large_image\" \/>\n<script type=\"application\/ld+json\" class=\"yoast-schema-graph\">{\"@context\":\"https:\/\/schema.org\",\"@graph\":[{\"@type\":\"WebPage\",\"@id\":\"https:\/\/www.noticiasradioreflejos.com.ar\/2021\/llega-a-sierra-la-obra-en-todos-los-libros-hay-una-mujer-que-no-se-casa\/\",\"url\":\"https:\/\/www.noticiasradioreflejos.com.ar\/2021\/llega-a-sierra-la-obra-en-todos-los-libros-hay-una-mujer-que-no-se-casa\/\",\"name\":\"Llega a Sierra la obra \u2018En todos los libros hay una mujer que no se casa\u2019 - Noticias Radio Reflejos\",\"isPartOf\":{\"@id\":\"https:\/\/www.noticiasradioreflejos.com.ar\/2021\/#website\"},\"primaryImageOfPage\":{\"@id\":\"https:\/\/www.noticiasradioreflejos.com.ar\/2021\/llega-a-sierra-la-obra-en-todos-los-libros-hay-una-mujer-que-no-se-casa\/#primaryimage\"},\"image\":{\"@id\":\"https:\/\/www.noticiasradioreflejos.com.ar\/2021\/llega-a-sierra-la-obra-en-todos-los-libros-hay-una-mujer-que-no-se-casa\/#primaryimage\"},\"thumbnailUrl\":\"https:\/\/www.noticiasradioreflejos.com.ar\/2021\/wp-content\/uploads\/2021\/06\/Centro-Cultural-2.jpeg\",\"datePublished\":\"2022-08-31T16:50:27+00:00\",\"author\":{\"@id\":\"https:\/\/www.noticiasradioreflejos.com.ar\/2021\/#\/schema\/person\/ad82545263dcc5ec0996818884fd5fb1\"},\"breadcrumb\":{\"@id\":\"https:\/\/www.noticiasradioreflejos.com.ar\/2021\/llega-a-sierra-la-obra-en-todos-los-libros-hay-una-mujer-que-no-se-casa\/#breadcrumb\"},\"inLanguage\":\"es\",\"potentialAction\":[{\"@type\":\"ReadAction\",\"target\":[\"https:\/\/www.noticiasradioreflejos.com.ar\/2021\/llega-a-sierra-la-obra-en-todos-los-libros-hay-una-mujer-que-no-se-casa\/\"]}]},{\"@type\":\"ImageObject\",\"inLanguage\":\"es\",\"@id\":\"https:\/\/www.noticiasradioreflejos.com.ar\/2021\/llega-a-sierra-la-obra-en-todos-los-libros-hay-una-mujer-que-no-se-casa\/#primaryimage\",\"url\":\"https:\/\/www.noticiasradioreflejos.com.ar\/2021\/wp-content\/uploads\/2021\/06\/Centro-Cultural-2.jpeg\",\"contentUrl\":\"https:\/\/www.noticiasradioreflejos.com.ar\/2021\/wp-content\/uploads\/2021\/06\/Centro-Cultural-2.jpeg\",\"width\":1280,\"height\":960},{\"@type\":\"BreadcrumbList\",\"@id\":\"https:\/\/www.noticiasradioreflejos.com.ar\/2021\/llega-a-sierra-la-obra-en-todos-los-libros-hay-una-mujer-que-no-se-casa\/#breadcrumb\",\"itemListElement\":[{\"@type\":\"ListItem\",\"position\":1,\"name\":\"Portada\",\"item\":\"https:\/\/www.noticiasradioreflejos.com.ar\/2021\/\"},{\"@type\":\"ListItem\",\"position\":2,\"name\":\"Llega a Sierra la obra \u2018En todos los libros hay una mujer que no se casa\u2019\"}]},{\"@type\":\"WebSite\",\"@id\":\"https:\/\/www.noticiasradioreflejos.com.ar\/2021\/#website\",\"url\":\"https:\/\/www.noticiasradioreflejos.com.ar\/2021\/\",\"name\":\"Noticias Radio Reflejos\",\"description\":\"Las noticias de mi comarca\",\"potentialAction\":[{\"@type\":\"SearchAction\",\"target\":{\"@type\":\"EntryPoint\",\"urlTemplate\":\"https:\/\/www.noticiasradioreflejos.com.ar\/2021\/?s={search_term_string}\"},\"query-input\":{\"@type\":\"PropertyValueSpecification\",\"valueRequired\":true,\"valueName\":\"search_term_string\"}}],\"inLanguage\":\"es\"},{\"@type\":\"Person\",\"@id\":\"https:\/\/www.noticiasradioreflejos.com.ar\/2021\/#\/schema\/person\/ad82545263dcc5ec0996818884fd5fb1\",\"name\":\"Arnaldo Botto\",\"image\":{\"@type\":\"ImageObject\",\"inLanguage\":\"es\",\"@id\":\"https:\/\/www.noticiasradioreflejos.com.ar\/2021\/#\/schema\/person\/image\/\",\"url\":\"https:\/\/secure.gravatar.com\/avatar\/55cb5e37c1efa326397366e6974cb338056df65cb50e7d64d1cf314e87504837?s=96&d=mm&r=g\",\"contentUrl\":\"https:\/\/secure.gravatar.com\/avatar\/55cb5e37c1efa326397366e6974cb338056df65cb50e7d64d1cf314e87504837?s=96&d=mm&r=g\",\"caption\":\"Arnaldo Botto\"},\"url\":\"https:\/\/www.noticiasradioreflejos.com.ar\/2021\/author\/arnaldo\/\"}]}<\/script>\n<!-- \/ Yoast SEO plugin. -->","yoast_head_json":{"title":"Llega a Sierra la obra \u2018En todos los libros hay una mujer que no se casa\u2019 - Noticias Radio Reflejos","robots":{"index":"index","follow":"follow","max-snippet":"max-snippet:-1","max-image-preview":"max-image-preview:large","max-video-preview":"max-video-preview:-1"},"canonical":"https:\/\/www.noticiasradioreflejos.com.ar\/2021\/llega-a-sierra-la-obra-en-todos-los-libros-hay-una-mujer-que-no-se-casa\/","og_locale":"es_ES","og_type":"article","og_title":"Llega a Sierra la obra \u2018En todos los libros hay una mujer que no se casa\u2019 - Noticias Radio Reflejos","og_description":"Este viernes 2 de septiembre a partir de las 21 hs, se presentar\u00e1 en el Centro Cultural de Sierra de la Ventana la obra \u2018En todos los libros hay una mujer que no se casa\u2019, escrita por Delfina Oyuela y dirigida por Juan Zorraqu\u00edn. Las entradas tienen un valor de $800.","og_url":"https:\/\/www.noticiasradioreflejos.com.ar\/2021\/llega-a-sierra-la-obra-en-todos-los-libros-hay-una-mujer-que-no-se-casa\/","og_site_name":"Noticias Radio Reflejos","article_published_time":"2022-08-31T16:50:27+00:00","og_image":[{"width":1280,"height":960,"url":"https:\/\/www.noticiasradioreflejos.com.ar\/2021\/wp-content\/uploads\/2021\/06\/Centro-Cultural-2.jpeg","type":"image\/jpeg"}],"author":"Arnaldo Botto","twitter_card":"summary_large_image","schema":{"@context":"https:\/\/schema.org","@graph":[{"@type":"WebPage","@id":"https:\/\/www.noticiasradioreflejos.com.ar\/2021\/llega-a-sierra-la-obra-en-todos-los-libros-hay-una-mujer-que-no-se-casa\/","url":"https:\/\/www.noticiasradioreflejos.com.ar\/2021\/llega-a-sierra-la-obra-en-todos-los-libros-hay-una-mujer-que-no-se-casa\/","name":"Llega a Sierra la obra \u2018En todos los libros hay una mujer que no se casa\u2019 - Noticias Radio Reflejos","isPartOf":{"@id":"https:\/\/www.noticiasradioreflejos.com.ar\/2021\/#website"},"primaryImageOfPage":{"@id":"https:\/\/www.noticiasradioreflejos.com.ar\/2021\/llega-a-sierra-la-obra-en-todos-los-libros-hay-una-mujer-que-no-se-casa\/#primaryimage"},"image":{"@id":"https:\/\/www.noticiasradioreflejos.com.ar\/2021\/llega-a-sierra-la-obra-en-todos-los-libros-hay-una-mujer-que-no-se-casa\/#primaryimage"},"thumbnailUrl":"https:\/\/www.noticiasradioreflejos.com.ar\/2021\/wp-content\/uploads\/2021\/06\/Centro-Cultural-2.jpeg","datePublished":"2022-08-31T16:50:27+00:00","author":{"@id":"https:\/\/www.noticiasradioreflejos.com.ar\/2021\/#\/schema\/person\/ad82545263dcc5ec0996818884fd5fb1"},"breadcrumb":{"@id":"https:\/\/www.noticiasradioreflejos.com.ar\/2021\/llega-a-sierra-la-obra-en-todos-los-libros-hay-una-mujer-que-no-se-casa\/#breadcrumb"},"inLanguage":"es","potentialAction":[{"@type":"ReadAction","target":["https:\/\/www.noticiasradioreflejos.com.ar\/2021\/llega-a-sierra-la-obra-en-todos-los-libros-hay-una-mujer-que-no-se-casa\/"]}]},{"@type":"ImageObject","inLanguage":"es","@id":"https:\/\/www.noticiasradioreflejos.com.ar\/2021\/llega-a-sierra-la-obra-en-todos-los-libros-hay-una-mujer-que-no-se-casa\/#primaryimage","url":"https:\/\/www.noticiasradioreflejos.com.ar\/2021\/wp-content\/uploads\/2021\/06\/Centro-Cultural-2.jpeg","contentUrl":"https:\/\/www.noticiasradioreflejos.com.ar\/2021\/wp-content\/uploads\/2021\/06\/Centro-Cultural-2.jpeg","width":1280,"height":960},{"@type":"BreadcrumbList","@id":"https:\/\/www.noticiasradioreflejos.com.ar\/2021\/llega-a-sierra-la-obra-en-todos-los-libros-hay-una-mujer-que-no-se-casa\/#breadcrumb","itemListElement":[{"@type":"ListItem","position":1,"name":"Portada","item":"https:\/\/www.noticiasradioreflejos.com.ar\/2021\/"},{"@type":"ListItem","position":2,"name":"Llega a Sierra la obra \u2018En todos los libros hay una mujer que no se casa\u2019"}]},{"@type":"WebSite","@id":"https:\/\/www.noticiasradioreflejos.com.ar\/2021\/#website","url":"https:\/\/www.noticiasradioreflejos.com.ar\/2021\/","name":"Noticias Radio Reflejos","description":"Las noticias de mi comarca","potentialAction":[{"@type":"SearchAction","target":{"@type":"EntryPoint","urlTemplate":"https:\/\/www.noticiasradioreflejos.com.ar\/2021\/?s={search_term_string}"},"query-input":{"@type":"PropertyValueSpecification","valueRequired":true,"valueName":"search_term_string"}}],"inLanguage":"es"},{"@type":"Person","@id":"https:\/\/www.noticiasradioreflejos.com.ar\/2021\/#\/schema\/person\/ad82545263dcc5ec0996818884fd5fb1","name":"Arnaldo Botto","image":{"@type":"ImageObject","inLanguage":"es","@id":"https:\/\/www.noticiasradioreflejos.com.ar\/2021\/#\/schema\/person\/image\/","url":"https:\/\/secure.gravatar.com\/avatar\/55cb5e37c1efa326397366e6974cb338056df65cb50e7d64d1cf314e87504837?s=96&d=mm&r=g","contentUrl":"https:\/\/secure.gravatar.com\/avatar\/55cb5e37c1efa326397366e6974cb338056df65cb50e7d64d1cf314e87504837?s=96&d=mm&r=g","caption":"Arnaldo Botto"},"url":"https:\/\/www.noticiasradioreflejos.com.ar\/2021\/author\/arnaldo\/"}]}},"_links":{"self":[{"href":"https:\/\/www.noticiasradioreflejos.com.ar\/2021\/wp-json\/wp\/v2\/posts\/77011","targetHints":{"allow":["GET"]}}],"collection":[{"href":"https:\/\/www.noticiasradioreflejos.com.ar\/2021\/wp-json\/wp\/v2\/posts"}],"about":[{"href":"https:\/\/www.noticiasradioreflejos.com.ar\/2021\/wp-json\/wp\/v2\/types\/post"}],"author":[{"embeddable":true,"href":"https:\/\/www.noticiasradioreflejos.com.ar\/2021\/wp-json\/wp\/v2\/users\/3"}],"replies":[{"embeddable":true,"href":"https:\/\/www.noticiasradioreflejos.com.ar\/2021\/wp-json\/wp\/v2\/comments?post=77011"}],"version-history":[{"count":1,"href":"https:\/\/www.noticiasradioreflejos.com.ar\/2021\/wp-json\/wp\/v2\/posts\/77011\/revisions"}],"predecessor-version":[{"id":77012,"href":"https:\/\/www.noticiasradioreflejos.com.ar\/2021\/wp-json\/wp\/v2\/posts\/77011\/revisions\/77012"}],"wp:featuredmedia":[{"embeddable":true,"href":"https:\/\/www.noticiasradioreflejos.com.ar\/2021\/wp-json\/wp\/v2\/media\/57855"}],"wp:attachment":[{"href":"https:\/\/www.noticiasradioreflejos.com.ar\/2021\/wp-json\/wp\/v2\/media?parent=77011"}],"wp:term":[{"taxonomy":"category","embeddable":true,"href":"https:\/\/www.noticiasradioreflejos.com.ar\/2021\/wp-json\/wp\/v2\/categories?post=77011"},{"taxonomy":"post_tag","embeddable":true,"href":"https:\/\/www.noticiasradioreflejos.com.ar\/2021\/wp-json\/wp\/v2\/tags?post=77011"}],"curies":[{"name":"wp","href":"https:\/\/api.w.org\/{rel}","templated":true}]}}