{"id":77008,"date":"2022-08-31T16:52:15","date_gmt":"2022-08-31T16:52:15","guid":{"rendered":"http:\/\/www.noticiasradioreflejos.com.ar\/2021\/?p=77008"},"modified":"2022-08-31T16:53:19","modified_gmt":"2022-08-31T16:53:19","slug":"todo-lo-que-tenes-que-saber-sobre-el-juicio-por-alimentos","status":"publish","type":"post","link":"https:\/\/www.noticiasradioreflejos.com.ar\/2021\/todo-lo-que-tenes-que-saber-sobre-el-juicio-por-alimentos\/","title":{"rendered":"Todo lo que tenes que saber sobre el Juicio por Alimentos"},"content":{"rendered":"<p>La <strong>Dra. Paula\u00a0<\/strong><b>Gold\u00edn<\/b>\u00a0explic\u00f3 a qu\u00e9 se refiere esta terminolog\u00eda y cu\u00e1les son las distintas instancias a las que se puede arribar. \u201cLo mejor es tratar de entenderse de buenas maneras entre las partes\u201d afirmo.<!--more--><\/p>\n<p>Cualquier ruptura familiar conlleva varias situaciones inc\u00f3modas, y m\u00e1s cuando hay chicos de por medio. Es por esto que la Dra. Paula Gold\u00edn explic\u00f3 los alcances del Juicio por Alimentos, dentro del gran espectro que conlleva el divorcio de los padres.<\/p>\n<p>Al respecto la abogada comenz\u00f3 diciendo que \u201clo mejor es tratar de entenderse de buenas maneras entre las partes, con la menor intervenci\u00f3n posible de terceros, incluso abogados. Lo normal ser\u00eda pensar que los chicos siempre tienen necesidades de alimento y vestimenta. Eso no cambia. Eso los chicos lo necesitan siempre\u201d.<\/p>\n<p>&nbsp;<\/p>\n<p><a href=\"http:\/\/www.noticiasradioreflejos.com.ar\/2021\/juicios-por-alimentos-hay-padres-y-madres-que-piensas-que-sus-hijos-andan-a-pila-y-no-comen\/paula-goldin\/\" rel=\"attachment wp-att-70295\"><img loading=\"lazy\" decoding=\"async\" class=\" wp-image-70295 alignleft\" src=\"http:\/\/www.noticiasradioreflejos.com.ar\/2021\/wp-content\/uploads\/2022\/04\/Paula-Goldin.jpg\" alt=\"\" width=\"390\" height=\"306\" srcset=\"https:\/\/www.noticiasradioreflejos.com.ar\/2021\/wp-content\/uploads\/2022\/04\/Paula-Goldin.jpg 901w, https:\/\/www.noticiasradioreflejos.com.ar\/2021\/wp-content\/uploads\/2022\/04\/Paula-Goldin-300x235.jpg 300w, https:\/\/www.noticiasradioreflejos.com.ar\/2021\/wp-content\/uploads\/2022\/04\/Paula-Goldin-768x603.jpg 768w, https:\/\/www.noticiasradioreflejos.com.ar\/2021\/wp-content\/uploads\/2022\/04\/Paula-Goldin-750x589.jpg 750w\" sizes=\"auto, (max-width: 390px) 100vw, 390px\" \/><\/a>De la mano con esto refiri\u00f3 que \u201clo que observamos es que ante las separaciones empiezan a darse esas peque\u00f1as guerras, donde los primeros perjudicados son los peque\u00f1os. Ante esto surgen varias cuestiones; como qui\u00e9n toma decisiones, qui\u00e9n los cuida y como mantendremos el nivel de vida de los chicos, para que sea lo m\u00e1s parecido posible la que ten\u00edan antes de la separaci\u00f3n\u201d.<\/p>\n<p>Por tal motivo, sostuvo, \u201clo que hay que buscar una situaci\u00f3n lo m\u00e1s justa posible, donde los chicos no vean grandes cambios y vean a ambos progenitores lo m\u00e1s enteros posibles\u201d.<\/p>\n<p>En otro pasaje de la charla afirm\u00f3 que \u201cen un 95% de los casos el que se sigue yendo es el padre, pero cada vez es m\u00e1s com\u00fan que la mujer decida irse, con o sin los hijos. Antes del 2015 la tenencia de los hijos se presum\u00eda de la madre salvo causas graves. A partir del nuevo C\u00f3digo, m\u00e1s moderno y mejor pensado, la tenencia se presume compartida, teniendo dos modalidades: con domicilio en uno de ellos y de visita, o que vivan un tiempo con cada uno\u201d.<\/p>\n<p>Ante este nuevo abanico de posibilidades, \u201clo que estoy observando es que las partes est\u00e1n pactando que vivan un tiempo con cada uno, y que cada uno soporta las necesidades de los hijos cuando est\u00e1 con ellos. Por mi parte lo recibo con mucha alegr\u00eda, porque no obliga a los hijos a elegir; econ\u00f3micamente ambos la pelean y ning\u00fan adulto depende del otro. A mi modo de ver es beneficioso\u201d.<\/p>\n<p>Sobre los pasos que se dan \u201ccuando no hay un acuerdo\u201d el primero que enumer\u00f3 la Doctora es que \u201cse va a ver un abogado. Este hace un escrito de demanda o una planilla de petici\u00f3n, dependiendo del juzgado del que se trate. Esto siempre se hace en el \u00e1rea donde tiene el centro de vida del menor\u201d.<\/p>\n<p>Siguiendo la l\u00ednea, \u201cuna vez que se interpone ese documento va a haber una audiencia de conciliaci\u00f3n, donde las partes van a conversar e intentar llegar a un acuerdo. Eso significa c\u00f3mo se va a definir el monto de la cuota alimentaria, la cual puede ser solo dinero o dinero y especias. Si hay un acuerdo, termina ah\u00ed y se homologa ante un juez\u201d.<\/p>\n<p>En tanto que \u201csi no hay acuerdo, cada parte expondr\u00e1 mediante pruebas cu\u00e1l es la necesidad del alimentado, las posibilidades del alimentante y ser\u00e1 el juez quien determinar\u00e1 el quantum de la cuota. Ah\u00ed las partes pueden acatar o apelar\u201d.<\/p>\n<p>Por \u00faltimo, y sobre los tiempos que demanda, \u201cen condiciones normales, el juicio no llega a dos meses, tres como mucho. Si no hay acuerdo, estamos entre los seis y ocho meses, donde se puede pedir un alimento provisorio. Lo que puede dilatar el juicio son cuando no hay un sueldo para embargar o no se encuentra el alimentante\u201d.<\/p>\n<p>&nbsp;<\/p>\n<p><iframe loading=\"lazy\" src=\"https:\/\/w.soundcloud.com\/player\/?url=https%3A\/\/api.soundcloud.com\/tracks\/1334966773&amp;color=%23ff5500&amp;auto_play=false&amp;hide_related=false&amp;show_comments=true&amp;show_user=true&amp;show_reposts=false&amp;show_teaser=true\" width=\"100%\" height=\"166\" frameborder=\"no\" scrolling=\"no\"><\/iframe><\/p>\n<div style=\"font-size: 10px; color: #cccccc; line-break: anywhere; word-break: normal; overflow: hidden; white-space: nowrap; text-overflow: ellipsis; font-family: Interstate,Lucida Grande,Lucida Sans Unicode,Lucida Sans,Garuda,Verdana,Tahoma,sans-serif; font-weight: 100;\"><a style=\"color: #cccccc; text-decoration: none;\" title=\"fmreflejos 103.7\" href=\"https:\/\/soundcloud.com\/fmreflejos-103-7\" target=\"_blank\" rel=\"noopener\">fmreflejos 103.7<\/a> \u00b7 <a style=\"color: #cccccc; text-decoration: none;\" title=\"Paula Goldin\" href=\"https:\/\/soundcloud.com\/fmreflejos-103-7\/paula-goldin-9\" target=\"_blank\" rel=\"noopener\">Paula Goldin<\/a><\/div>\n","protected":false},"excerpt":{"rendered":"<p>La Dra. Paula\u00a0Gold\u00edn\u00a0explic\u00f3 a qu\u00e9 se refiere esta terminolog\u00eda y cu\u00e1les son las distintas instancias a las que se puede arribar. \u201cLo mejor es tratar de entenderse de buenas maneras entre las partes\u201d afirmo.<\/p>\n","protected":false},"author":3,"featured_media":77014,"comment_status":"closed","ping_status":"closed","sticky":false,"template":"","format":"standard","meta":{"footnotes":""},"categories":[57,26],"tags":[48],"class_list":["post-77008","post","type-post","status-publish","format-standard","has-post-thumbnail","hentry","category-judiciales","category-sociedad","tag-destacada"],"yoast_head":"<!-- This site is optimized with the Yoast SEO plugin v25.9 - https:\/\/yoast.com\/wordpress\/plugins\/seo\/ -->\n<title>Todo lo que tenes que saber sobre el Juicio por Alimentos - Noticias Radio Reflejos<\/title>\n<meta name=\"robots\" content=\"index, follow, max-snippet:-1, max-image-preview:large, max-video-preview:-1\" \/>\n<link rel=\"canonical\" href=\"https:\/\/www.noticiasradioreflejos.com.ar\/2021\/todo-lo-que-tenes-que-saber-sobre-el-juicio-por-alimentos\/\" \/>\n<meta property=\"og:locale\" content=\"es_ES\" \/>\n<meta property=\"og:type\" content=\"article\" \/>\n<meta property=\"og:title\" content=\"Todo lo que tenes que saber sobre el Juicio por Alimentos - Noticias Radio Reflejos\" \/>\n<meta property=\"og:description\" content=\"La Dra. Paula\u00a0Gold\u00edn\u00a0explic\u00f3 a qu\u00e9 se refiere esta terminolog\u00eda y cu\u00e1les son las distintas instancias a las que se puede arribar. \u201cLo mejor es tratar de entenderse de buenas maneras entre las partes\u201d afirmo.\" \/>\n<meta property=\"og:url\" content=\"https:\/\/www.noticiasradioreflejos.com.ar\/2021\/todo-lo-que-tenes-que-saber-sobre-el-juicio-por-alimentos\/\" \/>\n<meta property=\"og:site_name\" content=\"Noticias Radio Reflejos\" \/>\n<meta property=\"article:published_time\" content=\"2022-08-31T16:52:15+00:00\" \/>\n<meta property=\"article:modified_time\" content=\"2022-08-31T16:53:19+00:00\" \/>\n<meta property=\"og:image\" content=\"https:\/\/www.noticiasradioreflejos.com.ar\/2021\/wp-content\/uploads\/2022\/08\/juicio-de-alimentos-abogados-en-juliaca.jpg\" \/>\n\t<meta property=\"og:image:width\" content=\"670\" \/>\n\t<meta property=\"og:image:height\" content=\"380\" \/>\n\t<meta property=\"og:image:type\" content=\"image\/jpeg\" \/>\n<meta name=\"author\" content=\"Arnaldo Botto\" \/>\n<meta name=\"twitter:card\" content=\"summary_large_image\" \/>\n<script type=\"application\/ld+json\" class=\"yoast-schema-graph\">{\"@context\":\"https:\/\/schema.org\",\"@graph\":[{\"@type\":\"WebPage\",\"@id\":\"https:\/\/www.noticiasradioreflejos.com.ar\/2021\/todo-lo-que-tenes-que-saber-sobre-el-juicio-por-alimentos\/\",\"url\":\"https:\/\/www.noticiasradioreflejos.com.ar\/2021\/todo-lo-que-tenes-que-saber-sobre-el-juicio-por-alimentos\/\",\"name\":\"Todo lo que tenes que saber sobre el Juicio por Alimentos - Noticias Radio Reflejos\",\"isPartOf\":{\"@id\":\"https:\/\/www.noticiasradioreflejos.com.ar\/2021\/#website\"},\"primaryImageOfPage\":{\"@id\":\"https:\/\/www.noticiasradioreflejos.com.ar\/2021\/todo-lo-que-tenes-que-saber-sobre-el-juicio-por-alimentos\/#primaryimage\"},\"image\":{\"@id\":\"https:\/\/www.noticiasradioreflejos.com.ar\/2021\/todo-lo-que-tenes-que-saber-sobre-el-juicio-por-alimentos\/#primaryimage\"},\"thumbnailUrl\":\"https:\/\/www.noticiasradioreflejos.com.ar\/2021\/wp-content\/uploads\/2022\/08\/juicio-de-alimentos-abogados-en-juliaca.jpg\",\"datePublished\":\"2022-08-31T16:52:15+00:00\",\"dateModified\":\"2022-08-31T16:53:19+00:00\",\"author\":{\"@id\":\"https:\/\/www.noticiasradioreflejos.com.ar\/2021\/#\/schema\/person\/ad82545263dcc5ec0996818884fd5fb1\"},\"breadcrumb\":{\"@id\":\"https:\/\/www.noticiasradioreflejos.com.ar\/2021\/todo-lo-que-tenes-que-saber-sobre-el-juicio-por-alimentos\/#breadcrumb\"},\"inLanguage\":\"es\",\"potentialAction\":[{\"@type\":\"ReadAction\",\"target\":[\"https:\/\/www.noticiasradioreflejos.com.ar\/2021\/todo-lo-que-tenes-que-saber-sobre-el-juicio-por-alimentos\/\"]}]},{\"@type\":\"ImageObject\",\"inLanguage\":\"es\",\"@id\":\"https:\/\/www.noticiasradioreflejos.com.ar\/2021\/todo-lo-que-tenes-que-saber-sobre-el-juicio-por-alimentos\/#primaryimage\",\"url\":\"https:\/\/www.noticiasradioreflejos.com.ar\/2021\/wp-content\/uploads\/2022\/08\/juicio-de-alimentos-abogados-en-juliaca.jpg\",\"contentUrl\":\"https:\/\/www.noticiasradioreflejos.com.ar\/2021\/wp-content\/uploads\/2022\/08\/juicio-de-alimentos-abogados-en-juliaca.jpg\",\"width\":670,\"height\":380,\"caption\":\"pension-de-alimentos-abogados-en-juliaca\"},{\"@type\":\"BreadcrumbList\",\"@id\":\"https:\/\/www.noticiasradioreflejos.com.ar\/2021\/todo-lo-que-tenes-que-saber-sobre-el-juicio-por-alimentos\/#breadcrumb\",\"itemListElement\":[{\"@type\":\"ListItem\",\"position\":1,\"name\":\"Portada\",\"item\":\"https:\/\/www.noticiasradioreflejos.com.ar\/2021\/\"},{\"@type\":\"ListItem\",\"position\":2,\"name\":\"Todo lo que tenes que saber sobre el Juicio por Alimentos\"}]},{\"@type\":\"WebSite\",\"@id\":\"https:\/\/www.noticiasradioreflejos.com.ar\/2021\/#website\",\"url\":\"https:\/\/www.noticiasradioreflejos.com.ar\/2021\/\",\"name\":\"Noticias Radio Reflejos\",\"description\":\"Las noticias de mi comarca\",\"potentialAction\":[{\"@type\":\"SearchAction\",\"target\":{\"@type\":\"EntryPoint\",\"urlTemplate\":\"https:\/\/www.noticiasradioreflejos.com.ar\/2021\/?s={search_term_string}\"},\"query-input\":{\"@type\":\"PropertyValueSpecification\",\"valueRequired\":true,\"valueName\":\"search_term_string\"}}],\"inLanguage\":\"es\"},{\"@type\":\"Person\",\"@id\":\"https:\/\/www.noticiasradioreflejos.com.ar\/2021\/#\/schema\/person\/ad82545263dcc5ec0996818884fd5fb1\",\"name\":\"Arnaldo Botto\",\"image\":{\"@type\":\"ImageObject\",\"inLanguage\":\"es\",\"@id\":\"https:\/\/www.noticiasradioreflejos.com.ar\/2021\/#\/schema\/person\/image\/\",\"url\":\"https:\/\/secure.gravatar.com\/avatar\/55cb5e37c1efa326397366e6974cb338056df65cb50e7d64d1cf314e87504837?s=96&d=mm&r=g\",\"contentUrl\":\"https:\/\/secure.gravatar.com\/avatar\/55cb5e37c1efa326397366e6974cb338056df65cb50e7d64d1cf314e87504837?s=96&d=mm&r=g\",\"caption\":\"Arnaldo Botto\"},\"url\":\"https:\/\/www.noticiasradioreflejos.com.ar\/2021\/author\/arnaldo\/\"}]}<\/script>\n<!-- \/ Yoast SEO plugin. -->","yoast_head_json":{"title":"Todo lo que tenes que saber sobre el Juicio por Alimentos - Noticias Radio Reflejos","robots":{"index":"index","follow":"follow","max-snippet":"max-snippet:-1","max-image-preview":"max-image-preview:large","max-video-preview":"max-video-preview:-1"},"canonical":"https:\/\/www.noticiasradioreflejos.com.ar\/2021\/todo-lo-que-tenes-que-saber-sobre-el-juicio-por-alimentos\/","og_locale":"es_ES","og_type":"article","og_title":"Todo lo que tenes que saber sobre el Juicio por Alimentos - Noticias Radio Reflejos","og_description":"La Dra. Paula\u00a0Gold\u00edn\u00a0explic\u00f3 a qu\u00e9 se refiere esta terminolog\u00eda y cu\u00e1les son las distintas instancias a las que se puede arribar. \u201cLo mejor es tratar de entenderse de buenas maneras entre las partes\u201d afirmo.","og_url":"https:\/\/www.noticiasradioreflejos.com.ar\/2021\/todo-lo-que-tenes-que-saber-sobre-el-juicio-por-alimentos\/","og_site_name":"Noticias Radio Reflejos","article_published_time":"2022-08-31T16:52:15+00:00","article_modified_time":"2022-08-31T16:53:19+00:00","og_image":[{"width":670,"height":380,"url":"https:\/\/www.noticiasradioreflejos.com.ar\/2021\/wp-content\/uploads\/2022\/08\/juicio-de-alimentos-abogados-en-juliaca.jpg","type":"image\/jpeg"}],"author":"Arnaldo Botto","twitter_card":"summary_large_image","schema":{"@context":"https:\/\/schema.org","@graph":[{"@type":"WebPage","@id":"https:\/\/www.noticiasradioreflejos.com.ar\/2021\/todo-lo-que-tenes-que-saber-sobre-el-juicio-por-alimentos\/","url":"https:\/\/www.noticiasradioreflejos.com.ar\/2021\/todo-lo-que-tenes-que-saber-sobre-el-juicio-por-alimentos\/","name":"Todo lo que tenes que saber sobre el Juicio por Alimentos - Noticias Radio Reflejos","isPartOf":{"@id":"https:\/\/www.noticiasradioreflejos.com.ar\/2021\/#website"},"primaryImageOfPage":{"@id":"https:\/\/www.noticiasradioreflejos.com.ar\/2021\/todo-lo-que-tenes-que-saber-sobre-el-juicio-por-alimentos\/#primaryimage"},"image":{"@id":"https:\/\/www.noticiasradioreflejos.com.ar\/2021\/todo-lo-que-tenes-que-saber-sobre-el-juicio-por-alimentos\/#primaryimage"},"thumbnailUrl":"https:\/\/www.noticiasradioreflejos.com.ar\/2021\/wp-content\/uploads\/2022\/08\/juicio-de-alimentos-abogados-en-juliaca.jpg","datePublished":"2022-08-31T16:52:15+00:00","dateModified":"2022-08-31T16:53:19+00:00","author":{"@id":"https:\/\/www.noticiasradioreflejos.com.ar\/2021\/#\/schema\/person\/ad82545263dcc5ec0996818884fd5fb1"},"breadcrumb":{"@id":"https:\/\/www.noticiasradioreflejos.com.ar\/2021\/todo-lo-que-tenes-que-saber-sobre-el-juicio-por-alimentos\/#breadcrumb"},"inLanguage":"es","potentialAction":[{"@type":"ReadAction","target":["https:\/\/www.noticiasradioreflejos.com.ar\/2021\/todo-lo-que-tenes-que-saber-sobre-el-juicio-por-alimentos\/"]}]},{"@type":"ImageObject","inLanguage":"es","@id":"https:\/\/www.noticiasradioreflejos.com.ar\/2021\/todo-lo-que-tenes-que-saber-sobre-el-juicio-por-alimentos\/#primaryimage","url":"https:\/\/www.noticiasradioreflejos.com.ar\/2021\/wp-content\/uploads\/2022\/08\/juicio-de-alimentos-abogados-en-juliaca.jpg","contentUrl":"https:\/\/www.noticiasradioreflejos.com.ar\/2021\/wp-content\/uploads\/2022\/08\/juicio-de-alimentos-abogados-en-juliaca.jpg","width":670,"height":380,"caption":"pension-de-alimentos-abogados-en-juliaca"},{"@type":"BreadcrumbList","@id":"https:\/\/www.noticiasradioreflejos.com.ar\/2021\/todo-lo-que-tenes-que-saber-sobre-el-juicio-por-alimentos\/#breadcrumb","itemListElement":[{"@type":"ListItem","position":1,"name":"Portada","item":"https:\/\/www.noticiasradioreflejos.com.ar\/2021\/"},{"@type":"ListItem","position":2,"name":"Todo lo que tenes que saber sobre el Juicio por Alimentos"}]},{"@type":"WebSite","@id":"https:\/\/www.noticiasradioreflejos.com.ar\/2021\/#website","url":"https:\/\/www.noticiasradioreflejos.com.ar\/2021\/","name":"Noticias Radio Reflejos","description":"Las noticias de mi comarca","potentialAction":[{"@type":"SearchAction","target":{"@type":"EntryPoint","urlTemplate":"https:\/\/www.noticiasradioreflejos.com.ar\/2021\/?s={search_term_string}"},"query-input":{"@type":"PropertyValueSpecification","valueRequired":true,"valueName":"search_term_string"}}],"inLanguage":"es"},{"@type":"Person","@id":"https:\/\/www.noticiasradioreflejos.com.ar\/2021\/#\/schema\/person\/ad82545263dcc5ec0996818884fd5fb1","name":"Arnaldo Botto","image":{"@type":"ImageObject","inLanguage":"es","@id":"https:\/\/www.noticiasradioreflejos.com.ar\/2021\/#\/schema\/person\/image\/","url":"https:\/\/secure.gravatar.com\/avatar\/55cb5e37c1efa326397366e6974cb338056df65cb50e7d64d1cf314e87504837?s=96&d=mm&r=g","contentUrl":"https:\/\/secure.gravatar.com\/avatar\/55cb5e37c1efa326397366e6974cb338056df65cb50e7d64d1cf314e87504837?s=96&d=mm&r=g","caption":"Arnaldo Botto"},"url":"https:\/\/www.noticiasradioreflejos.com.ar\/2021\/author\/arnaldo\/"}]}},"_links":{"self":[{"href":"https:\/\/www.noticiasradioreflejos.com.ar\/2021\/wp-json\/wp\/v2\/posts\/77008","targetHints":{"allow":["GET"]}}],"collection":[{"href":"https:\/\/www.noticiasradioreflejos.com.ar\/2021\/wp-json\/wp\/v2\/posts"}],"about":[{"href":"https:\/\/www.noticiasradioreflejos.com.ar\/2021\/wp-json\/wp\/v2\/types\/post"}],"author":[{"embeddable":true,"href":"https:\/\/www.noticiasradioreflejos.com.ar\/2021\/wp-json\/wp\/v2\/users\/3"}],"replies":[{"embeddable":true,"href":"https:\/\/www.noticiasradioreflejos.com.ar\/2021\/wp-json\/wp\/v2\/comments?post=77008"}],"version-history":[{"count":2,"href":"https:\/\/www.noticiasradioreflejos.com.ar\/2021\/wp-json\/wp\/v2\/posts\/77008\/revisions"}],"predecessor-version":[{"id":77015,"href":"https:\/\/www.noticiasradioreflejos.com.ar\/2021\/wp-json\/wp\/v2\/posts\/77008\/revisions\/77015"}],"wp:featuredmedia":[{"embeddable":true,"href":"https:\/\/www.noticiasradioreflejos.com.ar\/2021\/wp-json\/wp\/v2\/media\/77014"}],"wp:attachment":[{"href":"https:\/\/www.noticiasradioreflejos.com.ar\/2021\/wp-json\/wp\/v2\/media?parent=77008"}],"wp:term":[{"taxonomy":"category","embeddable":true,"href":"https:\/\/www.noticiasradioreflejos.com.ar\/2021\/wp-json\/wp\/v2\/categories?post=77008"},{"taxonomy":"post_tag","embeddable":true,"href":"https:\/\/www.noticiasradioreflejos.com.ar\/2021\/wp-json\/wp\/v2\/tags?post=77008"}],"curies":[{"name":"wp","href":"https:\/\/api.w.org\/{rel}","templated":true}]}}