{"id":77006,"date":"2022-08-31T16:45:16","date_gmt":"2022-08-31T16:45:16","guid":{"rendered":"http:\/\/www.noticiasradioreflejos.com.ar\/2021\/?p=77006"},"modified":"2022-08-31T16:45:16","modified_gmt":"2022-08-31T16:45:16","slug":"viviendas-en-el-macizo-no-creo-que-sea-en-los-tiempos-que-dijo-el-intendente","status":"publish","type":"post","link":"https:\/\/www.noticiasradioreflejos.com.ar\/2021\/viviendas-en-el-macizo-no-creo-que-sea-en-los-tiempos-que-dijo-el-intendente\/","title":{"rendered":"Viviendas en el macizo: \u201cNo creo que sea en los tiempos que dijo el Intendente\u201d"},"content":{"rendered":"<p>El edil <strong>Sebasti\u00e1n Bassi<\/strong> dej\u00f3 su impresi\u00f3n de lo vivido en los \u00faltimos d\u00edas. Este viernes, junto con<strong> Cristian Ritondo,<\/strong> estar\u00e1n inaugurando un local partidario en Tornquist y luego visitar\u00e1n Sierra. \u201cSeremos alrededor de 70 personas\u201d en un plenario de toda la Sexta Secci\u00f3n.<!--more--><\/p>\n<p>Se vienen d\u00edas importantes en la vida pol\u00edtica de Sebasti\u00e1n Bassi. En cuesti\u00f3n de horas el Diputado Nacional Cristian Ritondo estar\u00e1 visitando la comarca, y con esto, no solo quedar\u00e1 inaugurado su local partidario en Tornquist, sino que adem\u00e1s se lanzar\u00e1 oficialmente su candidatura a la intendencia.<\/p>\n<p>Al respecto, el actual edil mencion\u00f3 que \u201cprimero en Tornquist, donde inauguraremos el local partidario. Ah\u00ed haremos una charla, un intercambio con vecinos. Y sobre el mediod\u00eda vendremos a Sierra de la Ventana para trabajar una plenaria con dirigentes de la Sexta Secci\u00f3n\u201d.<\/p>\n<p>Sobre la agenda de Ritondo, mencion\u00f3 que \u201cllegar\u00e1 a Bah\u00eda Blanca y vendr\u00e1 directamente a Tornquist. Calculamos que entre las 12 y las 12:30 estaremos en Tornquist, y desde las 13 en el Club de Golf de Sierra de la Ventana. Seremos alrededor de 70 personas. Luego en horas de la tarde ir\u00e1 a Bah\u00eda Blanca e inaugurar\u00e1 su local all\u00e1\u201d.<\/p>\n<p>Sin escaparle al d\u00e9ficit habitacional, tem\u00e1tica que preocupa a toda la comarca, expuso que \u201ces la problem\u00e1tica principal a resolver. Tomando la palabra de \u201cPich\u00f3n\u201d Alga\u00f1araz; nadie discute que nos tenemos que alinear entre todos para avanzar e ir paleando este problema. Lo que est\u00e1 bien nadie lo va a discutir. Hay que empezar a pensar en pol\u00edticas a mediano y largo plazo\u201d.<\/p>\n<p>Siguiendo en esa l\u00ednea ratific\u00f3 que \u201cestoy de acuerdo en adherir al a Ley de H\u00e1bitat. Es trabajar con pol\u00edticas de estado sin importar el color pol\u00edtico que le toque gobernar y respetarlo. Esto ha sido muy estudiado y es ley. Se puede modificar alg\u00fan aspecto, o discutir, pero hay que ir por ah\u00ed y avanzar\u201d.<\/p>\n<p>De igual manera confi\u00f3 en que \u201cel compromiso es abordar el tema, ser claro y transparente, pero sin generar falsas expectativas o ilusiones con algo tan dif\u00edcil para mucha gente que le toca atravesar este problema. Ac\u00e1 no hay soluciones m\u00e1gicas. Hay que ser claro con eso. No va a estar resuelto de la noche a la ma\u00f1ana\u201d.<\/p>\n<p>Y de la mano con esto, tomando lo dicho por el Intendente sobre las edificaciones en el macizo y los tiempos que demandar\u00e1 esa construcci\u00f3n, resumi\u00f3: \u201cSi le preguntas a cualquier dirigente o concejal, te va a decir que queremos 200 casas para ma\u00f1ana o el a\u00f1o que viene. Dios quiera sea as\u00ed, pero hay que tener los pies sobre la tierra y sin ser pesimista no creo que sea en los tiempos que dijo el Intendente\u201d.<\/p>\n<p>&nbsp;<\/p>\n<p>&nbsp;<\/p>\n<p><iframe loading=\"lazy\" src=\"https:\/\/w.soundcloud.com\/player\/?url=https%3A\/\/api.soundcloud.com\/tracks\/1334962627&amp;color=%23ff5500&amp;auto_play=false&amp;hide_related=false&amp;show_comments=true&amp;show_user=true&amp;show_reposts=false&amp;show_teaser=true\" width=\"100%\" height=\"166\" frameborder=\"no\" scrolling=\"no\"><\/iframe><\/p>\n<div style=\"font-size: 10px; color: #cccccc; line-break: anywhere; word-break: normal; overflow: hidden; white-space: nowrap; text-overflow: ellipsis; font-family: Interstate,Lucida Grande,Lucida Sans Unicode,Lucida Sans,Garuda,Verdana,Tahoma,sans-serif; font-weight: 100;\"><a style=\"color: #cccccc; text-decoration: none;\" title=\"fmreflejos 103.7\" href=\"https:\/\/soundcloud.com\/fmreflejos-103-7\" target=\"_blank\" rel=\"noopener\">fmreflejos 103.7<\/a> \u00b7 <a style=\"color: #cccccc; text-decoration: none;\" title=\"Sebastian Bassi\" href=\"https:\/\/soundcloud.com\/fmreflejos-103-7\/sebastian-bassi-498674625\" target=\"_blank\" rel=\"noopener\">Sebastian Bassi<\/a><\/div>\n","protected":false},"excerpt":{"rendered":"<p>El edil Sebasti\u00e1n Bassi dej\u00f3 su impresi\u00f3n de lo vivido en los \u00faltimos d\u00edas. Este viernes, junto con Cristian Ritondo, estar\u00e1n inaugurando un local partidario en Tornquist y luego visitar\u00e1n Sierra. \u201cSeremos alrededor de 70 personas\u201d en un plenario de toda la Sexta Secci\u00f3n.<\/p>\n","protected":false},"author":3,"featured_media":0,"comment_status":"closed","ping_status":"closed","sticky":false,"template":"","format":"standard","meta":{"footnotes":""},"categories":[24],"tags":[48],"class_list":["post-77006","post","type-post","status-publish","format-standard","hentry","category-politica","tag-destacada"],"yoast_head":"<!-- This site is optimized with the Yoast SEO plugin v25.9 - https:\/\/yoast.com\/wordpress\/plugins\/seo\/ -->\n<title>Viviendas en el macizo: \u201cNo creo que sea en los tiempos que dijo el Intendente\u201d - Noticias Radio Reflejos<\/title>\n<meta name=\"robots\" content=\"index, follow, max-snippet:-1, max-image-preview:large, max-video-preview:-1\" \/>\n<link rel=\"canonical\" href=\"https:\/\/www.noticiasradioreflejos.com.ar\/2021\/viviendas-en-el-macizo-no-creo-que-sea-en-los-tiempos-que-dijo-el-intendente\/\" \/>\n<meta property=\"og:locale\" content=\"es_ES\" \/>\n<meta property=\"og:type\" content=\"article\" \/>\n<meta property=\"og:title\" content=\"Viviendas en el macizo: \u201cNo creo que sea en los tiempos que dijo el Intendente\u201d - Noticias Radio Reflejos\" \/>\n<meta property=\"og:description\" content=\"El edil Sebasti\u00e1n Bassi dej\u00f3 su impresi\u00f3n de lo vivido en los \u00faltimos d\u00edas. Este viernes, junto con Cristian Ritondo, estar\u00e1n inaugurando un local partidario en Tornquist y luego visitar\u00e1n Sierra. \u201cSeremos alrededor de 70 personas\u201d en un plenario de toda la Sexta Secci\u00f3n.\" \/>\n<meta property=\"og:url\" content=\"https:\/\/www.noticiasradioreflejos.com.ar\/2021\/viviendas-en-el-macizo-no-creo-que-sea-en-los-tiempos-que-dijo-el-intendente\/\" \/>\n<meta property=\"og:site_name\" content=\"Noticias Radio Reflejos\" \/>\n<meta property=\"article:published_time\" content=\"2022-08-31T16:45:16+00:00\" \/>\n<meta property=\"og:image\" content=\"https:\/\/www.noticiasradioreflejos.com.ar\/2021\/wp-content\/uploads\/2021\/07\/logosol300x200.png\" \/>\n\t<meta property=\"og:image:width\" content=\"300\" \/>\n\t<meta property=\"og:image:height\" content=\"200\" \/>\n\t<meta property=\"og:image:type\" content=\"image\/png\" \/>\n<meta name=\"author\" content=\"Arnaldo Botto\" \/>\n<meta name=\"twitter:card\" content=\"summary_large_image\" \/>\n<script type=\"application\/ld+json\" class=\"yoast-schema-graph\">{\"@context\":\"https:\/\/schema.org\",\"@graph\":[{\"@type\":\"WebPage\",\"@id\":\"https:\/\/www.noticiasradioreflejos.com.ar\/2021\/viviendas-en-el-macizo-no-creo-que-sea-en-los-tiempos-que-dijo-el-intendente\/\",\"url\":\"https:\/\/www.noticiasradioreflejos.com.ar\/2021\/viviendas-en-el-macizo-no-creo-que-sea-en-los-tiempos-que-dijo-el-intendente\/\",\"name\":\"Viviendas en el macizo: \u201cNo creo que sea en los tiempos que dijo el Intendente\u201d - Noticias Radio Reflejos\",\"isPartOf\":{\"@id\":\"https:\/\/www.noticiasradioreflejos.com.ar\/2021\/#website\"},\"datePublished\":\"2022-08-31T16:45:16+00:00\",\"author\":{\"@id\":\"https:\/\/www.noticiasradioreflejos.com.ar\/2021\/#\/schema\/person\/ad82545263dcc5ec0996818884fd5fb1\"},\"breadcrumb\":{\"@id\":\"https:\/\/www.noticiasradioreflejos.com.ar\/2021\/viviendas-en-el-macizo-no-creo-que-sea-en-los-tiempos-que-dijo-el-intendente\/#breadcrumb\"},\"inLanguage\":\"es\",\"potentialAction\":[{\"@type\":\"ReadAction\",\"target\":[\"https:\/\/www.noticiasradioreflejos.com.ar\/2021\/viviendas-en-el-macizo-no-creo-que-sea-en-los-tiempos-que-dijo-el-intendente\/\"]}]},{\"@type\":\"BreadcrumbList\",\"@id\":\"https:\/\/www.noticiasradioreflejos.com.ar\/2021\/viviendas-en-el-macizo-no-creo-que-sea-en-los-tiempos-que-dijo-el-intendente\/#breadcrumb\",\"itemListElement\":[{\"@type\":\"ListItem\",\"position\":1,\"name\":\"Portada\",\"item\":\"https:\/\/www.noticiasradioreflejos.com.ar\/2021\/\"},{\"@type\":\"ListItem\",\"position\":2,\"name\":\"Viviendas en el macizo: \u201cNo creo que sea en los tiempos que dijo el Intendente\u201d\"}]},{\"@type\":\"WebSite\",\"@id\":\"https:\/\/www.noticiasradioreflejos.com.ar\/2021\/#website\",\"url\":\"https:\/\/www.noticiasradioreflejos.com.ar\/2021\/\",\"name\":\"Noticias Radio Reflejos\",\"description\":\"Las noticias de mi comarca\",\"potentialAction\":[{\"@type\":\"SearchAction\",\"target\":{\"@type\":\"EntryPoint\",\"urlTemplate\":\"https:\/\/www.noticiasradioreflejos.com.ar\/2021\/?s={search_term_string}\"},\"query-input\":{\"@type\":\"PropertyValueSpecification\",\"valueRequired\":true,\"valueName\":\"search_term_string\"}}],\"inLanguage\":\"es\"},{\"@type\":\"Person\",\"@id\":\"https:\/\/www.noticiasradioreflejos.com.ar\/2021\/#\/schema\/person\/ad82545263dcc5ec0996818884fd5fb1\",\"name\":\"Arnaldo Botto\",\"image\":{\"@type\":\"ImageObject\",\"inLanguage\":\"es\",\"@id\":\"https:\/\/www.noticiasradioreflejos.com.ar\/2021\/#\/schema\/person\/image\/\",\"url\":\"https:\/\/secure.gravatar.com\/avatar\/55cb5e37c1efa326397366e6974cb338056df65cb50e7d64d1cf314e87504837?s=96&d=mm&r=g\",\"contentUrl\":\"https:\/\/secure.gravatar.com\/avatar\/55cb5e37c1efa326397366e6974cb338056df65cb50e7d64d1cf314e87504837?s=96&d=mm&r=g\",\"caption\":\"Arnaldo Botto\"},\"url\":\"https:\/\/www.noticiasradioreflejos.com.ar\/2021\/author\/arnaldo\/\"}]}<\/script>\n<!-- \/ Yoast SEO plugin. -->","yoast_head_json":{"title":"Viviendas en el macizo: \u201cNo creo que sea en los tiempos que dijo el Intendente\u201d - Noticias Radio Reflejos","robots":{"index":"index","follow":"follow","max-snippet":"max-snippet:-1","max-image-preview":"max-image-preview:large","max-video-preview":"max-video-preview:-1"},"canonical":"https:\/\/www.noticiasradioreflejos.com.ar\/2021\/viviendas-en-el-macizo-no-creo-que-sea-en-los-tiempos-que-dijo-el-intendente\/","og_locale":"es_ES","og_type":"article","og_title":"Viviendas en el macizo: \u201cNo creo que sea en los tiempos que dijo el Intendente\u201d - Noticias Radio Reflejos","og_description":"El edil Sebasti\u00e1n Bassi dej\u00f3 su impresi\u00f3n de lo vivido en los \u00faltimos d\u00edas. Este viernes, junto con Cristian Ritondo, estar\u00e1n inaugurando un local partidario en Tornquist y luego visitar\u00e1n Sierra. \u201cSeremos alrededor de 70 personas\u201d en un plenario de toda la Sexta Secci\u00f3n.","og_url":"https:\/\/www.noticiasradioreflejos.com.ar\/2021\/viviendas-en-el-macizo-no-creo-que-sea-en-los-tiempos-que-dijo-el-intendente\/","og_site_name":"Noticias Radio Reflejos","article_published_time":"2022-08-31T16:45:16+00:00","og_image":[{"width":300,"height":200,"url":"https:\/\/www.noticiasradioreflejos.com.ar\/2021\/wp-content\/uploads\/2021\/07\/logosol300x200.png","type":"image\/png"}],"author":"Arnaldo Botto","twitter_card":"summary_large_image","schema":{"@context":"https:\/\/schema.org","@graph":[{"@type":"WebPage","@id":"https:\/\/www.noticiasradioreflejos.com.ar\/2021\/viviendas-en-el-macizo-no-creo-que-sea-en-los-tiempos-que-dijo-el-intendente\/","url":"https:\/\/www.noticiasradioreflejos.com.ar\/2021\/viviendas-en-el-macizo-no-creo-que-sea-en-los-tiempos-que-dijo-el-intendente\/","name":"Viviendas en el macizo: \u201cNo creo que sea en los tiempos que dijo el Intendente\u201d - Noticias Radio Reflejos","isPartOf":{"@id":"https:\/\/www.noticiasradioreflejos.com.ar\/2021\/#website"},"datePublished":"2022-08-31T16:45:16+00:00","author":{"@id":"https:\/\/www.noticiasradioreflejos.com.ar\/2021\/#\/schema\/person\/ad82545263dcc5ec0996818884fd5fb1"},"breadcrumb":{"@id":"https:\/\/www.noticiasradioreflejos.com.ar\/2021\/viviendas-en-el-macizo-no-creo-que-sea-en-los-tiempos-que-dijo-el-intendente\/#breadcrumb"},"inLanguage":"es","potentialAction":[{"@type":"ReadAction","target":["https:\/\/www.noticiasradioreflejos.com.ar\/2021\/viviendas-en-el-macizo-no-creo-que-sea-en-los-tiempos-que-dijo-el-intendente\/"]}]},{"@type":"BreadcrumbList","@id":"https:\/\/www.noticiasradioreflejos.com.ar\/2021\/viviendas-en-el-macizo-no-creo-que-sea-en-los-tiempos-que-dijo-el-intendente\/#breadcrumb","itemListElement":[{"@type":"ListItem","position":1,"name":"Portada","item":"https:\/\/www.noticiasradioreflejos.com.ar\/2021\/"},{"@type":"ListItem","position":2,"name":"Viviendas en el macizo: \u201cNo creo que sea en los tiempos que dijo el Intendente\u201d"}]},{"@type":"WebSite","@id":"https:\/\/www.noticiasradioreflejos.com.ar\/2021\/#website","url":"https:\/\/www.noticiasradioreflejos.com.ar\/2021\/","name":"Noticias Radio Reflejos","description":"Las noticias de mi comarca","potentialAction":[{"@type":"SearchAction","target":{"@type":"EntryPoint","urlTemplate":"https:\/\/www.noticiasradioreflejos.com.ar\/2021\/?s={search_term_string}"},"query-input":{"@type":"PropertyValueSpecification","valueRequired":true,"valueName":"search_term_string"}}],"inLanguage":"es"},{"@type":"Person","@id":"https:\/\/www.noticiasradioreflejos.com.ar\/2021\/#\/schema\/person\/ad82545263dcc5ec0996818884fd5fb1","name":"Arnaldo Botto","image":{"@type":"ImageObject","inLanguage":"es","@id":"https:\/\/www.noticiasradioreflejos.com.ar\/2021\/#\/schema\/person\/image\/","url":"https:\/\/secure.gravatar.com\/avatar\/55cb5e37c1efa326397366e6974cb338056df65cb50e7d64d1cf314e87504837?s=96&d=mm&r=g","contentUrl":"https:\/\/secure.gravatar.com\/avatar\/55cb5e37c1efa326397366e6974cb338056df65cb50e7d64d1cf314e87504837?s=96&d=mm&r=g","caption":"Arnaldo Botto"},"url":"https:\/\/www.noticiasradioreflejos.com.ar\/2021\/author\/arnaldo\/"}]}},"_links":{"self":[{"href":"https:\/\/www.noticiasradioreflejos.com.ar\/2021\/wp-json\/wp\/v2\/posts\/77006","targetHints":{"allow":["GET"]}}],"collection":[{"href":"https:\/\/www.noticiasradioreflejos.com.ar\/2021\/wp-json\/wp\/v2\/posts"}],"about":[{"href":"https:\/\/www.noticiasradioreflejos.com.ar\/2021\/wp-json\/wp\/v2\/types\/post"}],"author":[{"embeddable":true,"href":"https:\/\/www.noticiasradioreflejos.com.ar\/2021\/wp-json\/wp\/v2\/users\/3"}],"replies":[{"embeddable":true,"href":"https:\/\/www.noticiasradioreflejos.com.ar\/2021\/wp-json\/wp\/v2\/comments?post=77006"}],"version-history":[{"count":2,"href":"https:\/\/www.noticiasradioreflejos.com.ar\/2021\/wp-json\/wp\/v2\/posts\/77006\/revisions"}],"predecessor-version":[{"id":77010,"href":"https:\/\/www.noticiasradioreflejos.com.ar\/2021\/wp-json\/wp\/v2\/posts\/77006\/revisions\/77010"}],"wp:attachment":[{"href":"https:\/\/www.noticiasradioreflejos.com.ar\/2021\/wp-json\/wp\/v2\/media?parent=77006"}],"wp:term":[{"taxonomy":"category","embeddable":true,"href":"https:\/\/www.noticiasradioreflejos.com.ar\/2021\/wp-json\/wp\/v2\/categories?post=77006"},{"taxonomy":"post_tag","embeddable":true,"href":"https:\/\/www.noticiasradioreflejos.com.ar\/2021\/wp-json\/wp\/v2\/tags?post=77006"}],"curies":[{"name":"wp","href":"https:\/\/api.w.org\/{rel}","templated":true}]}}