{"id":77001,"date":"2022-08-31T12:34:00","date_gmt":"2022-08-31T12:34:00","guid":{"rendered":"http:\/\/www.noticiasradioreflejos.com.ar\/2021\/?p=77001"},"modified":"2022-08-31T12:34:00","modified_gmt":"2022-08-31T12:34:00","slug":"ahora-12-aumentan-los-topes-de-descuento-y-las-tasas-maximas-de-interes","status":"publish","type":"post","link":"https:\/\/www.noticiasradioreflejos.com.ar\/2021\/ahora-12-aumentan-los-topes-de-descuento-y-las-tasas-maximas-de-interes\/","title":{"rendered":"Ahora 12: aumentan los topes de descuento y las tasas m\u00e1ximas de inter\u00e9s"},"content":{"rendered":"<header id=\"mvp-post-head\" class=\"left relative\">La Secretar\u00eda de Comercio renov\u00f3 las tasas m\u00e1ximas de descuento que los emisores bancarios pueden aplicarle al comercio y los topes m\u00e1ximos de inter\u00e9s que los comercios pueden cobrarle al consumidor para cada plan de financiamiento vigente incluido en el programa Ahora 12, a trav\u00e9s de la resoluci\u00f3n 5\/2022 publicada en el Bolet\u00edn Oficial.<\/p>\n<\/header>\n<p><!--more--><\/p>\n<div class=\"mvp-post-main-out left relative\">\n<div class=\"mvp-post-main-in\">\n<div id=\"mvp-post-content\" class=\"left relative\">\n<div id=\"mvp-content-wrap\" class=\"left relative\">\n<div class=\"mvp-post-soc-out right relative\">\n<div class=\"mvp-post-soc-in\">\n<div id=\"mvp-content-body\" class=\"left relative\">\n<div id=\"mvp-content-body-top\" class=\"left relative\">\n<div id=\"mvp-content-main\" class=\"left relative\">\n<div id=\"textbody\">\n<p>Actualmente la iniciativa de fomento al consumo y la producci\u00f3n nacional otorga la posibilidad de comprar en 3, 6, 12, 18 y hasta 24 cuotas fijas con tarjetas de cr\u00e9dito bancarias, con una tasa de inter\u00e9s inferior a la que se ofrece en el mercado, en m\u00e1s de 30 rubros de producci\u00f3n nacional.<\/p>\n<div id=\"itb_mobile_intext_div\"><iframe id=\"itb_mobile_intext\" width=\"0\" height=\"0\" frameborder=\"0\" marginwidth=\"0\" marginheight=\"0\" scrolling=\"no\"><\/iframe><\/div>\n<div class=\"code-block code-block-11\"><\/div>\n<p>A partir de la modificaci\u00f3n, las tasas m\u00e1ximas de descuento directo que los emisores bancarios pueden aplicarle al comercio pasan de 5,11% a 7,06% para tres cuotas; de 9,77% a 13,3% para seis; de 18,18% a 24,16% para 12; de 24,55% a 32,2% para 18; y de 35,83% a 40,78% para 24.<\/p>\n<p>Por su parte, la Tasa Nominal Anual (TNA) promedio del Programa se incrementar\u00e1 a 59,08% para la financiaci\u00f3n en tres, seis, 12, 18 y 24 cuotas fijas.<\/p>\n<p>Anteriormente la misma se situaba en 42% para las cuotas de tres, seis y 12 cuotas fijas, y 49% para 18 y 24 cuotas.<\/p>\n<p>De esta forma, las tasas de inter\u00e9s del Ahora 12 \u2013 que est\u00e1n financiadas con un aporte del Estado Nacional y de los bancos p\u00fablicos y privados- siguen por debajo de las del mercado, ya que un pr\u00e9stamo personal tiene un TNA cercano al 100,50%.<\/p>\n<p>El incremento de las tasas responde a \u201cla evoluci\u00f3n reciente de las tasas de pol\u00edtica monetaria del Banco Central (BCRA)\u201d ya que se considera necesario \u201cpropender a la armonizaci\u00f3n de las tasas de inter\u00e9s\u201d, seg\u00fan se inform\u00f3.<\/p>\n<p>Fuente: T\u00e9lam<\/p>\n<\/div>\n<\/div>\n<\/div>\n<\/div>\n<\/div>\n<\/div>\n<\/div>\n<\/div>\n<\/div>\n<\/div>\n","protected":false},"excerpt":{"rendered":"<p>La Secretar\u00eda de Comercio renov\u00f3 las tasas m\u00e1ximas de descuento que los emisores bancarios pueden aplicarle al comercio y los topes m\u00e1ximos de inter\u00e9s que los comercios pueden cobrarle al consumidor para cada plan de financiamiento vigente incluido en el programa Ahora 12, a trav\u00e9s de la resoluci\u00f3n 5\/2022 publicada en el Bolet\u00edn Oficial.<\/p>\n","protected":false},"author":3,"featured_media":0,"comment_status":"closed","ping_status":"closed","sticky":false,"template":"","format":"standard","meta":{"footnotes":""},"categories":[36,58],"tags":[],"class_list":["post-77001","post","type-post","status-publish","format-standard","hentry","category-economia","category-gobierno"],"yoast_head":"<!-- This site is optimized with the Yoast SEO plugin v25.9 - https:\/\/yoast.com\/wordpress\/plugins\/seo\/ -->\n<title>Ahora 12: aumentan los topes de descuento y las tasas m\u00e1ximas de inter\u00e9s - Noticias Radio Reflejos<\/title>\n<meta name=\"robots\" content=\"index, follow, max-snippet:-1, max-image-preview:large, max-video-preview:-1\" \/>\n<link rel=\"canonical\" href=\"https:\/\/www.noticiasradioreflejos.com.ar\/2021\/ahora-12-aumentan-los-topes-de-descuento-y-las-tasas-maximas-de-interes\/\" \/>\n<meta property=\"og:locale\" content=\"es_ES\" \/>\n<meta property=\"og:type\" content=\"article\" \/>\n<meta property=\"og:title\" content=\"Ahora 12: aumentan los topes de descuento y las tasas m\u00e1ximas de inter\u00e9s - Noticias Radio Reflejos\" \/>\n<meta property=\"og:description\" content=\"La Secretar\u00eda de Comercio renov\u00f3 las tasas m\u00e1ximas de descuento que los emisores bancarios pueden aplicarle al comercio y los topes m\u00e1ximos de inter\u00e9s que los comercios pueden cobrarle al consumidor para cada plan de financiamiento vigente incluido en el programa Ahora 12, a trav\u00e9s de la resoluci\u00f3n 5\/2022 publicada en el Bolet\u00edn Oficial.\" \/>\n<meta property=\"og:url\" content=\"https:\/\/www.noticiasradioreflejos.com.ar\/2021\/ahora-12-aumentan-los-topes-de-descuento-y-las-tasas-maximas-de-interes\/\" \/>\n<meta property=\"og:site_name\" content=\"Noticias Radio Reflejos\" \/>\n<meta property=\"article:published_time\" content=\"2022-08-31T12:34:00+00:00\" \/>\n<meta property=\"og:image\" content=\"https:\/\/www.noticiasradioreflejos.com.ar\/2021\/wp-content\/uploads\/2021\/07\/logosol300x200.png\" \/>\n\t<meta property=\"og:image:width\" content=\"300\" \/>\n\t<meta property=\"og:image:height\" content=\"200\" \/>\n\t<meta property=\"og:image:type\" content=\"image\/png\" \/>\n<meta name=\"author\" content=\"Arnaldo Botto\" \/>\n<meta name=\"twitter:card\" content=\"summary_large_image\" \/>\n<script type=\"application\/ld+json\" class=\"yoast-schema-graph\">{\"@context\":\"https:\/\/schema.org\",\"@graph\":[{\"@type\":\"WebPage\",\"@id\":\"https:\/\/www.noticiasradioreflejos.com.ar\/2021\/ahora-12-aumentan-los-topes-de-descuento-y-las-tasas-maximas-de-interes\/\",\"url\":\"https:\/\/www.noticiasradioreflejos.com.ar\/2021\/ahora-12-aumentan-los-topes-de-descuento-y-las-tasas-maximas-de-interes\/\",\"name\":\"Ahora 12: aumentan los topes de descuento y las tasas m\u00e1ximas de inter\u00e9s - Noticias Radio Reflejos\",\"isPartOf\":{\"@id\":\"https:\/\/www.noticiasradioreflejos.com.ar\/2021\/#website\"},\"datePublished\":\"2022-08-31T12:34:00+00:00\",\"author\":{\"@id\":\"https:\/\/www.noticiasradioreflejos.com.ar\/2021\/#\/schema\/person\/ad82545263dcc5ec0996818884fd5fb1\"},\"breadcrumb\":{\"@id\":\"https:\/\/www.noticiasradioreflejos.com.ar\/2021\/ahora-12-aumentan-los-topes-de-descuento-y-las-tasas-maximas-de-interes\/#breadcrumb\"},\"inLanguage\":\"es\",\"potentialAction\":[{\"@type\":\"ReadAction\",\"target\":[\"https:\/\/www.noticiasradioreflejos.com.ar\/2021\/ahora-12-aumentan-los-topes-de-descuento-y-las-tasas-maximas-de-interes\/\"]}]},{\"@type\":\"BreadcrumbList\",\"@id\":\"https:\/\/www.noticiasradioreflejos.com.ar\/2021\/ahora-12-aumentan-los-topes-de-descuento-y-las-tasas-maximas-de-interes\/#breadcrumb\",\"itemListElement\":[{\"@type\":\"ListItem\",\"position\":1,\"name\":\"Portada\",\"item\":\"https:\/\/www.noticiasradioreflejos.com.ar\/2021\/\"},{\"@type\":\"ListItem\",\"position\":2,\"name\":\"Ahora 12: aumentan los topes de descuento y las tasas m\u00e1ximas de inter\u00e9s\"}]},{\"@type\":\"WebSite\",\"@id\":\"https:\/\/www.noticiasradioreflejos.com.ar\/2021\/#website\",\"url\":\"https:\/\/www.noticiasradioreflejos.com.ar\/2021\/\",\"name\":\"Noticias Radio Reflejos\",\"description\":\"Las noticias de mi comarca\",\"potentialAction\":[{\"@type\":\"SearchAction\",\"target\":{\"@type\":\"EntryPoint\",\"urlTemplate\":\"https:\/\/www.noticiasradioreflejos.com.ar\/2021\/?s={search_term_string}\"},\"query-input\":{\"@type\":\"PropertyValueSpecification\",\"valueRequired\":true,\"valueName\":\"search_term_string\"}}],\"inLanguage\":\"es\"},{\"@type\":\"Person\",\"@id\":\"https:\/\/www.noticiasradioreflejos.com.ar\/2021\/#\/schema\/person\/ad82545263dcc5ec0996818884fd5fb1\",\"name\":\"Arnaldo Botto\",\"image\":{\"@type\":\"ImageObject\",\"inLanguage\":\"es\",\"@id\":\"https:\/\/www.noticiasradioreflejos.com.ar\/2021\/#\/schema\/person\/image\/\",\"url\":\"https:\/\/secure.gravatar.com\/avatar\/55cb5e37c1efa326397366e6974cb338056df65cb50e7d64d1cf314e87504837?s=96&d=mm&r=g\",\"contentUrl\":\"https:\/\/secure.gravatar.com\/avatar\/55cb5e37c1efa326397366e6974cb338056df65cb50e7d64d1cf314e87504837?s=96&d=mm&r=g\",\"caption\":\"Arnaldo Botto\"},\"url\":\"https:\/\/www.noticiasradioreflejos.com.ar\/2021\/author\/arnaldo\/\"}]}<\/script>\n<!-- \/ Yoast SEO plugin. -->","yoast_head_json":{"title":"Ahora 12: aumentan los topes de descuento y las tasas m\u00e1ximas de inter\u00e9s - Noticias Radio Reflejos","robots":{"index":"index","follow":"follow","max-snippet":"max-snippet:-1","max-image-preview":"max-image-preview:large","max-video-preview":"max-video-preview:-1"},"canonical":"https:\/\/www.noticiasradioreflejos.com.ar\/2021\/ahora-12-aumentan-los-topes-de-descuento-y-las-tasas-maximas-de-interes\/","og_locale":"es_ES","og_type":"article","og_title":"Ahora 12: aumentan los topes de descuento y las tasas m\u00e1ximas de inter\u00e9s - Noticias Radio Reflejos","og_description":"La Secretar\u00eda de Comercio renov\u00f3 las tasas m\u00e1ximas de descuento que los emisores bancarios pueden aplicarle al comercio y los topes m\u00e1ximos de inter\u00e9s que los comercios pueden cobrarle al consumidor para cada plan de financiamiento vigente incluido en el programa Ahora 12, a trav\u00e9s de la resoluci\u00f3n 5\/2022 publicada en el Bolet\u00edn Oficial.","og_url":"https:\/\/www.noticiasradioreflejos.com.ar\/2021\/ahora-12-aumentan-los-topes-de-descuento-y-las-tasas-maximas-de-interes\/","og_site_name":"Noticias Radio Reflejos","article_published_time":"2022-08-31T12:34:00+00:00","og_image":[{"width":300,"height":200,"url":"https:\/\/www.noticiasradioreflejos.com.ar\/2021\/wp-content\/uploads\/2021\/07\/logosol300x200.png","type":"image\/png"}],"author":"Arnaldo Botto","twitter_card":"summary_large_image","schema":{"@context":"https:\/\/schema.org","@graph":[{"@type":"WebPage","@id":"https:\/\/www.noticiasradioreflejos.com.ar\/2021\/ahora-12-aumentan-los-topes-de-descuento-y-las-tasas-maximas-de-interes\/","url":"https:\/\/www.noticiasradioreflejos.com.ar\/2021\/ahora-12-aumentan-los-topes-de-descuento-y-las-tasas-maximas-de-interes\/","name":"Ahora 12: aumentan los topes de descuento y las tasas m\u00e1ximas de inter\u00e9s - Noticias Radio Reflejos","isPartOf":{"@id":"https:\/\/www.noticiasradioreflejos.com.ar\/2021\/#website"},"datePublished":"2022-08-31T12:34:00+00:00","author":{"@id":"https:\/\/www.noticiasradioreflejos.com.ar\/2021\/#\/schema\/person\/ad82545263dcc5ec0996818884fd5fb1"},"breadcrumb":{"@id":"https:\/\/www.noticiasradioreflejos.com.ar\/2021\/ahora-12-aumentan-los-topes-de-descuento-y-las-tasas-maximas-de-interes\/#breadcrumb"},"inLanguage":"es","potentialAction":[{"@type":"ReadAction","target":["https:\/\/www.noticiasradioreflejos.com.ar\/2021\/ahora-12-aumentan-los-topes-de-descuento-y-las-tasas-maximas-de-interes\/"]}]},{"@type":"BreadcrumbList","@id":"https:\/\/www.noticiasradioreflejos.com.ar\/2021\/ahora-12-aumentan-los-topes-de-descuento-y-las-tasas-maximas-de-interes\/#breadcrumb","itemListElement":[{"@type":"ListItem","position":1,"name":"Portada","item":"https:\/\/www.noticiasradioreflejos.com.ar\/2021\/"},{"@type":"ListItem","position":2,"name":"Ahora 12: aumentan los topes de descuento y las tasas m\u00e1ximas de inter\u00e9s"}]},{"@type":"WebSite","@id":"https:\/\/www.noticiasradioreflejos.com.ar\/2021\/#website","url":"https:\/\/www.noticiasradioreflejos.com.ar\/2021\/","name":"Noticias Radio Reflejos","description":"Las noticias de mi comarca","potentialAction":[{"@type":"SearchAction","target":{"@type":"EntryPoint","urlTemplate":"https:\/\/www.noticiasradioreflejos.com.ar\/2021\/?s={search_term_string}"},"query-input":{"@type":"PropertyValueSpecification","valueRequired":true,"valueName":"search_term_string"}}],"inLanguage":"es"},{"@type":"Person","@id":"https:\/\/www.noticiasradioreflejos.com.ar\/2021\/#\/schema\/person\/ad82545263dcc5ec0996818884fd5fb1","name":"Arnaldo Botto","image":{"@type":"ImageObject","inLanguage":"es","@id":"https:\/\/www.noticiasradioreflejos.com.ar\/2021\/#\/schema\/person\/image\/","url":"https:\/\/secure.gravatar.com\/avatar\/55cb5e37c1efa326397366e6974cb338056df65cb50e7d64d1cf314e87504837?s=96&d=mm&r=g","contentUrl":"https:\/\/secure.gravatar.com\/avatar\/55cb5e37c1efa326397366e6974cb338056df65cb50e7d64d1cf314e87504837?s=96&d=mm&r=g","caption":"Arnaldo Botto"},"url":"https:\/\/www.noticiasradioreflejos.com.ar\/2021\/author\/arnaldo\/"}]}},"_links":{"self":[{"href":"https:\/\/www.noticiasradioreflejos.com.ar\/2021\/wp-json\/wp\/v2\/posts\/77001","targetHints":{"allow":["GET"]}}],"collection":[{"href":"https:\/\/www.noticiasradioreflejos.com.ar\/2021\/wp-json\/wp\/v2\/posts"}],"about":[{"href":"https:\/\/www.noticiasradioreflejos.com.ar\/2021\/wp-json\/wp\/v2\/types\/post"}],"author":[{"embeddable":true,"href":"https:\/\/www.noticiasradioreflejos.com.ar\/2021\/wp-json\/wp\/v2\/users\/3"}],"replies":[{"embeddable":true,"href":"https:\/\/www.noticiasradioreflejos.com.ar\/2021\/wp-json\/wp\/v2\/comments?post=77001"}],"version-history":[{"count":1,"href":"https:\/\/www.noticiasradioreflejos.com.ar\/2021\/wp-json\/wp\/v2\/posts\/77001\/revisions"}],"predecessor-version":[{"id":77003,"href":"https:\/\/www.noticiasradioreflejos.com.ar\/2021\/wp-json\/wp\/v2\/posts\/77001\/revisions\/77003"}],"wp:attachment":[{"href":"https:\/\/www.noticiasradioreflejos.com.ar\/2021\/wp-json\/wp\/v2\/media?parent=77001"}],"wp:term":[{"taxonomy":"category","embeddable":true,"href":"https:\/\/www.noticiasradioreflejos.com.ar\/2021\/wp-json\/wp\/v2\/categories?post=77001"},{"taxonomy":"post_tag","embeddable":true,"href":"https:\/\/www.noticiasradioreflejos.com.ar\/2021\/wp-json\/wp\/v2\/tags?post=77001"}],"curies":[{"name":"wp","href":"https:\/\/api.w.org\/{rel}","templated":true}]}}