{"id":76998,"date":"2022-08-31T11:02:40","date_gmt":"2022-08-31T11:02:40","guid":{"rendered":"http:\/\/www.noticiasradioreflejos.com.ar\/2021\/?p=76998"},"modified":"2022-08-31T11:02:40","modified_gmt":"2022-08-31T11:02:40","slug":"la-nasa-hara-otro-intento-de-lanzar-su-cohete-a-la-luna-el-sabado","status":"publish","type":"post","link":"https:\/\/www.noticiasradioreflejos.com.ar\/2021\/la-nasa-hara-otro-intento-de-lanzar-su-cohete-a-la-luna-el-sabado\/","title":{"rendered":"La NASA har\u00e1 otro intento de lanzar su cohete a la Luna el s\u00e1bado"},"content":{"rendered":"<p>Tras haberse frustrado el vuelo de prueba este lunes -debido a que los ingenieros no pudieron resolver un problema suscitado en uno de los motores del cohete- el gerente de la misi\u00f3n Artemis 1 anunci\u00f3 la fecha del nuevo intento.<!--more--><\/p>\n<figure class=\"mb-3\"><img decoding=\"async\" src=\"https:\/\/www.telam.com.ar\/thumbs\/bluesteel\/advf\/imagenes\/2022\/07\/62d84bb2b8e0e_900.jpg\" alt=\"Foto NASA\" width=\"100%\" height=\"100%\" \/><\/p>\n<div class=\"media-icons\"><\/div><figcaption>Foto: NASA<\/figcaption><\/figure>\n<p>La\u00a0<strong>NASA\u00a0<\/strong>har\u00e1 un segundo intento de lanzar su nuevo potente\u00a0<strong>cohete a la Luna<\/strong>\u00a0el s\u00e1bado, despu\u00e9s de anular ayer el vuelo de prueba, informaron desde la agencia espacial estadounidense.<\/p>\n<p>El despegue estaba previsto para el lunes por la ma\u00f1ana, pero\u00a0<a href=\"https:\/\/www.telam.com.ar\/notas\/202208\/603098-cohete-luna-nasa.html\" target=\"_blank\" rel=\"noopener\">se cancel\u00f3 porque una prueba para conseguir que uno de los cuatro motores RS-25 del cohete alcanzara la temperatura adecuad<\/a>a para el lanzamiento no tuvo \u00e9xito.<\/p>\n<p><strong>Mike Sarafin<\/strong>, gerente de la misi\u00f3n Artemis 1 en la NASA, anunci\u00f3 la fecha para el nuevo intento de lanzamiento en una conferencia de prensa realizada este martes, inform\u00f3 la agencia AFP.<\/p>\n<p>Este lunes se hab\u00eda adelantado que la oportunidad \u00abm\u00e1s temprana posible\u00bb para el nuevo intento era el viernes 2 de septiembre durante una ventana de lanzamiento de dos horas.<\/p>\n<figure class=\"mb-3\"><img decoding=\"async\" src=\"https:\/\/www.telam.com.ar\/thumbs\/bluesteel\/advf\/imagenes\/2022\/08\/630a7875da268_900.jpg\" alt=\"Telam SE\" width=\"100%\" height=\"100%\" \/><\/p>\n<div class=\"media-icons\"><\/div><figcaption><\/figcaption><\/figure>\n<p>La directora de lanzamiento de la NASA,\u00a0<strong>Charlie Blackwell-Thompson<\/strong>, decidi\u00f3 cancelar el vuelo de Artemis ya que los ingenieros\u00a0<strong>no pudieron resolver un problema suscitad<\/strong>o en uno de los motores del cohete.<\/p>\n<p>\u00abLa seguridad es siempre lo primero. Tras el intento de lanzamiento de Artemis I de hoy, los equipos est\u00e1n trabajando en un problema con el motor n\u00famero 3 y esperan dar una rueda de prensa m\u00e1s tarde hoy\u00bb, public\u00f3 la NASA en el d\u00eda de ayer.<\/p>\n<p>La agencia aeroespacial detall\u00f3 que \u00ablos controladores de lanzamiento los acondicionan aumentando la presi\u00f3n en el tanque de hidr\u00f3geno l\u00edquido de la etapa central para enrutar una porci\u00f3n del hidr\u00f3geno l\u00edquido de aproximadamente -423 F\u00b0 a los motores\u00bb.<\/p>\n<p>Explic\u00f3 que durante la cuenta regresiva, los controladores de lanzamiento trabajaron en \u00abvarios problemas adicionales\u00bb, incluidas tormentas en el \u00e1rea que retrasaron el inicio de las operaciones de carga de propulsor, una fuga en la desconexi\u00f3n r\u00e1pida en la l\u00ednea de 8 pulgadas utilizada para llenar y drenar el hidr\u00f3geno l\u00edquido de la etapa central, y una fuga de hidr\u00f3geno de una v\u00e1lvula utilizada para ventilar el propulsor del tanque intermedio de la etapa central.<\/p>\n<div class=\"twitter-tweet twitter-tweet-rendered\"><iframe id=\"twitter-widget-0\" class=\"\" title=\"Twitter Tweet\" src=\"https:\/\/platform.twitter.com\/embed\/Tweet.html?creatorScreenName=agenciatelam&amp;dnt=false&amp;embedId=twitter-widget-0&amp;features=eyJ0ZndfdGltZWxpbmVfbGlzdCI6eyJidWNrZXQiOlsibGlua3RyLmVlIiwidHIuZWUiXSwidmVyc2lvbiI6bnVsbH0sInRmd19ob3Jpem9uX3RpbWVsaW5lXzEyMDM0Ijp7ImJ1Y2tldCI6InRyZWF0bWVudCIsInZlcnNpb24iOm51bGx9LCJ0ZndfdHdlZXRfZWRpdF9iYWNrZW5kIjp7ImJ1Y2tldCI6Im9uIiwidmVyc2lvbiI6bnVsbH0sInRmd19yZWZzcmNfc2Vzc2lvbiI6eyJidWNrZXQiOiJvbiIsInZlcnNpb24iOm51bGx9LCJ0ZndfY2hpbl9waWxsc18xNDc0MSI6eyJidWNrZXQiOiJjb2xvcl9pY29ucyIsInZlcnNpb24iOm51bGx9LCJ0ZndfdHdlZXRfcmVzdWx0X21pZ3JhdGlvbl8xMzk3OSI6eyJidWNrZXQiOiJ0d2VldF9yZXN1bHQiLCJ2ZXJzaW9uIjpudWxsfSwidGZ3X3NlbnNpdGl2ZV9tZWRpYV9pbnRlcnN0aXRpYWxfMTM5NjMiOnsiYnVja2V0IjoiaW50ZXJzdGl0aWFsIiwidmVyc2lvbiI6bnVsbH0sInRmd19leHBlcmltZW50c19jb29raWVfZXhwaXJhdGlvbiI6eyJidWNrZXQiOjEyMDk2MDAsInZlcnNpb24iOm51bGx9LCJ0ZndfZHVwbGljYXRlX3NjcmliZXNfdG9fc2V0dGluZ3MiOnsiYnVja2V0Ijoib24iLCJ2ZXJzaW9uIjpudWxsfSwidGZ3X3R3ZWV0X2VkaXRfZnJvbnRlbmQiOnsiYnVja2V0Ijoib2ZmIiwidmVyc2lvbiI6bnVsbH19&amp;frame=false&amp;hideCard=false&amp;hideThread=false&amp;id=1564745045407842304&amp;lang=es&amp;origin=https%3A%2F%2Fwww.telam.com.ar%2Fnotas%2F202208%2F603317-nasa-hara-otro-intento-de-lanzar-su-cohete-a-la-luna-el-sabado.html&amp;sessionId=7e0abc8561f4d1358eb3bdcf888b0742a5c3f7ce&amp;siteScreenName=agenciatelam&amp;theme=light&amp;widgetsVersion=31f0cdc1eaa0f%3A1660602114609&amp;width=550px\" frameborder=\"0\" scrolling=\"no\" allowfullscreen=\"allowfullscreen\" data-tweet-id=\"1564745045407842304\" data-mce-fragment=\"1\"><\/iframe><\/div>\n<p><strong>Cincuenta a\u00f1os despu\u00e9s del \u00faltimo vuelo de Apol<\/strong>o, se esperaba que la misi\u00f3n Artemis I marque el lanzamiento del programa estadounidense para volver a la Luna, y luego llevar al ser humano a Marte a bordo de la misma nave.<\/p>\n<p>La misi\u00f3n busca poner en la \u00f3rbita de la Luna a la\u00a0<strong>c\u00e1psula Orion<\/strong>, no tripulada, para asegurarse de que es segura para los futuros astronautas, entre los que figurar\u00e1 la primera mujer y la primera persona negra en pisar la superficie lunar.<\/p>\n<p>Con la misi\u00f3n Artemis 1, nombrada as\u00ed por la hermana gemela de Apollo, se probar\u00e1 el cohete de 98 metros con el Sistema de Lanzamiento Espacial y la c\u00e1psula Orion, adaptada para tripulaci\u00f3n, en su parte m\u00e1s alta.<\/p>\n<p>La misi\u00f3n no lleva tripulantes, en su lugar hay maniqu\u00edes equipados con sensores que registrar\u00e1n aceleraci\u00f3n, vibraci\u00f3n y niveles de radiaci\u00f3n.<\/p><\/div>\n<\/div>\n<\/div>\n<\/div>\n<\/div>\n<\/div>\n<\/div>\n<\/div>\n","protected":false},"excerpt":{"rendered":"<p>Tras haberse frustrado el vuelo de prueba este lunes -debido a que los ingenieros no pudieron resolver un problema suscitado en uno de los motores del cohete- el gerente de la misi\u00f3n Artemis 1 anunci\u00f3 la fecha del nuevo intento.<\/p>\n","protected":false},"author":3,"featured_media":0,"comment_status":"closed","ping_status":"closed","sticky":false,"template":"","format":"standard","meta":{"footnotes":""},"categories":[46],"tags":[],"class_list":["post-76998","post","type-post","status-publish","format-standard","hentry","category-ciencia-y-tecnologia"],"yoast_head":"<!-- This site is optimized with the Yoast SEO plugin v25.9 - https:\/\/yoast.com\/wordpress\/plugins\/seo\/ -->\n<title>La NASA har\u00e1 otro intento de lanzar su cohete a la Luna el s\u00e1bado - Noticias Radio Reflejos<\/title>\n<meta name=\"robots\" content=\"index, follow, max-snippet:-1, max-image-preview:large, max-video-preview:-1\" \/>\n<link rel=\"canonical\" href=\"https:\/\/www.noticiasradioreflejos.com.ar\/2021\/la-nasa-hara-otro-intento-de-lanzar-su-cohete-a-la-luna-el-sabado\/\" \/>\n<meta property=\"og:locale\" content=\"es_ES\" \/>\n<meta property=\"og:type\" content=\"article\" \/>\n<meta property=\"og:title\" content=\"La NASA har\u00e1 otro intento de lanzar su cohete a la Luna el s\u00e1bado - Noticias Radio Reflejos\" \/>\n<meta property=\"og:description\" content=\"Tras haberse frustrado el vuelo de prueba este lunes -debido a que los ingenieros no pudieron resolver un problema suscitado en uno de los motores del cohete- el gerente de la misi\u00f3n Artemis 1 anunci\u00f3 la fecha del nuevo intento.\" \/>\n<meta property=\"og:url\" content=\"https:\/\/www.noticiasradioreflejos.com.ar\/2021\/la-nasa-hara-otro-intento-de-lanzar-su-cohete-a-la-luna-el-sabado\/\" \/>\n<meta property=\"og:site_name\" content=\"Noticias Radio Reflejos\" \/>\n<meta property=\"article:published_time\" content=\"2022-08-31T11:02:40+00:00\" \/>\n<meta property=\"og:image\" content=\"https:\/\/www.telam.com.ar\/thumbs\/bluesteel\/advf\/imagenes\/2022\/07\/62d84bb2b8e0e_900.jpg\" \/>\n<meta name=\"author\" content=\"Arnaldo Botto\" \/>\n<meta name=\"twitter:card\" content=\"summary_large_image\" \/>\n<script type=\"application\/ld+json\" class=\"yoast-schema-graph\">{\"@context\":\"https:\/\/schema.org\",\"@graph\":[{\"@type\":\"WebPage\",\"@id\":\"https:\/\/www.noticiasradioreflejos.com.ar\/2021\/la-nasa-hara-otro-intento-de-lanzar-su-cohete-a-la-luna-el-sabado\/\",\"url\":\"https:\/\/www.noticiasradioreflejos.com.ar\/2021\/la-nasa-hara-otro-intento-de-lanzar-su-cohete-a-la-luna-el-sabado\/\",\"name\":\"La NASA har\u00e1 otro intento de lanzar su cohete a la Luna el s\u00e1bado - Noticias Radio Reflejos\",\"isPartOf\":{\"@id\":\"https:\/\/www.noticiasradioreflejos.com.ar\/2021\/#website\"},\"primaryImageOfPage\":{\"@id\":\"https:\/\/www.noticiasradioreflejos.com.ar\/2021\/la-nasa-hara-otro-intento-de-lanzar-su-cohete-a-la-luna-el-sabado\/#primaryimage\"},\"image\":{\"@id\":\"https:\/\/www.noticiasradioreflejos.com.ar\/2021\/la-nasa-hara-otro-intento-de-lanzar-su-cohete-a-la-luna-el-sabado\/#primaryimage\"},\"thumbnailUrl\":\"https:\/\/www.telam.com.ar\/thumbs\/bluesteel\/advf\/imagenes\/2022\/07\/62d84bb2b8e0e_900.jpg\",\"datePublished\":\"2022-08-31T11:02:40+00:00\",\"author\":{\"@id\":\"https:\/\/www.noticiasradioreflejos.com.ar\/2021\/#\/schema\/person\/ad82545263dcc5ec0996818884fd5fb1\"},\"breadcrumb\":{\"@id\":\"https:\/\/www.noticiasradioreflejos.com.ar\/2021\/la-nasa-hara-otro-intento-de-lanzar-su-cohete-a-la-luna-el-sabado\/#breadcrumb\"},\"inLanguage\":\"es\",\"potentialAction\":[{\"@type\":\"ReadAction\",\"target\":[\"https:\/\/www.noticiasradioreflejos.com.ar\/2021\/la-nasa-hara-otro-intento-de-lanzar-su-cohete-a-la-luna-el-sabado\/\"]}]},{\"@type\":\"ImageObject\",\"inLanguage\":\"es\",\"@id\":\"https:\/\/www.noticiasradioreflejos.com.ar\/2021\/la-nasa-hara-otro-intento-de-lanzar-su-cohete-a-la-luna-el-sabado\/#primaryimage\",\"url\":\"https:\/\/www.telam.com.ar\/thumbs\/bluesteel\/advf\/imagenes\/2022\/07\/62d84bb2b8e0e_900.jpg\",\"contentUrl\":\"https:\/\/www.telam.com.ar\/thumbs\/bluesteel\/advf\/imagenes\/2022\/07\/62d84bb2b8e0e_900.jpg\"},{\"@type\":\"BreadcrumbList\",\"@id\":\"https:\/\/www.noticiasradioreflejos.com.ar\/2021\/la-nasa-hara-otro-intento-de-lanzar-su-cohete-a-la-luna-el-sabado\/#breadcrumb\",\"itemListElement\":[{\"@type\":\"ListItem\",\"position\":1,\"name\":\"Portada\",\"item\":\"https:\/\/www.noticiasradioreflejos.com.ar\/2021\/\"},{\"@type\":\"ListItem\",\"position\":2,\"name\":\"La NASA har\u00e1 otro intento de lanzar su cohete a la Luna el s\u00e1bado\"}]},{\"@type\":\"WebSite\",\"@id\":\"https:\/\/www.noticiasradioreflejos.com.ar\/2021\/#website\",\"url\":\"https:\/\/www.noticiasradioreflejos.com.ar\/2021\/\",\"name\":\"Noticias Radio Reflejos\",\"description\":\"Las noticias de mi comarca\",\"potentialAction\":[{\"@type\":\"SearchAction\",\"target\":{\"@type\":\"EntryPoint\",\"urlTemplate\":\"https:\/\/www.noticiasradioreflejos.com.ar\/2021\/?s={search_term_string}\"},\"query-input\":{\"@type\":\"PropertyValueSpecification\",\"valueRequired\":true,\"valueName\":\"search_term_string\"}}],\"inLanguage\":\"es\"},{\"@type\":\"Person\",\"@id\":\"https:\/\/www.noticiasradioreflejos.com.ar\/2021\/#\/schema\/person\/ad82545263dcc5ec0996818884fd5fb1\",\"name\":\"Arnaldo Botto\",\"image\":{\"@type\":\"ImageObject\",\"inLanguage\":\"es\",\"@id\":\"https:\/\/www.noticiasradioreflejos.com.ar\/2021\/#\/schema\/person\/image\/\",\"url\":\"https:\/\/secure.gravatar.com\/avatar\/55cb5e37c1efa326397366e6974cb338056df65cb50e7d64d1cf314e87504837?s=96&d=mm&r=g\",\"contentUrl\":\"https:\/\/secure.gravatar.com\/avatar\/55cb5e37c1efa326397366e6974cb338056df65cb50e7d64d1cf314e87504837?s=96&d=mm&r=g\",\"caption\":\"Arnaldo Botto\"},\"url\":\"https:\/\/www.noticiasradioreflejos.com.ar\/2021\/author\/arnaldo\/\"}]}<\/script>\n<!-- \/ Yoast SEO plugin. -->","yoast_head_json":{"title":"La NASA har\u00e1 otro intento de lanzar su cohete a la Luna el s\u00e1bado - Noticias Radio Reflejos","robots":{"index":"index","follow":"follow","max-snippet":"max-snippet:-1","max-image-preview":"max-image-preview:large","max-video-preview":"max-video-preview:-1"},"canonical":"https:\/\/www.noticiasradioreflejos.com.ar\/2021\/la-nasa-hara-otro-intento-de-lanzar-su-cohete-a-la-luna-el-sabado\/","og_locale":"es_ES","og_type":"article","og_title":"La NASA har\u00e1 otro intento de lanzar su cohete a la Luna el s\u00e1bado - Noticias Radio Reflejos","og_description":"Tras haberse frustrado el vuelo de prueba este lunes -debido a que los ingenieros no pudieron resolver un problema suscitado en uno de los motores del cohete- el gerente de la misi\u00f3n Artemis 1 anunci\u00f3 la fecha del nuevo intento.","og_url":"https:\/\/www.noticiasradioreflejos.com.ar\/2021\/la-nasa-hara-otro-intento-de-lanzar-su-cohete-a-la-luna-el-sabado\/","og_site_name":"Noticias Radio Reflejos","article_published_time":"2022-08-31T11:02:40+00:00","og_image":[{"url":"https:\/\/www.telam.com.ar\/thumbs\/bluesteel\/advf\/imagenes\/2022\/07\/62d84bb2b8e0e_900.jpg","type":"","width":"","height":""}],"author":"Arnaldo Botto","twitter_card":"summary_large_image","schema":{"@context":"https:\/\/schema.org","@graph":[{"@type":"WebPage","@id":"https:\/\/www.noticiasradioreflejos.com.ar\/2021\/la-nasa-hara-otro-intento-de-lanzar-su-cohete-a-la-luna-el-sabado\/","url":"https:\/\/www.noticiasradioreflejos.com.ar\/2021\/la-nasa-hara-otro-intento-de-lanzar-su-cohete-a-la-luna-el-sabado\/","name":"La NASA har\u00e1 otro intento de lanzar su cohete a la Luna el s\u00e1bado - Noticias Radio Reflejos","isPartOf":{"@id":"https:\/\/www.noticiasradioreflejos.com.ar\/2021\/#website"},"primaryImageOfPage":{"@id":"https:\/\/www.noticiasradioreflejos.com.ar\/2021\/la-nasa-hara-otro-intento-de-lanzar-su-cohete-a-la-luna-el-sabado\/#primaryimage"},"image":{"@id":"https:\/\/www.noticiasradioreflejos.com.ar\/2021\/la-nasa-hara-otro-intento-de-lanzar-su-cohete-a-la-luna-el-sabado\/#primaryimage"},"thumbnailUrl":"https:\/\/www.telam.com.ar\/thumbs\/bluesteel\/advf\/imagenes\/2022\/07\/62d84bb2b8e0e_900.jpg","datePublished":"2022-08-31T11:02:40+00:00","author":{"@id":"https:\/\/www.noticiasradioreflejos.com.ar\/2021\/#\/schema\/person\/ad82545263dcc5ec0996818884fd5fb1"},"breadcrumb":{"@id":"https:\/\/www.noticiasradioreflejos.com.ar\/2021\/la-nasa-hara-otro-intento-de-lanzar-su-cohete-a-la-luna-el-sabado\/#breadcrumb"},"inLanguage":"es","potentialAction":[{"@type":"ReadAction","target":["https:\/\/www.noticiasradioreflejos.com.ar\/2021\/la-nasa-hara-otro-intento-de-lanzar-su-cohete-a-la-luna-el-sabado\/"]}]},{"@type":"ImageObject","inLanguage":"es","@id":"https:\/\/www.noticiasradioreflejos.com.ar\/2021\/la-nasa-hara-otro-intento-de-lanzar-su-cohete-a-la-luna-el-sabado\/#primaryimage","url":"https:\/\/www.telam.com.ar\/thumbs\/bluesteel\/advf\/imagenes\/2022\/07\/62d84bb2b8e0e_900.jpg","contentUrl":"https:\/\/www.telam.com.ar\/thumbs\/bluesteel\/advf\/imagenes\/2022\/07\/62d84bb2b8e0e_900.jpg"},{"@type":"BreadcrumbList","@id":"https:\/\/www.noticiasradioreflejos.com.ar\/2021\/la-nasa-hara-otro-intento-de-lanzar-su-cohete-a-la-luna-el-sabado\/#breadcrumb","itemListElement":[{"@type":"ListItem","position":1,"name":"Portada","item":"https:\/\/www.noticiasradioreflejos.com.ar\/2021\/"},{"@type":"ListItem","position":2,"name":"La NASA har\u00e1 otro intento de lanzar su cohete a la Luna el s\u00e1bado"}]},{"@type":"WebSite","@id":"https:\/\/www.noticiasradioreflejos.com.ar\/2021\/#website","url":"https:\/\/www.noticiasradioreflejos.com.ar\/2021\/","name":"Noticias Radio Reflejos","description":"Las noticias de mi comarca","potentialAction":[{"@type":"SearchAction","target":{"@type":"EntryPoint","urlTemplate":"https:\/\/www.noticiasradioreflejos.com.ar\/2021\/?s={search_term_string}"},"query-input":{"@type":"PropertyValueSpecification","valueRequired":true,"valueName":"search_term_string"}}],"inLanguage":"es"},{"@type":"Person","@id":"https:\/\/www.noticiasradioreflejos.com.ar\/2021\/#\/schema\/person\/ad82545263dcc5ec0996818884fd5fb1","name":"Arnaldo Botto","image":{"@type":"ImageObject","inLanguage":"es","@id":"https:\/\/www.noticiasradioreflejos.com.ar\/2021\/#\/schema\/person\/image\/","url":"https:\/\/secure.gravatar.com\/avatar\/55cb5e37c1efa326397366e6974cb338056df65cb50e7d64d1cf314e87504837?s=96&d=mm&r=g","contentUrl":"https:\/\/secure.gravatar.com\/avatar\/55cb5e37c1efa326397366e6974cb338056df65cb50e7d64d1cf314e87504837?s=96&d=mm&r=g","caption":"Arnaldo Botto"},"url":"https:\/\/www.noticiasradioreflejos.com.ar\/2021\/author\/arnaldo\/"}]}},"_links":{"self":[{"href":"https:\/\/www.noticiasradioreflejos.com.ar\/2021\/wp-json\/wp\/v2\/posts\/76998","targetHints":{"allow":["GET"]}}],"collection":[{"href":"https:\/\/www.noticiasradioreflejos.com.ar\/2021\/wp-json\/wp\/v2\/posts"}],"about":[{"href":"https:\/\/www.noticiasradioreflejos.com.ar\/2021\/wp-json\/wp\/v2\/types\/post"}],"author":[{"embeddable":true,"href":"https:\/\/www.noticiasradioreflejos.com.ar\/2021\/wp-json\/wp\/v2\/users\/3"}],"replies":[{"embeddable":true,"href":"https:\/\/www.noticiasradioreflejos.com.ar\/2021\/wp-json\/wp\/v2\/comments?post=76998"}],"version-history":[{"count":1,"href":"https:\/\/www.noticiasradioreflejos.com.ar\/2021\/wp-json\/wp\/v2\/posts\/76998\/revisions"}],"predecessor-version":[{"id":77000,"href":"https:\/\/www.noticiasradioreflejos.com.ar\/2021\/wp-json\/wp\/v2\/posts\/76998\/revisions\/77000"}],"wp:attachment":[{"href":"https:\/\/www.noticiasradioreflejos.com.ar\/2021\/wp-json\/wp\/v2\/media?parent=76998"}],"wp:term":[{"taxonomy":"category","embeddable":true,"href":"https:\/\/www.noticiasradioreflejos.com.ar\/2021\/wp-json\/wp\/v2\/categories?post=76998"},{"taxonomy":"post_tag","embeddable":true,"href":"https:\/\/www.noticiasradioreflejos.com.ar\/2021\/wp-json\/wp\/v2\/tags?post=76998"}],"curies":[{"name":"wp","href":"https:\/\/api.w.org\/{rel}","templated":true}]}}