{"id":76995,"date":"2022-08-30T21:34:22","date_gmt":"2022-08-30T21:34:22","guid":{"rendered":"http:\/\/www.noticiasradioreflejos.com.ar\/2021\/?p=76995"},"modified":"2022-08-30T21:34:22","modified_gmt":"2022-08-30T21:34:22","slug":"mas-de-53-000-estudiantes-de-escuelas-tecnicas-participaran-en-la-olimpiada-nacional","status":"publish","type":"post","link":"https:\/\/www.noticiasradioreflejos.com.ar\/2021\/mas-de-53-000-estudiantes-de-escuelas-tecnicas-participaran-en-la-olimpiada-nacional\/","title":{"rendered":"M\u00e1s de 53.000 estudiantes de escuelas t\u00e9cnicas participar\u00e1n en la Olimp\u00edada Nacional"},"content":{"rendered":"<p>El Ministerio de Educaci\u00f3n lanz\u00f3 la nueva edici\u00f3n que se realiza hist\u00f3ricamente junto a las 24 jurisdicciones. Ser\u00e1 obligatoria para todos los estudiantes regulares del \u00faltimo a\u00f1o.<!--more--><\/p>\n<figure class=\"mb-3\"><img decoding=\"async\" src=\"https:\/\/www.telam.com.ar\/thumbs\/bluesteel\/advf\/imagenes\/2022\/08\/630e7b25d575b_900.jpg\" alt=\"Jaime Perczyk en el lanzamiento de Olimpiadas nacionales del conocimiento Foto TW EducacionAR\" width=\"100%\" height=\"100%\" \/><\/p>\n<div class=\"media-icons\"><\/div><figcaption>Jaime Perczyk en el lanzamiento de Olimpiadas nacionales del conocimiento.\/\/ Foto TW @EducacionAR<\/figcaption><\/figure>\n<p>El Ministerio de Educaci\u00f3n,\u00a0<strong>a trav\u00e9s del Instituto Nacional de Educaci\u00f3n Tecnol\u00f3gica (INET),\u00a0<\/strong>lanz\u00f3 una nueva edici\u00f3n de la Olimp\u00edada de la Educaci\u00f3n T\u00e9cnico Profesional (ETP) que se realiza hist\u00f3ricamente junto a las 24 jurisdicciones y en las que participar\u00e1n m\u00e1s de\u00a0<strong>53.000 estudiantes de escuelas t\u00e9cnicas de todo el pa\u00eds,\u00a0<\/strong>se inform\u00f3 oficialmente.<\/p>\n<p>Durante el lanzamiento, el\u00a0<strong>ministro Jaime Perczyk\u00a0<\/strong>asegur\u00f3 que la educaci\u00f3n t\u00e9cnica es\u00a0<strong>\u00abun eje central del sistema educativo y de la pol\u00edtica argentina\u00bb<\/strong>\u00a0y que, para su equipamiento y la formaci\u00f3n de los j\u00f3venes, \u00abse requiere de una inversi\u00f3n permanente\u00bb.<\/p>\n<p>Los alumnos que participen de la Olimp\u00edada de la ETP\u00a0<strong>deber\u00e1n resolver problemas, analizar situaciones o formular proyectos utilizando los conocimientos y capacidades de su trayectoria educativa,<\/strong>\u00a0seg\u00fan inform\u00f3 la cartera educativa en un comunicado.<\/p>\n<p><strong>La olimp\u00edada ser\u00e1 obligatoria para todos los estudiantes regulares del \u00faltimo a\u00f1o<\/strong>\u00a0de escuelas t\u00e9cnicas secundarias de las especialidades de Administraci\u00f3n, Aeron\u00e1utica, Construcci\u00f3n, Electromec\u00e1nica, Electr\u00f3nica, Energ\u00eda el\u00e9ctrica, Energ\u00edas Renovables, Industria de Procesos, Inform\u00e1tica, Mec\u00e1nica, Producci\u00f3n Agropecuaria, Programaci\u00f3n, Qu\u00edmica, y Tecnolog\u00eda de Alimentos.<\/p>\n<p>A su vez,\u00a0<strong>constar\u00e1 de dos instancias:<\/strong>\u00a0l<strong>a institucional,\u00a0<\/strong>obligatoria para todas las escuelas secundarias t\u00e9cnicas del pa\u00eds, en la que participar\u00e1n m\u00e1s de 53.000 estudiantes, y\u00a0<strong>la nacional,\u00a0<\/strong>que se realizar\u00e1\u00a0<strong>en Tecn\u00f3polis, con 2.000 estudiantes seleccionados<\/strong>\u00a0por las jurisdicciones, seg\u00fan par\u00e1metros determinados por el INET.<\/p>\n<p>En esta \u00faltima instancia, trabajar\u00e1n en equipos de estudiantes provenientes de diferentes jurisdicciones y especialidades con el fin de \u00abpromover el intercambio, la integraci\u00f3n y el trabajo en equipo colaborativo e interdisciplinario\u00bb.<\/p>\n<p><strong>La inscripci\u00f3n se realizar\u00e1 a trav\u00e9s de una plataforma<\/strong>, que estar\u00e1 a cargo de las instituciones educativas; tambi\u00e9n se subir\u00e1n los proyectos de los diferentes equipos para su seguimiento y monitoreo, y se realizar\u00e1n las comunicaciones correspondientes.<\/p>\n<p><strong>En la instancia institucional,\u00a0<\/strong>las diferentes\u00a0<strong>consignas<\/strong>\u00a0de trabajo estar\u00e1n subidas en la\u00a0<a href=\"http:\/\/www.inet.edu.ar\/\" target=\"_blank\" rel=\"noopener\"><strong>p\u00e1gina web del INET\u00a0<\/strong><\/a>y ser\u00e1n las propias instituciones quienes realicen la evaluaci\u00f3n, siguiendo criterios e instrumentos provistos por el INET.<\/p>\n<p><strong>En la nacional<\/strong>, la\u00a0<strong>evaluaci\u00f3n estar\u00e1 a cargo de un equipo de docentes,<\/strong>\u00a0especialistas del Colegio de T\u00e9cnicos, representantes de instituciones del sistema cient\u00edfico-tecnol\u00f3gico y de sectores socio-productivos de las 24 jurisdicciones.<\/p>\n<p>En esta oportunidad, la Olimp\u00edada se desarrolla en el marco del Sistema Nacional de Evaluaci\u00f3n, Certificaci\u00f3n y Acreditaci\u00f3n integral de la Educaci\u00f3n T\u00e9cnico Profesional, aprobado por acuerdo del Consejo Federal de Educaci\u00f3n.<\/p>\n<p>Su objetivo es<strong>\u00a0\u00abvalorar la calidad de la oferta educativa de nivel secundario de ETP en el marco del perfil profesional,<\/strong>\u00a0a trav\u00e9s de la resoluci\u00f3n de situaciones problem\u00e1ticas por parte de las y los estudiantes, que demanden la utilizaci\u00f3n integrada de los conocimientos y capacidades construidas a lo largo de su trayectoria formativa\u00bb.<\/p>\n<div class=\"twitter-tweet twitter-tweet-rendered\"><\/div>\n<blockquote class=\"twitter-tweet\" data-width=\"500\" data-dnt=\"true\">\n<p lang=\"es\" dir=\"ltr\">M\u00e1s de 50 mil estudiantes de escuelas t\u00e9cnicas participar\u00e1n de una Olimp\u00edada Nacional de conocimiento con el fin de promover el intercambio, la integraci\u00f3n y el trabajo en equipo colaborativo e interdisciplinario.<\/p>\n<p>M\u00e1s informaci\u00f3n en:<a href=\"https:\/\/t.co\/yQTCD68hyA\">https:\/\/t.co\/yQTCD68hyA<\/a> <a href=\"https:\/\/t.co\/O5bZr7NUCT\">pic.twitter.com\/O5bZr7NUCT<\/a><\/p>\n<p>&mdash; Ministerio de Educaci\u00f3n de la Naci\u00f3n Argentina (@EducacionAR) <a href=\"https:\/\/twitter.com\/EducacionAR\/status\/1564699150150766592?ref_src=twsrc%5Etfw\">August 30, 2022<\/a><\/p><\/blockquote>\n<p><script async src=\"https:\/\/platform.twitter.com\/widgets.js\" charset=\"utf-8\"><\/script><\/p>\n<p>&nbsp;<\/p>\n","protected":false},"excerpt":{"rendered":"<p>El Ministerio de Educaci\u00f3n lanz\u00f3 la nueva edici\u00f3n que se realiza hist\u00f3ricamente junto a las 24 jurisdicciones. Ser\u00e1 obligatoria para todos los estudiantes regulares del \u00faltimo a\u00f1o.<\/p>\n","protected":false},"author":3,"featured_media":0,"comment_status":"closed","ping_status":"closed","sticky":false,"template":"","format":"standard","meta":{"footnotes":""},"categories":[46,34],"tags":[],"class_list":["post-76995","post","type-post","status-publish","format-standard","hentry","category-ciencia-y-tecnologia","category-educacion"],"yoast_head":"<!-- This site is optimized with the Yoast SEO plugin v25.9 - https:\/\/yoast.com\/wordpress\/plugins\/seo\/ -->\n<title>M\u00e1s de 53.000 estudiantes de escuelas t\u00e9cnicas participar\u00e1n en la Olimp\u00edada Nacional - Noticias Radio Reflejos<\/title>\n<meta name=\"robots\" content=\"index, follow, max-snippet:-1, max-image-preview:large, max-video-preview:-1\" \/>\n<link rel=\"canonical\" href=\"https:\/\/www.noticiasradioreflejos.com.ar\/2021\/mas-de-53-000-estudiantes-de-escuelas-tecnicas-participaran-en-la-olimpiada-nacional\/\" \/>\n<meta property=\"og:locale\" content=\"es_ES\" \/>\n<meta property=\"og:type\" content=\"article\" \/>\n<meta property=\"og:title\" content=\"M\u00e1s de 53.000 estudiantes de escuelas t\u00e9cnicas participar\u00e1n en la Olimp\u00edada Nacional - Noticias Radio Reflejos\" \/>\n<meta property=\"og:description\" content=\"El Ministerio de Educaci\u00f3n lanz\u00f3 la nueva edici\u00f3n que se realiza hist\u00f3ricamente junto a las 24 jurisdicciones. Ser\u00e1 obligatoria para todos los estudiantes regulares del \u00faltimo a\u00f1o.\" \/>\n<meta property=\"og:url\" content=\"https:\/\/www.noticiasradioreflejos.com.ar\/2021\/mas-de-53-000-estudiantes-de-escuelas-tecnicas-participaran-en-la-olimpiada-nacional\/\" \/>\n<meta property=\"og:site_name\" content=\"Noticias Radio Reflejos\" \/>\n<meta property=\"article:published_time\" content=\"2022-08-30T21:34:22+00:00\" \/>\n<meta property=\"og:image\" content=\"https:\/\/www.telam.com.ar\/thumbs\/bluesteel\/advf\/imagenes\/2022\/08\/630e7b25d575b_900.jpg\" \/>\n<meta name=\"author\" content=\"Arnaldo Botto\" \/>\n<meta name=\"twitter:card\" content=\"summary_large_image\" \/>\n<script type=\"application\/ld+json\" class=\"yoast-schema-graph\">{\"@context\":\"https:\/\/schema.org\",\"@graph\":[{\"@type\":\"WebPage\",\"@id\":\"https:\/\/www.noticiasradioreflejos.com.ar\/2021\/mas-de-53-000-estudiantes-de-escuelas-tecnicas-participaran-en-la-olimpiada-nacional\/\",\"url\":\"https:\/\/www.noticiasradioreflejos.com.ar\/2021\/mas-de-53-000-estudiantes-de-escuelas-tecnicas-participaran-en-la-olimpiada-nacional\/\",\"name\":\"M\u00e1s de 53.000 estudiantes de escuelas t\u00e9cnicas participar\u00e1n en la Olimp\u00edada Nacional - Noticias Radio Reflejos\",\"isPartOf\":{\"@id\":\"https:\/\/www.noticiasradioreflejos.com.ar\/2021\/#website\"},\"primaryImageOfPage\":{\"@id\":\"https:\/\/www.noticiasradioreflejos.com.ar\/2021\/mas-de-53-000-estudiantes-de-escuelas-tecnicas-participaran-en-la-olimpiada-nacional\/#primaryimage\"},\"image\":{\"@id\":\"https:\/\/www.noticiasradioreflejos.com.ar\/2021\/mas-de-53-000-estudiantes-de-escuelas-tecnicas-participaran-en-la-olimpiada-nacional\/#primaryimage\"},\"thumbnailUrl\":\"https:\/\/www.telam.com.ar\/thumbs\/bluesteel\/advf\/imagenes\/2022\/08\/630e7b25d575b_900.jpg\",\"datePublished\":\"2022-08-30T21:34:22+00:00\",\"author\":{\"@id\":\"https:\/\/www.noticiasradioreflejos.com.ar\/2021\/#\/schema\/person\/ad82545263dcc5ec0996818884fd5fb1\"},\"breadcrumb\":{\"@id\":\"https:\/\/www.noticiasradioreflejos.com.ar\/2021\/mas-de-53-000-estudiantes-de-escuelas-tecnicas-participaran-en-la-olimpiada-nacional\/#breadcrumb\"},\"inLanguage\":\"es\",\"potentialAction\":[{\"@type\":\"ReadAction\",\"target\":[\"https:\/\/www.noticiasradioreflejos.com.ar\/2021\/mas-de-53-000-estudiantes-de-escuelas-tecnicas-participaran-en-la-olimpiada-nacional\/\"]}]},{\"@type\":\"ImageObject\",\"inLanguage\":\"es\",\"@id\":\"https:\/\/www.noticiasradioreflejos.com.ar\/2021\/mas-de-53-000-estudiantes-de-escuelas-tecnicas-participaran-en-la-olimpiada-nacional\/#primaryimage\",\"url\":\"https:\/\/www.telam.com.ar\/thumbs\/bluesteel\/advf\/imagenes\/2022\/08\/630e7b25d575b_900.jpg\",\"contentUrl\":\"https:\/\/www.telam.com.ar\/thumbs\/bluesteel\/advf\/imagenes\/2022\/08\/630e7b25d575b_900.jpg\"},{\"@type\":\"BreadcrumbList\",\"@id\":\"https:\/\/www.noticiasradioreflejos.com.ar\/2021\/mas-de-53-000-estudiantes-de-escuelas-tecnicas-participaran-en-la-olimpiada-nacional\/#breadcrumb\",\"itemListElement\":[{\"@type\":\"ListItem\",\"position\":1,\"name\":\"Portada\",\"item\":\"https:\/\/www.noticiasradioreflejos.com.ar\/2021\/\"},{\"@type\":\"ListItem\",\"position\":2,\"name\":\"M\u00e1s de 53.000 estudiantes de escuelas t\u00e9cnicas participar\u00e1n en la Olimp\u00edada Nacional\"}]},{\"@type\":\"WebSite\",\"@id\":\"https:\/\/www.noticiasradioreflejos.com.ar\/2021\/#website\",\"url\":\"https:\/\/www.noticiasradioreflejos.com.ar\/2021\/\",\"name\":\"Noticias Radio Reflejos\",\"description\":\"Las noticias de mi comarca\",\"potentialAction\":[{\"@type\":\"SearchAction\",\"target\":{\"@type\":\"EntryPoint\",\"urlTemplate\":\"https:\/\/www.noticiasradioreflejos.com.ar\/2021\/?s={search_term_string}\"},\"query-input\":{\"@type\":\"PropertyValueSpecification\",\"valueRequired\":true,\"valueName\":\"search_term_string\"}}],\"inLanguage\":\"es\"},{\"@type\":\"Person\",\"@id\":\"https:\/\/www.noticiasradioreflejos.com.ar\/2021\/#\/schema\/person\/ad82545263dcc5ec0996818884fd5fb1\",\"name\":\"Arnaldo Botto\",\"image\":{\"@type\":\"ImageObject\",\"inLanguage\":\"es\",\"@id\":\"https:\/\/www.noticiasradioreflejos.com.ar\/2021\/#\/schema\/person\/image\/\",\"url\":\"https:\/\/secure.gravatar.com\/avatar\/55cb5e37c1efa326397366e6974cb338056df65cb50e7d64d1cf314e87504837?s=96&d=mm&r=g\",\"contentUrl\":\"https:\/\/secure.gravatar.com\/avatar\/55cb5e37c1efa326397366e6974cb338056df65cb50e7d64d1cf314e87504837?s=96&d=mm&r=g\",\"caption\":\"Arnaldo Botto\"},\"url\":\"https:\/\/www.noticiasradioreflejos.com.ar\/2021\/author\/arnaldo\/\"}]}<\/script>\n<!-- \/ Yoast SEO plugin. -->","yoast_head_json":{"title":"M\u00e1s de 53.000 estudiantes de escuelas t\u00e9cnicas participar\u00e1n en la Olimp\u00edada Nacional - Noticias Radio Reflejos","robots":{"index":"index","follow":"follow","max-snippet":"max-snippet:-1","max-image-preview":"max-image-preview:large","max-video-preview":"max-video-preview:-1"},"canonical":"https:\/\/www.noticiasradioreflejos.com.ar\/2021\/mas-de-53-000-estudiantes-de-escuelas-tecnicas-participaran-en-la-olimpiada-nacional\/","og_locale":"es_ES","og_type":"article","og_title":"M\u00e1s de 53.000 estudiantes de escuelas t\u00e9cnicas participar\u00e1n en la Olimp\u00edada Nacional - Noticias Radio Reflejos","og_description":"El Ministerio de Educaci\u00f3n lanz\u00f3 la nueva edici\u00f3n que se realiza hist\u00f3ricamente junto a las 24 jurisdicciones. Ser\u00e1 obligatoria para todos los estudiantes regulares del \u00faltimo a\u00f1o.","og_url":"https:\/\/www.noticiasradioreflejos.com.ar\/2021\/mas-de-53-000-estudiantes-de-escuelas-tecnicas-participaran-en-la-olimpiada-nacional\/","og_site_name":"Noticias Radio Reflejos","article_published_time":"2022-08-30T21:34:22+00:00","og_image":[{"url":"https:\/\/www.telam.com.ar\/thumbs\/bluesteel\/advf\/imagenes\/2022\/08\/630e7b25d575b_900.jpg","type":"","width":"","height":""}],"author":"Arnaldo Botto","twitter_card":"summary_large_image","schema":{"@context":"https:\/\/schema.org","@graph":[{"@type":"WebPage","@id":"https:\/\/www.noticiasradioreflejos.com.ar\/2021\/mas-de-53-000-estudiantes-de-escuelas-tecnicas-participaran-en-la-olimpiada-nacional\/","url":"https:\/\/www.noticiasradioreflejos.com.ar\/2021\/mas-de-53-000-estudiantes-de-escuelas-tecnicas-participaran-en-la-olimpiada-nacional\/","name":"M\u00e1s de 53.000 estudiantes de escuelas t\u00e9cnicas participar\u00e1n en la Olimp\u00edada Nacional - Noticias Radio Reflejos","isPartOf":{"@id":"https:\/\/www.noticiasradioreflejos.com.ar\/2021\/#website"},"primaryImageOfPage":{"@id":"https:\/\/www.noticiasradioreflejos.com.ar\/2021\/mas-de-53-000-estudiantes-de-escuelas-tecnicas-participaran-en-la-olimpiada-nacional\/#primaryimage"},"image":{"@id":"https:\/\/www.noticiasradioreflejos.com.ar\/2021\/mas-de-53-000-estudiantes-de-escuelas-tecnicas-participaran-en-la-olimpiada-nacional\/#primaryimage"},"thumbnailUrl":"https:\/\/www.telam.com.ar\/thumbs\/bluesteel\/advf\/imagenes\/2022\/08\/630e7b25d575b_900.jpg","datePublished":"2022-08-30T21:34:22+00:00","author":{"@id":"https:\/\/www.noticiasradioreflejos.com.ar\/2021\/#\/schema\/person\/ad82545263dcc5ec0996818884fd5fb1"},"breadcrumb":{"@id":"https:\/\/www.noticiasradioreflejos.com.ar\/2021\/mas-de-53-000-estudiantes-de-escuelas-tecnicas-participaran-en-la-olimpiada-nacional\/#breadcrumb"},"inLanguage":"es","potentialAction":[{"@type":"ReadAction","target":["https:\/\/www.noticiasradioreflejos.com.ar\/2021\/mas-de-53-000-estudiantes-de-escuelas-tecnicas-participaran-en-la-olimpiada-nacional\/"]}]},{"@type":"ImageObject","inLanguage":"es","@id":"https:\/\/www.noticiasradioreflejos.com.ar\/2021\/mas-de-53-000-estudiantes-de-escuelas-tecnicas-participaran-en-la-olimpiada-nacional\/#primaryimage","url":"https:\/\/www.telam.com.ar\/thumbs\/bluesteel\/advf\/imagenes\/2022\/08\/630e7b25d575b_900.jpg","contentUrl":"https:\/\/www.telam.com.ar\/thumbs\/bluesteel\/advf\/imagenes\/2022\/08\/630e7b25d575b_900.jpg"},{"@type":"BreadcrumbList","@id":"https:\/\/www.noticiasradioreflejos.com.ar\/2021\/mas-de-53-000-estudiantes-de-escuelas-tecnicas-participaran-en-la-olimpiada-nacional\/#breadcrumb","itemListElement":[{"@type":"ListItem","position":1,"name":"Portada","item":"https:\/\/www.noticiasradioreflejos.com.ar\/2021\/"},{"@type":"ListItem","position":2,"name":"M\u00e1s de 53.000 estudiantes de escuelas t\u00e9cnicas participar\u00e1n en la Olimp\u00edada Nacional"}]},{"@type":"WebSite","@id":"https:\/\/www.noticiasradioreflejos.com.ar\/2021\/#website","url":"https:\/\/www.noticiasradioreflejos.com.ar\/2021\/","name":"Noticias Radio Reflejos","description":"Las noticias de mi comarca","potentialAction":[{"@type":"SearchAction","target":{"@type":"EntryPoint","urlTemplate":"https:\/\/www.noticiasradioreflejos.com.ar\/2021\/?s={search_term_string}"},"query-input":{"@type":"PropertyValueSpecification","valueRequired":true,"valueName":"search_term_string"}}],"inLanguage":"es"},{"@type":"Person","@id":"https:\/\/www.noticiasradioreflejos.com.ar\/2021\/#\/schema\/person\/ad82545263dcc5ec0996818884fd5fb1","name":"Arnaldo Botto","image":{"@type":"ImageObject","inLanguage":"es","@id":"https:\/\/www.noticiasradioreflejos.com.ar\/2021\/#\/schema\/person\/image\/","url":"https:\/\/secure.gravatar.com\/avatar\/55cb5e37c1efa326397366e6974cb338056df65cb50e7d64d1cf314e87504837?s=96&d=mm&r=g","contentUrl":"https:\/\/secure.gravatar.com\/avatar\/55cb5e37c1efa326397366e6974cb338056df65cb50e7d64d1cf314e87504837?s=96&d=mm&r=g","caption":"Arnaldo Botto"},"url":"https:\/\/www.noticiasradioreflejos.com.ar\/2021\/author\/arnaldo\/"}]}},"_links":{"self":[{"href":"https:\/\/www.noticiasradioreflejos.com.ar\/2021\/wp-json\/wp\/v2\/posts\/76995","targetHints":{"allow":["GET"]}}],"collection":[{"href":"https:\/\/www.noticiasradioreflejos.com.ar\/2021\/wp-json\/wp\/v2\/posts"}],"about":[{"href":"https:\/\/www.noticiasradioreflejos.com.ar\/2021\/wp-json\/wp\/v2\/types\/post"}],"author":[{"embeddable":true,"href":"https:\/\/www.noticiasradioreflejos.com.ar\/2021\/wp-json\/wp\/v2\/users\/3"}],"replies":[{"embeddable":true,"href":"https:\/\/www.noticiasradioreflejos.com.ar\/2021\/wp-json\/wp\/v2\/comments?post=76995"}],"version-history":[{"count":1,"href":"https:\/\/www.noticiasradioreflejos.com.ar\/2021\/wp-json\/wp\/v2\/posts\/76995\/revisions"}],"predecessor-version":[{"id":76997,"href":"https:\/\/www.noticiasradioreflejos.com.ar\/2021\/wp-json\/wp\/v2\/posts\/76995\/revisions\/76997"}],"wp:attachment":[{"href":"https:\/\/www.noticiasradioreflejos.com.ar\/2021\/wp-json\/wp\/v2\/media?parent=76995"}],"wp:term":[{"taxonomy":"category","embeddable":true,"href":"https:\/\/www.noticiasradioreflejos.com.ar\/2021\/wp-json\/wp\/v2\/categories?post=76995"},{"taxonomy":"post_tag","embeddable":true,"href":"https:\/\/www.noticiasradioreflejos.com.ar\/2021\/wp-json\/wp\/v2\/tags?post=76995"}],"curies":[{"name":"wp","href":"https:\/\/api.w.org\/{rel}","templated":true}]}}