{"id":76992,"date":"2022-08-30T20:08:42","date_gmt":"2022-08-30T20:08:42","guid":{"rendered":"http:\/\/www.noticiasradioreflejos.com.ar\/2021\/?p=76992"},"modified":"2022-08-30T20:08:42","modified_gmt":"2022-08-30T20:08:42","slug":"habra-un-refuerzo-de-20-000-para-hijos-e-hijas-de-los-trabajadores-con-menores-ingresos","status":"publish","type":"post","link":"https:\/\/www.noticiasradioreflejos.com.ar\/2021\/habra-un-refuerzo-de-20-000-para-hijos-e-hijas-de-los-trabajadores-con-menores-ingresos\/","title":{"rendered":"Habr\u00e1 un refuerzo de $20.000 para hijos e hijas de los trabajadores con menores ingresos"},"content":{"rendered":"<p>Con el refuerzo \u201cvamos a llegar a las casas de 1.100.000 trabajadores de la Argentina\u201d, asegur\u00f3 la directora de la Anses, Fernanda Raverta. Sergio Massa, por su parte, afirm\u00f3: \u00abNo queremos a ning\u00fan trabajador argentino debajo de la l\u00ednea de pobreza\u00bb.<!--more--><\/p>\n<p>El ministro de Econom\u00eda, Sergio Massa, afirm\u00f3 que no quiere \u00aba ning\u00fan trabajador argentino debajo de la l\u00ednea de pobreza\u00bb, en el marco del anuncio del refuerzo de $20.000 para los hijos e hijas de los asalariados con menores ingresos, que\u00a0<strong>abarca a alrededor de 1,1 mill\u00f3n de familias.<\/strong><\/p>\n<p>Massa formul\u00f3 el anuncio junto a la directora ejecutiva de la Anses, Fernanda Raverta, durante un acto que se llev\u00f3 a cabo en el Centro de Servicios Metal\u00fargicos Ferrosider en la localidad bonaerense de Escobar.<\/p>\n<p>\u00abQuer\u00edamos dejar claro que no queremos a ning\u00fan trabajador argentino debajo de la l\u00ednea de pobreza, esta decisi\u00f3n de reforzar y llevar a 20 mil pesos las asignaciones familiares de los trabajadores de ingresos m\u00e1s bajos, un mill\u00f3n en todo el pa\u00eds,<strong>\u00a0tiene por objetivo recuperar el ingreso de los trabajadores, protegiendo y cuidando el orden fiscal\u00bb<\/strong>, afirm\u00f3 el titular del Palacio de Hacienda.<\/p>\n<p>La apertura del evento estuvo a cargo de Raverta, quien brind\u00f3 detalles de los alcances de la nueva medida que beneficiar\u00e1 a m\u00e1s de un mill\u00f3n de trabajadores trabajadores que, en promedio, tienen 2 hijos por familia.<\/p>\n<div class=\"video_repositive\">\n<div id=\"af_Bby1GrJ4\" class=\"video_telam\">\n<div class=\"feature_article_inner\">\n<div class=\"feature_article_title\">\n<h2 class=\"text-center\">Massa: \u00abNo queremos a ning\u00fan trabajador argentino debajo de la l\u00ednea de pobreza\u00bb.<\/h2>\n<p><iframe loading=\"lazy\" width=\"843\" height=\"474\" src=\"https:\/\/www.youtube.com\/embed\/af_Bby1GrJ4\" title=\"El Gobierno anunci\u00f3 un refuerzo de $20 mil en las asignaciones familiares por hijo\" frameborder=\"0\" allow=\"accelerometer; autoplay; clipboard-write; encrypted-media; gyroscope; picture-in-picture\" allowfullscreen><\/iframe><\/p>\n<p>\u00abEn l\u00ednea con nuestra pol\u00edtica de refuerzos para trabajadores tramo 1 (menores ingresos) tomamos la decisi\u00f3n de reconocer el esfuerzo otorgando un monto de $20.000 por hijo e hija, beneficiando a 1.100.000 de trabajadores y trabajadoras\u00bb, se\u00f1al\u00f3 Raverta.<\/p>\n<p>Con el refuerzo en la asignaci\u00f3n familiar de cada familia,\u00a0<strong>Raverta proyect\u00f3 que ingresar\u00e1n \u00ab$40.0000\u00bb a cada n\u00facleo familiar<\/strong>, contemplando el promedio mencionado.<\/p>\n<p>\u00abQueremos recuperar los casi 20 puntos de p\u00e9rdida en el poder adquisitivo que se produjo durante los \u00faltimos dos a\u00f1os del gobierno anterior porque\u00a0<strong>aspiramos a que las familias de nuestros trabajadores y trabajadoras vivan un poco mejor todos los d\u00edas<\/strong>\u00ab, agreg\u00f3 al directora de la Anses.<\/p>\n<p>Raverta, que inst\u00f3 al sector privado a \u00abacompa\u00f1ar\u00bb la medida, remarc\u00f3 que el Estado debe tener una mirada integradora, lejos de los actos de \u00abviolencia y hostigamiento\u00bb.<\/p>\n<blockquote class=\"\"><p>El nuevo monto que refuerza la asignaci\u00f3n familiar por hijo \u00abalcanzar\u00e1 a 1.800.000 menores y se financiar\u00e1 con el Adelanto por el Pago del Impuesto a las Ganancias\u00bb.<\/p><\/blockquote>\n<p>Por su parte, Massa cerr\u00f3 el evento destacando la importancia de \u00abempujar juntos para el mismo lugar, en una tarea conjunta de empresarios, trabajadores y Estado\u00bb.<\/p>\n<p>Tras resaltar el rol de la comunidad obrera organizada, en este caso a trav\u00e9s de la Uni\u00f3n Obrera Metal\u00fargica, adelant\u00f3 que\u00a0<strong>este mi\u00e9rcoles se realizar\u00e1n anuncios vinculados a las industrias automotriz y la electr\u00f3nica de Tierra del Fuego.<\/strong><\/p>\n<p>El ministro explic\u00f3 que el nuevo monto que refuerza la asignaci\u00f3n familiar por hijo \u00abalcanzar\u00e1 a 1.800.000 menores y se financiar\u00e1 con el Adelanto por el Pago del Impuesto a las Ganancias\u00bb.<\/p>\n<p>\u00abEntendemos que peleamos contra el fen\u00f3meno inflacionario, que es el veneno que se come el salario de la mayor\u00eda de las familias argentinas. Y nosotros vamos tomando decisiones para anclar esas expectativas inflacionarias, por lo tanto es muy importante reforzar el ingreso de los trabajadores y trabajadoras\u00bb, subray\u00f3 el jefe del Palacio de Hacienda.<\/p>\n<p>En este sentido, a\u00f1adi\u00f3 que todos tienen que \u00abhacer el esfuerzo y a quien menos le podemos pedir es a quien m\u00e1s esfuerzo hace todos los d\u00edas\u00bb.<\/p>\n<figure class=\"mb-3\"><img decoding=\"async\" src=\"https:\/\/www.telam.com.ar\/thumbs\/bluesteel\/advf\/imagenes\/2022\/08\/630e451341e24_900.jpg\" alt=\"El Gobierno anunci un refuerzo de 20 mil para las asignaciones familiares por hijo que alcanzar a los trabajadores del tramo de menores ingresos\" width=\"100%\" height=\"100%\" \/><\/p>\n<div class=\"media-icons\"><\/div><figcaption>El Gobierno anunci\u00f3 un refuerzo de $ 20 mil para las asignaciones familiares por hijo que alcanzar\u00e1 a los trabajadores del tramo de menores ingresos.<\/figcaption><\/figure>\n<p>\u00abLa defensa del trabajo y la educaci\u00f3n debe ser nuestro modelo de movilidad social ascendente, en el marco de transitar un sendero de acumulaci\u00f3n virtuosa\u00bb, explic\u00f3 Massa.<\/p>\n<p>El ministro indic\u00f3, adem\u00e1s, que la mejora en la asignaci\u00f3n por hijo \u00abes un peque\u00f1o paso en el camino de recuperar ingresos\u00bb y reafirm\u00f3: \u00abQueremos empresas pujantes con trabajadores con ingresos justos\u00a8.<\/p>\n<h2 class=\"\">Los n\u00fameros del refuerzo en la asignaci\u00f3n por hijo<\/h2>\n<p>Con este aumento, una familia tipo se encontrar\u00e1 por encima de la l\u00ednea de pobreza,\u00a0<strong>creciendo en un 120% las asignaciones con respecto a diciembre de 2019<\/strong>, remarc\u00f3 la Anses a trav\u00e9s de un comunicado.<\/p>\n<p>La Anses hab\u00eda anunciado este lunes los\u00a0<a href=\"https:\/\/www.telam.com.ar\/notas\/202208\/603103-aumento-asignaciones-familiares-anses.html\" target=\"_blank\" rel=\"noopener\">nuevos valores de las asignaciones familiares por nacimiento ($ 9.875), adopci\u00f3n ($ 59.058) y por matrimonio ($ 14.788)<\/a>\u00a0para ingresos de grupos familiares de hasta $ 316.731 en los tres casos.<\/p>\n<p>Participaron del evento, adem\u00e1s de Massa y Raverta, el secretario de Econom\u00eda del Conocimiento, Ariel Sujarchuk; el secretario general de la UOM, Abel Furl\u00e1n; el intendente de Escobar, Carlos Ramil, y el CEO de Ferrosider, Alejandro Pastore.<\/p>\n","protected":false},"excerpt":{"rendered":"<p>Con el refuerzo \u201cvamos a llegar a las casas de 1.100.000 trabajadores de la Argentina\u201d, asegur\u00f3 la directora de la Anses, Fernanda Raverta. Sergio Massa, por su parte, afirm\u00f3: \u00abNo queremos a ning\u00fan trabajador argentino debajo de la l\u00ednea de pobreza\u00bb.<\/p>\n","protected":false},"author":3,"featured_media":0,"comment_status":"closed","ping_status":"closed","sticky":false,"template":"","format":"standard","meta":{"footnotes":""},"categories":[36,58,24],"tags":[],"class_list":["post-76992","post","type-post","status-publish","format-standard","hentry","category-economia","category-gobierno","category-politica"],"yoast_head":"<!-- This site is optimized with the Yoast SEO plugin v25.9 - https:\/\/yoast.com\/wordpress\/plugins\/seo\/ -->\n<title>Habr\u00e1 un refuerzo de $20.000 para hijos e hijas de los trabajadores con menores ingresos - Noticias Radio Reflejos<\/title>\n<meta name=\"robots\" content=\"index, follow, max-snippet:-1, max-image-preview:large, max-video-preview:-1\" \/>\n<link rel=\"canonical\" href=\"https:\/\/www.noticiasradioreflejos.com.ar\/2021\/habra-un-refuerzo-de-20-000-para-hijos-e-hijas-de-los-trabajadores-con-menores-ingresos\/\" \/>\n<meta property=\"og:locale\" content=\"es_ES\" \/>\n<meta property=\"og:type\" content=\"article\" \/>\n<meta property=\"og:title\" content=\"Habr\u00e1 un refuerzo de $20.000 para hijos e hijas de los trabajadores con menores ingresos - Noticias Radio Reflejos\" \/>\n<meta property=\"og:description\" content=\"Con el refuerzo \u201cvamos a llegar a las casas de 1.100.000 trabajadores de la Argentina\u201d, asegur\u00f3 la directora de la Anses, Fernanda Raverta. Sergio Massa, por su parte, afirm\u00f3: \u00abNo queremos a ning\u00fan trabajador argentino debajo de la l\u00ednea de pobreza\u00bb.\" \/>\n<meta property=\"og:url\" content=\"https:\/\/www.noticiasradioreflejos.com.ar\/2021\/habra-un-refuerzo-de-20-000-para-hijos-e-hijas-de-los-trabajadores-con-menores-ingresos\/\" \/>\n<meta property=\"og:site_name\" content=\"Noticias Radio Reflejos\" \/>\n<meta property=\"article:published_time\" content=\"2022-08-30T20:08:42+00:00\" \/>\n<meta property=\"og:image\" content=\"https:\/\/www.telam.com.ar\/thumbs\/bluesteel\/advf\/imagenes\/2022\/08\/630e451341e24_900.jpg\" \/>\n<meta name=\"author\" content=\"Arnaldo Botto\" \/>\n<meta name=\"twitter:card\" content=\"summary_large_image\" \/>\n<script type=\"application\/ld+json\" class=\"yoast-schema-graph\">{\"@context\":\"https:\/\/schema.org\",\"@graph\":[{\"@type\":\"WebPage\",\"@id\":\"https:\/\/www.noticiasradioreflejos.com.ar\/2021\/habra-un-refuerzo-de-20-000-para-hijos-e-hijas-de-los-trabajadores-con-menores-ingresos\/\",\"url\":\"https:\/\/www.noticiasradioreflejos.com.ar\/2021\/habra-un-refuerzo-de-20-000-para-hijos-e-hijas-de-los-trabajadores-con-menores-ingresos\/\",\"name\":\"Habr\u00e1 un refuerzo de $20.000 para hijos e hijas de los trabajadores con menores ingresos - Noticias Radio Reflejos\",\"isPartOf\":{\"@id\":\"https:\/\/www.noticiasradioreflejos.com.ar\/2021\/#website\"},\"primaryImageOfPage\":{\"@id\":\"https:\/\/www.noticiasradioreflejos.com.ar\/2021\/habra-un-refuerzo-de-20-000-para-hijos-e-hijas-de-los-trabajadores-con-menores-ingresos\/#primaryimage\"},\"image\":{\"@id\":\"https:\/\/www.noticiasradioreflejos.com.ar\/2021\/habra-un-refuerzo-de-20-000-para-hijos-e-hijas-de-los-trabajadores-con-menores-ingresos\/#primaryimage\"},\"thumbnailUrl\":\"https:\/\/www.telam.com.ar\/thumbs\/bluesteel\/advf\/imagenes\/2022\/08\/630e451341e24_900.jpg\",\"datePublished\":\"2022-08-30T20:08:42+00:00\",\"author\":{\"@id\":\"https:\/\/www.noticiasradioreflejos.com.ar\/2021\/#\/schema\/person\/ad82545263dcc5ec0996818884fd5fb1\"},\"breadcrumb\":{\"@id\":\"https:\/\/www.noticiasradioreflejos.com.ar\/2021\/habra-un-refuerzo-de-20-000-para-hijos-e-hijas-de-los-trabajadores-con-menores-ingresos\/#breadcrumb\"},\"inLanguage\":\"es\",\"potentialAction\":[{\"@type\":\"ReadAction\",\"target\":[\"https:\/\/www.noticiasradioreflejos.com.ar\/2021\/habra-un-refuerzo-de-20-000-para-hijos-e-hijas-de-los-trabajadores-con-menores-ingresos\/\"]}]},{\"@type\":\"ImageObject\",\"inLanguage\":\"es\",\"@id\":\"https:\/\/www.noticiasradioreflejos.com.ar\/2021\/habra-un-refuerzo-de-20-000-para-hijos-e-hijas-de-los-trabajadores-con-menores-ingresos\/#primaryimage\",\"url\":\"https:\/\/www.telam.com.ar\/thumbs\/bluesteel\/advf\/imagenes\/2022\/08\/630e451341e24_900.jpg\",\"contentUrl\":\"https:\/\/www.telam.com.ar\/thumbs\/bluesteel\/advf\/imagenes\/2022\/08\/630e451341e24_900.jpg\"},{\"@type\":\"BreadcrumbList\",\"@id\":\"https:\/\/www.noticiasradioreflejos.com.ar\/2021\/habra-un-refuerzo-de-20-000-para-hijos-e-hijas-de-los-trabajadores-con-menores-ingresos\/#breadcrumb\",\"itemListElement\":[{\"@type\":\"ListItem\",\"position\":1,\"name\":\"Portada\",\"item\":\"https:\/\/www.noticiasradioreflejos.com.ar\/2021\/\"},{\"@type\":\"ListItem\",\"position\":2,\"name\":\"Habr\u00e1 un refuerzo de $20.000 para hijos e hijas de los trabajadores con menores ingresos\"}]},{\"@type\":\"WebSite\",\"@id\":\"https:\/\/www.noticiasradioreflejos.com.ar\/2021\/#website\",\"url\":\"https:\/\/www.noticiasradioreflejos.com.ar\/2021\/\",\"name\":\"Noticias Radio Reflejos\",\"description\":\"Las noticias de mi comarca\",\"potentialAction\":[{\"@type\":\"SearchAction\",\"target\":{\"@type\":\"EntryPoint\",\"urlTemplate\":\"https:\/\/www.noticiasradioreflejos.com.ar\/2021\/?s={search_term_string}\"},\"query-input\":{\"@type\":\"PropertyValueSpecification\",\"valueRequired\":true,\"valueName\":\"search_term_string\"}}],\"inLanguage\":\"es\"},{\"@type\":\"Person\",\"@id\":\"https:\/\/www.noticiasradioreflejos.com.ar\/2021\/#\/schema\/person\/ad82545263dcc5ec0996818884fd5fb1\",\"name\":\"Arnaldo Botto\",\"image\":{\"@type\":\"ImageObject\",\"inLanguage\":\"es\",\"@id\":\"https:\/\/www.noticiasradioreflejos.com.ar\/2021\/#\/schema\/person\/image\/\",\"url\":\"https:\/\/secure.gravatar.com\/avatar\/55cb5e37c1efa326397366e6974cb338056df65cb50e7d64d1cf314e87504837?s=96&d=mm&r=g\",\"contentUrl\":\"https:\/\/secure.gravatar.com\/avatar\/55cb5e37c1efa326397366e6974cb338056df65cb50e7d64d1cf314e87504837?s=96&d=mm&r=g\",\"caption\":\"Arnaldo Botto\"},\"url\":\"https:\/\/www.noticiasradioreflejos.com.ar\/2021\/author\/arnaldo\/\"}]}<\/script>\n<!-- \/ Yoast SEO plugin. -->","yoast_head_json":{"title":"Habr\u00e1 un refuerzo de $20.000 para hijos e hijas de los trabajadores con menores ingresos - Noticias Radio Reflejos","robots":{"index":"index","follow":"follow","max-snippet":"max-snippet:-1","max-image-preview":"max-image-preview:large","max-video-preview":"max-video-preview:-1"},"canonical":"https:\/\/www.noticiasradioreflejos.com.ar\/2021\/habra-un-refuerzo-de-20-000-para-hijos-e-hijas-de-los-trabajadores-con-menores-ingresos\/","og_locale":"es_ES","og_type":"article","og_title":"Habr\u00e1 un refuerzo de $20.000 para hijos e hijas de los trabajadores con menores ingresos - Noticias Radio Reflejos","og_description":"Con el refuerzo \u201cvamos a llegar a las casas de 1.100.000 trabajadores de la Argentina\u201d, asegur\u00f3 la directora de la Anses, Fernanda Raverta. Sergio Massa, por su parte, afirm\u00f3: \u00abNo queremos a ning\u00fan trabajador argentino debajo de la l\u00ednea de pobreza\u00bb.","og_url":"https:\/\/www.noticiasradioreflejos.com.ar\/2021\/habra-un-refuerzo-de-20-000-para-hijos-e-hijas-de-los-trabajadores-con-menores-ingresos\/","og_site_name":"Noticias Radio Reflejos","article_published_time":"2022-08-30T20:08:42+00:00","og_image":[{"url":"https:\/\/www.telam.com.ar\/thumbs\/bluesteel\/advf\/imagenes\/2022\/08\/630e451341e24_900.jpg","type":"","width":"","height":""}],"author":"Arnaldo Botto","twitter_card":"summary_large_image","schema":{"@context":"https:\/\/schema.org","@graph":[{"@type":"WebPage","@id":"https:\/\/www.noticiasradioreflejos.com.ar\/2021\/habra-un-refuerzo-de-20-000-para-hijos-e-hijas-de-los-trabajadores-con-menores-ingresos\/","url":"https:\/\/www.noticiasradioreflejos.com.ar\/2021\/habra-un-refuerzo-de-20-000-para-hijos-e-hijas-de-los-trabajadores-con-menores-ingresos\/","name":"Habr\u00e1 un refuerzo de $20.000 para hijos e hijas de los trabajadores con menores ingresos - Noticias Radio Reflejos","isPartOf":{"@id":"https:\/\/www.noticiasradioreflejos.com.ar\/2021\/#website"},"primaryImageOfPage":{"@id":"https:\/\/www.noticiasradioreflejos.com.ar\/2021\/habra-un-refuerzo-de-20-000-para-hijos-e-hijas-de-los-trabajadores-con-menores-ingresos\/#primaryimage"},"image":{"@id":"https:\/\/www.noticiasradioreflejos.com.ar\/2021\/habra-un-refuerzo-de-20-000-para-hijos-e-hijas-de-los-trabajadores-con-menores-ingresos\/#primaryimage"},"thumbnailUrl":"https:\/\/www.telam.com.ar\/thumbs\/bluesteel\/advf\/imagenes\/2022\/08\/630e451341e24_900.jpg","datePublished":"2022-08-30T20:08:42+00:00","author":{"@id":"https:\/\/www.noticiasradioreflejos.com.ar\/2021\/#\/schema\/person\/ad82545263dcc5ec0996818884fd5fb1"},"breadcrumb":{"@id":"https:\/\/www.noticiasradioreflejos.com.ar\/2021\/habra-un-refuerzo-de-20-000-para-hijos-e-hijas-de-los-trabajadores-con-menores-ingresos\/#breadcrumb"},"inLanguage":"es","potentialAction":[{"@type":"ReadAction","target":["https:\/\/www.noticiasradioreflejos.com.ar\/2021\/habra-un-refuerzo-de-20-000-para-hijos-e-hijas-de-los-trabajadores-con-menores-ingresos\/"]}]},{"@type":"ImageObject","inLanguage":"es","@id":"https:\/\/www.noticiasradioreflejos.com.ar\/2021\/habra-un-refuerzo-de-20-000-para-hijos-e-hijas-de-los-trabajadores-con-menores-ingresos\/#primaryimage","url":"https:\/\/www.telam.com.ar\/thumbs\/bluesteel\/advf\/imagenes\/2022\/08\/630e451341e24_900.jpg","contentUrl":"https:\/\/www.telam.com.ar\/thumbs\/bluesteel\/advf\/imagenes\/2022\/08\/630e451341e24_900.jpg"},{"@type":"BreadcrumbList","@id":"https:\/\/www.noticiasradioreflejos.com.ar\/2021\/habra-un-refuerzo-de-20-000-para-hijos-e-hijas-de-los-trabajadores-con-menores-ingresos\/#breadcrumb","itemListElement":[{"@type":"ListItem","position":1,"name":"Portada","item":"https:\/\/www.noticiasradioreflejos.com.ar\/2021\/"},{"@type":"ListItem","position":2,"name":"Habr\u00e1 un refuerzo de $20.000 para hijos e hijas de los trabajadores con menores ingresos"}]},{"@type":"WebSite","@id":"https:\/\/www.noticiasradioreflejos.com.ar\/2021\/#website","url":"https:\/\/www.noticiasradioreflejos.com.ar\/2021\/","name":"Noticias Radio Reflejos","description":"Las noticias de mi comarca","potentialAction":[{"@type":"SearchAction","target":{"@type":"EntryPoint","urlTemplate":"https:\/\/www.noticiasradioreflejos.com.ar\/2021\/?s={search_term_string}"},"query-input":{"@type":"PropertyValueSpecification","valueRequired":true,"valueName":"search_term_string"}}],"inLanguage":"es"},{"@type":"Person","@id":"https:\/\/www.noticiasradioreflejos.com.ar\/2021\/#\/schema\/person\/ad82545263dcc5ec0996818884fd5fb1","name":"Arnaldo Botto","image":{"@type":"ImageObject","inLanguage":"es","@id":"https:\/\/www.noticiasradioreflejos.com.ar\/2021\/#\/schema\/person\/image\/","url":"https:\/\/secure.gravatar.com\/avatar\/55cb5e37c1efa326397366e6974cb338056df65cb50e7d64d1cf314e87504837?s=96&d=mm&r=g","contentUrl":"https:\/\/secure.gravatar.com\/avatar\/55cb5e37c1efa326397366e6974cb338056df65cb50e7d64d1cf314e87504837?s=96&d=mm&r=g","caption":"Arnaldo Botto"},"url":"https:\/\/www.noticiasradioreflejos.com.ar\/2021\/author\/arnaldo\/"}]}},"_links":{"self":[{"href":"https:\/\/www.noticiasradioreflejos.com.ar\/2021\/wp-json\/wp\/v2\/posts\/76992","targetHints":{"allow":["GET"]}}],"collection":[{"href":"https:\/\/www.noticiasradioreflejos.com.ar\/2021\/wp-json\/wp\/v2\/posts"}],"about":[{"href":"https:\/\/www.noticiasradioreflejos.com.ar\/2021\/wp-json\/wp\/v2\/types\/post"}],"author":[{"embeddable":true,"href":"https:\/\/www.noticiasradioreflejos.com.ar\/2021\/wp-json\/wp\/v2\/users\/3"}],"replies":[{"embeddable":true,"href":"https:\/\/www.noticiasradioreflejos.com.ar\/2021\/wp-json\/wp\/v2\/comments?post=76992"}],"version-history":[{"count":1,"href":"https:\/\/www.noticiasradioreflejos.com.ar\/2021\/wp-json\/wp\/v2\/posts\/76992\/revisions"}],"predecessor-version":[{"id":76994,"href":"https:\/\/www.noticiasradioreflejos.com.ar\/2021\/wp-json\/wp\/v2\/posts\/76992\/revisions\/76994"}],"wp:attachment":[{"href":"https:\/\/www.noticiasradioreflejos.com.ar\/2021\/wp-json\/wp\/v2\/media?parent=76992"}],"wp:term":[{"taxonomy":"category","embeddable":true,"href":"https:\/\/www.noticiasradioreflejos.com.ar\/2021\/wp-json\/wp\/v2\/categories?post=76992"},{"taxonomy":"post_tag","embeddable":true,"href":"https:\/\/www.noticiasradioreflejos.com.ar\/2021\/wp-json\/wp\/v2\/tags?post=76992"}],"curies":[{"name":"wp","href":"https:\/\/api.w.org\/{rel}","templated":true}]}}